{"id":4041,"date":"2022-05-23T11:23:23","date_gmt":"2022-05-23T09:23:23","guid":{"rendered":""},"modified":"2024-08-02T16:43:08","modified_gmt":"2024-08-02T14:43:08","slug":"actividades-y-proyectos-de-extension-destacados-facultad-de-ciencias-de-la-salud","status":"publish","type":"post","link":"https:\/\/vicerrectorias.utp.edu.co\/viie\/actividades-y-proyectos-de-extension-destacados-facultad-de-ciencias-de-la-salud\/","title":{"rendered":"Actividades y Proyectos de Extensi\u00f3n Destacados De La Facultad de Ciencias de la Salud"},"content":{"rendered":"\n<div class=\"wp-block-buttons is-layout-flex wp-block-buttons-is-layout-flex\">\n<div class=\"wp-block-button has-custom-font-size has-small-font-size\"><a class=\"wp-block-button__link wp-element-button\" href=\"https:\/\/vicerrectorias.utp.edu.co\/viie\/actividades-y-proyectos-de-extension-destacados\/\">Atr\u00e1s<\/a><\/div>\n<\/div>\n\n\n\n<p><span class=\"post-content__span\"> <\/p>\n\n\n\n<div class=\"wp-block-media-text is-stacked-on-mobile is-vertically-aligned-center\" style=\"grid-template-columns:35% auto\"><figure class=\"wp-block-media-text__media\"><img loading=\"lazy\" decoding=\"async\" width=\"300\" height=\"220\" src=\"https:\/\/vicerrectorias.utp.edu.co\/viie\/wp-content\/uploads\/sites\/3\/ID-3584-PROGRAMA-DE-FORMACION.png\" alt=\"\" class=\"wp-image-11634 size-full\"\/><\/figure><div class=\"wp-block-media-text__content\">\n<p><span class=\"post-content__span\"> <strong>Categor\u00eda:&nbsp;<\/strong>Producci\u00f3n de Contenido Digital<\/p>\n\n\n\n<p><span class=\"post-content__span\"> <strong>Descripci\u00f3n:<\/strong>&nbsp;Implementar una estrategia, basada en el teatro, para el desarrollo de habilidades emocionales y comunicativas que permitan la formaci\u00f3n de los estudiantes de ciencias de la salud en humanizaci\u00f3n de la atenci\u00f3n y en comunicaci\u00f3n asertiva con colegas y pacientes.<\/p>\n\n\n\n<p><span class=\"post-content__span\"> <strong>Docentes responsables:&nbsp;<\/strong>Martha Luc\u00eda Gall\u00f3n Ochoa<\/p>\n\n\n\n<p><span class=\"post-content__span\"> <strong>Programa Acad\u00e9mico:<\/strong>&nbsp;Ciencias de la Salud<\/p>\n\n\n\n<p><span class=\"post-content__span\"> <a href=\"https:\/\/youtu.be\/hN0Gt9Bt8Fg\">[Ver mas informaci\u00f3n Aqu\u00ed]<\/a><\/p>\n<\/div><\/div>\n\n\n\n<p><span class=\"post-content__span\"> <\/p>\n\n\n\n<div class=\"wp-block-media-text has-media-on-the-right is-stacked-on-mobile is-vertically-aligned-center has-very-light-gray-to-cyan-bluish-gray-gradient-background has-background\" style=\"grid-template-columns:auto 35%\"><div class=\"wp-block-media-text__content\">\n<p><span class=\"post-content__span\"> <strong>Categor\u00eda:&nbsp;<\/strong>Publicaciones editoriales no especializadas<\/p>\n\n\n\n<p><span class=\"post-content__span\"> <strong>Descripci\u00f3n:<\/strong>&nbsp;Asegurar que las ni\u00f1as y ni\u00f1os de la regi\u00f3n tengan acceso a servicios de formaci\u00f3n inicial deportiva y desarrollo en la primera infancia&nbsp;&nbsp;<\/p>\n\n\n\n<p><span class=\"post-content__span\"> <strong>Docentes responsables:<\/strong>&nbsp;Luis Guillermo Garc\u00eda Garc\u00eda<\/p>\n\n\n\n<p><span class=\"post-content__span\"> <strong>Programa Acad\u00e9mico:&nbsp;<\/strong>Ciencias del Deporte y la Recreaci\u00f3n<\/p>\n\n\n\n<p><span class=\"post-content__span\"> <a href=\"https:\/\/repositorio.utp.edu.co\/items\/334e12f9-67ca-4efd-8477-bc46d78bce00\" target=\"_blank\" rel=\"noreferrer noopener\">[Ver mas informaci\u00f3n Aqu\u00ed]<\/a><\/p>\n<\/div><figure class=\"wp-block-media-text__media\"><img loading=\"lazy\" decoding=\"async\" width=\"300\" height=\"220\" src=\"https:\/\/vicerrectorias.utp.edu.co\/viie\/wp-content\/uploads\/sites\/3\/ID-3613-FESTIVAL-MINIVOLEIBOL.png\" alt=\"\" class=\"wp-image-11635 size-full\"\/><\/figure><\/div>\n\n\n\n<p><span class=\"post-content__span\"> <\/p>\n\n\n\n<div class=\"wp-block-media-text is-stacked-on-mobile is-vertically-aligned-center\" style=\"grid-template-columns:35% auto\"><figure class=\"wp-block-media-text__media\"><img loading=\"lazy\" decoding=\"async\" width=\"300\" height=\"220\" src=\"https:\/\/vicerrectorias.utp.edu.co\/viie\/wp-content\/uploads\/sites\/3\/ID-3605-Cultura-donacion-organos.png\" alt=\"\" class=\"wp-image-11636 size-full\"\/><\/figure><div class=\"wp-block-media-text__content\">\n<p><span class=\"post-content__span\"> <strong>Categor\u00eda:&nbsp;<\/strong>Proyectos de Extensi\u00f3n Social<\/p>\n\n\n\n<p><span class=\"post-content__span\"> <strong>Descripci\u00f3n:<\/strong>&nbsp;Los trasplantes de \u00f3rganos han sido una estrategia clave para ofrecer una alternativa terap\u00e9utica a los pacientes con lesiones irreversibles; por ello la promoci\u00f3n de una cultura de donaci\u00f3n de \u00f3rganos es fundamental para garantizar la disponibilidad de \u00e9stos. En Colombia, existe una larga lista de pacientes a la espera de recibir un \u00f3rgano para mejorar su salud y calidad de vida; as\u00ed como la salud mental del paciente y su familia que luchan contra las consecuencias de las enfermedades terminales. El teatro es una herramienta que permite generar espacios de discusi\u00f3n y socializaci\u00f3n a trav\u00e9s de las emociones para inducir cambios en la percepci\u00f3n de las comunidades; es adem\u00e1s una herramienta pedag\u00f3gica \u00fatil por su portabilidad y maleabilidad hacia el objetivo propuesto.&nbsp;<\/p>\n\n\n\n<p><span class=\"post-content__span\"> <strong>Docentes responsables:&nbsp;<\/strong>Andr\u00e9s Mauricio Garc\u00eda Cuevas, Julio C\u00e9sar S\u00e1nchez Naranjo<\/p>\n\n\n\n<p><span class=\"post-content__span\"> <strong>Programa Acad\u00e9mico:<\/strong>&nbsp;Departamento de Medicina Comunitaria<\/p>\n\n\n\n<p><span class=\"post-content__span\"> <a href=\"https:\/\/vicerrectorias.utp.edu.co\/investigaciones\/wp-content\/uploads\/sites\/3\/Cartilla%20ID%203605.pdf\" target=\"_blank\" rel=\"noreferrer noopener\">[Ver mas informaci\u00f3n Aqu\u00ed]<\/a><\/p>\n<\/div><\/div>\n\n\n\n<div class=\"wp-block-media-text has-media-on-the-right is-stacked-on-mobile is-vertically-aligned-center has-very-light-gray-to-cyan-bluish-gray-gradient-background has-background\" style=\"grid-template-columns:auto 35%\"><div class=\"wp-block-media-text__content\">\n<p><span class=\"post-content__span\"> <strong>Categor\u00eda:&nbsp;<\/strong>Proyectos deExtensi\u00f3n Social<\/p>\n\n\n\n<p><span class=\"post-content__span\"> <strong>Descripci\u00f3n:<\/strong>&nbsp;El proyecto COnVIDa es una estrategia saludable a trav\u00e9s de la recreaci\u00f3n y la actividad f\u00edsica dirigida a la poblaci\u00f3n infantil y adultos mayores, que a ra\u00edz del Covid-19 han sido los grupos poblacionales m\u00e1s vulnerables y m\u00e1s afectados en su salud f\u00edsica y mental.&nbsp;<\/p>\n\n\n\n<p><span class=\"post-content__span\"> <strong>Docentes responsables:<\/strong>&nbsp;Gustavo Adolfo Moreno Ba\u00f1ol<\/p>\n\n\n\n<p><span class=\"post-content__span\"> <strong>Programa Acad\u00e9mico:&nbsp;<\/strong>Ciencias del Deporte y la Recreaci\u00f3n<\/p>\n\n\n\n<p><span class=\"post-content__span\"> <a href=\"https:\/\/sites.google.com\/view\/proyecto-convida-cdr-utp\/material-de-estudio-convida\/adulto-mayor\" target=\"_blank\" rel=\"noreferrer noopener\">[Ver mas informaci\u00f3n Aqu\u00ed]<\/a><\/p>\n<\/div><figure class=\"wp-block-media-text__media\"><img loading=\"lazy\" decoding=\"async\" width=\"300\" height=\"220\" src=\"https:\/\/vicerrectorias.utp.edu.co\/viie\/wp-content\/uploads\/sites\/3\/ID-2461-COnVIDa.png\" alt=\"\" class=\"wp-image-11637 size-full\"\/><\/figure><\/div>\n\n\n\n<p><span class=\"post-content__span\"> <\/p>\n\n\n\n<div class=\"wp-block-media-text is-stacked-on-mobile is-vertically-aligned-center\" style=\"grid-template-columns:35% auto\"><figure class=\"wp-block-media-text__media\"><img loading=\"lazy\" decoding=\"async\" width=\"300\" height=\"220\" src=\"https:\/\/vicerrectorias.utp.edu.co\/viie\/wp-content\/uploads\/sites\/3\/ID-2457-JORNADA-DE-PREVENCION.png\" alt=\"\" class=\"wp-image-11639 size-full\"\/><\/figure><div class=\"wp-block-media-text__content\">\n<p><span class=\"post-content__span\"> <strong>Categor\u00eda:&nbsp;<\/strong>Proyectos de Extensi\u00f3n Social<\/p>\n\n\n\n<p><span class=\"post-content__span\"> <strong>Descripci\u00f3n:<\/strong>&nbsp;El proyecto busca realizar una detecci\u00f3n temprana del c\u00e1ncer de piel y de otras lesiones premalignas a trav\u00e9s de una serie de jornadas de intervenci\u00f3n diagn\u00f3stica en poblaciones expuesta, de diferentes \u00e1reas geogr\u00e1ficas de la ciudad de Pereira. El proyecto contar\u00e1 con la vinculaci\u00f3n activa de profesionales especializados en dermatolog\u00eda y dermatolog\u00eda oncol\u00f3gica del centro Unidad Dermatol\u00f3gica L\u00e1ser con sede en la ciudad, en alianza estrat\u00e9gica con el Grupo de Investigaci\u00f3n en Ciencias Quir\u00fargicas de la Facultad de Ciencias de la Salud<\/p>\n\n\n\n<p><span class=\"post-content__span\"> <strong>Docentes responsables:&nbsp;<\/strong>Rodolfo Adri\u00e1n Cabrales Vega<\/p>\n\n\n\n<p><span class=\"post-content__span\"> <strong>Programa Acad\u00e9mico:<\/strong>&nbsp;Ciencias Cl\u00ednicas<\/p>\n\n\n\n<p><span class=\"post-content__span\"> <a href=\"https:\/\/vicerrectorias.utp.edu.co\/investigaciones\/wp-content\/uploads\/sites\/3\/Cartilla%20Cancer%20de%20piel.pdf\" target=\"_blank\" rel=\"noreferrer noopener\">[Ver mas informaci\u00f3n Aqu\u00ed]<\/a><\/p>\n<\/div><\/div>\n\n\n\n<p><span class=\"post-content__span\"> <\/p>\n\n\n\n<div class=\"wp-block-media-text has-media-on-the-right is-stacked-on-mobile is-vertically-aligned-center has-very-light-gray-to-cyan-bluish-gray-gradient-background has-background\" style=\"grid-template-columns:auto 35%\"><div class=\"wp-block-media-text__content\">\n<p><span class=\"post-content__span\"> <strong>Categor\u00eda: <\/strong>Extensi\u00f3n Solidaria<\/p>\n\n\n\n<p><span class=\"post-content__span\"> <strong>Descripci\u00f3n:<\/strong> Creado con el fin de contribuir al desarrollo del deporte asociado del pa\u00eds por medio de la prestaci\u00f3n del servicio de asesor\u00eda y consultor\u00eda en aspectos relacionados con derecho deportivo por medio de profesionales altamente capacitados.<\/p>\n\n\n\n<p><span class=\"post-content__span\"> <strong>Docentes responsables:<\/strong>&nbsp;\u00c1ngela G\u00f3mez, Roberto Mill\u00e1n, Alejandra Henao, Mario Mar\u00edn<\/p>\n\n\n\n<p><span class=\"post-content__span\"> <strong>Programa Acad\u00e9mico:&nbsp;<\/strong>Ciencias del Deporte y la Recreaci\u00f3n<\/p>\n\n\n\n<p><span class=\"post-content__span\"> <a href=\"https:\/\/vicerrectorias.utp.edu.co\/viie\/sin-categoria\/ascodep\/\" target=\"_blank\" rel=\"noreferrer noopener\">[Ver mas informaci\u00f3n Aqu\u00ed]<\/a><\/p>\n<\/div><figure class=\"wp-block-media-text__media\"><img decoding=\"async\" src=\"https:\/\/media2.utp.edu.co\/imagenes\/ascodep.png\" alt=\"\"\/><\/figure><\/div>\n\n\n\n<p><span class=\"post-content__span\"> &nbsp;<\/p>\n\n\n\n<p><span class=\"post-content__span\"> <\/p>\n\n\n\n<div class=\"wp-block-media-text is-stacked-on-mobile\" style=\"grid-template-columns:35% auto\"><figure class=\"wp-block-media-text__media\"><img decoding=\"async\" src=\"https:\/\/media2.utp.edu.co\/imagenes\/juegos.png\" alt=\"\"\/><\/figure><div class=\"wp-block-media-text__content\">\n<p><span class=\"post-content__span\"> <strong>Categor\u00eda: <\/strong>Maratones<\/p>\n\n\n\n<p><span class=\"post-content__span\"> <strong>Descripci\u00f3n:<\/strong> Promocionar las nuevas tendencias electr\u00f3nicas como lo son los ESPORT, planteando un desarrollo sano y que se permita el mejoramiento de esta pr\u00e1ctica en el sector deportivo.<\/p>\n\n\n\n<p><span class=\"post-content__span\"> <strong>Docentes responsables:&nbsp;<\/strong>Angela Jasm\u00edn G\u00f3mez, Mario Andr\u00e9s Mar\u00edn, Natalia Tabarquino.<\/p>\n\n\n\n<p><span class=\"post-content__span\"> <strong>Programa Acad\u00e9mico:<\/strong>&nbsp;Ciencias del Deporte y la Recreaci\u00f3n<\/p>\n\n\n\n<p><span class=\"post-content__span\"> <a href=\"https:\/\/vicerrectorias.utp.edu.co\/viie\/wp-content\/uploads\/sites\/3\/PDF%20GXS.pdf\" target=\"_blank\" rel=\"noreferrer noopener\">[Ver mas informaci\u00f3n Aqu\u00ed]<\/a><\/p>\n<\/div><\/div>\n\n\n\n<p><span class=\"post-content__span\"> <\/p>\n\n\n\n<div class=\"wp-block-media-text has-media-on-the-right is-stacked-on-mobile is-vertically-aligned-center has-very-light-gray-to-cyan-bluish-gray-gradient-background has-background\" style=\"grid-template-columns:auto 35%\"><div class=\"wp-block-media-text__content\">\n<p><span class=\"post-content__span\"> <strong>Categor\u00eda: <\/strong>Jornadas<\/p>\n\n\n\n<p><span class=\"post-content__span\"> <strong>Descripci\u00f3n:<\/strong> Fomentar espacios de esparcimiento que promuevan la interacci\u00f3n social y el desarrollo de habilidades interdisciplinares de la Facultad de Salud<\/p>\n\n\n\n<p><span class=\"post-content__span\"> <strong>Docentes responsables:&nbsp;<\/strong>Angela Jasmin Gomez,&nbsp; Natalia Tabarquino&nbsp;<\/p>\n\n\n\n<p><span class=\"post-content__span\"> <strong>Programa Acad\u00e9mico:<\/strong>&nbsp;Ciencias del Deporte y la Recreaci\u00f3n&nbsp;<\/p>\n\n\n\n<p><span class=\"post-content__span\"> <a href=\"https:\/\/vicerrectorias.utp.edu.co\/viie\/wp-content\/uploads\/sites\/3\/Lunes%20de%20facultad.pdf\" target=\"_blank\" rel=\"noreferrer noopener\">[Ver mas informaci\u00f3n Aqu\u00ed]<\/a><\/p>\n<\/div><figure class=\"wp-block-media-text__media\"><img decoding=\"async\" src=\"https:\/\/media2.utp.edu.co\/imagenes\/lunes%20de%20facultad.png\" alt=\"\"\/><\/figure><\/div>\n\n\n\n<p><span class=\"post-content__span\"> <\/p>\n\n\n\n<div class=\"wp-block-media-text is-stacked-on-mobile is-vertically-aligned-center\" style=\"grid-template-columns:35% auto\"><figure class=\"wp-block-media-text__media\"><img decoding=\"async\" src=\"https:\/\/media2.utp.edu.co\/imagenes\/Las%20hijas%20del%20sol%21.png\" alt=\"\"\/><\/figure><div class=\"wp-block-media-text__content\">\n<p><span class=\"post-content__span\"> <strong>Categor\u00eda:<\/strong>&nbsp;Publicaciones editoriales no especializadas<\/p>\n\n\n\n<p><span class=\"post-content__span\"> <strong>Descripci\u00f3n:<\/strong> Esta cartilla&nbsp;se dise\u00f1\u00f3 con el fin de educar a la poblaci\u00f3n escolar rural sobre las abejas silvestres, su&nbsp;h\u00e1bitat, los productos obtenidos a partir de sus colmenas, su alimentaci\u00f3n, los servicios ecol\u00f3gicos que&nbsp;brindan, as\u00ed como la importancia que representan en la polinizaci\u00f3n y la obtenci\u00f3n de alimentos como&nbsp;frutas y verduras. A trav\u00e9s de esta cartilla los ni\u00f1os aprenden leyendo, coloreando y dibujando el papel&nbsp;que representan las abejas nativas en el equilibro y conservaci\u00f3n de los ecosistemas.<\/p>\n\n\n\n<p><span class=\"post-content__span\"> <strong>Docente&nbsp;responsable:<\/strong>&nbsp;Lyda Caballero Mendez<\/p>\n\n\n\n<p><span class=\"post-content__span\"> <strong>Programa Acad\u00e9mico:<\/strong>&nbsp;Medicina Veterinaria y Zootecnia<\/p>\n\n\n\n<p><span class=\"post-content__span\"> <a href=\"https:\/\/repositorio.utp.edu.co\/items\/03801741-f9d5-4319-a341-12e215c2da25\" target=\"_blank\" rel=\"noreferrer noopener\">[Ver mas informaci\u00f3n Aqu\u00ed]<\/a><\/p>\n<\/div><\/div>\n\n\n\n<p><span class=\"post-content__span\"> <\/p>\n\n\n\n<div class=\"wp-block-media-text has-media-on-the-right is-stacked-on-mobile has-very-light-gray-to-cyan-bluish-gray-gradient-background has-background\" style=\"grid-template-columns:auto 35%\"><div class=\"wp-block-media-text__content\">\n<p><span class=\"post-content__span\"> <strong>Categor\u00eda:&nbsp;<\/strong>Proyectos de Extensi\u00f3n Social<\/p>\n\n\n\n<p><span class=\"post-content__span\"> <strong>Descripci\u00f3n:<\/strong> En estas jornadas se&nbsp;realizaron charlas educativas dirigidas a la ense\u00f1anza de los polinizadores haciendo \u00e9nfasis en abejas de la tribu Meliponini, a su vez, se realizaron actividades como siembras de plantas florales y entrega de&nbsp;semillas que promuevan la polinizaci\u00f3n, entrega de material did\u00e1ctico con fines educativos con el fin de&nbsp;dar a conocer estas especies y su importancia en los ecosistemas y finalmente se entregaron refrigerios&nbsp;a base de frutas para concientizar a la poblaci\u00f3n en la importancia de estas en nuestra alimentaci\u00f3n.<\/p>\n\n\n\n<p><span class=\"post-content__span\"> <strong>Docentes responsables:&nbsp;<\/strong>Lyda Caballero Mendez<\/p>\n\n\n\n<p><span class=\"post-content__span\"> <strong>Programa Acad\u00e9mico:<\/strong>&nbsp;Medicina Veterinaria y Zootecnia<\/p>\n\n\n\n<p><span class=\"post-content__span\"> <a href=\"https:\/\/repositorio.utp.edu.co\/items\/11fc9f3a-0ec0-4b19-a409-82489465e40c\" target=\"_blank\" rel=\"noreferrer noopener\">[Ver mas informaci\u00f3n Aqu\u00ed]<\/a><\/p>\n<\/div><figure class=\"wp-block-media-text__media\"><img decoding=\"async\" src=\"https:\/\/media2.utp.edu.co\/imagenes\/Jornadas%20de%20educ%20ambiental.png\" alt=\"\"\/><\/figure><\/div>\n\n\n\n<p><span class=\"post-content__span\"> <\/p>\n\n\n\n<div class=\"wp-block-media-text is-stacked-on-mobile is-vertically-aligned-center\" style=\"grid-template-columns:35% auto\"><figure class=\"wp-block-media-text__media\"><img loading=\"lazy\" decoding=\"async\" width=\"300\" height=\"220\" src=\"https:\/\/vicerrectorias.utp.edu.co\/viie\/wp-content\/uploads\/sites\/3\/Plantilla-actividades-destacadas.png\" alt=\"\" class=\"wp-image-14680 size-full\"\/><\/figure><div class=\"wp-block-media-text__content\">\n<p><span class=\"post-content__span\"> <strong>Categor\u00eda:&nbsp;<\/strong>Proyectos de Extensi\u00f3n Social<\/p>\n\n\n\n<p><span class=\"post-content__span\"> <strong>Descripci\u00f3n:<\/strong> En estas jornadas se&nbsp;generan estrategias educativas que permiten dar a conocer la importancia de los servicios ecosist\u00e9micos prestados por abejas de la tribu Meliponini, polinizadoras nativas en municipios de Risaralda.<\/p>\n\n\n\n<p><span class=\"post-content__span\"> <strong>Docentes responsables:&nbsp;<\/strong>Mateo Espejo Valencia<\/p>\n\n\n\n<p><span class=\"post-content__span\"> <strong>Programa Acad\u00e9mico:<\/strong>&nbsp;Medicina Veterinaria y Zootecnia<\/p>\n\n\n\n<p><span class=\"post-content__span\"> <a href=\"https:\/\/repositorio.utp.edu.co\/items\/bfa7f9ac-60c5-4bc6-9cdd-065a8d9aa2be\" target=\"_blank\" rel=\"noreferrer noopener\">[Ver mas informaci\u00f3n Aqu\u00ed]<\/a><\/p>\n<\/div><\/div>\n\n\n\n<p><span class=\"post-content__span\"> <\/p>\n\n\n\n<div class=\"wp-block-buttons is-content-justification-right is-layout-flex wp-container-core-buttons-is-layout-765c4724 wp-block-buttons-is-layout-flex\">\n<div class=\"wp-block-button has-custom-font-size has-small-font-size\"><a class=\"wp-block-button__link wp-element-button\" href=\"https:\/\/vicerrectorias.utp.edu.co\/viie\/actividades-y-proyectos-de-extension-destacados\/\">Atr\u00e1s<\/a><\/div>\n<\/div>\n","protected":false},"excerpt":{"rendered":"<p>Categor\u00eda:&nbsp;Producci\u00f3n de Contenido Digital Descripci\u00f3n:&nbsp;Implementar una estrategia, basada en el teatro, para el desarrollo de habilidades emocionales y comunicativas que permitan la formaci\u00f3n de los estudiantes de ciencias de la [&#8230;]<\/p>\n","protected":false},"author":0,"featured_media":0,"comment_status":"closed","ping_status":"closed","sticky":false,"template":"","format":"standard","meta":{"footnotes":""},"categories":[1],"tags":[],"class_list":["post-4041","post","type-post","status-publish","format-standard","hentry","category-sin-categoria"],"_links":{"self":[{"href":"https:\/\/vicerrectorias.utp.edu.co\/viie\/wp-json\/wp\/v2\/posts\/4041","targetHints":{"allow":["GET"]}}],"collection":[{"href":"https:\/\/vicerrectorias.utp.edu.co\/viie\/wp-json\/wp\/v2\/posts"}],"about":[{"href":"https:\/\/vicerrectorias.utp.edu.co\/viie\/wp-json\/wp\/v2\/types\/post"}],"replies":[{"embeddable":true,"href":"https:\/\/vicerrectorias.utp.edu.co\/viie\/wp-json\/wp\/v2\/comments?post=4041"}],"version-history":[{"count":18,"href":"https:\/\/vicerrectorias.utp.edu.co\/viie\/wp-json\/wp\/v2\/posts\/4041\/revisions"}],"predecessor-version":[{"id":15200,"href":"https:\/\/vicerrectorias.utp.edu.co\/viie\/wp-json\/wp\/v2\/posts\/4041\/revisions\/15200"}],"wp:attachment":[{"href":"https:\/\/vicerrectorias.utp.edu.co\/viie\/wp-json\/wp\/v2\/media?parent=4041"}],"wp:term":[{"taxonomy":"category","embeddable":true,"href":"https:\/\/vicerrectorias.utp.edu.co\/viie\/wp-json\/wp\/v2\/categories?post=4041"},{"taxonomy":"post_tag","embeddable":true,"href":"https:\/\/vicerrectorias.utp.edu.co\/viie\/wp-json\/wp\/v2\/tags?post=4041"}],"curies":[{"name":"wp","href":"https:\/\/api.w.org\/{rel}","templated":true}]}}