{"id":3921,"date":"2021-04-30T08:46:02","date_gmt":"2023-12-01T14:53:00","guid":{"rendered":""},"modified":"2023-07-31T09:56:55","modified_gmt":"2023-12-01T14:53:00","slug":"segunda-jornada-de-apropiacion-social-del-conocimiento-ciencias-ambientales","status":"publish","type":"post","link":"https:\/\/vicerrectorias.utp.edu.co\/viie\/segunda-jornada-de-apropiacion-social-del-conocimiento-ciencias-ambientales\/","title":{"rendered":"SEGUNDA JORNADA DE APROPIACI\u00d3N SOCIAL DEL CONOCIMIENTO CIENCIAS AMBIENTALES"},"content":{"rendered":"\n<p><span class=\"post-content__span\"> <strong>LA UNIVERSIDAD TECNOL\u00d3GICA DE PEREIRA Y LA VICERRECTOR\u00cdA DE INVESTIGACIONES, INNOVACI\u00d3N Y EXTENSI\u00d3N LOS INVITA A PARTICIPAR<\/strong><\/p>\n\n\n\n<p><span class=\"post-content__span\"> <span>En la Segunda Jornada de Apropiaci\u00f3n Social del Conocimiento de la <strong>Facultad de Ciencias Ambientales<\/strong>, la cual se llevar\u00e1 a cabo el d\u00eda 6 de mayo de 2021, por medio de plataformas virtuales.<\/span><\/p>\n\n\n\n<h3 class=\"wp-block-heading\"><span><strong>MODALIDADES DE PARTICIPACI\u00d3N<\/strong><\/span><\/h3>\n\n\n\n<p><span class=\"post-content__span\"> <span><strong>PONENCIA: <\/strong>Presentaci\u00f3n oral de resultados de proyectos de investigaci\u00f3n de la Facultad de Ciencias Ambientales, inscritos en la Vicerrector\u00eda de Investigaciones, Innovaci\u00f3n y Extensi\u00f3n concluidos en los \u00faltimos 5 a\u00f1os (1 de enero de 2016 &#8211; 1 de marzo de 2021). Para el desarrollo de la ponencia se otorgar\u00e1 un tiempo de 15 minutos, m\u00e1s 5 minutos para preguntas del p\u00fablico.<\/span><\/p>\n\n\n\n<p><span class=\"post-content__span\"> <span><strong>Nota: Los ponentes podr\u00e1n participar en la convocatoria con un proyecto diferente a los que se presentaron en:<\/strong><\/span><\/p>\n\n\n\n<ul class=\"wp-block-list\">\n<li><span>Cuarta y Quinta Jornada de Apropiaci\u00f3n Social del Conocimiento \u201c<strong>INVESTIGACI\u00d3N, INNOVACI\u00d3N Y EXTENSI\u00d3N EN LA UTP<\/strong>\u201d, 2019 y 2020.<\/span><\/li>\n\n\n\n<li><span>Convocatoria para fomentar la publicaci\u00f3n de cap\u00edtulos de libro resultado de investigaci\u00f3n a\u00f1o 2019.<\/span><\/li>\n\n\n\n<li><span>Convocatoria para fomentar la publicaci\u00f3n de cap\u00edtulos de libro resultado de investigaci\u00f3n a\u00f1o 2020.<\/span><\/li>\n\n\n\n<li><span>Convocatoria para fomentar la publicaci\u00f3n de cap\u00edtulos de libro resultado de investigaci\u00f3n a\u00f1o 2020. \u201cCatedr\u00e1ticos\u201d.<\/span><\/li>\n\n\n\n<li><span>Primera Jornada de Apropiaci\u00f3n Social del Conocimiento de Ciencias Ambientales, a\u00f1o 2020.<\/span><\/li>\n<\/ul>\n\n\n\n<p><span class=\"post-content__span\"> <span><strong>METODOLOG\u00cdA: <\/strong>Se contar\u00e1 con una conferencia central por cada jornada (ma\u00f1ana y tarde), presentadas por el Doctor John Fredy L\u00f3pez P\u00e9rez, Docente e Investigador de la Universidad de Medell\u00edn y el Magister Luis Alejandro Pico Silva, Director de Estudios e Investigaciones de la Asociaci\u00f3n Hotelera y Tur\u00edstica de Colombia \u2013 COTELCO y Docente e Investigador de la Fundaci\u00f3n Universitaria Cafam, seguido a ellas se realizar\u00e1n las ponencias orales de los proyectos de investigaci\u00f3n de la Facultad de Ciencias Ambientales.<\/span><\/p>\n\n\n\n<p><span class=\"post-content__span\"> <span><strong>Grupos de Investigaci\u00f3n habilitados para participar:<\/strong><\/span><\/p>\n\n\n\n<ol class=\"wp-block-list\">\n<li><span>Agua y Saneamiento &#8211; GIAS.<\/span><\/li>\n\n\n\n<li><span>Biodiversidad y Biotecnolog\u00eda &#8211; GIBB.<\/span><\/li>\n\n\n\n<li><span>Centro Regional de Estudios en Emprendimiento, Empresarismo y Responsabilidad Social &#8211; CREER.<\/span><\/li>\n\n\n\n<li><span>Ecolog\u00eda, Ingenier\u00eda y Sociedad &#8211; EIS.<\/span><\/li>\n\n\n\n<li><span>Gesti\u00f3n Ambiental Territorial &#8211; GAT.<\/span><\/li>\n\n\n\n<li><span>Gesti\u00f3n en Agroecosistemas Tropicales Andinos &#8211; GATA.<\/span><\/li>\n\n\n\n<li><span>Gesti\u00f3n en Cultura y Educaci\u00f3n Ambiental &#8211; GCEA.<\/span><\/li>\n\n\n\n<li><span>Producci\u00f3n M\u00e1s Limpia &#8211; PML.<\/span><\/li>\n\n\n\n<li><span>Turismo Sostenible &#8211; GRITUS.<\/span><\/li>\n<\/ol>\n\n\n\n<p><span class=\"post-content__span\"> <span><strong>Semilleros de Investigaci\u00f3n habilitados para participar:<\/strong><\/span><\/p>\n\n\n\n<ol class=\"wp-block-list\">\n<li><span>Aves Andinas.<\/span><\/li>\n\n\n\n<li><span>C-Emprende.<\/span><\/li>\n\n\n\n<li><span>Cocinas Tradicionales, Gastronom\u00eda y Turismo Sostenible.<\/span><\/li>\n\n\n\n<li><span>Ecobiodiversidad.<\/span><\/li>\n\n\n\n<li><span>Ecolog\u00eda de Artr\u00f3podos.<\/span><\/li>\n\n\n\n<li><span>Ecolog\u00eda, Ingenier\u00eda y Sociedad.<\/span><\/li>\n\n\n\n<li><span>Evaluaci\u00f3n de Impacto Ambiental.<\/span><\/li>\n\n\n\n<li><span>Gesti\u00f3n Ambiental Cultural.<\/span><\/li>\n\n\n\n<li><span>Gesti\u00f3n Ambiental Territorial.<\/span><\/li>\n\n\n\n<li><span>Gesti\u00f3n del Riesgo y Conflictos Ambientales.<\/span><\/li>\n\n\n\n<li><span>Gesti\u00f3n Integral de Residuos S\u00f3lidos.<\/span><\/li>\n\n\n\n<li><span>Gesti\u00f3n Integral del Recurso H\u00eddrico.<\/span><\/li>\n\n\n\n<li><span>Planificaci\u00f3n Socioecol\u00f3gica del Paisaje.<\/span><\/li>\n\n\n\n<li><span>Producci\u00f3n M\u00e1s Limpia.<\/span><\/li>\n\n\n\n<li><span>Sistemas Productivos Alternativos.<\/span><\/li>\n<\/ol>\n\n\n\n<p><span class=\"post-content__span\"> <span><strong>PRESENTACI\u00d3N DE SEMILLEROS DE INVESTIGACI\u00d3N: <\/strong>Los Grupos de Investigaci\u00f3n que no presenten ponencia podr\u00e1n disponer de un espacio no mayor a 5 minutos, para la presentaci\u00f3n oral y\/o visual de los Semilleros de Investigaci\u00f3n adscritos bajo su cargo, siempre y cuando se encuentren inscritos en la Vicerrector\u00eda de Investigaciones, Innovaci\u00f3n y Extensi\u00f3n.<\/span><\/p>\n\n\n\n<p><span class=\"post-content__span\"> <span><strong>METODOLOG\u00cdA: <\/strong>Presentaci\u00f3n del Semillero de Investigaci\u00f3n inscrito en la Vicerrector\u00eda de Investigaciones, Innovaci\u00f3n y Extensi\u00f3n, por medio de ayudas audiovisuales.<\/span><\/p>\n\n\n\n<p><span class=\"post-content__span\"> <span><strong>PODR\u00c1N PARTICIPAR<\/strong><\/span><\/p>\n\n\n\n<ul class=\"wp-block-list\">\n<li><span>En calidad de <strong>Ponentes <\/strong>los investigadores de la Facultad de Ciencias Ambientales de la Universidad Tecnol\u00f3gica de Pereira que cuenten con un proyecto de investigaci\u00f3n inscrito en la Vicerrector\u00eda de Investigaciones, Innovaci\u00f3n y Extensi\u00f3n, y cuyo estado sea concluido en los \u00faltimos 5 a\u00f1os (1 de enero de 2016 &#8211; 1 de marzo de 2021).<\/span><\/li>\n\n\n\n<li><span>Los <strong>Semilleros <\/strong>de investigaci\u00f3n de la Facultad de Ciencias Ambientales inscritos en la Vicerrector\u00eda de Investigaci\u00f3n, Innovaci\u00f3n y Extensi\u00f3n con m\u00ednimo un a\u00f1o de antig\u00fcedad, podr\u00e1n registrar m\u00e1ximo <strong>dos ponentes <\/strong>por Semillero, los cuales deber\u00e1n estar registrados y activos en la base de datos de investigaciones.<\/span><\/li>\n<\/ul>\n\n\n\n<h3 class=\"wp-block-heading\"><span><strong>LINEAMIENTOS PARA LA INSCRIPCI\u00d3N<\/strong><\/span><\/h3>\n\n\n\n<p><span class=\"post-content__span\"> <span>Para la inscripci\u00f3n a la Segunda Jornada de Apropiaci\u00f3n Social del Conocimiento de <strong>Ciencias Ambientales<\/strong>, se deber\u00e1 realizar lo siguiente:<\/span><\/p>\n\n\n\n<ul class=\"wp-block-list\">\n<li><span><strong>PONENCIA: <\/strong>Registrar la siguiente informaci\u00f3n en el enlace: <strong><a href=\"https:\/\/docs.google.com\/forms\/d\/e\/1FAIpQLSfKUfduOVZ4a5iuV1KhQ-9mDhyVKYJ-_FwhX9lKmwr-L6CH_w\/viewform?usp=sf_link\">VER<\/a>.<\/strong><\/span><\/li>\n\n\n\n<li><span><strong>MEMORIAS: <\/strong>Enviar en los pr\u00f3ximos 5 d\u00edas calendario luego de la inscripci\u00f3n, los siguientes formatos diligenciados:<\/span><\/li>\n<\/ul>\n\n\n\n<p><span class=\"post-content__span\"> <span>Formato para presentaci\u00f3n de las ponencias<\/span><\/p>\n\n\n\n<p><span class=\"post-content__span\"> <span>Formato de cap\u00edtulo de libro para memorias del evento&nbsp;<\/span><\/p>\n\n\n\n<p><span class=\"post-content__span\"> <span><strong>&nbsp;Nota: <\/strong>Deber\u00e1n ser enviados al siguiente correo: <a href=\"mailto:investigaciones@utp.edu.co\"><strong>investigaciones@utp.edu.co<\/strong><\/a><strong>, <\/strong>con el siguiente asunto: <strong>Memorias Jornada de&nbsp; &nbsp; &nbsp;Apropiaci\u00f3n Social del Conocimiento de Ciencias Ambientales.<\/strong><\/span><\/p>\n\n\n\n<p><span class=\"post-content__span\"> <span><strong>SEMILLERO DE INVESTIGACI\u00d3N: <\/strong>Para la inscripci\u00f3n de Semilleros de Investigaci\u00f3n de la Facultad de Ciencias Ambientales, es necesario registrar la siguiente informaci\u00f3n en el link:(&nbsp;<strong><a href=\"https:\/\/docs.google.com\/forms\/d\/e\/1FAIpQLSer7jgKVW51pJSE6IACUWTervtg0i0vk6xslQd9a254lrgcaQ\/viewform?usp=sf_link\">VER<\/a>)<\/strong><\/span><\/p>\n\n\n\n<p><span class=\"post-content__span\"> <span><strong>ASISTENTES:<\/strong>\u00a0Formulario de inscripci\u00f3n <strong><a href=\"https:\/\/docs.google.com\/forms\/d\/e\/1FAIpQLSeJqovQsBbRNhaXBEzJV_1PtW0dVddY-oqQoYYl8PZcSUiUig\/viewform?gxids=7628\">(VER)<\/a><\/strong><\/span><\/p>\n\n\n\n<h3 class=\"wp-block-heading\"><strong>CERTIFICACI\u00d3N DEL EVENTO<\/strong><\/h3>\n\n\n\n<p><span class=\"post-content__span\"> A los investigadores que participen como ponentes en la Segunda Jornada de Apropiaci\u00f3n Social del Conocimiento de la Facultad de Ciencias Ambientales, se les certificar\u00e1:<\/p>\n\n\n\n<ul class=\"wp-block-list\">\n<li>Su participaci\u00f3n en el evento como ponente.<\/li>\n\n\n\n<li>La publicaci\u00f3n de la ponencia presentada como <strong><em>cap\u00edtulo de libro resultado de investigaci\u00f3n.<\/em><\/strong><\/li>\n<\/ul>\n\n\n\n<p><span class=\"post-content__span\"> Por otro lado, los estudiantes que participan como ponentes de la feria de Semilleros de Ciencias Ambientales, se les certificar\u00e1:<\/p>\n\n\n\n<ul class=\"wp-block-list\">\n<li>Su participaci\u00f3n como ponente.<\/li>\n<\/ul>\n\n\n\n<h3 class=\"wp-block-heading\"><strong>ARCHIVOS ANEXOS<\/strong><\/h3>\n\n\n\n<ul class=\"wp-block-list\">\n<li><strong>T\u00c9RMINOS DE REFERENCIA: <\/strong>Ver terminos&nbsp;<\/li>\n\n\n\n<li><strong>ANEXO 1<\/strong>:&nbsp;Formato para presentaci\u00f3n de las ponencias<\/li>\n\n\n\n<li><strong>ANEXO 2:&nbsp;<\/strong>Formato de cap\u00edtulo de libro para memorias del evento&nbsp;<\/li>\n<\/ul>\n\n\n\n<h3 class=\"wp-block-heading\"><strong>M\u00c1S INFORMACI\u00d3N<\/strong><\/h3>\n\n\n\n<p><span class=\"post-content__span\"> <strong>Jhonnier Adrian Rios Galvis<\/strong><\/p>\n\n\n\n<p><span class=\"post-content__span\"> <strong>Vicerrector\u00eda de Investigaciones, Innovaci\u00f3n y Extensi\u00f3n<\/strong><\/p>\n\n\n\n<p><span class=\"post-content__span\"> Tel\u00e9fono: 3206095784<\/p>\n\n\n\n<p><span class=\"post-content__span\"> Email: <a href=\"mailto:investigaciones@utp.edu.co\">investigaciones@utp.edu.co<\/a><\/p>\n","protected":false},"excerpt":{"rendered":"<p>LA UNIVERSIDAD TECNOL\u00d3GICA DE PEREIRA Y LA VICERRECTOR\u00cdA DE INVESTIGACIONES, INNOVACI\u00d3N Y EXTENSI\u00d3N LOS INVITA A PARTICIPAR En la Segunda Jornada de Apropiaci\u00f3n Social del Conocimiento de la Facultad de [&#8230;]<\/p>\n","protected":false},"author":0,"featured_media":0,"comment_status":"closed","ping_status":"closed","sticky":false,"template":"","format":"standard","meta":{"footnotes":""},"categories":[7],"tags":[],"class_list":["post-3921","post","type-post","status-publish","format-standard","hentry","category-convocatorias"],"_links":{"self":[{"href":"https:\/\/vicerrectorias.utp.edu.co\/viie\/wp-json\/wp\/v2\/posts\/3921","targetHints":{"allow":["GET"]}}],"collection":[{"href":"https:\/\/vicerrectorias.utp.edu.co\/viie\/wp-json\/wp\/v2\/posts"}],"about":[{"href":"https:\/\/vicerrectorias.utp.edu.co\/viie\/wp-json\/wp\/v2\/types\/post"}],"replies":[{"embeddable":true,"href":"https:\/\/vicerrectorias.utp.edu.co\/viie\/wp-json\/wp\/v2\/comments?post=3921"}],"version-history":[{"count":2,"href":"https:\/\/vicerrectorias.utp.edu.co\/viie\/wp-json\/wp\/v2\/posts\/3921\/revisions"}],"predecessor-version":[{"id":11017,"href":"https:\/\/vicerrectorias.utp.edu.co\/viie\/wp-json\/wp\/v2\/posts\/3921\/revisions\/11017"}],"wp:attachment":[{"href":"https:\/\/vicerrectorias.utp.edu.co\/viie\/wp-json\/wp\/v2\/media?parent=3921"}],"wp:term":[{"taxonomy":"category","embeddable":true,"href":"https:\/\/vicerrectorias.utp.edu.co\/viie\/wp-json\/wp\/v2\/categories?post=3921"},{"taxonomy":"post_tag","embeddable":true,"href":"https:\/\/vicerrectorias.utp.edu.co\/viie\/wp-json\/wp\/v2\/tags?post=3921"}],"curies":[{"name":"wp","href":"https:\/\/api.w.org\/{rel}","templated":true}]}}