{"id":3901,"date":"2021-03-23T11:27:22","date_gmt":"2023-12-01T14:53:00","guid":{"rendered":""},"modified":"2023-08-01T11:23:13","modified_gmt":"2023-12-01T14:53:00","slug":"xi-encuentro-departamental-de-semilleros-de-investigacion-de-risaralda","status":"publish","type":"post","link":"https:\/\/vicerrectorias.utp.edu.co\/viie\/xi-encuentro-departamental-de-semilleros-de-investigacion-de-risaralda\/","title":{"rendered":"XI ENCUENTRO DEPARTAMENTAL DE SEMILLEROS DE INVESTIGACI\u00d3N DE RISARALDA"},"content":{"rendered":"\n<div class=\"wp-block-columns is-layout-flex wp-container-core-columns-is-layout-9d6595d7 wp-block-columns-is-layout-flex\">\n<div class=\"wp-block-column is-layout-flow wp-block-column-is-layout-flow\" style=\"flex-basis:66.66%\">\n<h3 class=\"wp-block-heading\"><strong>PRESENTACI\u00d2N<\/strong><\/h3>\n\n\n\n<p><span class=\"post-content__span\"> La RREDSI Nodo Risaralda <a href=\"https:\/\/rredsi.co\/xi-encuentro-departamental-de-semilleros-de-investigacion-de-risaralda\/\">(Ver enlace)<\/a>&nbsp;invita a los integrantes de los semilleros de investigaci\u00f3n adscritos a participar del <strong>\u201cXI Encuentro Departamental de Semilleros de Investigaci\u00f3n\u201d<\/strong><\/p>\n\n\n\n<p><span class=\"post-content__span\"> Este evento se desarrolla anualmente desde el a\u00f1o 2011 en el departamento de Risaralda, con la participaci\u00f3n de las siguientes Instituciones de Educaci\u00f3n:<\/p>\n\n\n\n<ul class=\"wp-block-list\">\n<li>Fundaci\u00f3n Universitaria del \u00c1rea Andina<\/li>\n\n\n\n<li>Universidad Cat\u00f3lica de Pereira<\/li>\n\n\n\n<li>Universidad Cooperativa de Colombia<\/li>\n\n\n\n<li>Corporaci\u00f3n Universitaria Santa Rosa de Cabal \u2013 UNISARC<\/li>\n\n\n\n<li>Universidad Tecnol\u00f3gica de Pereira&nbsp;<\/li>\n\n\n\n<li>Universidad Libre Seccional Pereira<\/li>\n\n\n\n<li>Instituto de Capacitaci\u00f3n Comfamiliar Risaralda<\/li>\n\n\n\n<li>Fundaci\u00f3n Universitaria Comfamiliar Risaralda<\/li>\n\n\n\n<li>Universidad Nacional Abierta y a Distancia \u2013 UNAD<\/li>\n\n\n\n<li>Servicio Nacional de Aprendizaje SENA Regional Risaralda<\/li>\n\n\n\n<li>Corporaci\u00f3n Universitaria Minuto de Dios \u2013 UNIMINUTO<\/li>\n\n\n\n<li>Fundaci\u00f3n Universitaria Aut\u00f3noma de las Am\u00e9ricas.<\/li>\n\n\n\n<li>Fundaci\u00f3n Universitaria Uniclaretiana<\/li>\n\n\n\n<li>Corporaci\u00f3n Instituto de Administraci\u00f3n y Finanzas \u2013 CIAF<\/li>\n<\/ul>\n<\/div>\n\n\n\n<div class=\"wp-block-column is-vertically-aligned-center is-layout-flow wp-block-column-is-layout-flow\" style=\"flex-basis:33.33%\">\n<figure class=\"wp-block-image is-resized\"><a href=\"https:\/\/rredsi.co\/xi-encuentro-departamental-de-semilleros-de-investigacion-de-risaralda\/\"><img loading=\"lazy\" decoding=\"async\" src=\"https:\/\/vicerrectorias.utp.edu.co\/viie\/wp-content\/uploads\/sites\/3\/RREDSI.png\" alt=\"\" width=\"300\" height=\"425\"\/><\/a><\/figure>\n<\/div>\n<\/div>\n\n\n\n<h3 class=\"wp-block-heading\"><strong>OBJETIVOS<\/strong><\/h3>\n\n\n\n<p><span class=\"post-content__span\"> <strong>Objetivo General&nbsp;<\/strong><\/p>\n\n\n\n<p><span class=\"post-content__span\"> Propiciar espacios de encuentro acad\u00e9mico, entre los integrantes de los Semilleros de Investigaci\u00f3n para la socializaci\u00f3n de sus avances en investigaci\u00f3n, en los diferentes campos del saber.<\/p>\n\n\n\n<h3 class=\"wp-block-heading\"><strong>\u00bfQUI\u00c9NES PUEDEN PARTICIPAR?<\/strong><\/h3>\n\n\n\n<p><span class=\"post-content__span\"> Podr\u00e1n participar en calidad de&nbsp;<strong><em>Ponentes&nbsp;<\/em><\/strong>los estudiantes de pregrado vinculados a Semilleros de Investigaci\u00f3n de las Instituciones de Educaci\u00f3n adscritas a la&nbsp;<strong>RREDSI,&nbsp;<\/strong>cuyos trabajos de investigaci\u00f3n sean evaluados y aprobados por los pares establecidos para dicho fin.<\/p>\n\n\n\n<p><span class=\"post-content__span\"> <strong>NOTA 1:<\/strong>&nbsp;Por cada ponencia o p\u00f3ster se podr\u00e1n inscribir un m\u00e1ximo de dos ponentes, es decir, los dem\u00e1s miembros del semillero o tutor del mismo en caso de participar en el evento deber\u00e1n inscribirse como asistentes.<\/p>\n\n\n\n<p><span class=\"post-content__span\"> <strong>NOTA 2:<\/strong>&nbsp;Los ponentes deben ser estudiantes activos de pregrado en el momento de cierre de la convocatoria.<\/p>\n\n\n\n<p><span class=\"post-content__span\"> <strong>MODALIDADES DE PARTICIPACI\u00d3N DE LOS PONENTES<\/strong><\/p>\n\n\n\n<p><span class=\"post-content__span\"> <strong>Proyectos de Investigaci\u00f3n:&nbsp;<\/strong>Proyectos cuyo fin \u00faltimo sea generar un aporte en Ciencia, Tecnolog\u00eda e Innovaci\u00f3n.<\/p>\n\n\n\n<ul class=\"wp-block-list\">\n<li><strong>Proyectos en Curso:&nbsp;\u200b<\/strong>Son aquellos que, teniendo un proyecto, se encuentran en alguna de las fases o etapas planteadas dentro del mismo, por ejemplo: elaboraci\u00f3n del estado del arte, elaboraci\u00f3n de instrumentos, recolecci\u00f3n de la informaci\u00f3n o an\u00e1lisis de la informaci\u00f3n.<\/li>\n\n\n\n<li><strong>Proyectos Terminados:&nbsp;<\/strong>Corresponde a los trabajos que ya han elaborado informe final y, por lo tanto, tienen resultados finales\/conclusiones de sus investigaciones.<\/li>\n<\/ul>\n\n\n\n<p><span class=\"post-content__span\"> <strong>NOTA:&nbsp;<\/strong>Los&nbsp;<strong><em>Proyectos de Investigaci\u00f3n&nbsp;<\/em><\/strong>ser\u00e1n presentados en forma oral virtual; y contar\u00e1n con un espacio de 15 minutos para el desarrollo de la ponencia y 5 minutos para dar respuesta a los evaluadores, m\u00e1s 20 minutos para un panel que se realizar\u00e1 al finalizar cada jornada de exposiciones.<\/p>\n\n\n\n<p><span class=\"post-content__span\"> El trabajo ser\u00e1 presentado m\u00e1ximo por dos estudiantes del semillero, quienes deber\u00e1n estar en toda la jornada de exposici\u00f3n y permanecer hasta que finalicen las ponencias, para participar en el panel de discusi\u00f3n y obtener el puntaje que se asigna a dicho criterio en la evaluaci\u00f3n.<\/p>\n\n\n\n<p><span class=\"post-content__span\"> <strong>P\u00f3ster de Propuesta de Investigaci\u00f3n<\/strong><\/p>\n\n\n\n<p><span class=\"post-content__span\"> Son presentaciones gr\u00e1ficas de las propuestas de investigaci\u00f3n espec\u00edficas a modo de afiche (No incluye proyectos en curso ni finalizados). La propuesta de poster debe contener el documento te\u00f3rico acompa\u00f1ado del dise\u00f1o digital.<\/p>\n\n\n\n<p><span class=\"post-content__span\"> Los p\u00f3steres ser\u00e1n sustentados por sus autores durante el evento de forma virtual, en un espacio&nbsp; y tiempo determinado para tal fin.<\/p>\n\n\n<div class=\"wp-block-image\">\n<figure class=\"aligncenter is-resized\"><img loading=\"lazy\" decoding=\"async\" src=\"https:\/\/vicerrectorias.utp.edu.co\/viie\/wp-content\/uploads\/sites\/3\/Captura%288%29.PNG\" alt=\"\" width=\"562\" height=\"385\"\/><\/figure>\n<\/div>\n\n<div class=\"wp-block-image\">\n<figure class=\"aligncenter is-resized\"><a href=\"https:\/\/rredsi.co\/xi-encuentro-departamental-de-semilleros-de-investigacion-de-risaralda\/\"><img loading=\"lazy\" decoding=\"async\" src=\"https:\/\/vicerrectorias.utp.edu.co\/viie\/wp-content\/uploads\/sites\/3\/WhatsApp-Image-2021-02-17-at-4.52.08-PM-768x432.jpeg\" alt=\"\" width=\"576\" height=\"324\"\/><\/a><\/figure>\n<\/div>\n\n\n<hr class=\"wp-block-separator has-css-opacity\"\/>\n\n\n\n<h3 class=\"wp-block-heading\"><strong>DOCUMENTOS ANEXOS DE LA CONVOCATORIA<\/strong><\/h3>\n\n\n\n<ul class=\"wp-block-list\">\n<li><strong>T\u00c9RMINOS DE REFERENCIA:&nbsp;<a href=\"https:\/\/vicerrectorias.utp.edu.co\/viie\/wp-content\/uploads\/sites\/3\/TERMINOS-DE-REFERENCIA%20%283%29.docx\">&nbsp;<\/a><\/strong><a href=\"https:\/\/vicerrectorias.utp.edu.co\/viie\/wp-content\/uploads\/sites\/3\/TERMINOS-DE-REFERENCIA%20%283%29.docx\">TERMINOS-DE-REFERENCIA<\/a><\/li>\n\n\n\n<li><strong>DESCARGAR ANEXO 1:<a class=\"download-link\" href=\"https:\/\/rredsi.co\/download\/2506\/\" rel=\"nofollow\" title=\"\">&nbsp;<\/a><\/strong><a href=\"https:\/\/vicerrectorias.utp.edu.co\/viie\/wp-content\/uploads\/sites\/3\/FORMATO-PROYECTO-EN-CURSO-O-TERMINADO.-1-1.docx\">FORMATO PROYECTO EN CURSO O TERMINADO&nbsp;<\/a><\/li>\n\n\n\n<li><strong>DESCARGAR ANEXO 2:<\/strong>&nbsp;<a href=\"https:\/\/vicerrectorias.utp.edu.co\/viie\/wp-content\/uploads\/sites\/3\/FORMATO-DE-PRESENTACI%C3%93N-DEL-P%C3%93STER-1.docx\">FORMATO DE PRESENTACI\u00d3N DEL P\u00d3STER&nbsp;<\/a><\/li>\n\n\n\n<li><strong>DESCARGAR ANEXO 3:<a class=\"download-link\" href=\"https:\/\/rredsi.co\/download\/2509\/\" rel=\"nofollow\" title=\"\">&nbsp;<\/a><\/strong><a href=\"https:\/\/vicerrectorias.utp.edu.co\/viie\/wp-content\/uploads\/sites\/3\/CARTA-AVAL-DEL-TUTOR.docx\">CARTA AVAL DEL TUTOR<\/a><\/li>\n<\/ul>\n","protected":false},"excerpt":{"rendered":"<p>PRESENTACI\u00d2N La RREDSI Nodo Risaralda (Ver enlace)&nbsp;invita a los integrantes de los semilleros de investigaci\u00f3n adscritos a participar del \u201cXI Encuentro Departamental de Semilleros de Investigaci\u00f3n\u201d Este evento se desarrolla [&#8230;]<\/p>\n","protected":false},"author":0,"featured_media":0,"comment_status":"closed","ping_status":"closed","sticky":false,"template":"","format":"standard","meta":{"footnotes":""},"categories":[7],"tags":[],"class_list":["post-3901","post","type-post","status-publish","format-standard","hentry","category-convocatorias"],"_links":{"self":[{"href":"https:\/\/vicerrectorias.utp.edu.co\/viie\/wp-json\/wp\/v2\/posts\/3901","targetHints":{"allow":["GET"]}}],"collection":[{"href":"https:\/\/vicerrectorias.utp.edu.co\/viie\/wp-json\/wp\/v2\/posts"}],"about":[{"href":"https:\/\/vicerrectorias.utp.edu.co\/viie\/wp-json\/wp\/v2\/types\/post"}],"replies":[{"embeddable":true,"href":"https:\/\/vicerrectorias.utp.edu.co\/viie\/wp-json\/wp\/v2\/comments?post=3901"}],"version-history":[{"count":3,"href":"https:\/\/vicerrectorias.utp.edu.co\/viie\/wp-json\/wp\/v2\/posts\/3901\/revisions"}],"predecessor-version":[{"id":11125,"href":"https:\/\/vicerrectorias.utp.edu.co\/viie\/wp-json\/wp\/v2\/posts\/3901\/revisions\/11125"}],"wp:attachment":[{"href":"https:\/\/vicerrectorias.utp.edu.co\/viie\/wp-json\/wp\/v2\/media?parent=3901"}],"wp:term":[{"taxonomy":"category","embeddable":true,"href":"https:\/\/vicerrectorias.utp.edu.co\/viie\/wp-json\/wp\/v2\/categories?post=3901"},{"taxonomy":"post_tag","embeddable":true,"href":"https:\/\/vicerrectorias.utp.edu.co\/viie\/wp-json\/wp\/v2\/tags?post=3901"}],"curies":[{"name":"wp","href":"https:\/\/api.w.org\/{rel}","templated":true}]}}