{"id":3811,"date":"2021-08-10T14:47:08","date_gmt":"2023-12-01T14:53:00","guid":{"rendered":""},"modified":"2023-07-21T14:54:13","modified_gmt":"2023-12-01T14:53:00","slug":"informacion-general","status":"publish","type":"post","link":"https:\/\/vicerrectorias.utp.edu.co\/viie\/informacion-general\/","title":{"rendered":"INFORMACI\u00d3N GENERAL"},"content":{"rendered":"<div class=\"wp-block-image\">\n<figure class=\"aligncenter\"><img decoding=\"async\" src=\"https:\/\/vicerrectorias.utp.edu.co\/viie\/wp-content\/uploads\/sites\/3\/unnamed%20%281%29.png\" alt=\"\"\/><\/figure>\n<\/div>\n\n\n<ol class=\"wp-block-list\">\n<li><span><a href=\"https:\/\/minciencias.gov.co\/sites\/default\/files\/upload\/convocatoria\/resolucion_de_apertura_0613-2021.pdf\" title=\"Archivo Resoluci\u00f3n 0613 del 2021\">Resoluci\u00f3n 0613 del 202<\/a><a href=\"http:\/\/minciencias.gov.co\/sites\/default\/files\/upload\/convocatoria\/resolucion_de_apertura_0613-2021.pdf\">1<\/a><a href=\"https:\/\/vicerrectorias.utp.edu.co\/viie\/wp-content\/uploads\/sites\/3\/Resoluci%C3%B3n%281%29.pdf\"><strong> [Descargar]<\/strong><\/a><\/span><\/li>\n\n\n\n<li><span><a href=\"https:\/\/minciencias.gov.co\/sites\/default\/files\/upload\/convocatoria\/terminos_de_referencia_-_firmados_3.pdf\" title=\"Archivo T\u00e9rminos de referencia - Firmados\">T\u00e9rminos de referencia &#8211; Firmados<\/a>&nbsp;<\/span><strong><a href=\"https:\/\/vicerrectorias.utp.edu.co\/viie\/wp-content\/uploads\/sites\/3\/terminos_de_referencia_-_firmados_3%20%281%29%281%29.pdf\">[Descargar]<\/a><\/strong><\/li>\n\n\n\n<li><a href=\"https:\/\/minciencias.gov.co\/sites\/default\/files\/upload\/convocatoria\/terminos_de_referencia_-_version_consulta_7.pdf\" title=\"Archivo T\u00e9rminos de referencia - Consulta\">T\u00e9rminos de referencia &#8211; Consulta<\/a>&nbsp;<strong><a href=\"https:\/\/vicerrectorias.utp.edu.co\/viie\/wp-content\/uploads\/sites\/3\/terminos_de_referencia_-_version_consulta_7%281%29.pdf\">[Descargar]<\/a><\/strong><\/li>\n\n\n\n<li><a href=\"https:\/\/minciencias.gov.co\/sites\/default\/files\/upload\/convocatoria\/anexo_1_-_documento_conceptual_2021.pdf\" title=\"Archivo Anexo 1: Documento Conceptual del Modelo de Reconocimiento y Medici\u00f3n de Grupos de Investigaci\u00f3n e Investigadores, 2021\">Anexo 1: Documento Conceptual del Modelo de Reconocimiento y Medici\u00f3n de Grupos de Investigaci\u00f3n e Investigadores, 2021<\/a>&nbsp;<strong><a href=\"https:\/\/vicerrectorias.utp.edu.co\/viie\/wp-content\/uploads\/sites\/3\/anexo_1_-_documento_conceptual_2021%20%281%29%281%29.pdf\">[Descargar]<\/a><\/strong><\/li>\n\n\n\n<li><a href=\"https:\/\/minciencias.gov.co\/sites\/default\/files\/upload\/convocatoria\/anexo_3_-_la_investigacion_creacion_-_definiciones_y_reflexiones.pdf\" title=\"Archivo Anexo 3: La Investigaci\u00f3n + Creaci\u00f3n: Definiciones y Reflexiones\">Anexo 3: La Investigaci\u00f3n + Creaci\u00f3n: Definiciones y Reflexiones<\/a><strong>&nbsp;<a href=\"https:\/\/vicerrectorias.utp.edu.co\/viie\/wp-content\/uploads\/sites\/3\/anexo_3_-_la_investigacion_creacion_-_definiciones_y_reflexiones%281%29.pdf\">[Descargar]<\/a><\/strong><\/li>\n\n\n\n<li><span>Consulte&nbsp;<strong><a href=\"https:\/\/vicerrectorias.utp.edu.co\/viie\/wp-content\/uploads\/sites\/3\/Lideres%20de%20acompa%C3%B1amiento%202021%281%29%281%29.xlsx\">[Aqu\u00ed]<\/a><\/strong>&nbsp;el l\u00edder de Acompa\u00f1amiento designado para su&nbsp;Grupo de Investigaci\u00f3n&nbsp;<\/span><\/li>\n\n\n\n<li><span>Carta para la solicitud de aval Institucional <a href=\"https:\/\/vicerrectorias.utp.edu.co\/viie\/wp-content\/uploads\/sites\/3\/MODELO%20DE%20CARTA%20AVAL%20INSTITUCIONAL.docx\"><strong>[Descargar]<\/strong><\/a><\/span><\/li>\n<\/ol>\n\n\n\n<hr class=\"wp-block-separator has-css-opacity\"\/>\n\n\n\n<ul class=\"wp-block-list\">\n<li><strong style=\"color: revert; font-size: revert;\">ADENDA N\u00b02<\/strong> <\/li>\n<\/ul>\n\n\n\n<p><span class=\"post-content__span\"> <a href=\"https:\/\/media2.utp.edu.co\/archivos\/adenda_no._2_-_firmado.pdf\"><strong>\u200bMODIFICACI\u00d3N DEL C\u00c1LCULO DEL INDICADOR DE TRAYECTORIA E INCLUSI\u00d3N NUEVA TIPOLOG\u00cdA DE LIBROS Y CAP\u00cdTULOS DE LIBRO (VER)<\/strong><\/a><\/p>\n\n\n\n<p><span class=\"post-content__span\"> <strong>Fecha de publicaci\u00f3n:<\/strong> 02&nbsp;de agosto de 2021<\/p>\n\n\n\n<hr class=\"wp-block-separator has-css-opacity\"\/>\n\n\n\n<ul class=\"wp-block-list\">\n<li><strong style=\"color: revert; font-size: revert;\">ADENDA<\/strong> <\/li>\n<\/ul>\n\n\n\n<p><span class=\"post-content__span\"> <span><a href=\"https:\/\/media2.utp.edu.co\/archivos\/adenda_no._1_convocatoria_894-2021.pdf\"><strong>MODIFICACI\u00d3N CRONOGRAMA Y ACTUALIZACI\u00d3N DE INFORMACI\u00d3N DE PRODUCTOS (VER)<\/strong><\/a><\/span><\/p>\n\n\n\n<p><span class=\"post-content__span\"> <span><strong>Fecha de publicaci\u00f3n: <\/strong>02&nbsp;de junio de 2021&nbsp;<\/span><\/p>\n\n\n\n<p><span class=\"post-content__span\"> <span><strong>NOTA:<\/strong>&nbsp;La adenda&nbsp;no genera&nbsp;ning\u00fan cambio, con respecto al cronograma interno establecido por la Universidad:<\/span><\/p>\n\n\n\n<h3 class=\"wp-block-heading\"><strong>CRONOGRAMA INTERNO&nbsp;<\/strong><\/h3>\n\n\n<div class=\"wp-block-image\">\n<figure class=\"aligncenter\"><img decoding=\"async\" src=\"https:\/\/media2.utp.edu.co\/imagenes\/Cronograma%20interno%286%29.PNG\" alt=\"\"\/><\/figure>\n<\/div>","protected":false},"excerpt":{"rendered":"<p>\u200bMODIFICACI\u00d3N DEL C\u00c1LCULO DEL INDICADOR DE TRAYECTORIA E INCLUSI\u00d3N NUEVA TIPOLOG\u00cdA DE LIBROS Y CAP\u00cdTULOS DE LIBRO (VER) Fecha de publicaci\u00f3n: 02&nbsp;de agosto de 2021 MODIFICACI\u00d3N CRONOGRAMA Y ACTUALIZACI\u00d3N DE [&#8230;]<\/p>\n","protected":false},"author":0,"featured_media":0,"comment_status":"closed","ping_status":"closed","sticky":false,"template":"","format":"standard","meta":{"footnotes":""},"categories":[7],"tags":[],"class_list":["post-3811","post","type-post","status-publish","format-standard","hentry","category-convocatorias"],"_links":{"self":[{"href":"https:\/\/vicerrectorias.utp.edu.co\/viie\/wp-json\/wp\/v2\/posts\/3811","targetHints":{"allow":["GET"]}}],"collection":[{"href":"https:\/\/vicerrectorias.utp.edu.co\/viie\/wp-json\/wp\/v2\/posts"}],"about":[{"href":"https:\/\/vicerrectorias.utp.edu.co\/viie\/wp-json\/wp\/v2\/types\/post"}],"replies":[{"embeddable":true,"href":"https:\/\/vicerrectorias.utp.edu.co\/viie\/wp-json\/wp\/v2\/comments?post=3811"}],"version-history":[{"count":2,"href":"https:\/\/vicerrectorias.utp.edu.co\/viie\/wp-json\/wp\/v2\/posts\/3811\/revisions"}],"predecessor-version":[{"id":10822,"href":"https:\/\/vicerrectorias.utp.edu.co\/viie\/wp-json\/wp\/v2\/posts\/3811\/revisions\/10822"}],"wp:attachment":[{"href":"https:\/\/vicerrectorias.utp.edu.co\/viie\/wp-json\/wp\/v2\/media?parent=3811"}],"wp:term":[{"taxonomy":"category","embeddable":true,"href":"https:\/\/vicerrectorias.utp.edu.co\/viie\/wp-json\/wp\/v2\/categories?post=3811"},{"taxonomy":"post_tag","embeddable":true,"href":"https:\/\/vicerrectorias.utp.edu.co\/viie\/wp-json\/wp\/v2\/tags?post=3811"}],"curies":[{"name":"wp","href":"https:\/\/api.w.org\/{rel}","templated":true}]}}