{"id":3801,"date":"2021-08-05T08:15:05","date_gmt":"2023-12-01T14:53:00","guid":{"rendered":""},"modified":"2023-07-31T09:15:41","modified_gmt":"2023-12-01T14:53:00","slug":"publicacion-de-libros-de-ensayo-obra-literaria-libro-de-artista-cronica-reportaje","status":"publish","type":"post","link":"https:\/\/vicerrectorias.utp.edu.co\/viie\/publicacion-de-libros-de-ensayo-obra-literaria-libro-de-artista-cronica-reportaje\/","title":{"rendered":"PUBLICACI\u00d3N DE LIBROS DE ENSAYO \u2013  OBRA LITERARIA \u2013 LIBRO DE ARTISTA \u2013 CR\u00d3NICA \u2013 REPORTAJE"},"content":{"rendered":"\n<ul class=\"wp-block-list\">\n<li><strong style=\"color: revert; font-size: revert;\">RESULTADOS<\/strong> <\/li>\n<\/ul>\n\n\n\n<p><span class=\"post-content__span\"> <strong><a href=\"https:\/\/media2.utp.edu.co\/archivos\/CONVOCATORIA%20Ensayos%20-%20Obra%20Literaria%20a%20Publicar%202021.pdf\">[Ver] TRABAJOS QUE SER\u00c1N PUBLICADOS POR LA EDITORIAL<\/a><\/strong><\/p>\n\n\n\n<p><span class=\"post-content__span\"> <strong>Fecha de publicaci\u00f3n:<\/strong> 4 de Agosto de 2021<\/p>\n\n\n\n<hr class=\"wp-block-separator has-css-opacity\"\/>\n\n\n\n<ul class=\"wp-block-list\">\n<li><strong style=\"color: revert; font-size: revert;\">PUBLICACI\u00d3N<\/strong> <\/li>\n<\/ul>\n\n\n\n<p><span class=\"post-content__span\"> <span><a href=\"https:\/\/media2.utp.edu.co\/archivos\/Resultados%20LIBROS%20DE%20ENSAYO%20-%20OBRA%20LITERARIA%20-%20LIBRO%20DE%20ARTISTA%20%E2%80%93%20CR%C3%93NICA%20%E2%80%93%20REPORTAJE%202021%281%29.pdf\"><strong>[Ver]&nbsp;TRABAJOS QUE CUMPLIERON CON LOS REQUISITOS M\u00cdNIMOS<\/strong><\/a><\/span><\/p>\n\n\n\n<p><span class=\"post-content__span\"> <strong>\u200b\u200b\u200b\u200b\u200b\u200b\u200b\u200bFecha de Publicaci\u00f3n:<\/strong>&nbsp;28&nbsp;de Mayo&nbsp;del 2021.<\/p>\n\n\n\n<hr class=\"wp-block-separator has-css-opacity\"\/>\n\n\n\n<p><span class=\"post-content__span\"> <a href=\"https:\/\/vicerrectorias.utp.edu.co\/viie\/wp-content\/uploads\/sites\/3\/Acuerdo%20No.%2009%20Convocatria%20Libros%20de%20Ensayo%2C%20Obra%20Literaria%2C%20Libro%20Art%C3%ADsta%2C%20Cr%C3%B3nica%2C%20Reportaje%281%29.pdf\"><strong>ACUERDO CONSEJO ACAD\u00c9MICO No. 09<\/strong><\/a><\/p>\n\n\n\n<p><span class=\"post-content__span\"> POR MEDIO DEL CUAL SE APRUEBA LA CONVOCATORIA INTERNA PARA FOMENTAR&nbsp;LA PUBLICACI\u00d3N DE LIBROS DE ENSAYO &#8211; OBRA LITERARIA &#8211; LIBRO DE ARTISTA \u2013&nbsp;CR\u00d3NICA \u2013 REPORTAJE.<\/p>\n\n\n\n<hr class=\"wp-block-separator has-css-opacity\"\/>\n\n\n\n<h3 class=\"wp-block-heading\"><strong>OBJETIVO:<\/strong><\/h3>\n\n\n\n<p><span class=\"post-content__span\"> Fomentar la producci\u00f3n intelectual de los docentes de la Universidad Tecnol\u00f3gica de Pereira, a trav\u00e9s de la publicaci\u00f3n de textos en la l\u00ednea editorial Ensayo &#8211; Obra Literaria \u2013 Libro de Artista \u2013 Cr\u00f3nica &#8211; Reportaje.<\/p>\n\n\n\n<h3 class=\"wp-block-heading\"><strong>DIRIGIDO A:<\/strong><\/h3>\n\n\n\n<p><span class=\"post-content__span\"> Docentes de planta o transitorios de la Universidad Tecnol\u00f3gica de Pereira.<\/p>\n\n\n\n<h3 class=\"wp-block-heading\"><strong>REQUISITOS M\u00cdNIMOS PARA PARTICIPAR<\/strong><\/h3>\n\n\n\n<ol class=\"wp-block-list\">\n<li>Podr\u00e1n participar los docentes de planta o transitorios de la Universidad Tecnol\u00f3gica de Pereira. Se acepta como coautor un docente catedr\u00e1tico.<\/li>\n\n\n\n<li>Por autor solo se podr\u00e1 presentar un trabajo en la convocatoria para la publicaci\u00f3n de libros de Ensayo &#8211; Obra Literaria \u2013 Libro de Artista \u2013 Cr\u00f3nica &#8211; Reportaje.<\/li>\n\n\n\n<li>El monto m\u00e1ximo para financiar la publicaci\u00f3n en forma impresa o digital de libros de Ensayo &#8211; Obra Literaria es por valor de $6.000.000. Los libros que excedan este valor se publicar\u00e1n en forma digital.<\/li>\n\n\n\n<li>No podr\u00e1n participar los autores a quienes se les financi\u00f3 la publicaci\u00f3n de un libro a trav\u00e9s de cualquiera de las convocatorias de las l\u00edneas editoriales de la vigencia 2020 o que cuenten con recursos para dicho fin, o que tengan proyectos con recursos para financiar un libro.<\/li>\n\n\n\n<li>Para la participaci\u00f3n en esta convocatoria se deben radicar a trav\u00e9s del correo electr\u00f3nico <a href=\"mailto:lazos@utp.edu.co\">lazos@utp.edu.co <\/a>dirigido a la Vicerrector\u00eda de Investigaciones, Innovaci\u00f3n y Extensi\u00f3n, con Asunto: (Asunto: <strong>CONVOCATORIA INTERNA PARA FOMENTAR LA PUBLICACI\u00d3N DE LIBROS ENSAYO &#8211; OBRA LITERARIA \u2013 LIBRO DE ARTISTA \u2013 CR\u00d3NICA \u2013 REPORTAJE 2021), <\/strong>lo siguiente:<\/li>\n<\/ol>\n\n\n\n<ul class=\"wp-block-list\">\n<li>Carta de intenci\u00f3n <strong>(Anexo 1) <\/strong>para la participaci\u00f3n en la convocatoria donde se establezca que el trabajo corresponde a la l\u00ednea editorial Ensayo &#8211; Obra Literaria \u2013 Libro de Artista \u2013 Cr\u00f3nica &#8211; Reportaje.<\/li>\n\n\n\n<li>Archivo digital del libro a publicar. El documento debe ser in\u00e9dito y cumplir con los requisitos establecidos en el Manual de Lineamientos de la Editorial UTP. <strong>(Anexo 4).<\/strong><\/li>\n\n\n\n<li>Carta de Aval del Consejo de Facultad respectivo para la publicaci\u00f3n del libro y la evaluaci\u00f3n interna realizada.<\/li>\n<\/ul>\n\n\n\n<p><span class=\"post-content__span\"> <strong>NOTA 1: <\/strong>No se aceptar\u00e1n memorandos enviados por el aplicativo de Gesti\u00f3n de Documentos. El \u00fanico medio de entrega de la informaci\u00f3n para participar en la presente convocatoria es por medio de la Oficina de Gesti\u00f3n de Documentos a trav\u00e9s del correo electr\u00f3nico <a href=\"mailto:lazos@utp.edu.co\">lazos@utp.edu.co<\/a><\/p>\n\n\n\n<h3 class=\"wp-block-heading\"><strong>CRONOGRAMA:<\/strong><\/h3>\n\n\n\n<figure class=\"wp-block-table is-style-stripes\"><table class=\"has-fixed-layout\"><thead><tr><th class=\"has-text-align-center\" data-align=\"center\"><strong>ACTIVIDAD<\/strong><\/th><th class=\"has-text-align-center\" data-align=\"center\"><strong>FECHA<\/strong><\/th><\/tr><\/thead><tbody><tr><td class=\"has-text-align-center\" data-align=\"center\">\n<p><span class=\"post-content__span\"> <span>Aprobaci\u00f3n de criterios de la convocatoria por el Comit\u00e9 Editorial.<\/span><\/p>\n<\/td><td class=\"has-text-align-center\" data-align=\"center\">\n<p><span class=\"post-content__span\"> <strong>Febrero 11 de 2021<\/strong><\/p>\n<\/td><\/tr><tr><td class=\"has-text-align-center\" data-align=\"center\">\n<p><span class=\"post-content__span\"> Aprobaci\u00f3n de criterios de la convocatoria por el Comit\u00e9 Editorial.<\/p>\n<\/td><td class=\"has-text-align-center\" data-align=\"center\">\n<p><span class=\"post-content__span\"> <strong>Febrero 17&nbsp;de 2021<\/strong><\/p>\n<\/td><\/tr><tr><td class=\"has-text-align-center\" data-align=\"center\">\n<p><span class=\"post-content__span\"> <span>Apertura de la Convocatoria.<\/span><\/p>\n<\/td><td class=\"has-text-align-center\" data-align=\"center\">\n<p><span class=\"post-content__span\"> <strong>Febrero 26&nbsp;de 2021<\/strong><\/p>\n<\/td><\/tr><tr><td class=\"has-text-align-center\" data-align=\"center\">\n<p><span class=\"post-content__span\"> Fecha hasta la que se recibir\u00e1n trabajos (con el&nbsp;<span>aval<\/span><span> <\/span><span>del<\/span><span> <\/span><span>Consejo<\/span><span> <\/span><span>de<\/span><span> <\/span><span>Facultad<\/span><span> <\/span><span>y<\/span><span> <\/span><span>la<\/span><span> <\/span><span>evaluaci\u00f3n&nbsp;<\/span><span> <\/span><span>interna).<\/span><\/p>\n<\/td><td class=\"has-text-align-center\" data-align=\"center\">\n<p><span class=\"post-content__span\"> <strong>Mayo 14 de 2021<\/strong><\/p>\n<\/td><\/tr><tr><td class=\"has-text-align-center\" data-align=\"center\">\n<p><span class=\"post-content__span\"> Publicaci\u00f3n de resultados de los trabajos que cumplieron con los requisitos m\u00ednimos<\/p>\n<\/td><td class=\"has-text-align-center\" data-align=\"center\">\n<p><span class=\"post-content__span\"> <strong>Mayo 28&nbsp;de 2021<\/strong><\/p>\n<\/td><\/tr><tr><td class=\"has-text-align-center\" data-align=\"center\">\n<p><span class=\"post-content__span\"> Consultas y aclaraci\u00f3n de inquietudes sobre resultados publicados de los trabajos que cumplieron con los requisitos m\u00ednimos \u2013 enviar solicitud&nbsp;&nbsp;&nbsp; al&nbsp;&nbsp;&nbsp; correo electr\u00f3nico&nbsp;(luismvargas@utp.edu.co)<\/p>\n<p><span class=\"post-content__span\"> &nbsp;<\/p>\n<\/td><td class=\"has-text-align-center\" data-align=\"center\">\n<p><span class=\"post-content__span\"> <strong>Junio 1 y 2 de 2021<\/strong><\/p>\n<\/td><\/tr><tr><td class=\"has-text-align-center\" data-align=\"center\">\n<p><span class=\"post-content__span\"> Tiempo para la evaluaci\u00f3n de pares externos<\/p>\n<\/td><td class=\"has-text-align-center\" data-align=\"center\">\n<p><span class=\"post-content__span\"> <strong><span>Junio 2 a Julio 16<\/span><\/strong><strong>&nbsp;de 2021<\/strong><\/p>\n<\/td><\/tr><tr><td class=\"has-text-align-center\" data-align=\"center\">\n<p><span class=\"post-content__span\"> <span>Revisi\u00f3n de resultados por Comit\u00e9 Editorial<\/span><\/p>\n<\/td><td class=\"has-text-align-center\" data-align=\"center\"><strong><span>Julio 29 de 2021<\/span><\/strong><\/td><\/tr><tr><td class=\"has-text-align-center\" data-align=\"center\">\n<p><span class=\"post-content__span\"> <span>Publicaci\u00f3n<\/span><span> <\/span><span>de<\/span><span> <\/span><span>resultados<\/span><span> <\/span><span>finales<\/span><\/p>\n<\/td><td class=\"has-text-align-center\" data-align=\"center\"><strong>Agosto 4 de 2021<\/strong><\/td><\/tr><\/tbody><\/table><\/figure>\n\n\n\n<hr class=\"wp-block-separator has-css-opacity\"\/>\n\n\n\n<h3 class=\"wp-block-heading\"><strong>DOCUMENTOS ANEXOS DE LA CONVOCATORIA<\/strong><\/h3>\n\n\n\n<ul class=\"wp-block-list\">\n<li><a href=\"https:\/\/vicerrectorias.utp.edu.co\/viie\/wp-content\/uploads\/sites\/3\/Acuerdo%20No.%2009%20Convocatria%20Libros%20de%20Ensayo%2C%20Obra%20Literaria%2C%20Libro%20Art%C3%ADsta%2C%20Cr%C3%B3nica%2C%20Reportaje.pdf\"><strong>T\u00c9RMINOS DE REFERENCIA&nbsp;[VER]&nbsp;<\/strong><\/a><\/li>\n\n\n\n<li><a href=\"https:\/\/vicerrectorias.utp.edu.co\/viie\/wp-content\/uploads\/sites\/3\/Anexo%201.%20carta%20de%20intenci%C3%B3n%20conv.%202021%20ensayo%20-%20obra%20literaria.docx\"><strong>DESCARGAR ANEXO 1:&nbsp;<\/strong><\/a>Carta de intenci\u00f3n<\/li>\n\n\n\n<li><a href=\"https:\/\/vicerrectorias.utp.edu.co\/viie\/wp-content\/uploads\/sites\/3\/Anexo%204.%20MANUAL%20LINEAMIENTOS%20PARA%20DIAGRAMACI%C3%93N%288%29.pdf\"><strong>DESCARGAR ANEXO 4:&nbsp;<\/strong><\/a>Manual de lineamientos Editorial UTP<\/li>\n<\/ul>\n\n\n\n<h3 class=\"wp-block-heading\"><span><strong>INFORMACI\u00d3N<\/strong><\/span><\/h3>\n\n\n\n<p><span class=\"post-content__span\"> Vicerrector\u00eda de Investigaciones, Innovaci\u00f3n y Extensi\u00f3n.<\/p>\n\n\n\n<p><span class=\"post-content__span\"> Email:&nbsp;<strong>Investigaciones@utp.edu.co<\/strong><\/p>\n","protected":false},"excerpt":{"rendered":"<p>[Ver] TRABAJOS QUE SER\u00c1N PUBLICADOS POR LA EDITORIAL Fecha de publicaci\u00f3n: 4 de Agosto de 2021 [Ver]&nbsp;TRABAJOS QUE CUMPLIERON CON LOS REQUISITOS M\u00cdNIMOS \u200b\u200b\u200b\u200b\u200b\u200b\u200b\u200bFecha de Publicaci\u00f3n:&nbsp;28&nbsp;de Mayo&nbsp;del 2021. ACUERDO CONSEJO [&#8230;]<\/p>\n","protected":false},"author":0,"featured_media":0,"comment_status":"closed","ping_status":"closed","sticky":false,"template":"","format":"standard","meta":{"footnotes":""},"categories":[1],"tags":[],"class_list":["post-3801","post","type-post","status-publish","format-standard","hentry","category-sin-categoria"],"_links":{"self":[{"href":"https:\/\/vicerrectorias.utp.edu.co\/viie\/wp-json\/wp\/v2\/posts\/3801","targetHints":{"allow":["GET"]}}],"collection":[{"href":"https:\/\/vicerrectorias.utp.edu.co\/viie\/wp-json\/wp\/v2\/posts"}],"about":[{"href":"https:\/\/vicerrectorias.utp.edu.co\/viie\/wp-json\/wp\/v2\/types\/post"}],"replies":[{"embeddable":true,"href":"https:\/\/vicerrectorias.utp.edu.co\/viie\/wp-json\/wp\/v2\/comments?post=3801"}],"version-history":[{"count":2,"href":"https:\/\/vicerrectorias.utp.edu.co\/viie\/wp-json\/wp\/v2\/posts\/3801\/revisions"}],"predecessor-version":[{"id":10992,"href":"https:\/\/vicerrectorias.utp.edu.co\/viie\/wp-json\/wp\/v2\/posts\/3801\/revisions\/10992"}],"wp:attachment":[{"href":"https:\/\/vicerrectorias.utp.edu.co\/viie\/wp-json\/wp\/v2\/media?parent=3801"}],"wp:term":[{"taxonomy":"category","embeddable":true,"href":"https:\/\/vicerrectorias.utp.edu.co\/viie\/wp-json\/wp\/v2\/categories?post=3801"},{"taxonomy":"post_tag","embeddable":true,"href":"https:\/\/vicerrectorias.utp.edu.co\/viie\/wp-json\/wp\/v2\/tags?post=3801"}],"curies":[{"name":"wp","href":"https:\/\/api.w.org\/{rel}","templated":true}]}}