{"id":3771,"date":"2021-08-04T10:20:14","date_gmt":"2023-12-01T14:53:00","guid":{"rendered":""},"modified":"2023-07-31T09:19:26","modified_gmt":"2023-12-01T14:53:00","slug":"publicacion-libros-de-investigacion-ano-2021","status":"publish","type":"post","link":"https:\/\/vicerrectorias.utp.edu.co\/viie\/publicacion-libros-de-investigacion-ano-2021\/","title":{"rendered":"PUBLICACI\u00d3N LIBROS DE INVESTIGACI\u00d3N A\u00d1O 2021"},"content":{"rendered":"\n<ul class=\"wp-block-list\">\n<li><strong style=\"color: revert; font-size: revert;\">RESULTADOS<\/strong> <\/li>\n<\/ul>\n\n\n\n<p><span class=\"post-content__span\"> <a href=\"https:\/\/media2.utp.edu.co\/archivos\/CONVOCATORIA%20Trabajos%20de%20Investigaci%C3%B3n%20a%20Publicar%202021.pdf\"><strong>[Ver] TRABAJOS QUE SER\u00c1N PUBLICADOS POR LA EDITORIAL<\/strong><\/a><\/p>\n\n\n\n<p><span class=\"post-content__span\"> <strong>Fecha de publicaci\u00f3n:&nbsp;<\/strong>4 de Agosto de 2021<\/p>\n\n\n\n<hr class=\"wp-block-separator has-css-opacity\"\/>\n\n\n\n<ul class=\"wp-block-list\">\n<li><strong style=\"color: revert; font-size: revert;\">ADENDA N\u00b01<\/strong><span style=\"color: revert; font-size: revert; font-weight: revert;\">\u00a0<\/span> <\/li>\n<\/ul>\n\n\n\n<p><span class=\"post-content__span\"> <a href=\"https:\/\/media2.utp.edu.co\/archivos\/Acuerdo%20No.%2029%20Mod%20Acuerdo%2011%20CONVOCATORIA%202021%20TRABAJOS%20DE%20INVESTIGACION%281%29.pdf\"><strong>MODIFICACI\u00d3N PUNTOS 1.2 Y 1.5 DE LOS REQUISITOS M\u00cdNIMOS PARA PARTICIPAR (VER)<\/strong><\/a><\/p>\n\n\n\n<p><span class=\"post-content__span\"> <strong>Fecha de publicaci\u00f3n:<\/strong> 2 de Junio de 2021<\/p>\n\n\n\n<hr class=\"wp-block-separator has-css-opacity\"\/>\n\n\n\n<ul class=\"wp-block-list\">\n<li><strong style=\"color: revert; font-size: revert;\">PUBLICACI\u00d3N<\/strong> <\/li>\n<\/ul>\n\n\n\n<p><span class=\"post-content__span\"> <span><a href=\"https:\/\/media2.utp.edu.co\/archivos\/RESULTADOS%20PUBLICACIO%CC%81N%20DE%20LIBROS%20DE%20INVESTIGACIO%CC%81N%202021.pdf\"><strong>[Ver]&nbsp;TRABAJOS QUE CUMPLIERON CON LOS REQUISITOS M\u00cdNIMOS<\/strong><\/a><\/span><\/p>\n\n\n\n<p><span class=\"post-content__span\"> <strong>\u200b\u200b\u200b\u200b\u200b\u200b\u200b\u200bFecha de Publicaci\u00f3n:<\/strong>&nbsp;31&nbsp;de Mayo&nbsp;de&nbsp;2021.<\/p>\n\n\n\n<hr class=\"wp-block-separator has-css-opacity\"\/>\n\n\n\n<p><span class=\"post-content__span\"> <a href=\"https:\/\/vicerrectorias.utp.edu.co\/viie\/wp-content\/uploads\/sites\/3\/Acuerdo%20No.%2011%20Convocatoria%20Libros%20Resultado%20de%20Investigaci%C3%B3n.pdf\"><strong>&nbsp;ACUERDO CONSEJO ACAD\u00c9MICO No. 11<\/strong><\/a><\/p>\n\n\n\n<p><span class=\"post-content__span\"> POR MEDIO DEL CUAL SE APRUEBA LA CONVOCATORIA INTERNA PARA FOMENTAR&nbsp;LA PUBLICACI\u00d3N DE LIBROS RESULTADO DE INVESTIGACI\u00d3N A\u00d1O 2021.<\/p>\n\n\n\n<hr class=\"wp-block-separator has-css-opacity\"\/>\n\n\n\n<h3 class=\"wp-block-heading\"><strong>OBJETIVO:<\/strong><\/h3>\n\n\n\n<p><span class=\"post-content__span\"> Fomentar la producci\u00f3n intelectual de los grupos de investigaci\u00f3n de la Universidad Tecnol\u00f3gica&nbsp;de Pereira, a trav\u00e9s de la publicaci\u00f3n de libros resultado de investigaci\u00f3n.<\/p>\n\n\n\n<h3 class=\"wp-block-heading\"><strong>DIRIGIDO A:<\/strong><\/h3>\n\n\n\n<p><span class=\"post-content__span\"> Grupos de Investigaci\u00f3n inscritos en la Vicerrector\u00eda de Investigaciones, Innovaci\u00f3n y Extensi\u00f3n&nbsp;de la Universidad Tecnol\u00f3gica de Pereira.<\/p>\n\n\n\n<h3 class=\"wp-block-heading\"><strong>1. REQUISITOS M\u00cdNIMOS PARA PARTICIPAR<\/strong><\/h3>\n\n\n\n<p><span class=\"post-content__span\"> 1.1 Podr\u00e1n participar los grupos de Investigaci\u00f3n inscritos en la Vicerrector\u00eda de Investigaciones, Innovaci\u00f3n y Extensi\u00f3n de la Universidad Tecnol\u00f3gica de Pereira.<\/p>\n\n\n\n<p><span class=\"post-content__span\"> 1.2 Uno de los autores de los libros resultado de investigaci\u00f3n postulados, deber\u00e1 pertenecer al grupo de investigacio\u0301n que presenta el trabajo y estar vinculado al proyecto de investigacio\u0301n del cual es resultado el libro.<\/p>\n\n\n\n<p><span class=\"post-content__span\"> 1.3 Los autores de los libros resultado de investigaci\u00f3n deber\u00e1n ser docentes de planta o transitorios<strong>, <\/strong>adscritos la Universidad Tecnol\u00f3gica de Pereira. Se acepta como coautor un docente catedr\u00e1tico o un externo que cumplan los requisitos establecidos en el numeral 2.<\/p>\n\n\n\n<p><span class=\"post-content__span\"> 1.4&nbsp;Se financiar\u00e1 la publicaci\u00f3n de libros resultados de proyectos concluidos o en ejecuci\u00f3n (70% de ejecuci\u00f3n como m\u00ednimo) con o sin financiaci\u00f3n inscritos en la Vicerrector\u00eda de Investigaciones, Innovaci\u00f3n y Extensi\u00f3n. Solo se aceptar\u00e1n los resultados de proyectos con financiaci\u00f3n que no contaban con recursos para publicaciones durante la ejecuci\u00f3n del proyecto.<\/p>\n\n\n\n<p><span class=\"post-content__span\"> 1.5&nbsp;Los autores de los trabajos de investigaci\u00f3n que se postulen a la presente convocatoria deber\u00e1n encontrarse a paz y salvo en la Vicerrector\u00eda de Investigaciones, Innovaci\u00f3n y Extensi\u00f3n por todo concepto a la fecha de cierre de la convocatoria. En caso de no encontrase a paz y salvo se les permitir\u00e1 subsanar la situaci\u00f3n.<\/p>\n\n\n\n<p><span class=\"post-content__span\"> 1.6&nbsp;Se aceptar\u00e1n proyectos que hayan concluido entre el a\u00f1o 2016 y 2020 adem\u00e1s de los proyectos que se encuentren actualmente con un porcentaje de ejecuci\u00f3n del 70% como m\u00ednimo.<\/p>\n\n\n\n<p><span class=\"post-content__span\"> 1.7&nbsp;Se podr\u00e1n presentar hasta dos postulaciones por grupo de investigaci\u00f3n para financiar la publicaci\u00f3n en forma impresa o digital de libros resultados de investigaci\u00f3n hasta por valor m\u00e1ximo de $6.000.000. Los libros que excedan el valor m\u00e1ximo de $ 6.000.000 se publicar\u00e1n en forma digital. Se priorizar\u00e1 la publicaci\u00f3n de un trabajo de investigaci\u00f3n por grupo y de contar con recursos se asignar\u00e1n en orden descendente por el promedio de las evaluaciones externas de mayor a menor.<\/p>\n\n\n\n<p><span class=\"post-content__span\"> 1.8&nbsp;Los autores s\u00f3lo podr\u00e1n participar en una de las convocatorias orientadas a la publicaci\u00f3n de libros (Investigaci\u00f3n, Ensayo o Texto).<\/p>\n\n\n\n<p><span class=\"post-content__span\"> 1.9&nbsp;Para la participaci\u00f3n en esta convocatoria se deben radicar a trav\u00e9s del correo electr\u00f3nico <a href=\"mailto:lazos@utp.edu.co\">lazos@utp.edu.co <\/a>dirigido a la Vicerrector\u00eda de Investigaciones, Innovaci\u00f3n y Extensi\u00f3n, con Asunto: CONVOCATORIA PARA FOMENTAR LA PUBLICACI\u00d3N DE LIBRO RESULTADO DE INVESTIGACI\u00d3N A\u00d1O 2021, los siguientes documentos:<\/p>\n\n\n\n<ul class=\"wp-block-list\">\n<li>Carta de intenci\u00f3n <a href=\"https:\/\/vicerrectorias.utp.edu.co\/viie\/wp-content\/uploads\/sites\/3\/Anexo%201.%20carta%20de%20intenci%C3%B3n%20convocatoria%202021%20Investigaci%C3%B3n.docx\"><strong>(Anexo 1) <\/strong><\/a>para la participaci\u00f3n en la convocatoria donde se establezca que el trabajo corresponde a la l\u00ednea editorial Resultado de Investigaci\u00f3n, se debe indicar el c\u00f3digo y nombre del proyecto del cual fue resultado el libro que se postular\u00e1. Debe estar firmada por el autor del libro y el Director del grupo de investigaci\u00f3n que presenta el trabajo.<\/li>\n\n\n\n<li>Documento en archivo digital del libro a publicar. El documento debe ser in\u00e9dito y cumplir con los requisitos establecidos en el Manual de Lineamientos de la Editorial UTP <a href=\"https:\/\/vicerrectorias.utp.edu.co\/viie\/wp-content\/uploads\/sites\/3\/Anexo%204.%20MANUAL%20LINEAMIENTOS%20PARA%20DIAGRAMACI%C3%93N%284%29.pdf\"><strong>(Anexo 4).<\/strong><\/a><\/li>\n\n\n\n<li>Carta de Aval del Consejo de Facultad respectivo para la publicaci\u00f3n del libro y la evaluaci\u00f3n interna realizada.<\/li>\n<\/ul>\n\n\n\n<p><span class=\"post-content__span\"> <strong>NOTA 1: <\/strong>No se aceptar\u00e1n memorandos enviados por el aplicativo de Gesti\u00f3n de Documentos. El \u00fanico medio de entrega de la informaci\u00f3n para participar en la presente convocatoria es por medio de la Oficina de Gesti\u00f3n de Documentos a trav\u00e9s del correo electr\u00f3nico <a href=\"mailto:lazos@utp.edu.co\">lazos@utp.edu.co<\/a>&nbsp;<\/p>\n\n\n\n<h3 class=\"wp-block-heading\"><strong>CRONOGRAMA:<\/strong><\/h3>\n\n\n\n<figure class=\"wp-block-table is-style-stripes\"><table class=\"has-fixed-layout\"><thead><tr><th class=\"has-text-align-center\" data-align=\"center\"><strong>ACTIVIDAD<\/strong><\/th><th class=\"has-text-align-center\" data-align=\"center\"><strong>FECHA<\/strong><\/th><\/tr><\/thead><tbody><tr><td class=\"has-text-align-center\" data-align=\"center\">\n<p><span class=\"post-content__span\"> Aprobaci\u00f3n de criterios de la convocatoria por el Comit\u00e9 Editorial<\/p>\n<\/td><td class=\"has-text-align-center\" data-align=\"center\">\n<p><span class=\"post-content__span\"> <strong>Febrero 11 de 2021<\/strong><\/p>\n<\/td><\/tr><tr><td class=\"has-text-align-center\" data-align=\"center\">\n<p><span class=\"post-content__span\"> Aprobaci\u00f3n de criterios de la convocatoria por el Consejo Acad\u00e9mico<\/p>\n<\/td><td class=\"has-text-align-center\" data-align=\"center\">\n<p><span class=\"post-content__span\"> <strong>Febrero 17&nbsp;de 2021<\/strong><\/p>\n<\/td><\/tr><tr><td class=\"has-text-align-center\" data-align=\"center\">\n<p><span class=\"post-content__span\"> Apertura de la Convocatoria<\/p>\n<\/td><td class=\"has-text-align-center\" data-align=\"center\">\n<p><span class=\"post-content__span\"> <strong>Febrero 26&nbsp;de 2021<\/strong><\/p>\n<\/td><\/tr><tr><td class=\"has-text-align-center\" data-align=\"center\">\n<p><span class=\"post-content__span\"> Fecha hasta la que se recibir\u00e1n trabajos con el aval del consejo de facultad y la evaluaci\u00f3n interna&nbsp;<\/p>\n<\/td><td class=\"has-text-align-center\" data-align=\"center\">\n<p><span class=\"post-content__span\"> <strong>Mayo 14 de 2021<\/strong><\/p>\n<\/td><\/tr><tr><td class=\"has-text-align-center\" data-align=\"center\">\n<p><span class=\"post-content__span\"> Publicaci\u00f3n de resultados de los trabajos&nbsp; que cumplieron con los requisitos m\u00ednimos<\/p>\n<\/td><td class=\"has-text-align-center\" data-align=\"center\">\n<p><span class=\"post-content__span\"> <strong>Mayo 28 de 2021<\/strong><\/p>\n<\/td><\/tr><tr><td class=\"has-text-align-center\" data-align=\"center\">\n<p><span class=\"post-content__span\"> Consultas y aclaraci\u00f3n de inquietudes sobre resultados publicados de los trabajos&nbsp; que cumplieron con los requisitos m\u00ednimos \u2013 enviar solicitud al correo electr\u00f3nico (luismvargas@utp.edu.co)<\/p>\n<\/td><td class=\"has-text-align-center\" data-align=\"center\">\n<p><span class=\"post-content__span\"> <strong>Junio 1 y 2 de 2021<\/strong><\/p>\n<\/td><\/tr><tr><td class=\"has-text-align-center\" data-align=\"center\">\n<p><span class=\"post-content__span\"> Tiempo para la evaluaci\u00f3n de pares externos<\/p>\n<\/td><td class=\"has-text-align-center\" data-align=\"center\">\n<p><span class=\"post-content__span\"> <strong>Junio 2&nbsp;a Julio 16 de 2021<\/strong><\/p>\n<\/td><\/tr><tr><td class=\"has-text-align-center\" data-align=\"center\">\n<p><span class=\"post-content__span\"> Revisi\u00f3n de resultados por Comit\u00e9 Editorial<\/p>\n<\/td><td class=\"has-text-align-center\" data-align=\"center\">\n<p><span class=\"post-content__span\"> <strong>Julio 29 de 2021<\/strong><\/p>\n<\/td><\/tr><tr><td class=\"has-text-align-center\" data-align=\"center\">\n<p><span class=\"post-content__span\"> Publicaci\u00f3n de resultados finales<\/p>\n<\/td><td class=\"has-text-align-center\" data-align=\"center\">\n<p><span class=\"post-content__span\"> <strong>Agosto 4&nbsp;de 2021<\/strong><\/p>\n<\/td><\/tr><\/tbody><\/table><\/figure>\n\n\n\n<h3 class=\"wp-block-heading\"><strong>DOCUMENTOS ANEXOS<\/strong><\/h3>\n\n\n\n<ul class=\"wp-block-list\">\n<li><a href=\"https:\/\/vicerrectorias.utp.edu.co\/viie\/wp-content\/uploads\/sites\/3\/CONVOCATORIA%20TRABAJOS%20DE%20INVESTIGACION%202021.docx\"><strong>T\u00c9RMINOS DE REFERENCIA&nbsp;[VER]&nbsp;<\/strong><\/a><\/li>\n\n\n\n<li><a href=\"https:\/\/vicerrectorias.utp.edu.co\/viie\/wp-content\/uploads\/sites\/3\/Anexo%201.%20carta%20de%20intenci%C3%B3n%20convocatoria%202021%20Investigaci%C3%B3n%281%29.docx\"><strong>DESCARGAR ANEXO 1:<\/strong><\/a><strong><a href=\"https:\/\/vicerrectorias.utp.edu.co\/viie\/wp-content\/uploads\/sites\/3\/Anexo%201.%20carta%20de%20intenci%C3%B3n%20convocatoria%202020%20T.acad%C3%A9micos.docx\">&nbsp;<\/a><\/strong>Carta de intenci\u00f3n<\/li>\n\n\n\n<li><a href=\"https:\/\/vicerrectorias.utp.edu.co\/viie\/wp-content\/uploads\/sites\/3\/Anexo%204.%20MANUAL%20LINEAMIENTOS%20PARA%20DIAGRAMACI%C3%93N%286%29.pdf\"><strong>DESCARGAR ANEXO 4:&nbsp;<\/strong><\/a>. Manual de Lineamientos de la Editorial UTP&nbsp;<\/li>\n<\/ul>\n\n\n\n<h3 class=\"wp-block-heading\"><span><strong>INFORMACI\u00d3N<\/strong><\/span><\/h3>\n\n\n\n<p><span class=\"post-content__span\"> Vicerrector\u00eda de Investigaciones, Innovaci\u00f3n y Extensi\u00f3n.<\/p>\n\n\n\n<p><span class=\"post-content__span\"> Email:\u00a0<a href=\"http:\/\/Investigaciones@utp.edu.co\"><strong>Investigaciones@utp.edu.co<\/strong><\/a><\/p>\n","protected":false},"excerpt":{"rendered":"<p>[Ver] TRABAJOS QUE SER\u00c1N PUBLICADOS POR LA EDITORIAL Fecha de publicaci\u00f3n:&nbsp;4 de Agosto de 2021 MODIFICACI\u00d3N PUNTOS 1.2 Y 1.5 DE LOS REQUISITOS M\u00cdNIMOS PARA PARTICIPAR (VER) Fecha de publicaci\u00f3n: [&#8230;]<\/p>\n","protected":false},"author":0,"featured_media":0,"comment_status":"closed","ping_status":"closed","sticky":false,"template":"","format":"standard","meta":{"footnotes":""},"categories":[7],"tags":[],"class_list":["post-3771","post","type-post","status-publish","format-standard","hentry","category-convocatorias"],"_links":{"self":[{"href":"https:\/\/vicerrectorias.utp.edu.co\/viie\/wp-json\/wp\/v2\/posts\/3771","targetHints":{"allow":["GET"]}}],"collection":[{"href":"https:\/\/vicerrectorias.utp.edu.co\/viie\/wp-json\/wp\/v2\/posts"}],"about":[{"href":"https:\/\/vicerrectorias.utp.edu.co\/viie\/wp-json\/wp\/v2\/types\/post"}],"replies":[{"embeddable":true,"href":"https:\/\/vicerrectorias.utp.edu.co\/viie\/wp-json\/wp\/v2\/comments?post=3771"}],"version-history":[{"count":2,"href":"https:\/\/vicerrectorias.utp.edu.co\/viie\/wp-json\/wp\/v2\/posts\/3771\/revisions"}],"predecessor-version":[{"id":10995,"href":"https:\/\/vicerrectorias.utp.edu.co\/viie\/wp-json\/wp\/v2\/posts\/3771\/revisions\/10995"}],"wp:attachment":[{"href":"https:\/\/vicerrectorias.utp.edu.co\/viie\/wp-json\/wp\/v2\/media?parent=3771"}],"wp:term":[{"taxonomy":"category","embeddable":true,"href":"https:\/\/vicerrectorias.utp.edu.co\/viie\/wp-json\/wp\/v2\/categories?post=3771"},{"taxonomy":"post_tag","embeddable":true,"href":"https:\/\/vicerrectorias.utp.edu.co\/viie\/wp-json\/wp\/v2\/tags?post=3771"}],"curies":[{"name":"wp","href":"https:\/\/api.w.org\/{rel}","templated":true}]}}