{"id":3711,"date":"2021-02-10T11:38:06","date_gmt":"2023-12-01T14:53:00","guid":{"rendered":""},"modified":"2023-07-19T06:45:00","modified_gmt":"2023-12-01T14:53:00","slug":"convocatoria-pi-e-para-emprendedores","status":"publish","type":"post","link":"https:\/\/vicerrectorias.utp.edu.co\/viie\/convocatoria-pi-e-para-emprendedores\/","title":{"rendered":"CONVOCATORIA PI-e PARA EMPRENDEDORES"},"content":{"rendered":"\n<h4 class=\"wp-block-heading\"><span><strong>Convocatoria Programa&nbsp;<\/strong><\/span><\/h4>\n\n\n\n<h4 class=\"wp-block-heading\"><span><strong>&nbsp;\u201cPI-e Propiedad Industrial para Emprendedores\u201d 2021 (SENA SBDC + UTP + SIC)<\/strong><\/span><\/h4>\n\n\n\n<p><span class=\"post-content__span\"> La Vicerrector\u00eda de Investigaciones, Innovaci\u00f3n y Extensi\u00f3n y el Centro de Innovaci\u00f3n y Desarrollo Tecnol\u00f3gico &#8211; CIDT &#8211; de la Universidad Tecnol\u00f3gica de Pereira; en alianza con el CATI &#8211; Eje Cafetero, el Centro de Desarrollo Empresarial SENA SBDC &#8211; Regional Risaralda y la Secretar\u00eda de Desarrollo Econ\u00f3mico y Competitividad de Dosquebradas; invitan a los emprendedores de la Ruta de emprendimiento Barranqueros &#8211; UTP a participar en el programa de Propiedad Industrial para Emprendedores PI-e, cumpliendo los siguientes t\u00e9rminos:<\/p>\n\n\n\n<h3 class=\"wp-block-heading\"><strong>OBJETIVO<\/strong><\/h3>\n\n\n\n<p><span class=\"post-content__span\"> Acercar a los emprendedores que no tienen conocimiento sobre Propiedad Industrial a identificar sus activos intangibles que puedan ser susceptibles de protecci\u00f3n por medio de la Propiedad Industrial.<\/p>\n\n\n\n<h3 class=\"wp-block-heading\"><strong>REQUISITOS<\/strong><\/h3>\n\n\n\n<ul class=\"wp-block-list\">\n<li>Emprendimientos en etapa de estructuraci\u00f3n de modelo o plan de negocio con productos o servicios claramente definidos.<\/li>\n\n\n\n<li>El emprendedor debe estar vinculado y activo al programa, unidad o ruta de emprendimiento de la instituci\u00f3n que solicita la realizaci\u00f3n del PI-e.<\/li>\n\n\n\n<li>Cada emprendedor debe comprometerse en participar en la totalidad del programa.<\/li>\n\n\n\n<li>Los emprendedores deben tener domicilio en Colombia.<\/li>\n\n\n\n<li>No podr\u00e1n participar ni ser beneficiarios del Programa PI-e las fundaciones, asociaciones o dem\u00e1s entidades sin \u00e1nimo de lucro.<\/li>\n<\/ul>\n\n\n\n<h3 class=\"wp-block-heading\"><strong>FINANCIAMIENTO<\/strong><\/h3>\n\n\n\n<p><span class=\"post-content__span\"> El programa es 100% gratuito. Los emprendimientos que culminen cada una de las fases del programa recibir\u00e1n un 93% de descuento en el registro de marcas y dise\u00f1os industriales ante la SIC.&nbsp;<\/p>\n\n\n\n<h3 class=\"wp-block-heading\"><strong>FASES DEL PROGRAMA<\/strong><\/h3>\n\n\n\n<ol class=\"wp-block-list\">\n<li><strong style=\"font-size: revert; color: initial;\">Inscripci\u00f3n<\/strong><span style=\"font-size: revert; color: initial;\">: Los emprendedores seleccionados (m\u00e1ximo 50) por la instituci\u00f3n interesada (en este caso alianza) en realizar el PI- e deber\u00e1n inscribirse en link suministrado por la SIC.<\/span> <\/li>\n\n\n\n<li><strong style=\"font-size: revert; color: initial;\">Charla informativa<\/strong><span style=\"font-size: revert; color: initial;\">: Consiste en informar sobre el programa, sus beneficios y compromisos, tambi\u00e9n se realiza una charla introductoria a conceptos generales de propiedad industrial (marcas, dise\u00f1os industriales y patentes). La presentaci\u00f3n es grupal y tiene una duraci\u00f3n de dos horas y media.<\/span> <\/li>\n\n\n\n<li><strong style=\"font-size: revert; color: initial;\">Diagn\u00f3stico<\/strong><span style=\"font-size: revert; color: initial;\">: El objetivo es conocer cada uno de los emprendimientos e identificar el tipo de protecci\u00f3n que podr\u00edan tener los productos o servicios de los emprendedores con la propiedad industrial. El diagn\u00f3stico se realiza individualmente y tiene una duraci\u00f3n de 30 minutos por emprendimiento.<\/span> <\/li>\n\n\n\n<li><strong style=\"font-size: revert; color: initial;\">Sensibilizaci\u00f3n<\/strong><span style=\"font-size: revert; color: initial;\">: Consiste en dar a conocer la importancia que tiene proteger las invenciones, los dise\u00f1os o las marcas, las ventajas competitivas, casos de \u00e9xito, para qu\u00e9 les sirve la protecci\u00f3n y motivar a los emprendedores para que piensen en c\u00f3mo generar valor agregado a sus productos o servicios a trav\u00e9s de la propiedad industrial. La sensibilizaci\u00f3n es grupal y se realiza en tres sesiones, marcas, dise\u00f1os industriales y patentes, cada una de dos (2) horas.<\/span> <\/li>\n\n\n\n<li><strong style=\"font-size: revert; color: initial;\">Orientaci\u00f3n<\/strong><span style=\"font-size: revert; color: initial;\">: Cada uno de los emprendedores recibir\u00e1 orientaci\u00f3n personalizada por cada modalidad de protecci\u00f3n identificada y de inter\u00e9s para el emprendedor (marcas, dise\u00f1os industriales y patentes). La orientaci\u00f3n se realiza por sesiones de 40 minutos, tres (3) para marcas, dos (2) para dise\u00f1os industriales y cinco (5) para patentes.<\/span> <\/li>\n<\/ol>\n\n\n\n<h3 class=\"wp-block-heading\"><strong>CRONOGRAMA<\/strong><\/h3>\n\n\n<div class=\"wp-block-image\">\n<figure class=\"aligncenter\"><img decoding=\"async\" src=\"https:\/\/vicerrectorias.utp.edu.co\/viie\/wp-content\/uploads\/sites\/3\/cronograma%20PI-e.jpg\" alt=\"\"\/><\/figure>\n<\/div>\n\n\n<h3 class=\"wp-block-heading\"><strong>INSCRIPCI\u00d3N INTERNA <\/strong><\/h3>\n\n\n\n<p><span class=\"post-content__span\"> <span><strong>(solo para emprendedores de la ruta de emprendimiento Barranqueros &#8211; UTP )<\/strong><\/span><\/p>\n\n\n\n<p><span class=\"post-content__span\"> La participaci\u00f3n en el programa es gratuita, pero solo podr\u00e1n ser beneficiados&nbsp;<strong>15&nbsp;emprendimientos<\/strong>&nbsp;que se encuentren activos en la ruta Barranqueros UTP.<\/p>\n\n\n\n<p><span class=\"post-content__span\"> Si usted se encuentra interesado debe realizar un pre &#8211; registro <a href=\"https:\/\/forms.gle\/T6bdB2HK8nLWL7zy6\" target=\"_blank\" rel=\"noopener noreferrer\"><strong>[VER]<\/strong><\/a>, con <strong>plazo m\u00e1ximo hasta el<\/strong> <strong>jueves 18 de febrero<\/strong>, para participar en el proceso de selecci\u00f3n interno, <strong>el 19 de febrero<\/strong> se informar\u00e1 a los 15 seleccionados para que diligencien el formulario de registro ante la SIC.<\/p>\n\n\n\n<p><span class=\"post-content__span\"> <strong>NOTA<\/strong>: Los emprendedores que anteriormente hayan participado del programa Pi-e, no podr\u00e1n repetir.<\/p>\n\n\n\n<h3 class=\"wp-block-heading\"><strong>DOCUMENTOS ANEXOS DE LA CONVOCATORIA<\/strong><\/h3>\n\n\n\n<p><span class=\"post-content__span\"> T\u00e9rminos y condiciones <strong><a href=\"https:\/\/drive.google.com\/file\/d\/1r_HQ5AslCjGeUUVO6a0LVeUaCzTdoqxW\/view?usp=sharing\" target=\"_blank\" rel=\"noopener noreferrer\">[VER]<\/a><\/strong><\/p>\n\n\n\n<p><span class=\"post-content__span\"> Infograf\u00eda <strong><a href=\"https:\/\/drive.google.com\/file\/d\/1mfxBnqWTOQ-JPlEuLM1-FSTnzC55iAIJ\/view?usp=sharing\" target=\"_blank\" rel=\"noopener noreferrer\">[VER]<\/a><\/strong><\/p>\n\n\n\n<h3 class=\"wp-block-heading\"><strong>MAYOR INFORMACI\u00d3N<\/strong><\/h3>\n\n\n\n<p><span class=\"post-content__span\"> Para mayor informaci\u00f3n se podr\u00e1 contactar al correo electr\u00f3nico:<\/p>\n\n\n\n<p><span class=\"post-content__span\"> <strong>geraltorov@utp.edu.co<\/strong><\/p>\n","protected":false},"excerpt":{"rendered":"<p>Convocatoria Programa&nbsp; &nbsp;\u201cPI-e Propiedad Industrial para Emprendedores\u201d 2021 (SENA SBDC + UTP + SIC) La Vicerrector\u00eda de Investigaciones, Innovaci\u00f3n y Extensi\u00f3n y el Centro de Innovaci\u00f3n y Desarrollo Tecnol\u00f3gico &#8211; [&#8230;]<\/p>\n","protected":false},"author":0,"featured_media":10265,"comment_status":"closed","ping_status":"closed","sticky":false,"template":"","format":"standard","meta":{"footnotes":""},"categories":[7],"tags":[],"class_list":["post-3711","post","type-post","status-publish","format-standard","has-post-thumbnail","hentry","category-convocatorias"],"_links":{"self":[{"href":"https:\/\/vicerrectorias.utp.edu.co\/viie\/wp-json\/wp\/v2\/posts\/3711","targetHints":{"allow":["GET"]}}],"collection":[{"href":"https:\/\/vicerrectorias.utp.edu.co\/viie\/wp-json\/wp\/v2\/posts"}],"about":[{"href":"https:\/\/vicerrectorias.utp.edu.co\/viie\/wp-json\/wp\/v2\/types\/post"}],"replies":[{"embeddable":true,"href":"https:\/\/vicerrectorias.utp.edu.co\/viie\/wp-json\/wp\/v2\/comments?post=3711"}],"version-history":[{"count":2,"href":"https:\/\/vicerrectorias.utp.edu.co\/viie\/wp-json\/wp\/v2\/posts\/3711\/revisions"}],"predecessor-version":[{"id":10696,"href":"https:\/\/vicerrectorias.utp.edu.co\/viie\/wp-json\/wp\/v2\/posts\/3711\/revisions\/10696"}],"wp:featuredmedia":[{"embeddable":true,"href":"https:\/\/vicerrectorias.utp.edu.co\/viie\/wp-json\/wp\/v2\/media\/10265"}],"wp:attachment":[{"href":"https:\/\/vicerrectorias.utp.edu.co\/viie\/wp-json\/wp\/v2\/media?parent=3711"}],"wp:term":[{"taxonomy":"category","embeddable":true,"href":"https:\/\/vicerrectorias.utp.edu.co\/viie\/wp-json\/wp\/v2\/categories?post=3711"},{"taxonomy":"post_tag","embeddable":true,"href":"https:\/\/vicerrectorias.utp.edu.co\/viie\/wp-json\/wp\/v2\/tags?post=3711"}],"curies":[{"name":"wp","href":"https:\/\/api.w.org\/{rel}","templated":true}]}}