{"id":3701,"date":"2021-02-16T17:17:47","date_gmt":"2023-12-01T14:53:00","guid":{"rendered":""},"modified":"2023-07-17T11:04:57","modified_gmt":"2023-12-01T14:53:00","slug":"convocatoria-estudiantes-programa-delfin-2021","status":"publish","type":"post","link":"https:\/\/vicerrectorias.utp.edu.co\/viie\/convocatoria-estudiantes-programa-delfin-2021\/","title":{"rendered":"CONVOCATORIA ESTUDIANTES PROGRAMA DELF\u00cdN 2021"},"content":{"rendered":"<div class=\"wp-block-image\">\n<figure class=\"aligncenter\"><img decoding=\"async\" src=\"https:\/\/vicerrectorias.utp.edu.co\/viie\/wp-content\/uploads\/sites\/3\/Delf%C3%ADn%20v2%281%29.png\" alt=\"\"\/><\/figure>\n<\/div>\n\n\n<p><span class=\"post-content__span\"> La Universidad Tecnol\u00f3gica de Pereira a trav\u00e9s de la Vicerrector\u00eda de Investigaciones, Innovaci\u00f3n y&nbsp;Extensi\u00f3n y El Programa Interinstitucional para el Fortalecimiento de la Investigaci\u00f3n y el Posgrado&nbsp;del Pac\u00edfico PROGRAMA DELF\u00cdN, convocan:<\/p>\n\n\n\n<p><span class=\"post-content__span\"> A estudiantes de nivel pregrado y maestr\u00eda de todas las \u00e1reas del conocimiento de la&nbsp;Instituci\u00f3n, a participar del <strong>XXVI VERANO DE LA INVESTIGACI\u00d3N CIENT\u00cdFICA Y TECNOL\u00d3GICA DEL&nbsp;PAC\u00cdFICO 2021.<\/strong> En este Programa de movilidad estudiantil, participan j\u00f3venes con talento y&nbsp;vocaci\u00f3n por la ciencia, la tecnolog\u00eda y la innovaci\u00f3n, que, con la experiencia personal y acad\u00e9mica adquirida, deciden integrar la investigaci\u00f3n en sus estudios y formar parte de programas de&nbsp;posgrado en el pa\u00eds y el extranjero.<\/p>\n\n\n\n<p><span class=\"post-content__span\"> <strong>OBJETIVOS:<\/strong> Fomentar la formaci\u00f3n de capital intelectual de alto nivel acad\u00e9mico, que en el futuro&nbsp;inmediato contribuyan en el desarrollo regional, nacional e internacional.<\/p>\n\n\n\n<p><span class=\"post-content__span\"> <strong>DESARROLLO ESTANCIA:<\/strong> Experiencia de 7 semanas integr\u00e1ndose a proyectos de investigaci\u00f3n y&nbsp;desarrollo tecnol\u00f3gico en M\u00e9xico, Costa Rica, Per\u00fa y Colombia en modalidad virtual, en&nbsp;acompa\u00f1amiento de reconocidos investigadores. Este programa culmina con la realizaci\u00f3n de un Congreso Internacional.<\/p>\n\n\n\n<p><span class=\"post-content__span\"> <strong>BASES DE PARTICIPACI\u00d3N:<\/strong><\/p>\n\n\n\n<ul class=\"wp-block-list\">\n<li>Estudiantes de nivel pregrado o maestr\u00eda con un promedio m\u00ednimo general de 3,8.<\/li>\n\n\n\n<li>Estudiantes de pregrado que cursen al menos el cuarto semestre y estudiantes de maestr\u00eda que cursen al menos segundo semestre.<\/li>\n\n\n\n<li><span>La inscripci\u00f3n no tiene ning\u00fan costo.<\/span><\/li>\n\n\n\n<li><span>No es requisito para inscribirse haber realizado o encontrarse realizando un trabajo de investigaci\u00f3n.<\/span><\/li>\n\n\n\n<li>Certificado de estudio con promedio general acumulado y Certificado de notas de \u00faltimo semestre <a href=\"https:\/\/vicerrectorias.utp.edu.co\/viie\/wp-content\/uploads\/sites\/3\/CERTIFICADO%20NOTAS%20PROMEDIO.pdf\">(<strong>Ver procedimiento).<\/strong><\/a><\/li>\n\n\n\n<li>Carta de recomendaci\u00f3n personalizada expedida por un docente&nbsp;<strong><a href=\"https:\/\/vicerrectorias.utp.edu.co\/viie\/wp-content\/uploads\/sites\/3\/CARTA.RECOMENDACION.DOCENTE.docx\">(Ver Archivo).<\/a><\/strong><\/li>\n\n\n\n<li>Carta de exposici\u00f3n de motivos&nbsp;<strong><a href=\"https:\/\/vicerrectorias.utp.edu.co\/viie\/wp-content\/uploads\/sites\/3\/Carta%20exposici%C3%B3n%20de%20motivos.docx\">(Ver Archivo)<\/a><\/strong>.<\/li>\n<\/ul>\n\n\n\n<h3 class=\"wp-block-heading\"><strong>PASOS PARA CUMPLIR REQUISITOS<\/strong><\/h3>\n\n\n\n<p><span class=\"post-content__span\"> <span>Ver detalles de la convocatoria en el anexo<\/span><em><span>:<\/span> <\/em><a href=\"https:\/\/vicerrectorias.utp.edu.co\/viie\/wp-content\/uploads\/sites\/3\/CONVOCATORIA.XXVI.VERANO.2021..pdf\"><span>Convocatoria XXVI verano 2021<\/span><\/a><\/p>\n\n\n\n<ol class=\"wp-block-list\">\n<li>Ingresar a la p\u00e1gina DELF\u00cdN &nbsp;<a href=\"https:\/\/www.programadelfin.org.mx\/\">https:\/\/www.programadelfin.org.mx<\/a> y hacer el pre-registro en la secci\u00f3n \u201cEstudiantes\u201d. (<strong>A partir del 15 de febrero)<\/strong><\/li>\n\n\n\n<li>Terminar el registro, seleccionar el investigador y esperar su aceptaci\u00f3n.<\/li>\n\n\n\n<li>Recibir la carta de aceptaci\u00f3n del investigador y completar la informaci\u00f3n de registro.<\/li>\n\n\n\n<li>Descargar la solicitud en formato oficial, colocar fotograf\u00eda y firmarla.<\/li>\n\n\n\n<li>Reunir los siguientes documentos en formato PDF:<\/li>\n<\/ol>\n\n\n\n<ul class=\"wp-block-list\">\n<li>Carta de aceptaci\u00f3n del investigador.<\/li>\n\n\n\n<li>Solicitud en formato oficial.<\/li>\n\n\n\n<li>Certificado de estudio con promedio general acumulado y certificado de notas del semestre anterior. (En un s\u00f3lo documento)<\/li>\n\n\n\n<li>Carta de recomendaci\u00f3n de un docente de planta o tansitorio.<\/li>\n\n\n\n<li>Carta exponiendo deseos de participar en el programa.<\/li>\n\n\n\n<li>Copia afiliaci\u00f3n seguro m\u00e9dico (EPS)<\/li>\n\n\n\n<li>Copia del documento de identidad.<\/li>\n<\/ul>\n\n\n\n<p><span class=\"post-content__span\"> &nbsp; &nbsp; &nbsp; &nbsp;f. Ingresar al siguiente link, diligenciar el formulario y adjuntar los documentos anteriormente mencionados:&nbsp; &nbsp; &nbsp; &nbsp; &nbsp;&nbsp;&nbsp; &nbsp;&nbsp;&nbsp; &nbsp;&nbsp;<a href=\"https:\/\/forms.gle\/xSArUoHbz7Wfd9uaA\">https:\/\/forms.gle\/xSArUoHbz7Wfd9uaA<\/a><\/p>\n\n\n\n<p><span class=\"post-content__span\"> <strong>Lineamientos Generales:<\/strong><\/p>\n\n\n\n<ol class=\"wp-block-list\">\n<li>Los investigadores podr\u00e1n ser elegidos del directorio de investigadores del Programa Delf\u00edn, en la&nbsp;p\u00e1gina&nbsp;&nbsp;<a href=\"https:\/\/www.programadelfin.org.mx\/\">https:\/\/www.programadelfin.org.mx<\/a><\/li>\n\n\n\n<li>Las solicitudes son evaluadas por investigadores, quienes emiten el resultado, el cual se entrega a las Instituciones participantes.<\/li>\n\n\n\n<li>La asiganaci\u00f3n es inapelable.<\/li>\n<\/ol>\n\n\n\n<p><span class=\"post-content__span\"> <strong>Importante:<\/strong> El estudiante deber\u00e1 confirmar su participaci\u00f3n via correo electr\u00f3nico, en un lapso de 2 d\u00edas h\u00e1biles a partir de la publicaci\u00f3n de resultados, al investigador y al Consejero T\u00e9cnico.<\/p>\n\n\n\n<ul class=\"wp-block-list\">\n<li><strong>&nbsp;Registro y Recepci\u00f3n de expedientes<\/strong>: &nbsp;Desde el 15 de febrero &#8211; hasta el 05 de marzo de 2021<\/li>\n\n\n\n<li>&nbsp;<strong>Resultados: &nbsp;<\/strong>A partir del 10 de mayo de 2021 por medio del correo electr\u00f3nico registrado.<\/li>\n\n\n\n<li>&nbsp;<strong>Estancia: <\/strong>&nbsp;Del 14 de junio al 30 de julio&nbsp;de 2021.<\/li>\n\n\n\n<li><strong>&nbsp;Congreso Internacional: <\/strong>Del 25 al 28 de agosto de 2021.<\/li>\n<\/ul>\n\n\n\n<p><span class=\"post-content__span\"> <strong>Para mayor informaci\u00f3n:&nbsp;<\/strong><\/p>\n\n\n\n<p><span class=\"post-content__span\"> <span><strong>JHON JAMES OCHOA S\u00c1NCHEZ<\/strong><\/span><br>\nConsejero T\u00e9cnico Programa DELF\u00cdN<br>\nP\u00e1gina Programa Delf\u00edn:&nbsp;<a href=\"https:\/\/www.programadelfin.org.mx\/\">https:\/\/www.programadelfin.org.mx\/<\/a>&nbsp; &nbsp; &nbsp; &nbsp; &nbsp; &nbsp;<br>\n<a href=\"mailto:comitedebioetica@utp.edu.co\" target=\"_blank\" rel=\"noopener noreferrer\">investigaciones@utp.edu.co<\/a><span>&nbsp;<span>cel:<\/span><\/span>3214312988<\/p>\n\n\n\n<p><span class=\"post-content__span\"> <span>Facebook: @programa.interinstitucional.delfin<\/span><\/p>\n\n\n\n<h3 class=\"wp-block-heading\"><strong>ANEXOS: <\/strong><\/h3>\n\n\n\n<ol class=\"wp-block-list\">\n<li><a href=\"https:\/\/vicerrectorias.utp.edu.co\/viie\/wp-content\/uploads\/sites\/3\/CONVOCATORIA.XXVI.VERANO.2021.%281%29.pdf\"><strong>Convocatoria XXVI Verano 2021<\/strong><\/a><\/li>\n\n\n\n<li><a href=\"https:\/\/vicerrectorias.utp.edu.co\/viie\/wp-content\/uploads\/sites\/3\/XXVIVeranoInvestigaci%C3%B3nDELFIN.pdf\"><strong>Flyer Convocatoria<\/strong><\/a><\/li>\n<\/ol>\n","protected":false},"excerpt":{"rendered":"<p>La Universidad Tecnol\u00f3gica de Pereira a trav\u00e9s de la Vicerrector\u00eda de Investigaciones, Innovaci\u00f3n y&nbsp;Extensi\u00f3n y El Programa Interinstitucional para el Fortalecimiento de la Investigaci\u00f3n y el Posgrado&nbsp;del Pac\u00edfico PROGRAMA DELF\u00cdN, [&#8230;]<\/p>\n","protected":false},"author":0,"featured_media":10266,"comment_status":"closed","ping_status":"closed","sticky":false,"template":"","format":"standard","meta":{"footnotes":""},"categories":[7],"tags":[],"class_list":["post-3701","post","type-post","status-publish","format-standard","has-post-thumbnail","hentry","category-convocatorias"],"_links":{"self":[{"href":"https:\/\/vicerrectorias.utp.edu.co\/viie\/wp-json\/wp\/v2\/posts\/3701","targetHints":{"allow":["GET"]}}],"collection":[{"href":"https:\/\/vicerrectorias.utp.edu.co\/viie\/wp-json\/wp\/v2\/posts"}],"about":[{"href":"https:\/\/vicerrectorias.utp.edu.co\/viie\/wp-json\/wp\/v2\/types\/post"}],"replies":[{"embeddable":true,"href":"https:\/\/vicerrectorias.utp.edu.co\/viie\/wp-json\/wp\/v2\/comments?post=3701"}],"version-history":[{"count":2,"href":"https:\/\/vicerrectorias.utp.edu.co\/viie\/wp-json\/wp\/v2\/posts\/3701\/revisions"}],"predecessor-version":[{"id":10600,"href":"https:\/\/vicerrectorias.utp.edu.co\/viie\/wp-json\/wp\/v2\/posts\/3701\/revisions\/10600"}],"wp:featuredmedia":[{"embeddable":true,"href":"https:\/\/vicerrectorias.utp.edu.co\/viie\/wp-json\/wp\/v2\/media\/10266"}],"wp:attachment":[{"href":"https:\/\/vicerrectorias.utp.edu.co\/viie\/wp-json\/wp\/v2\/media?parent=3701"}],"wp:term":[{"taxonomy":"category","embeddable":true,"href":"https:\/\/vicerrectorias.utp.edu.co\/viie\/wp-json\/wp\/v2\/categories?post=3701"},{"taxonomy":"post_tag","embeddable":true,"href":"https:\/\/vicerrectorias.utp.edu.co\/viie\/wp-json\/wp\/v2\/tags?post=3701"}],"curies":[{"name":"wp","href":"https:\/\/api.w.org\/{rel}","templated":true}]}}