{"id":3651,"date":"2020-10-30T16:52:44","date_gmt":"2023-12-01T14:53:00","guid":{"rendered":""},"modified":"2023-07-19T07:01:51","modified_gmt":"2023-12-01T14:53:00","slug":"convocatoria-regional-de-investigacion-aplicada-y-desarrollo-tecnologico-para-fomentar-la-integracion-de-los-actores-del-ecosistema-ctei-de-risaralda","status":"publish","type":"post","link":"https:\/\/vicerrectorias.utp.edu.co\/viie\/convocatoria-regional-de-investigacion-aplicada-y-desarrollo-tecnologico-para-fomentar-la-integracion-de-los-actores-del-ecosistema-ctei-de-risaralda\/","title":{"rendered":"Convocatoria Regional de Investigaci\u00f3n Aplicada y Desarrollo Tecnol\u00f3gico para Fomentar la Integraci\u00f3n de los Actores del Ecosistema CTeI de Risaralda"},"content":{"rendered":"\n<h3 class=\"wp-block-heading\"><strong><span>OBJETIVO<\/span><\/strong><\/h3>\n\n\n\n<p><span class=\"post-content__span\"> <span>Contribuir al fortalecimiento de la investigaci\u00f3n aplicada y desarrollo tecnol\u00f3gico en TIC (KPO-ITO) orientada a los sectores priorizados en Risaralda representados en la Red de Nodos de Innovaci\u00f3n, Ciencia y Tecnolog\u00eda del Departamento de Risaralda, a trav\u00e9s de la financiaci\u00f3n de proyectos de investigaci\u00f3n aplicada de impacto socioecon\u00f3mico y pertinencia regional<\/span><\/p>\n\n\n\n<h3 class=\"wp-block-heading\"><strong><span>DIRIGIDO A&nbsp;<\/span><\/strong><\/h3>\n\n\n\n<p><span class=\"post-content__span\"> <span>La presente convocatoria se encuentra dirigida a grupos de I+D+i&nbsp;con reconocimiento vigente por Minciencias, adscrito a Instituciones de Educaci\u00f3n Superior, Centros de desarrollo tecnol\u00f3gico, centros o institutos de investigaci\u00f3n del Departamento de Risaralda reconocidos por Minciencias.&nbsp;Este grupo deber\u00e1 estar conformado de la siguiente manera:&nbsp;<\/span><\/p>\n\n\n\n<ol class=\"wp-block-list\">\n<li><strong style=\"font-size: revert; color: initial;\">Grupo Ejecutor:<\/strong><span style=\"font-size: revert; color: initial;\"> Grupos de I+D+i con reconocimiento vigente por Minciencias, adscrito a Instituciones de Educaci\u00f3n Superior del Departamento de Risaralda con foco de investigaci\u00f3n en las l\u00edneas tem\u00e1ticas relacionadas con el reto.<\/span> <\/li>\n\n\n\n<li><strong style=\"font-size: revert; color: initial;\">Co-ejecutor: <\/strong><span style=\"font-size: revert; color: initial;\">Grupo de I+D+i con categorizaci\u00f3n vigente&nbsp;por Minciencias,&nbsp;adscrito a Instituciones de Educaci\u00f3n Superior, Centros de desarrollo tecnol\u00f3gico, centros o institutos de investigaci\u00f3n del Departamento de Risaralda. <\/span> <\/li>\n\n\n\n<li><span><strong>Empresa\/instituci\u00f3n en calidad de Beneficiarias:<\/strong> <\/span><\/li>\n<\/ol>\n\n\n\n<ul class=\"wp-block-list\">\n<li><span><strong>Empresas: <\/strong>Entendidas estas como personas jur\u00eddicas las cuales se clasifican de acuerdo al decreto 957 de 2019 y podr\u00e1n ser micro, peque\u00f1as o medianas empresas, con o sin \u00e1nimo de lucro, con m\u00ednimo dos (2) a\u00f1os de constituci\u00f3n legal en el Departamento de Risaralda, a fecha de apertura de la convocatoria y con actividad econ\u00f3mica y trayectoria evidenciable de al menos un a\u00f1o en los sectores priorizados representados en el sector del nodo o l\u00ednea tem\u00e1tica a la cual vaya enfocada la propuesta.<\/span><\/li>\n\n\n\n<li><span><strong>Instituciones:<\/strong> entidades legalmente constituidas en Colombia. Dentro de estas se consideran: entes territoriales, instituciones gremiales, entidades de educaci\u00f3n, entidades descentralizadas, organizaciones sociales y comunitarias, ONG. Con trayectoria evidenciable de al menos un a\u00f1o en los sectores priorizados representados en el sector del nodo o l\u00ednea tem\u00e1tica a la cual vaya enfocada la propuesta.<\/span><\/li>\n<\/ul>\n\n\n\n<p><span class=\"post-content__span\"> <span><strong>Nota: Estas empresas\/instituciones ser\u00e1n las beneficiarias de la soluci\u00f3n planteada por el ejecutor al reto descrito.<\/strong><\/span><\/p>\n\n\n\n<h3 class=\"wp-block-heading\"><strong><span>LINEAS TEMATICAS<\/span><\/strong><\/h3>\n\n\n\n<p><span class=\"post-content__span\"> <span>Las propuestas que presenten LOS EJECUTORES deber\u00e1n tener en cuenta como referencia el Anexo 2 que contiene la descripci\u00f3n de las L\u00edneas Tem\u00e1ticas, con la informaci\u00f3n de las problem\u00e1ticas que se presentan para cada nodo de innovaci\u00f3n del Departamento de Risaralda y deber\u00e1n proyectarse como SOLUCIONES por medio de investigaci\u00f3n\/desarrollo tecnol\u00f3gico para los siguientes nodos de la Red de Nodos de Innovaci\u00f3n Ciencia y Tecnolog\u00eda: <\/span><\/p>\n\n\n\n<ul class=\"wp-block-list\">\n<li><span>Agropecuario y Agroindustrial <\/span><\/li>\n\n\n\n<li><span>Biodiversidad y servicios eco sist\u00e9micos <\/span><\/li>\n\n\n\n<li><span>Biotecnolog\u00eda <\/span><\/li>\n\n\n\n<li><span>Innovaci\u00f3n Social <\/span><\/li>\n\n\n\n<li><span>Metalmec\u00e1nica <\/span><\/li>\n\n\n\n<li><span>Sistema Moda&nbsp;<\/span><\/li>\n<\/ul>\n\n\n\n<h3 class=\"wp-block-heading\"><span><strong>PROCEDIMIENTO INTERNO PARA SOLICITUD DE AVAL EJECUTORES<\/strong><\/span><\/h3>\n\n\n\n<ol class=\"wp-block-list\">\n<li><p dir=\"ltr\"><span>Remitir la informaci\u00f3n de las propuestas a presentar en calidad de ejecutor antes del martes <strong>17 de noviembre de 2020<\/strong> al correo electr\u00f3nico <a rel=\"noopener noreferrer\" href=\"mailto:investigaciones@utp.edu.co\" target=\"_blank\">investigaciones@utp.edu.co<\/a>, con los datos de la conformaci\u00f3n de la alianza, l\u00edneas tem\u00e1ticas, Reto al que van a dar respuesta, nombre tentativo de la propuesta.&nbsp;<\/span><\/p> <\/li>\n\n\n\n<li><span style=\"font-size: revert; color: initial;\">Revisi\u00f3n por parte de la Vicerrector\u00eda de investigaciones, Innovaci\u00f3n y Extensi\u00f3n de las propuestas y establecimiento de criterios para la priorizaci\u00f3n de las propuestas recibidas&nbsp;hasta el <\/span><strong style=\"font-size: revert; color: initial;\">20 de noviembre de 2020<\/strong><span style=\"font-size: revert; color: initial;\">. <\/span> <\/li>\n\n\n\n<li><span style=\"font-size: revert; color: initial;\">Priorizaci\u00f3n y notificaci\u00f3n de las dos propuestas que se avalaran\u00a0como ejecutores ante MinCiencias &#8211; <\/span><strong style=\"font-size: revert; color: initial;\">23 de noviembre de 2020.\u200b<\/strong> <\/li>\n<\/ol>\n\n\n\n<h3 class=\"wp-block-heading\"><strong><span>ANEXOS<\/span><\/strong><\/h3>\n\n\n\n<ul class=\"wp-block-list\">\n<li><a style=\"font-size: revert;\" href=\"https:\/\/minciencias.gov.co\/convocatorias\/innovacion-y-productividad\/convocatoria-regional-investigacion-aplicada-y-desarrollo\"><strong>[Ver Convocatoria] Ver&nbsp;la publicaci\u00f3n realizada por Minciencias.&nbsp;<\/strong><\/a> <\/li>\n\n\n\n<li><a style=\"font-size: revert;\" href=\"https:\/\/vicerrectorias.utp.edu.co\/viie\/wp-content\/uploads\/sites\/3\/terminos_de_referencia_convocatoria_de_risaralda_firmados%20%281%29.pdf\"><strong>[VER] TERMINOS DE REFERENCIA<\/strong><\/a> <\/li>\n\n\n\n<li><a style=\"font-size: revert;\" href=\"https:\/\/vicerrectorias.utp.edu.co\/viie\/wp-content\/uploads\/sites\/3\/anexo_5._descripcion_de_los_contenidos_de_la_propuesta.pdf\"><strong>[VER] ANEXO: DESCRIPCI\u00d3N DE LOS CONTENIDOS DE LAS PROPUESTAS<\/strong><\/a> <\/li>\n\n\n\n<li><a style=\"font-size: revert;\" href=\"https:\/\/vicerrectorias.utp.edu.co\/viie\/wp-content\/uploads\/sites\/3\/anexo_4._carta_unificada_de_aval_y_compromiso_de_las_instituciones_participantes_de_la_alianza.pdf\"><strong>[VER] ANEXO:&nbsp;CARTA UNIFICADA DE AVAL Y COMPROMISO DE LAS INSTITUCIONES<\/strong><\/a> <\/li>\n<\/ul>\n","protected":false},"excerpt":{"rendered":"<p>OBJETIVO Contribuir al fortalecimiento de la investigaci\u00f3n aplicada y desarrollo tecnol\u00f3gico en TIC (KPO-ITO) orientada a los sectores priorizados en Risaralda representados en la Red de Nodos de Innovaci\u00f3n, Ciencia [&#8230;]<\/p>\n","protected":false},"author":0,"featured_media":10264,"comment_status":"closed","ping_status":"closed","sticky":false,"template":"","format":"standard","meta":{"footnotes":""},"categories":[7],"tags":[],"class_list":["post-3651","post","type-post","status-publish","format-standard","has-post-thumbnail","hentry","category-convocatorias"],"_links":{"self":[{"href":"https:\/\/vicerrectorias.utp.edu.co\/viie\/wp-json\/wp\/v2\/posts\/3651","targetHints":{"allow":["GET"]}}],"collection":[{"href":"https:\/\/vicerrectorias.utp.edu.co\/viie\/wp-json\/wp\/v2\/posts"}],"about":[{"href":"https:\/\/vicerrectorias.utp.edu.co\/viie\/wp-json\/wp\/v2\/types\/post"}],"replies":[{"embeddable":true,"href":"https:\/\/vicerrectorias.utp.edu.co\/viie\/wp-json\/wp\/v2\/comments?post=3651"}],"version-history":[{"count":3,"href":"https:\/\/vicerrectorias.utp.edu.co\/viie\/wp-json\/wp\/v2\/posts\/3651\/revisions"}],"predecessor-version":[{"id":10707,"href":"https:\/\/vicerrectorias.utp.edu.co\/viie\/wp-json\/wp\/v2\/posts\/3651\/revisions\/10707"}],"wp:featuredmedia":[{"embeddable":true,"href":"https:\/\/vicerrectorias.utp.edu.co\/viie\/wp-json\/wp\/v2\/media\/10264"}],"wp:attachment":[{"href":"https:\/\/vicerrectorias.utp.edu.co\/viie\/wp-json\/wp\/v2\/media?parent=3651"}],"wp:term":[{"taxonomy":"category","embeddable":true,"href":"https:\/\/vicerrectorias.utp.edu.co\/viie\/wp-json\/wp\/v2\/categories?post=3651"},{"taxonomy":"post_tag","embeddable":true,"href":"https:\/\/vicerrectorias.utp.edu.co\/viie\/wp-json\/wp\/v2\/tags?post=3651"}],"curies":[{"name":"wp","href":"https:\/\/api.w.org\/{rel}","templated":true}]}}