{"id":3451,"date":"2022-10-10T10:40:11","date_gmt":"2023-12-01T14:53:00","guid":{"rendered":""},"modified":"2023-07-31T16:33:59","modified_gmt":"2023-12-01T14:53:00","slug":"iv-convocatoria-de-emprendimiento-barranqueros-utp","status":"publish","type":"post","link":"https:\/\/vicerrectorias.utp.edu.co\/viie\/iv-convocatoria-de-emprendimiento-barranqueros-utp\/","title":{"rendered":"IV CONVOCATORIA DE EMPRENDIMIENTO BARRANQUEROS UTP"},"content":{"rendered":"\n<p><span class=\"post-content__span\"> <span><strong>\u00a1BIENVENIDOS!<\/strong><\/span><\/p>\n\n\n<div class=\"wp-block-image\">\n<figure class=\"aligncenter is-resized\"><img loading=\"lazy\" decoding=\"async\" src=\"https:\/\/media2.utp.edu.co\/imagenes\/20220908_160356_0000.jpg\" alt=\"\" width=\"540\" height=\"675\"\/><\/figure>\n<\/div>\n\n\n<h4 class=\"wp-block-heading\">\u00bfPARA QU\u00c9 FUE CREADA?<\/h4>\n\n\n\n<p><span class=\"post-content__span\"> A trav\u00e9s de esta convocatoria buscamos reconocer las iniciativas de emprendimiento en la comunidad Universitaria y formalizar el proceso de acompa\u00f1amiento en el Ecosistema de Emprendimiento Barranqueros &#8211; Universidad Tecnol\u00f3gica de Pereira.<\/p>\n\n\n\n<figure class=\"wp-block-table is-style-stripes\"><table><thead><tr><th>\u00bfPARA QUI\u00c9N FUE CREADA?<\/th><th>\u00bfPARA QUI\u00c9N FUE CREADA?<\/th><\/tr><\/thead><tbody><tr><td><img decoding=\"async\" alt=\"\" src=\"https:\/\/vicerrectorias.utp.edu.co\/viie\/wp-content\/uploads\/sites\/3\/1.%20Huevos.png\"><\/td><td><p><span class=\"post-content__span\"> <span><strong>PROPONENTE&nbsp;CATEGOR\u00cdA 1. Huevos<\/strong><\/span><\/p><p><span class=\"post-content__span\"> <span>El proponente tiene al menos una idea de negocio con potencial de mercado identificado y muchas ganas de emprender.<\/span><\/p><\/td><\/tr><tr><td> <p><span class=\"post-content__span\"> <span><strong>PROPONENTE CATEGOR\u00cdA 2. Polluelos<\/strong>&nbsp;<\/span><\/p><p><span class=\"post-content__span\"> <span>Proponentes de Iniciativas con modelo de negocio&nbsp; formulado, con prototipo en en versi\u00f3n alfa (validador inicial de desarrollo del producto), en proceso de protecci\u00f3n y\/o con validaci\u00f3n en el mercado, idealmente con ventas. No se requiere formalizaci\u00f3n empresarial.<\/span><\/p><\/td><td> <figure><img decoding=\"async\" src=\"https:\/\/vicerrectorias.utp.edu.co\/viie\/wp-content\/uploads\/sites\/3\/2.%20Polluelos.png\" alt=\"\"><\/figure><\/td><\/tr><tr><td><img decoding=\"async\" alt=\"\" src=\"https:\/\/vicerrectorias.utp.edu.co\/viie\/wp-content\/uploads\/sites\/3\/3.%20Barranqueros.png\"><\/td><td> <p><span class=\"post-content__span\"> <span><strong>PROPONENTES CATEGOR\u00cdA 3. Barranqueros<\/strong><\/span><\/p><p><span class=\"post-content__span\"> <span>Proponentes de&nbsp;Emprendimientos con modelo de negocio formulado y con producto m\u00ednimo viable (validador de los elementos claves del modelo de negocio), con potencial empresarial establecido. Negocios\/empresas (personas jur\u00eddicas) creadas por alg\u00fan miembro de la comunidad UTP.<\/span><\/p><\/td><\/tr><\/tbody><\/table><\/figure>\n\n\n\n<hr class=\"wp-block-separator has-css-opacity\"\/>\n\n\n\n<figure class=\"wp-block-table is-style-stripes\"><table class=\"has-white-background-color has-background\"><thead><tr><th class=\"has-text-align-left\" data-align=\"left\">\u00bfQU\u00c9 BENEFICIOS OFRECE?<\/th><th>\u00bfQU\u00c9 BENEFICIOS OFRECE?<\/th><\/tr><\/thead><tbody><tr><td class=\"has-text-align-left\" data-align=\"left\"><h4><span><strong>MENTOR\u00cdAS ESPECIALIZADAS<\/strong><\/span><\/h4><ul><li><span>Cada d\u00eda consolidamos y fortalecemos una <strong>red de mentores especializados<\/strong>, dispuestos a acompa\u00f1ar a los emprendedores y a compartir conocimiento y experiencias vividas como empresarios exitosos de la regi\u00f3n.<\/span><\/li> <\/ul> <figure><img decoding=\"async\" src=\"https:\/\/vicerrectorias.utp.edu.co\/viie\/wp-content\/uploads\/sites\/3\/imagen%20benef3.jpg\" alt=\"\"><\/figure><\/td><td><h4><span><strong>OPORTUNIDADES DE FINANCIACI\u00d3N<\/strong><\/span><\/h4><ul><li><span>Cuando ingresas a la ruta Barranqueros, te incluimos en un radar que nos ayuda a generar alertas para encontrar oportunidades encaminadas a&nbsp;fortalecer tu emprendimiento. Podemos poner a tu disposici\u00f3n las <strong>convocatorias disponibles y ofrecerte orientaci\u00f3n<\/strong> para optar a recursos de financiaci\u00f3n.<\/span><\/li><\/ul><figure><img decoding=\"async\" src=\"https:\/\/vicerrectorias.utp.edu.co\/viie\/wp-content\/uploads\/sites\/3\/imagen%20benef%204.jpg\" alt=\"\"><\/figure><\/td><\/tr><tr><td class=\"has-text-align-left\" data-align=\"left\"> <h4><span><strong>CONEXIONES DE VALOR<\/strong><\/span> <\/h4><h4><strong>A trav\u00e9s de las&nbsp;alianzas estrat\u00e9gicas<span style=\"font-family: inherit; font-size: inherit; font-weight: inherit; background-color: transparent; color: initial;\">&nbsp;realizadas por la Universidad, proporcionamos un puente de conexi\u00f3n entre el emprendedor y los inversionistas, las empresas, instituciones, otro emprendedores y dem\u00e1s actores del Ecosistema que pueden ayudar a que tu emprendimiento madure y crezca.&nbsp;<\/span><\/strong><\/h4><figure><img decoding=\"async\" src=\"https:\/\/vicerrectorias.utp.edu.co\/viie\/wp-content\/uploads\/sites\/3\/imagen%20beneficios.jpg\" alt=\"\"><\/figure><p><span class=\"post-content__span\"> <span>Creemos en las <strong>redes colaborativas<\/strong> de trabajo tanto internas como externas y en lo valioso que es estar <strong>inscritos formalmente en el Ecosistema de Barraqueros UTP<\/strong> para ser presentados como tal ante otros Ecosistemas de Emprendimiento Departamentales, Regionales y Nacionales.<\/span><\/p><\/td><td><h4><span><strong>FORMACI\u00d3N<\/strong><\/span><\/h4><h4>E<strong>l&nbsp;emprendimiento formativo <\/strong>es el motor de nuestro ecosistema, constantemente incentivamos a nuestros emprendedores a crecer a trav\u00e9s de procesos de sensibilizaci\u00f3n, capacitaci\u00f3n y formaci\u00f3n especializada que ponemos a su disposici\u00f3n a trav\u00e9s de&nbsp;profesionales y mentores altamente calificados en temas de creatividad, innovaci\u00f3n, gesti\u00f3n tecnol\u00f3gica y emprendimiento.<img decoding=\"async\" style=\"font-family: inherit; font-size: inherit; font-weight: inherit; color: initial;\" src=\"https:\/\/vicerrectorias.utp.edu.co\/viie\/wp-content\/uploads\/sites\/3\/imagen%20emprend.png\" alt=\"\"><\/h4><\/td><\/tr><\/tbody><\/table><\/figure>\n\n\n\n<h4 class=\"wp-block-heading\"><strong>\u00bfC\u00d3MO PUEDO PARTICIPAR?<\/strong><\/h4>\n\n\n\n<div class=\"wp-block-columns is-layout-flex wp-container-core-columns-is-layout-9d6595d7 wp-block-columns-is-layout-flex\">\n<div class=\"wp-block-column is-layout-flow wp-block-column-is-layout-flow\" style=\"flex-basis:33.33%\">\n<figure class=\"wp-block-image is-resized\"><img loading=\"lazy\" decoding=\"async\" src=\"https:\/\/vicerrectorias.utp.edu.co\/viie\/wp-content\/uploads\/sites\/3\/Imagen2%289%29.png\" alt=\"\" width=\"211\" height=\"229\"\/><\/figure>\n<\/div>\n\n\n\n<div class=\"wp-block-column is-layout-flow wp-block-column-is-layout-flow\" style=\"flex-basis:66.66%\">\n<ol class=\"wp-block-list\">\n<li>Lee los t\u00e9rminos y condiciones disponibles en el siguiente enlace&nbsp;<strong><a rel=\"noreferrer noopener\" href=\"https:\/\/media2.utp.edu.co\/archivos\/Terminos%20y%20condiciones%202022.pdf\" target=\"_blank\">[ver]<\/a><\/strong><\/li>\n\n\n\n<li>Si tu proyecto de emprendimiento cumple las condiciones reg\u00edstrate en:&nbsp;&nbsp;<strong><a href=\"https:\/\/bit.ly\/4taconvocatoriabarranqueros\">https:\/\/bit.ly\/4taconvocatoriabarranqueros<\/a><\/strong><\/li>\n\n\n\n<li>Si solo quieres acompa\u00f1arnos a fortalecer el talento innovador UTP y participar de las conferencias magistrales, realiza tu Inscripci\u00f3n como asistente en:&nbsp;<strong><a href=\"https:\/\/bit.ly\/4taconvocatoriabarranqueros\">https:\/\/bit.ly\/4taconvocatoriabarranqueros<\/a><\/strong><\/li>\n<\/ol>\n<\/div>\n<\/div>\n\n\n\n<h4 class=\"wp-block-heading\"><strong>FECHAS IMPORTANTES<\/strong><\/h4>\n\n\n\n<figure class=\"wp-block-table is-style-stripes\"><table><thead><tr><th><strong>ACTIVIDAD<\/strong><\/th><th><strong>FECHA<\/strong><\/th><\/tr><\/thead><tbody><tr><th>\n<p><span class=\"post-content__span\"> <span>Apertura de la convocatoria<\/span><\/p>\n<\/th><th>\n<p><span class=\"post-content__span\"> <strong>08 de Septiembre<\/strong><\/p>\n<\/th><\/tr><tr><th>\n<p><span class=\"post-content__span\"> <strong><span>Inscripci\u00f3n de postulantes<\/span><\/strong><\/p>\n<\/th><th>\n<p><span class=\"post-content__span\"> <strong>08 de Septiembre al 22&nbsp;de Septiembre<\/strong><\/p>\n<\/th><\/tr><tr><th>\n<p><span class=\"post-content__span\"> <strong><span>Evaluaci\u00f3n de propuestas<\/span><\/strong><\/p>\n<\/th><th>\n<p><span class=\"post-content__span\"> <strong>22 de Septiembre al 26&nbsp;de Septiembre<\/strong><\/p>\n<\/th><\/tr><tr><th>\n<p><span class=\"post-content__span\"> <strong><span>Publicaci\u00f3n de seleccionados<\/span><\/strong><\/p>\n<\/th><th>\n<p><span class=\"post-content__span\"> <strong>26 de Septiembre<\/strong><\/p>\n<\/th><\/tr><tr><th>\n<p><span class=\"post-content__span\"> <strong><span>Talleres de preparaci\u00f3n de pitch<\/span><\/strong><\/p>\n<\/th><th>\n<p><span class=\"post-content__span\"> <strong>4 de octubre<\/strong><\/p>\n<\/th><\/tr><tr><th>\n<p><span class=\"post-content__span\"> <strong><span>Evento IV Convocatoria de Emprendimiento Barranqueros&nbsp;<\/span><\/strong><\/p>\n<\/th><th>\n<p><span class=\"post-content__span\"> <strong>11 de octubre<\/strong><\/p>\n<\/th><\/tr><\/tbody><\/table><\/figure>\n\n\n\n<h4 class=\"wp-block-heading\"><span><strong>INSCRIPCIONES<\/strong><\/span><\/h4>\n\n\n\n<p><span class=\"post-content__span\"> Inscr\u00edbete aqu\u00ed para participar como:<\/p>\n\n\n\n<figure class=\"wp-block-table is-style-stripes\"><table><tbody><tr><td><a href=\"https:\/\/forms.gle\/VxAtf4WxBhUVSCfU6\" target=\"_blank\" rel=\"noopener noreferrer\"><span><strong>ASISTENTE<\/strong><\/span><\/a><\/td><td><a href=\"https:\/\/forms.gle\/VxAtf4WxBhUVSCfU6\" target=\"_blank\" rel=\"noopener noreferrer\"><span><strong>EMPRENDEDOR<\/strong><\/span><\/a><\/td><\/tr><\/tbody><\/table><\/figure>\n\n\n\n<h4 class=\"has-text-align-center wp-block-heading\"><strong>T\u00c9RMINOS Y DOCUMENTOS<\/strong><\/h4>\n\n\n\n<div class=\"wp-block-columns is-layout-flex wp-container-core-columns-is-layout-9d6595d7 wp-block-columns-is-layout-flex\">\n<div class=\"wp-block-column is-vertically-aligned-center is-layout-flow wp-block-column-is-layout-flow\" style=\"flex-basis:33.33%\"><div class=\"wp-block-image\">\n<figure class=\"alignright is-resized\"><a href=\"https:\/\/vicerrectorias.utp.edu.co\/viie\/wp-content\/uploads\/sites\/3\/T%C3%A9rminos%20y%20condiciones%284%29.pdf\" target=\"_blank\" rel=\"noreferrer noopener\"><img loading=\"lazy\" decoding=\"async\" src=\"https:\/\/vicerrectorias.utp.edu.co\/viie\/wp-content\/uploads\/sites\/3\/noun_file%20download_249774.png\" alt=\"\" width=\"120\" height=\"133\"\/><\/a><\/figure>\n<\/div><\/div>\n\n\n\n<div class=\"wp-block-column is-vertically-aligned-center is-layout-flow wp-block-column-is-layout-flow\" style=\"flex-basis:66.66%\">\n<p class=\"has-text-align-center\"><span class=\"post-content__span\"> <a href=\"https:\/\/media2.utp.edu.co\/archivos\/Terminos%20y%20condicionesmod.docx.pdf\">T\u00e9rminos de Referencia IV Convocatoria de Emprendimiento Barranqueros UTP<\/a><\/p>\n<\/div>\n<\/div>\n\n\n\n<h4 class=\"has-text-align-center wp-block-heading\"><strong>MAYORES INFORMES<\/strong><\/h4>\n\n\n\n<div class=\"wp-block-columns is-layout-flex wp-container-core-columns-is-layout-9d6595d7 wp-block-columns-is-layout-flex\">\n<div class=\"wp-block-column is-layout-flow wp-block-column-is-layout-flow\">\n<p class=\"has-text-align-center\"><span class=\"post-content__span\"> Vicerrector\u00eda de Investigaciones Innovaci\u00f3n y Extensi\u00f3n &#8211; Administraci\u00f3n Institucional de la Gesti\u00f3n Tecnol\u00f3gica, la Innovaci\u00f3n y el Emprendimiento<\/p>\n\n\n\n<ul class=\"wp-block-list\">\n<li><strong>Contacto: Yurani Calvo&nbsp;<\/strong><\/li>\n\n\n\n<li>Correo:&nbsp;<a href=\"mailto:emprendimientobarranquero@utp.edu.co\">emprendimientobarranquero@utp.edu.co<\/a><\/li>\n\n\n\n<li>Celular: 3217394334<\/li>\n<\/ul>\n<\/div>\n\n\n\n<div class=\"wp-block-column is-layout-flow wp-block-column-is-layout-flow\">\n<p class=\"has-text-align-center\"><span class=\"post-content__span\"> Centro de Innovaci\u00f3n y Desarrollo Tecnol\u00f3gico&nbsp;\u2013 CIDT<\/p>\n\n\n\n<ul class=\"wp-block-list\">\n<li><strong>Contacto: Adriana Moreno<\/strong><\/li>\n\n\n\n<li>Correo:&nbsp;<a href=\"mailto:emprendimientobarranquero@utp.edu.co\">emprendimientobarranquero@utp.edu.co<\/a><\/li>\n\n\n\n<li>Celular: 3128822793<\/li>\n<\/ul>\n<\/div>\n<\/div>\n","protected":false},"excerpt":{"rendered":"<p>\u00a1BIENVENIDOS! \u00bfPARA QU\u00c9 FUE CREADA? A trav\u00e9s de esta convocatoria buscamos reconocer las iniciativas de emprendimiento en la comunidad Universitaria y formalizar el proceso de acompa\u00f1amiento en el Ecosistema de [&#8230;]<\/p>\n","protected":false},"author":0,"featured_media":10255,"comment_status":"closed","ping_status":"closed","sticky":false,"template":"","format":"standard","meta":{"footnotes":""},"categories":[7],"tags":[],"class_list":["post-3451","post","type-post","status-publish","format-standard","has-post-thumbnail","hentry","category-convocatorias"],"_links":{"self":[{"href":"https:\/\/vicerrectorias.utp.edu.co\/viie\/wp-json\/wp\/v2\/posts\/3451","targetHints":{"allow":["GET"]}}],"collection":[{"href":"https:\/\/vicerrectorias.utp.edu.co\/viie\/wp-json\/wp\/v2\/posts"}],"about":[{"href":"https:\/\/vicerrectorias.utp.edu.co\/viie\/wp-json\/wp\/v2\/types\/post"}],"replies":[{"embeddable":true,"href":"https:\/\/vicerrectorias.utp.edu.co\/viie\/wp-json\/wp\/v2\/comments?post=3451"}],"version-history":[{"count":7,"href":"https:\/\/vicerrectorias.utp.edu.co\/viie\/wp-json\/wp\/v2\/posts\/3451\/revisions"}],"predecessor-version":[{"id":11099,"href":"https:\/\/vicerrectorias.utp.edu.co\/viie\/wp-json\/wp\/v2\/posts\/3451\/revisions\/11099"}],"wp:featuredmedia":[{"embeddable":true,"href":"https:\/\/vicerrectorias.utp.edu.co\/viie\/wp-json\/wp\/v2\/media\/10255"}],"wp:attachment":[{"href":"https:\/\/vicerrectorias.utp.edu.co\/viie\/wp-json\/wp\/v2\/media?parent=3451"}],"wp:term":[{"taxonomy":"category","embeddable":true,"href":"https:\/\/vicerrectorias.utp.edu.co\/viie\/wp-json\/wp\/v2\/categories?post=3451"},{"taxonomy":"post_tag","embeddable":true,"href":"https:\/\/vicerrectorias.utp.edu.co\/viie\/wp-json\/wp\/v2\/tags?post=3451"}],"curies":[{"name":"wp","href":"https:\/\/api.w.org\/{rel}","templated":true}]}}