{"id":3431,"date":"2020-07-13T13:59:52","date_gmt":"2023-12-01T14:53:00","guid":{"rendered":""},"modified":"2023-08-01T11:12:18","modified_gmt":"2023-12-01T14:53:00","slug":"webinar-horizonte-2020","status":"publish","type":"post","link":"https:\/\/vicerrectorias.utp.edu.co\/viie\/webinar-horizonte-2020\/","title":{"rendered":"Webinar Horizonte 2020"},"content":{"rendered":"\n<p><span class=\"post-content__span\"> <span>La Vicerrector\u00eda de Investigaciones, Innovaci\u00f3n y Extensi\u00f3n le invita a participar del siguiente Webinar H2020 que tendr\u00e1 como objetivo dar a conocer sobre el&nbsp;<\/span><strong>Programa Europeo Horizonte 2020<\/strong><span>&nbsp;y las oportunidades y convocatorias vigentes relacionadas con energ\u00edas alternativas, Inteligencia artificial e Industrias de base biotecnol\u00f3gica.<\/span><\/p>\n\n\n<div class=\"wp-block-image\">\n<figure class=\"aligncenter\"><a href=\"https:\/\/bit.ly\/32cN6GE\" target=\"_blank\" rel=\"noopener noreferrer\"><img decoding=\"async\" src=\"https:\/\/vicerrectorias.utp.edu.co\/viie\/wp-content\/uploads\/sites\/3\/Webinar%20Energ%C3%ADas%20alternitvas_opt.png\" alt=\"\"\/><\/a><\/figure>\n<\/div>\n\n\n<p><span class=\"post-content__span\"> Horizonte 2020 es el Programa Marco actual destinado a la investigaci\u00f3n, desarrollo tecnol\u00f3gico e innovaci\u00f3n de la Uni\u00f3n Europea. Contando con casi 80.000 millones de euros durante el per\u00edodo 2014-2020, es una de las fuentes principales de financiaci\u00f3n para la investigaci\u00f3n en Europa. El Programa permite a investigadores, empresas, centros tecnol\u00f3gicos, entidades p\u00fablicas, universidades y otros socios (entre ellos Universidades de Colombia), colaborar dentro de proyectos que estimulan las capacidades y la competitividad europea.<\/p>\n\n\n\n<p><span class=\"post-content__span\"> <strong>INVITADA ESPECIAL:<\/strong><\/p>\n\n\n\n<p><span class=\"post-content__span\"> En el marco de alianza colaborativa con Prosearch Europe, una compa\u00f1\u00eda ubicada en Bruselas, el webinar contar\u00e1 con el acompa\u00f1amiento de la Dra. Consuelo Uribe Mallarino quien brindar\u00e1 informaci\u00f3n importante referente a la b\u00fasqueda de socios y proceso de postulaci\u00f3n a las convocatorias vigentes.<\/p>\n\n\n\n<p><span class=\"post-content__span\"> <strong>FECHA Y HORA:<\/strong><\/p>\n\n\n\n<p><span class=\"post-content__span\"> Viernes, 17 de julio de 2020<\/p>\n\n\n\n<p><span class=\"post-content__span\"> 9 a.m. hora Colombiana<\/p>\n\n\n\n<p><span class=\"post-content__span\"> <strong>INSCRIPCIONES<\/strong>:<\/p>\n\n\n\n<p><span class=\"post-content__span\"> Evento gratuito. inscripci\u00f3n y participaci\u00f3n el d\u00eda del Webinar ingresando en el siguiente enlace:\u00a0<a rel=\"noreferrer noopener\" href=\"https:\/\/bit.ly\/32cN6GE\" target=\"_blank\">https:\/\/bit.ly\/32cN6GE<\/a><\/p>\n\n\n\n<p><span class=\"post-content__span\"> <strong>MAYORES INFORMES:<\/strong><\/p>\n\n\n\n<p><span class=\"post-content__span\"> Gesti\u00f3n Tecnol\u00f3gica, Innovaci\u00f3n y Emprendimiento<\/p>\n\n\n\n<p><span class=\"post-content__span\"> correo:\u00a0<a rel=\"noreferrer noopener\" href=\"mailto:innovacion@utp.edu.co\" target=\"_blank\">innovacion<\/a>@admweb<\/p>\n\n\n\n<p><span class=\"post-content__span\"> \u00a1Ag\u00e9ndese, participe\u00a0y conozca las oportunidades de este importante Programa Europeo!<\/p>\n","protected":false},"excerpt":{"rendered":"<p>La Vicerrector\u00eda de Investigaciones, Innovaci\u00f3n y Extensi\u00f3n le invita a participar del siguiente Webinar H2020 que tendr\u00e1 como objetivo dar a conocer sobre el&nbsp;Programa Europeo Horizonte 2020&nbsp;y las oportunidades y [&#8230;]<\/p>\n","protected":false},"author":0,"featured_media":10253,"comment_status":"closed","ping_status":"closed","sticky":false,"template":"","format":"standard","meta":{"footnotes":""},"categories":[7],"tags":[],"class_list":["post-3431","post","type-post","status-publish","format-standard","has-post-thumbnail","hentry","category-convocatorias"],"_links":{"self":[{"href":"https:\/\/vicerrectorias.utp.edu.co\/viie\/wp-json\/wp\/v2\/posts\/3431","targetHints":{"allow":["GET"]}}],"collection":[{"href":"https:\/\/vicerrectorias.utp.edu.co\/viie\/wp-json\/wp\/v2\/posts"}],"about":[{"href":"https:\/\/vicerrectorias.utp.edu.co\/viie\/wp-json\/wp\/v2\/types\/post"}],"replies":[{"embeddable":true,"href":"https:\/\/vicerrectorias.utp.edu.co\/viie\/wp-json\/wp\/v2\/comments?post=3431"}],"version-history":[{"count":2,"href":"https:\/\/vicerrectorias.utp.edu.co\/viie\/wp-json\/wp\/v2\/posts\/3431\/revisions"}],"predecessor-version":[{"id":11119,"href":"https:\/\/vicerrectorias.utp.edu.co\/viie\/wp-json\/wp\/v2\/posts\/3431\/revisions\/11119"}],"wp:featuredmedia":[{"embeddable":true,"href":"https:\/\/vicerrectorias.utp.edu.co\/viie\/wp-json\/wp\/v2\/media\/10253"}],"wp:attachment":[{"href":"https:\/\/vicerrectorias.utp.edu.co\/viie\/wp-json\/wp\/v2\/media?parent=3431"}],"wp:term":[{"taxonomy":"category","embeddable":true,"href":"https:\/\/vicerrectorias.utp.edu.co\/viie\/wp-json\/wp\/v2\/categories?post=3431"},{"taxonomy":"post_tag","embeddable":true,"href":"https:\/\/vicerrectorias.utp.edu.co\/viie\/wp-json\/wp\/v2\/tags?post=3431"}],"curies":[{"name":"wp","href":"https:\/\/api.w.org\/{rel}","templated":true}]}}