{"id":3311,"date":"2020-06-24T11:46:13","date_gmt":"2023-12-01T14:53:00","guid":{"rendered":""},"modified":"2023-07-31T09:28:37","modified_gmt":"2023-12-01T14:53:00","slug":"red-de-educacion-continua-de-latinoamerica-y-europa","status":"publish","type":"post","link":"https:\/\/vicerrectorias.utp.edu.co\/viie\/red-de-educacion-continua-de-latinoamerica-y-europa\/","title":{"rendered":"Red de Educaci\u00f3n Continua de Latinoam\u00e9rica y Europa"},"content":{"rendered":"\n<h3 class=\"wp-block-heading\"><strong>Red de Educaci\u00f3n Continua de Latinoam\u00e9rica y Europa&nbsp;<\/strong><\/h3>\n\n\n\n<p><span class=\"post-content__span\"> La Vicerrector\u00eda de Investigaciones, Innovaci\u00f3n y Extensi\u00f3n fue aceptada como miembro oficial de la Red de Educaci\u00f3n Continua de Latinoam\u00e9rica y Europa RECLA, la\u00a0con la vinculaci\u00f3n a esta RED la Vicerrector\u00eda de Investigaciones, Innovaci\u00f3n y Extensi\u00f3n busca promover y fortalecer los procesos de educaci\u00f3n continua institucional y fortalecer las capacidades institucionales en esta materia, beneficiando todas las facultades y dependencias administrativas de la Universidad.<\/p>\n\n\n\n<p><span class=\"post-content__span\"> APORTE\u00a0EN EL DIRECCIONAMIENTO ESTRAT\u00c9GICO<\/p>\n\n\n\n<ul class=\"wp-block-list\">\n<li>Webinarios<\/li>\n\n\n\n<li>Estudios<\/li>\n\n\n\n<li>Cursos para Gestores<\/li>\n\n\n\n<li>Comisiones de Trabajo<\/li>\n<\/ul>\n\n\n\n<p><span class=\"post-content__span\"> PROMUEVE&nbsp;LA SOCIALIZACI\u00d3N DE BUENAS PR\u00c1CTICAS<\/p>\n\n\n\n<ul class=\"wp-block-list\">\n<li>Premios RECLA<\/li>\n\n\n\n<li>Revista Digital- REtos y CLAves de la Educaci\u00f3n Continua<\/li>\n\n\n\n<li>Encuentros Regionales<\/li>\n\n\n\n<li>Encuentros Internacionales<\/li>\n<\/ul>\n\n\n\n<p><span class=\"post-content__span\"> GESTI\u00d3N DEACTIVIDADES DE INTERNALIZACI\u00d3N<\/p>\n\n\n\n<ul class=\"wp-block-list\">\n<li>Becas para beneficios de las comunidades de los asociados<\/li>\n\n\n\n<li>Pasant\u00edas<\/li>\n\n\n\n<li>Relacionamiento con otras redes de educaci\u00f3n superior<\/li>\n<\/ul>\n\n\n\n<hr class=\"wp-block-separator has-alpha-channel-opacity\"\/>\n\n\n\n<p><span class=\"post-content__span\"> <strong>Mayor informaci\u00f3n:\u00a0<a rel=\"noreferrer noopener\" href=\"mailto:extensionuniversitaria@utp.edu.co\" target=\"_blank\">extensionuniversitaria@utp.edu.co<\/a><\/strong><\/p>\n","protected":false},"excerpt":{"rendered":"<p>Red de Educaci\u00f3n Continua de Latinoam\u00e9rica y Europa&nbsp; La Vicerrector\u00eda de Investigaciones, Innovaci\u00f3n y Extensi\u00f3n fue aceptada como miembro oficial de la Red de Educaci\u00f3n Continua de Latinoam\u00e9rica y Europa [&#8230;]<\/p>\n","protected":false},"author":0,"featured_media":0,"comment_status":"closed","ping_status":"closed","sticky":false,"template":"","format":"standard","meta":{"footnotes":""},"categories":[1],"tags":[],"class_list":["post-3311","post","type-post","status-publish","format-standard","hentry","category-sin-categoria"],"_links":{"self":[{"href":"https:\/\/vicerrectorias.utp.edu.co\/viie\/wp-json\/wp\/v2\/posts\/3311","targetHints":{"allow":["GET"]}}],"collection":[{"href":"https:\/\/vicerrectorias.utp.edu.co\/viie\/wp-json\/wp\/v2\/posts"}],"about":[{"href":"https:\/\/vicerrectorias.utp.edu.co\/viie\/wp-json\/wp\/v2\/types\/post"}],"replies":[{"embeddable":true,"href":"https:\/\/vicerrectorias.utp.edu.co\/viie\/wp-json\/wp\/v2\/comments?post=3311"}],"version-history":[{"count":2,"href":"https:\/\/vicerrectorias.utp.edu.co\/viie\/wp-json\/wp\/v2\/posts\/3311\/revisions"}],"predecessor-version":[{"id":11002,"href":"https:\/\/vicerrectorias.utp.edu.co\/viie\/wp-json\/wp\/v2\/posts\/3311\/revisions\/11002"}],"wp:attachment":[{"href":"https:\/\/vicerrectorias.utp.edu.co\/viie\/wp-json\/wp\/v2\/media?parent=3311"}],"wp:term":[{"taxonomy":"category","embeddable":true,"href":"https:\/\/vicerrectorias.utp.edu.co\/viie\/wp-json\/wp\/v2\/categories?post=3311"},{"taxonomy":"post_tag","embeddable":true,"href":"https:\/\/vicerrectorias.utp.edu.co\/viie\/wp-json\/wp\/v2\/tags?post=3311"}],"curies":[{"name":"wp","href":"https:\/\/api.w.org\/{rel}","templated":true}]}}