{"id":3211,"date":"2023-05-15T16:58:55","date_gmt":"2023-12-01T14:53:00","guid":{"rendered":""},"modified":"2026-04-06T15:37:01","modified_gmt":"2026-04-06T13:37:01","slug":"comite-de-investigaciones-innovacion-y-extension-facultad-de-ciencias-ambientales","status":"publish","type":"post","link":"https:\/\/vicerrectorias.utp.edu.co\/viie\/comite-de-investigaciones-innovacion-y-extension-facultad-de-ciencias-ambientales\/","title":{"rendered":"Comit\u00e9 de Investigaciones Innovaci\u00f3n y Extensi\u00f3n Facultad de Ciencias Ambientales"},"content":{"rendered":"\n<p><span class=\"post-content__span\"> <span>Reglamentado seg\u00fan el acuerdo del&nbsp;<strong>Consejo Superior Universitario N\u00b0<\/strong><strong>&nbsp;28 del 2016<\/strong>&nbsp;<\/span><\/p>\n\n\n\n<p><span class=\"post-content__span\"> <span><strong>Capitulo V&nbsp;\u00abDE LA ESTRUCTURA DE LA INVESTIGACI\u00d3N EN LAS FACULTADES\u00bb<\/strong><a href=\"https:\/\/vicerrectorias.utp.edu.co\/viie\/wp-content\/uploads\/sites\/3\/Acuerdo%20No.%2028%281%29.PDF\">&nbsp;<strong>[VER]<\/strong><\/a><\/span><\/p>\n\n\n\n<figure class=\"wp-block-table\"><table class=\"has-fixed-layout\"><thead><tr><th><strong>Nombres y Apellidos<\/strong><\/th><th><strong>Cargo<\/strong><\/th><th><strong>Facultad \/ Programa<\/strong><\/th><th><strong>Correo Electr\u00f3nico<\/strong><\/th><th><strong>Fecha Elecci\u00f3n<\/strong><\/th><\/tr><\/thead><tbody><tr><td><span style=\"font-size: revert; font-family: inherit; font-weight: inherit; color: initial;\">Juan Mauricio Casta\u00f1o Rojas<\/span><\/td><td><span>Decano<\/span><\/td><td><p><span class=\"post-content__span\"> <span>Ciencias Ambientales&nbsp;<\/span><\/p><\/td><td><p><span class=\"post-content__span\"> <span>jmc@utp.edu.co<\/span><\/p><\/td><td>16\/03\/2026<\/td><\/tr><tr><td><span style=\"font-size: revert; font-family: inherit; font-weight: inherit; color: initial;\">Juan David Cespedes Restrepo<\/span><\/td><td>Director Escuela de Posgrados<\/td><td>Ciencias Ambientales<\/td><td><p><span class=\"post-content__span\"> <span>jdcespedes@utp.edu.co<\/span><\/p><\/td><td>16\/03\/2026<\/td><\/tr><tr><td><span style=\"font-size: revert; font-family: inherit; font-weight: inherit; color: initial;\">\u00c1lvaro Ignacio Ram\u00edrez Fajardo<\/span><\/td><td><p><span class=\"post-content__span\"> <span>Docente<\/span><\/p><\/td><td><p><span class=\"post-content__span\"> <span>Ciencias Ambientales&nbsp;<\/span><\/p><\/td><td><p><span class=\"post-content__span\"> <span>aligrafa@utp.edu.co<\/span><\/p><\/td><td>16\/03\/2026<\/td><\/tr><tr><td><span style=\"font-size: revert; font-family: inherit; font-weight: inherit; color: initial;\">Maria Constanza Zu\u00f1iga Torres<\/span><\/td><td><p><span class=\"post-content__span\"> <span>Docente<\/span><\/p><\/td><td><p><span class=\"post-content__span\"> <span>Ciencias Ambientales&nbsp;<\/span><\/p><\/td><td><p><span class=\"post-content__span\"> <span>connie@utp.edu.co<\/span><\/p><\/td><td>16\/03\/2026<\/td><\/tr><tr><td><span style=\"font-size: revert; font-family: inherit; font-weight: inherit; color: initial;\">Andr\u00e9s Rivera Berr\u00edo<\/span><\/td><td><span>Docente<\/span><\/td><td><p><span class=\"post-content__span\"> <span>Ciencias Ambientales<\/span><\/p><\/td><td><p><span class=\"post-content__span\"> <span>ariverab@utp.edu.co<\/span><\/p><\/td><td>16\/03\/2026<\/td><\/tr><\/tbody><\/table><\/figure>\n\n\n\n<p><span class=\"post-content__span\"> <\/p>\n\n\n\n<ul class=\"wp-block-list\">\n<li><strong>Actualizado seg\u00fan el Memorando Remitido por la Facultad (02-27-170 del 19 de marzo de 2026)<\/strong><\/li>\n\n\n\n<li><strong>Actualizado seg\u00fan el Memorando Remitido por la Facultad (02-27-52 del 12 de febrero de\u00a02025)<\/strong><\/li>\n\n\n\n<li><strong>Actualizado seg\u00fan el Memorando Remitido por la Facultad (02-27-194 del 22 de mayo&nbsp;de&nbsp;2024)<\/strong><\/li>\n<\/ul>\n\n\n\n<p><span class=\"post-content__span\"> <\/p>\n","protected":false},"excerpt":{"rendered":"<p>Reglamentado seg\u00fan el acuerdo del&nbsp;Consejo Superior Universitario N\u00b0&nbsp;28 del 2016&nbsp; Capitulo V&nbsp;\u00abDE LA ESTRUCTURA DE LA INVESTIGACI\u00d3N EN LAS FACULTADES\u00bb&nbsp;[VER] Nombres y Apellidos Cargo Facultad \/ Programa Correo Electr\u00f3nico Fecha [&#8230;]<\/p>\n","protected":false},"author":0,"featured_media":0,"comment_status":"closed","ping_status":"closed","sticky":false,"template":"","format":"standard","meta":{"footnotes":""},"categories":[1],"tags":[],"class_list":["post-3211","post","type-post","status-publish","format-standard","hentry","category-sin-categoria"],"_links":{"self":[{"href":"https:\/\/vicerrectorias.utp.edu.co\/viie\/wp-json\/wp\/v2\/posts\/3211","targetHints":{"allow":["GET"]}}],"collection":[{"href":"https:\/\/vicerrectorias.utp.edu.co\/viie\/wp-json\/wp\/v2\/posts"}],"about":[{"href":"https:\/\/vicerrectorias.utp.edu.co\/viie\/wp-json\/wp\/v2\/types\/post"}],"replies":[{"embeddable":true,"href":"https:\/\/vicerrectorias.utp.edu.co\/viie\/wp-json\/wp\/v2\/comments?post=3211"}],"version-history":[{"count":18,"href":"https:\/\/vicerrectorias.utp.edu.co\/viie\/wp-json\/wp\/v2\/posts\/3211\/revisions"}],"predecessor-version":[{"id":23609,"href":"https:\/\/vicerrectorias.utp.edu.co\/viie\/wp-json\/wp\/v2\/posts\/3211\/revisions\/23609"}],"wp:attachment":[{"href":"https:\/\/vicerrectorias.utp.edu.co\/viie\/wp-json\/wp\/v2\/media?parent=3211"}],"wp:term":[{"taxonomy":"category","embeddable":true,"href":"https:\/\/vicerrectorias.utp.edu.co\/viie\/wp-json\/wp\/v2\/categories?post=3211"},{"taxonomy":"post_tag","embeddable":true,"href":"https:\/\/vicerrectorias.utp.edu.co\/viie\/wp-json\/wp\/v2\/tags?post=3211"}],"curies":[{"name":"wp","href":"https:\/\/api.w.org\/{rel}","templated":true}]}}