{"id":3191,"date":"2022-08-23T11:23:18","date_gmt":"2023-12-01T14:53:00","guid":{"rendered":""},"modified":"2025-03-18T23:59:29","modified_gmt":"2025-03-18T22:59:29","slug":"comite-de-investigaciones-innovacion-y-extension-facultad-de-ciencias-empresariales","status":"publish","type":"post","link":"https:\/\/vicerrectorias.utp.edu.co\/viie\/comite-de-investigaciones-innovacion-y-extension-facultad-de-ciencias-empresariales\/","title":{"rendered":"Comite de Investigaciones Innovaci\u00f3n y Extensi\u00f3n Facultad de Ciencias Empresariales"},"content":{"rendered":"\n<p><span class=\"post-content__span\"> <span>Reglamentado seg\u00fan el acuerdo del&nbsp;<strong>Consejo Superior Universitario N\u00b0<\/strong><strong>&nbsp;28 del 2016<\/strong>&nbsp;<\/span><\/p>\n\n\n\n<p><span class=\"post-content__span\"> <span><strong>Capitulo&nbsp;V&nbsp;\u00abDE LA ESTRUCTURA DE LA INVESTIGACI\u00d3N EN LAS FACULTADES\u00bb<\/strong><a href=\"https:\/\/vicerrectorias.utp.edu.co\/viie\/wp-content\/uploads\/sites\/3\/Acuerdo%20No.%2028%281%29.PDF\">&nbsp;<strong>[VER]<\/strong><\/a><\/span><\/p>\n\n\n\n<figure class=\"wp-block-table\"><table class=\"has-white-color has-text-color has-background has-link-color has-fixed-layout\" style=\"background-color:#8a7000\"><tbody><tr><td class=\"has-text-align-center\" data-align=\"center\"><strong>Nombres y Apellidos<\/strong><\/td><td class=\"has-text-align-center\" data-align=\"center\"><strong>Cargo<\/strong><\/td><td class=\"has-text-align-center\" data-align=\"center\"><strong>Facultad \/ Programa<\/strong><\/td><td class=\"has-text-align-center\" data-align=\"center\"><strong>Correo Electr\u00f3nico<\/strong><\/td><\/tr><\/tbody><\/table><\/figure>\n\n\n\n<figure class=\"wp-block-table\"><table class=\"has-fixed-layout\"><tbody><tr><td><p><span class=\"post-content__span\"> <span>Leonel Arias Montoya<\/span><\/p><\/td><td><p><span class=\"post-content__span\"> <span>Decano&nbsp;<\/span><\/p><\/td><td><p><span class=\"post-content__span\"> <span>Facultad de Ciencias Empresariales<\/span><\/p><\/td><td><p><span class=\"post-content__span\"> <span>leoarias@utp.edu.co<\/span><\/p><\/td><\/tr><tr><td><span>Juan Carlos Casta\u00f1o Benjumea<\/span><\/td><td><span>Director de Programa<\/span><\/td><td><p><span class=\"post-content__span\"> <span>Facultad de Ciencias Empresariales<\/span><\/p><\/td><td><span>jucasta@utp.edu.co<\/span><\/td><\/tr><tr><td><p><span class=\"post-content__span\"> <span>Jorge Hern\u00e1n Restrepo Correa<\/span><\/p><\/td><td><p><span class=\"post-content__span\"> <span>Docente&nbsp;<\/span><\/p><\/td><td><p><span class=\"post-content__span\"> <span>Facultad de Ciencias Empresariales<\/span><\/p><\/td><td><p><span class=\"post-content__span\"> <span>jhrestrepoco@utp.edu.co<\/span><\/p><\/td><\/tr><tr><td><p><span class=\"post-content__span\"> <span>Mar\u00eda Elena Bernal Loaiza<\/span><\/p><\/td><td><p><span class=\"post-content__span\"> <span>Docente&nbsp;<\/span><\/p><\/td><td><p><span class=\"post-content__span\"> <span>Facultad de Ciencias Empresariales<\/span><\/p><\/td><td><p><span class=\"post-content__span\"> <span>mbernal@utp.edu.co<\/span><\/p><\/td><\/tr><tr><td><p><span class=\"post-content__span\"> <span>Eliana Mirledy Toro Ocampo<\/span><\/p><\/td><td><p><span class=\"post-content__span\"> <span>Docente&nbsp;<\/span><\/p><\/td><td><p><span class=\"post-content__span\"> <span>Facultad de Ciencias Empresariales<\/span><\/p><\/td><td><p><span class=\"post-content__span\"> <span>elianam@utp.edu.co&nbsp;<\/span><\/p><\/td><\/tr><\/tbody><\/table><\/figure>\n\n\n\n<p><span class=\"post-content__span\"> <\/p>\n\n\n\n<ul class=\"wp-block-list\">\n<li><strong style=\"font-size: revert; color: initial;\">Actualizado seg\u00fan Resoluci\u00f3n de Rector\u00eda No 4159 del 22 de abril de 2024<\/strong><\/li>\n\n\n\n<li><strong style=\"font-size: revert; color: initial;\">Actualizado seg\u00fan el Memorando Remitido por la Facultad (02-2421-380&nbsp;del&nbsp;16 de agosto de 2022)<\/strong> <\/li>\n<\/ul>\n\n\n\n<p><span class=\"post-content__span\"> <\/p>\n","protected":false},"excerpt":{"rendered":"<p>Reglamentado seg\u00fan el acuerdo del&nbsp;Consejo Superior Universitario N\u00b0&nbsp;28 del 2016&nbsp; Capitulo&nbsp;V&nbsp;\u00abDE LA ESTRUCTURA DE LA INVESTIGACI\u00d3N EN LAS FACULTADES\u00bb&nbsp;[VER] Nombres y Apellidos Cargo Facultad \/ Programa Correo Electr\u00f3nico Leonel Arias [&#8230;]<\/p>\n","protected":false},"author":0,"featured_media":0,"comment_status":"closed","ping_status":"closed","sticky":false,"template":"","format":"standard","meta":{"footnotes":""},"categories":[1],"tags":[],"class_list":["post-3191","post","type-post","status-publish","format-standard","hentry","category-sin-categoria"],"_links":{"self":[{"href":"https:\/\/vicerrectorias.utp.edu.co\/viie\/wp-json\/wp\/v2\/posts\/3191","targetHints":{"allow":["GET"]}}],"collection":[{"href":"https:\/\/vicerrectorias.utp.edu.co\/viie\/wp-json\/wp\/v2\/posts"}],"about":[{"href":"https:\/\/vicerrectorias.utp.edu.co\/viie\/wp-json\/wp\/v2\/types\/post"}],"replies":[{"embeddable":true,"href":"https:\/\/vicerrectorias.utp.edu.co\/viie\/wp-json\/wp\/v2\/comments?post=3191"}],"version-history":[{"count":7,"href":"https:\/\/vicerrectorias.utp.edu.co\/viie\/wp-json\/wp\/v2\/posts\/3191\/revisions"}],"predecessor-version":[{"id":18735,"href":"https:\/\/vicerrectorias.utp.edu.co\/viie\/wp-json\/wp\/v2\/posts\/3191\/revisions\/18735"}],"wp:attachment":[{"href":"https:\/\/vicerrectorias.utp.edu.co\/viie\/wp-json\/wp\/v2\/media?parent=3191"}],"wp:term":[{"taxonomy":"category","embeddable":true,"href":"https:\/\/vicerrectorias.utp.edu.co\/viie\/wp-json\/wp\/v2\/categories?post=3191"},{"taxonomy":"post_tag","embeddable":true,"href":"https:\/\/vicerrectorias.utp.edu.co\/viie\/wp-json\/wp\/v2\/tags?post=3191"}],"curies":[{"name":"wp","href":"https:\/\/api.w.org\/{rel}","templated":true}]}}