{"id":3181,"date":"2020-03-25T17:22:49","date_gmt":"2023-12-01T14:53:00","guid":{"rendered":""},"modified":"2025-10-06T16:18:34","modified_gmt":"2025-10-06T14:18:34","slug":"comite-de-investigaciones-innovacion-y-extension-facultad-de-ingenierias","status":"publish","type":"post","link":"https:\/\/vicerrectorias.utp.edu.co\/viie\/comite-de-investigaciones-innovacion-y-extension-facultad-de-ingenierias\/","title":{"rendered":"Comite de Investigaciones Innovaci\u00f3n y Extensi\u00f3n Facultad de Ingenier\u00edas"},"content":{"rendered":"\n<p><span class=\"post-content__span\"> <span>Reglamentado seg\u00fan el acuerdo del&nbsp;<strong>Consejo Superior Universitario N\u00b0<\/strong><strong>&nbsp;28 del 2016<\/strong>&nbsp;<\/span><\/p>\n\n\n\n<p><span class=\"post-content__span\"> <span><strong>Capitulo&nbsp;V&nbsp;\u00abDE LA ESTRUCTURA DE LA INVESTIGACI\u00d3N EN LAS FACULTADES\u00bb<\/strong><a href=\"https:\/\/vicerrectorias.utp.edu.co\/viie\/wp-content\/uploads\/sites\/3\/Acuerdo%20No.%2028%281%29.PDF\">&nbsp;<strong>[VER]<\/strong><\/a><\/span><\/p>\n\n\n\n<figure class=\"wp-block-table\"><table class=\"has-white-color has-text-color has-background has-link-color has-fixed-layout\" style=\"background-color:#d04601\"><tbody><tr><td class=\"has-text-align-center\" data-align=\"center\"><strong>Nombres y Apellidos<\/strong><\/td><td class=\"has-text-align-center\" data-align=\"center\"><strong>Cargo<\/strong><\/td><td class=\"has-text-align-center\" data-align=\"center\"><strong>Facultad \/ Programa<\/strong><\/td><td class=\"has-text-align-center\" data-align=\"center\"><strong>Correo Electr\u00f3nico<\/strong><\/td><td><strong>Fecha Elecci\u00f3n<\/strong><\/td><\/tr><\/tbody><\/table><\/figure>\n\n\n\n<figure class=\"wp-block-table\"><table class=\"has-fixed-layout\"><tbody><tr><td><span><span>Andr\u00e9s Felipe Calv<\/span><span style=\"font-family: inherit; font-size: inherit; font-weight: inherit; color: initial;\">o Salcedo<\/span><\/span><\/td><td><span>Decano<\/span><\/td><td><span>Facultad de Ingenier\u00edas<\/span><\/td><td><span><span>afcalvo@utp.edu.co<\/span><\/span><\/td><td>15\/09\/2025<\/td><\/tr><tr><td><span><span>Carlos Augusto Meneses Escobar<\/span><\/span><\/td><td><span><span>Director de Programa<\/span><\/span><\/td><td><span><span>Programa Ingenier\u00eda de Sistemas y Computaci\u00f3n<\/span><\/span><\/td><td><span>cmeneses@utp.edu.co<\/span><\/td><td>15\/09\/2025<\/td><\/tr><tr><td><span>Ana Mar\u00eda L\u00f3pez Echeverry<\/span><\/td><td><span>Docente<\/span><\/td><td><span>Programa Ingenier\u00eda de Sistemas y Computaci\u00f3n<\/span><\/td><td>anamayi@utp.edu.co<\/td><td>15\/09\/2025<\/td><\/tr><tr><td><span>Juli\u00e1n David Echeverry Correa<\/span><\/td><td><span>Docente<\/span><\/td><td><span>Programa Ingenier\u00eda El\u00e9ctrica\u00a0<\/span><\/td><td><span>jde@utp.edu.co<\/span><\/td><td>15\/09\/2025<\/td><\/tr><tr><td><span>Jennifer Bustamante Mej\u00eda<\/span><\/td><td><span>Docente<\/span><\/td><td><span>Programa Ingenier\u00eda F\u00edsica<\/span><\/td><td><span>jbustamante@utp.edu.co<\/span><\/td><td>15\/09\/2025<\/td><\/tr><\/tbody><\/table><\/figure>\n\n\n\n<p><span class=\"post-content__span\"> <\/p>\n\n\n\n<ul class=\"wp-block-list\">\n<li><strong>Actualizado seg\u00fan el Memorando Remitido por la Facultad (02-24-635 del 30 de septiembre de 2025).\u00a0<\/strong><\/li>\n<\/ul>\n\n\n\n<p><span class=\"post-content__span\"> <\/p>\n","protected":false},"excerpt":{"rendered":"<p>Reglamentado seg\u00fan el acuerdo del&nbsp;Consejo Superior Universitario N\u00b0&nbsp;28 del 2016&nbsp; Capitulo&nbsp;V&nbsp;\u00abDE LA ESTRUCTURA DE LA INVESTIGACI\u00d3N EN LAS FACULTADES\u00bb&nbsp;[VER] Nombres y Apellidos Cargo Facultad \/ Programa Correo Electr\u00f3nico Fecha Elecci\u00f3n [&#8230;]<\/p>\n","protected":false},"author":0,"featured_media":0,"comment_status":"closed","ping_status":"closed","sticky":false,"template":"","format":"standard","meta":{"footnotes":""},"categories":[1],"tags":[],"class_list":["post-3181","post","type-post","status-publish","format-standard","hentry","category-sin-categoria"],"_links":{"self":[{"href":"https:\/\/vicerrectorias.utp.edu.co\/viie\/wp-json\/wp\/v2\/posts\/3181","targetHints":{"allow":["GET"]}}],"collection":[{"href":"https:\/\/vicerrectorias.utp.edu.co\/viie\/wp-json\/wp\/v2\/posts"}],"about":[{"href":"https:\/\/vicerrectorias.utp.edu.co\/viie\/wp-json\/wp\/v2\/types\/post"}],"replies":[{"embeddable":true,"href":"https:\/\/vicerrectorias.utp.edu.co\/viie\/wp-json\/wp\/v2\/comments?post=3181"}],"version-history":[{"count":15,"href":"https:\/\/vicerrectorias.utp.edu.co\/viie\/wp-json\/wp\/v2\/posts\/3181\/revisions"}],"predecessor-version":[{"id":20932,"href":"https:\/\/vicerrectorias.utp.edu.co\/viie\/wp-json\/wp\/v2\/posts\/3181\/revisions\/20932"}],"wp:attachment":[{"href":"https:\/\/vicerrectorias.utp.edu.co\/viie\/wp-json\/wp\/v2\/media?parent=3181"}],"wp:term":[{"taxonomy":"category","embeddable":true,"href":"https:\/\/vicerrectorias.utp.edu.co\/viie\/wp-json\/wp\/v2\/categories?post=3181"},{"taxonomy":"post_tag","embeddable":true,"href":"https:\/\/vicerrectorias.utp.edu.co\/viie\/wp-json\/wp\/v2\/tags?post=3181"}],"curies":[{"name":"wp","href":"https:\/\/api.w.org\/{rel}","templated":true}]}}