{"id":3171,"date":"2022-06-03T14:33:11","date_gmt":"2023-12-01T14:53:00","guid":{"rendered":""},"modified":"2026-02-12T16:18:19","modified_gmt":"2026-02-12T15:18:19","slug":"comite-de-investigaciones-innovacion-y-extension-facultad-de-tecnologia","status":"publish","type":"post","link":"https:\/\/vicerrectorias.utp.edu.co\/viie\/comite-de-investigaciones-innovacion-y-extension-facultad-de-tecnologia\/","title":{"rendered":"Comite de Investigaciones Innovaci\u00f3n y Extensi\u00f3n Facultad de Tecnolog\u00eda"},"content":{"rendered":"\n<p><span class=\"post-content__span\"> <span>Reglamentado seg\u00fan el acuerdo del&nbsp;<strong>Consejo Superior Universitario N\u00b0<\/strong><strong>&nbsp;28 del 2016<\/strong>&nbsp;<\/span><\/p>\n\n\n\n<p><span class=\"post-content__span\"> <span><strong>Capitulo&nbsp;V&nbsp;\u00abDE LA ESTRUCTURA DE LA INVESTIGACI\u00d3N EN LAS FACULTADES\u00bb<\/strong><a href=\"https:\/\/vicerrectorias.utp.edu.co\/viie\/wp-content\/uploads\/sites\/3\/Acuerdo%20No.%2028%281%29.PDF\">&nbsp;<strong>[VER]<\/strong><\/a><\/span><\/p>\n\n\n\n<figure class=\"wp-block-table\"><table class=\"has-white-color has-text-color has-background has-link-color has-fixed-layout\" style=\"background-color:#7c755a\"><tbody><tr><td class=\"has-text-align-center\" data-align=\"center\"><strong>Nombre Y Apellidos<\/strong><\/td><td class=\"has-text-align-center\" data-align=\"center\"><strong>Cargo<\/strong><\/td><td class=\"has-text-align-center\" data-align=\"center\"><strong>Facultad \/Programa<\/strong><\/td><td class=\"has-text-align-center\" data-align=\"center\">Correo Electr\u00f3<strong>nico<\/strong><\/td><td><strong>Fecha Elecci\u00f3n<\/strong><\/td><\/tr><\/tbody><\/table><\/figure>\n\n\n\n<figure class=\"wp-block-table\"><table class=\"has-fixed-layout\"><tbody><tr><td><span>Edgar Alonso Salazar Mar\u00edn<\/span><\/td><td><span data-sider-select-id=\"71766556-2721-4da8-932b-85e46d941642\">D<\/span><span>ecano<\/span><\/td><td><span>Facultad de Tecnolog\u00eda<\/span><\/td><td><span>edgarsalazar@utp.edu.co<\/span><\/td><td>22\/05\/2024<\/td><\/tr><tr><td>John Jairo Sanchez Castro<\/td><td><span>Director de Programa<\/span><\/td><td><span><span>Administraci\u00f3n Industrial<\/span><\/span><\/td><td><span>jasaca@utp.edu.co<\/span><\/td><td>22\/05\/2024<\/td><\/tr><tr><td>Jaime Alejandro Mart\u00ednez Acosta<\/td><td><span>Docente<\/span><\/td><td><span>Tecnolog\u00eda Qu\u00edmica y Qu\u00edmica Industrial<\/span><\/td><td><span>jaalmartinez@utp.edu.co<\/span><\/td><td>23\/05\/2024<\/td><\/tr><tr><td><span>Hern\u00e1n Alberto<\/span> Quintero Vallejo<\/td><td><span>Docente<\/span><\/td><td><p><span class=\"post-content__span\"> <span>Mecatr\u00f3nica<\/span><\/p><\/td><td><span>hernan.quintero@utp.edu.co<\/span><\/td><td>23\/05\/2024<\/td><\/tr><tr><td>Laura M\u00f3nica Escobar Vargas<\/td><td><span>Docente<\/span><\/td><td>Tecnolog\u00eda El\u00e9ctrica<\/td><td>lamoescobar@utp.edu.co<\/td><td>20\/03\/2025<\/td><\/tr><\/tbody><\/table><\/figure>\n\n\n\n<p><span class=\"post-content__span\"> <\/p>\n\n\n\n<ul class=\"wp-block-list\">\n<li><strong>Actualizado seg\u00fan el Memorando Remitido por la Facultad (02-26-173 del 21 de marzo del 2025)<\/strong><\/li>\n\n\n\n<li><strong>Actualizado seg\u00fan el Memorando Remitido por la Facultad (02-26-315&nbsp;del 24 de mayo del 2024)<\/strong><\/li>\n<\/ul>\n\n\n\n<p><span class=\"post-content__span\"> <\/p>\n","protected":false},"excerpt":{"rendered":"<p>Reglamentado seg\u00fan el acuerdo del&nbsp;Consejo Superior Universitario N\u00b0&nbsp;28 del 2016&nbsp; Capitulo&nbsp;V&nbsp;\u00abDE LA ESTRUCTURA DE LA INVESTIGACI\u00d3N EN LAS FACULTADES\u00bb&nbsp;[VER] Nombre Y Apellidos Cargo Facultad \/Programa Correo Electr\u00f3nico Fecha Elecci\u00f3n Edgar [&#8230;]<\/p>\n","protected":false},"author":0,"featured_media":0,"comment_status":"closed","ping_status":"closed","sticky":false,"template":"","format":"standard","meta":{"footnotes":""},"categories":[1],"tags":[],"class_list":["post-3171","post","type-post","status-publish","format-standard","hentry","category-sin-categoria"],"_links":{"self":[{"href":"https:\/\/vicerrectorias.utp.edu.co\/viie\/wp-json\/wp\/v2\/posts\/3171","targetHints":{"allow":["GET"]}}],"collection":[{"href":"https:\/\/vicerrectorias.utp.edu.co\/viie\/wp-json\/wp\/v2\/posts"}],"about":[{"href":"https:\/\/vicerrectorias.utp.edu.co\/viie\/wp-json\/wp\/v2\/types\/post"}],"replies":[{"embeddable":true,"href":"https:\/\/vicerrectorias.utp.edu.co\/viie\/wp-json\/wp\/v2\/comments?post=3171"}],"version-history":[{"count":8,"href":"https:\/\/vicerrectorias.utp.edu.co\/viie\/wp-json\/wp\/v2\/posts\/3171\/revisions"}],"predecessor-version":[{"id":22879,"href":"https:\/\/vicerrectorias.utp.edu.co\/viie\/wp-json\/wp\/v2\/posts\/3171\/revisions\/22879"}],"wp:attachment":[{"href":"https:\/\/vicerrectorias.utp.edu.co\/viie\/wp-json\/wp\/v2\/media?parent=3171"}],"wp:term":[{"taxonomy":"category","embeddable":true,"href":"https:\/\/vicerrectorias.utp.edu.co\/viie\/wp-json\/wp\/v2\/categories?post=3171"},{"taxonomy":"post_tag","embeddable":true,"href":"https:\/\/vicerrectorias.utp.edu.co\/viie\/wp-json\/wp\/v2\/tags?post=3171"}],"curies":[{"name":"wp","href":"https:\/\/api.w.org\/{rel}","templated":true}]}}