{"id":3121,"date":"2020-10-15T14:52:04","date_gmt":"2023-12-01T14:53:00","guid":{"rendered":""},"modified":"2023-07-17T16:40:52","modified_gmt":"2023-12-01T14:53:00","slug":"convocatoria-interna-para-fomentar-la-publicacion-de-textos-academicos-ano-2020","status":"publish","type":"post","link":"https:\/\/vicerrectorias.utp.edu.co\/viie\/convocatoria-interna-para-fomentar-la-publicacion-de-textos-academicos-ano-2020\/","title":{"rendered":"CONVOCATORIA INTERNA PARA FOMENTAR LA PUBLICACI\u00d3N DE TEXTOS ACAD\u00c9MICOS A\u00d1O 2020"},"content":{"rendered":"\n<ul class=\"wp-block-list\">\n<li><strong style=\"color: revert; font-size: revert;\">RESULTADOS<\/strong> <\/li>\n<\/ul>\n\n\n\n<p><span class=\"post-content__span\"> <a href=\"https:\/\/vicerrectorias.utp.edu.co\/viie\/wp-content\/uploads\/sites\/3\/CONVOCATORIA%20textos%20academicos%20a%20publicar%202020.pdf\"><span><strong>[Ver]&nbsp;TRABAJOS QUE SER\u00c1N PUBLICADOS POR LA EDITORIAL<\/strong><\/span><\/a><\/p>\n\n\n\n<p><span class=\"post-content__span\"> <span><strong>\u200b\u200b\u200b\u200b\u200b\u200b\u200b\u200bFecha de Publicaci\u00f3n:<\/strong>&nbsp;15&nbsp;de Octubre&nbsp;del 2020<\/span><\/p>\n\n\n\n<hr class=\"wp-block-separator has-css-opacity\"\/>\n\n\n\n<ul class=\"wp-block-list\">\n<li><h3><span><strong>PUBLICACI\u00d3N<\/strong><\/span><\/h3> <\/li>\n<\/ul>\n\n\n\n<p><span class=\"post-content__span\"> <a href=\"https:\/\/vicerrectorias.utp.edu.co\/viie\/wp-content\/uploads\/sites\/3\/CONVOCATORIA%20textos%20academicos%20requisitos%20minimos%202020%20.pdf\"><span><strong>[Ver]&nbsp;TRABAJOS QUE CUMPLIERON CON LOS REQUISITOS M\u00cdNIMOS<\/strong><\/span><\/a><\/p>\n\n\n\n<p><span class=\"post-content__span\"> <span><strong>\u200b\u200b\u200b\u200b\u200b\u200b\u200b\u200bFecha de Publicaci\u00f3n:<\/strong>&nbsp;06 de Agosto del 2020<\/span><\/p>\n\n\n\n<hr class=\"wp-block-separator has-css-opacity\"\/>\n\n\n\n<ul class=\"wp-block-list\">\n<li><h3><strong><span>ADENDA N\u00b02<\/span><\/strong><\/h3><\/li>\n<\/ul>\n\n\n\n<p><span class=\"post-content__span\"> <a href=\"https:\/\/vicerrectorias.utp.edu.co\/viie\/wp-content\/uploads\/sites\/3\/Adenda%202%20convocatoria%2026%20junio%202020%282%29.pdf\"><span><strong>[Ver] MODIFICACI\u00d3N CRONOGRAMA DE CONVOCATORIAS INTERNAS<\/strong><\/span><\/a><\/p>\n\n\n\n<p><span class=\"post-content__span\"> <span><strong>Fecha de publicaci\u00f3n: <\/strong>26&nbsp;de Junio de 2020<\/span><\/p>\n\n\n\n<hr class=\"wp-block-separator has-css-opacity\"\/>\n\n\n\n<ul class=\"wp-block-list\">\n<li><strong style=\"color: revert; font-size: revert;\">ADENDA N\u00b01<\/strong> <\/li>\n<\/ul>\n\n\n\n<p><span class=\"post-content__span\"> <a href=\"https:\/\/vicerrectorias.utp.edu.co\/viie\/wp-content\/uploads\/sites\/3\/Adenda%20Convocatoria%20A%C3%B1o%202020%202.pdf\"><span><strong>[Ver] MODIFICACI\u00d3N CRONOGRAMA DE CONVOCATORIAS INTERNAS<\/strong><\/span><\/a><\/p>\n\n\n\n<p><span class=\"post-content__span\"> <span><strong>Fecha de publicaci\u00f3n:&nbsp;<\/strong>15&nbsp;de Abril de 2020<\/span><\/p>\n\n\n\n<hr class=\"wp-block-separator has-css-opacity\"\/>\n\n\n\n<p><span class=\"post-content__span\"> <span><strong>UNIVERSIDAD TECNOL\u00d3GICA DE PEREIRA<\/strong><\/span><\/p>\n\n\n\n<p><span class=\"post-content__span\"> <span><strong>VICERRECTOR\u00cdA DE INVESTIGACIONES, INNOVACI\u00d3N Y EXTENSI\u00d3N<\/strong><\/span><\/p>\n\n\n\n<p><span class=\"post-content__span\"> <span><strong>CONVOCATORIA INTERNA PARA FOMENTAR LA PUBLICACI\u00d3N DE&nbsp;<\/strong><strong>TEXTOS ACAD\u00c9MICOS A\u00d1O 2020<\/strong><\/span><\/p>\n\n\n\n<p><span class=\"post-content__span\"> <span>La Vicerrector\u00eda de Investigaciones, Innovaci\u00f3n y Extensi\u00f3n de la Universidad Tecnol\u00f3gica de Pereira invitan a los docentes a participar en la presente convocatoria cumpliendo los siguientes t\u00e9rminos:<\/span><\/p>\n\n\n\n<h3 class=\"wp-block-heading\"><span><strong>OBJETIVO:<\/strong><\/span><\/h3>\n\n\n\n<p><span class=\"post-content__span\"> <span>Fomentar la producci\u00f3n intelectual de los docentes de la Universidad Tecnol\u00f3gica de Pereira, a trav\u00e9s de la publicaci\u00f3n de textos acad\u00e9micos.<\/span><\/p>\n\n\n\n<h3 class=\"wp-block-heading\"><span><strong>DIRIGIDO A:<\/strong><\/span><\/h3>\n\n\n\n<p><span class=\"post-content__span\"> <span>Docentes de planta o transitorios de la Universidad Tecnol\u00f3gica de Pereira.<\/span><\/p>\n\n\n\n<h3 class=\"wp-block-heading\"><span><strong>REQUISITOS M\u00cdNIMOS PARA PARTICIPAR<\/strong><\/span><\/h3>\n\n\n\n<ol class=\"wp-block-list\">\n<li><span style=\"font-size: revert; color: initial;\">Podr\u00e1n participar los docentes de planta o transitorios de la Universidad Tecnol\u00f3gica de Pereira. Se acepta como coautor un docente catedr\u00e1tico.<\/span> <\/li>\n\n\n\n<li><span style=\"font-size: revert; color: initial;\">Por autor solo se podr\u00e1 presentar un trabajo en la convocatoria para la publicaci\u00f3n de Textos Acad\u00e9micos.<\/span> <\/li>\n\n\n\n<li><span style=\"font-size: revert; color: initial;\">El monto m\u00e1ximo a financiar ser\u00e1 de $6.000.000 para la publicaci\u00f3n del texto acad\u00e9mico. &nbsp;<\/span> <\/li>\n\n\n\n<li><span style=\"font-size: revert; color: initial;\">No podr\u00e1n participar los autores a quienes se les financi\u00f3 la publicaci\u00f3n de un libro a trav\u00e9s de cualquiera de las convocatorias de las l\u00edneas editoriales de la vigencia 2019 o que cuenten con recursos para dicho fin.<\/span> <\/li>\n\n\n\n<li><span style=\"font-size: revert; color: initial;\">Los docentes participantes deben haber dictado la asignatura correspondiente al trabajo presentado durante los dos a\u00f1os previos a la fecha de apertura de la presente convocatoria; o durante cuatro semestres anteriores de manera consecutiva.<\/span> <\/li>\n\n\n\n<li><p><span class=\"post-content__span\"> <span>Para la participaci\u00f3n en esta convocatoria se deber\u00e1 enviar a la Vicerrector\u00eda de Investigaciones, Innovaci\u00f3n y Extensi\u00f3n en sobre cerrado y radicado en Gesti\u00f3n de Documentos (Asunto: <strong>CONVOCATORIA INTERNA PARA FOMENTAR LA PUBLICACI\u00d3N DE TEXTOS ACAD\u00c9MICOS A\u00d1O 2020), <\/strong>lo siguiente:<\/span><\/p>\n<ol class=\"wp-block-list\">\n<li><span style=\"font-size: revert; color: initial;\">Carta de intenci\u00f3n <\/span><strong style=\"font-size: revert; color: initial;\">(Anexo 1)<\/strong><span style=\"font-size: revert; color: initial;\"> para la participaci\u00f3n en la convocatoria donde se establezca que el trabajo corresponde a la l\u00ednea editorial Texto Acad\u00e9mico.<\/span> <\/li>\n\n\n\n<li><span style=\"font-size: revert; color: initial;\">Archivo digital del libro a publicar. El documento debe ser in\u00e9dito y cumplir con los requisitos establecidos en el Manual de Lineamientos de la Editorial UTP <\/span><strong style=\"font-size: revert; color: initial;\">(Anexo 4).<\/strong> <\/li>\n\n\n\n<li><span style=\"font-size: revert; color: initial;\">Carta de Aval del Consejo de Facultad respectivo para la publicaci\u00f3n del libro y la evaluaci\u00f3n interna realizada.<\/span> <\/li>\n\n\n\n<li><span style=\"font-size: revert; color: initial;\">Formato con informaci\u00f3n adicional (<\/span><strong style=\"font-size: revert; color: initial;\">Anexo 3<\/strong><span style=\"font-size: revert; color: initial;\">).<\/span> <\/li>\n<\/ol>\n<\/li>\n<\/ol>\n\n\n\n<p><span class=\"post-content__span\"> <strong>NOTA 1: <\/strong><span>No se aceptar\u00e1n memorando enviados por el aplicativo de Gesti\u00f3n de Documentos. El \u00fanico medio de entrega de la informaci\u00f3n para participar en la presente convocatoria es a trav\u00e9s de la Oficina de Gesti\u00f3n de Documentos.&nbsp; &nbsp; &nbsp;&nbsp;<\/span><\/p>\n\n\n\n<h3 class=\"wp-block-heading\"><span><strong>CRONOGRAMA:<\/strong><\/span><\/h3>\n\n\n\n<figure class=\"wp-block-table\"><table><tbody><tr><td>\n<p><span class=\"post-content__span\"> Aprobaci\u00f3n de criterios de la convocatoria por el Comit\u00e9 Editorial<\/p>\n<\/td><td>\n<p><span class=\"post-content__span\"> <strong>Febrero 18 &#8211; 20 de 2020<\/strong><\/p>\n<\/td><\/tr><tr><td>\n<p><span class=\"post-content__span\"> Aprobaci\u00f3n de criterios de la convocatoria por el Consejo Acad\u00e9mico<\/p>\n<\/td><td>\n<p><span class=\"post-content__span\"> <strong>Marzo 17&nbsp; de 2020<\/strong><\/p>\n<\/td><\/tr><tr><td>\n<p><span class=\"post-content__span\"> Apertura de la Convocatoria<\/p>\n<\/td><td>\n<p><span class=\"post-content__span\"> <strong>Marzo 18&nbsp; de 2020<\/strong><\/p>\n<\/td><\/tr><tr><td>\n<p><span class=\"post-content__span\"> Fecha hasta la que se recibir\u00e1n trabajos &nbsp;<\/p>\n<\/td><td>\n<p><span class=\"post-content__span\"> <strong>Julio 31&nbsp;de 2020<\/strong><\/p>\n<\/td><\/tr><tr><td>\n<p><span class=\"post-content__span\"> Publicaci\u00f3n de resultados de los trabajos&nbsp; que cumplieron con los requisitos m\u00ednimos<\/p>\n<\/td><td>\n<p><span class=\"post-content__span\"> <strong>Agosto 6&nbsp;de 2020<\/strong><\/p>\n<\/td><\/tr><tr><td>\n<p><span class=\"post-content__span\"> Consultas y aclaraci\u00f3n de inquietudes sobre resultados publicados de los trabajos&nbsp; que cumplieron con los requisitos m\u00ednimos \u2013 enviar solicitud al correo electr\u00f3nico (luismvargas@utp.edu.co)<\/p>\n<\/td><td>\n<p><span class=\"post-content__span\"> <strong>Agosto 10&nbsp;y 11&nbsp;de 2020<\/strong><\/p>\n<\/td><\/tr><tr><td>\n<p><span class=\"post-content__span\"> Tiempo para la evaluaci\u00f3n de pares externos<\/p>\n<\/td><td>\n<p><span class=\"post-content__span\"> <strong>Agosto 12&nbsp;a Septiembre 30&nbsp;de 2020<\/strong><\/p>\n<\/td><\/tr><tr><td>\n<p><span class=\"post-content__span\"> Revisi\u00f3n de resultados por Comit\u00e9 Editorial<\/p>\n<\/td><td>\n<p><span class=\"post-content__span\"> <strong>Octubre&nbsp;08&nbsp;de 2020<\/strong><\/p>\n<\/td><\/tr><tr><td>\n<p><span class=\"post-content__span\"> Publicaci\u00f3n de resultados finales<\/p>\n<\/td><td>\n<p><span class=\"post-content__span\"> <strong>Octubre 15&nbsp;de 2020<\/strong><\/p>\n<\/td><\/tr><\/tbody><\/table><\/figure>\n\n\n\n<p><span class=\"post-content__span\"> \n<strong>DOCUMENTOS ANEXOS DE LA CONVOCATORIA<\/strong><\/p>\n\n\n\n<ul class=\"wp-block-list\">\n<li><a style=\"font-size: revert;\" href=\"https:\/\/vicerrectorias.utp.edu.co\/viie\/wp-content\/uploads\/sites\/3\/CONVOCATORIA%20PARA%20LIBROS%20EDITORIAL%20textos%20acad.%202020.pdf\"><strong>T\u00c9RMINOS DE REFERENCIA [VER]&nbsp;<\/strong><\/a> <\/li>\n\n\n\n<li><a style=\"font-size: revert;\" href=\"https:\/\/vicerrectorias.utp.edu.co\/viie\/wp-content\/uploads\/sites\/3\/Anexo%201.%20carta%20de%20intenci%C3%B3n%20convocatoria%202020%20T.acad%C3%A9micos.docx\"><strong>DESCARGAR ANEXO 1:&nbsp;<\/strong><\/a><span style=\"font-size: revert; color: initial;\">Carta de intenci\u00f3n<\/span> <\/li>\n\n\n\n<li><strong style=\"font-size: revert; color: initial;\"><a href=\"https:\/\/vicerrectorias.utp.edu.co\/viie\/wp-content\/uploads\/sites\/3\/Anexo%203.%20formato%20informaci%C3%B3n%20adicional%20T.%20academicos%202020.docx\">DESCARGAR ANEXO 3:<\/a>&nbsp;<\/strong><span style=\"font-size: revert; color: initial;\">Formato de informaci\u00f3n adicional<\/span> <\/li>\n\n\n\n<li><strong style=\"font-size: revert; color: initial;\"><a href=\"https:\/\/vicerrectorias.utp.edu.co\/viie\/wp-content\/uploads\/sites\/3\/Anexo%204.%20MANUAL%20LINEAMIENTOS%20PARA%20DIAGRAMACION%281%29.pdf\">VER ANEXO 4:<\/a>&nbsp;<\/strong><span style=\"font-size: revert; color: initial;\">Manual de Lineamientos de la Editorial UTP<\/span> <\/li>\n<\/ul>\n","protected":false},"excerpt":{"rendered":"<p>[Ver]&nbsp;TRABAJOS QUE SER\u00c1N PUBLICADOS POR LA EDITORIAL \u200b\u200b\u200b\u200b\u200b\u200b\u200b\u200bFecha de Publicaci\u00f3n:&nbsp;15&nbsp;de Octubre&nbsp;del 2020 [Ver]&nbsp;TRABAJOS QUE CUMPLIERON CON LOS REQUISITOS M\u00cdNIMOS \u200b\u200b\u200b\u200b\u200b\u200b\u200b\u200bFecha de Publicaci\u00f3n:&nbsp;06 de Agosto del 2020 [Ver] MODIFICACI\u00d3N CRONOGRAMA DE [&#8230;]<\/p>\n","protected":false},"author":0,"featured_media":0,"comment_status":"closed","ping_status":"closed","sticky":false,"template":"","format":"standard","meta":{"footnotes":""},"categories":[1],"tags":[],"class_list":["post-3121","post","type-post","status-publish","format-standard","hentry","category-sin-categoria"],"_links":{"self":[{"href":"https:\/\/vicerrectorias.utp.edu.co\/viie\/wp-json\/wp\/v2\/posts\/3121","targetHints":{"allow":["GET"]}}],"collection":[{"href":"https:\/\/vicerrectorias.utp.edu.co\/viie\/wp-json\/wp\/v2\/posts"}],"about":[{"href":"https:\/\/vicerrectorias.utp.edu.co\/viie\/wp-json\/wp\/v2\/types\/post"}],"replies":[{"embeddable":true,"href":"https:\/\/vicerrectorias.utp.edu.co\/viie\/wp-json\/wp\/v2\/comments?post=3121"}],"version-history":[{"count":3,"href":"https:\/\/vicerrectorias.utp.edu.co\/viie\/wp-json\/wp\/v2\/posts\/3121\/revisions"}],"predecessor-version":[{"id":10649,"href":"https:\/\/vicerrectorias.utp.edu.co\/viie\/wp-json\/wp\/v2\/posts\/3121\/revisions\/10649"}],"wp:attachment":[{"href":"https:\/\/vicerrectorias.utp.edu.co\/viie\/wp-json\/wp\/v2\/media?parent=3121"}],"wp:term":[{"taxonomy":"category","embeddable":true,"href":"https:\/\/vicerrectorias.utp.edu.co\/viie\/wp-json\/wp\/v2\/categories?post=3121"},{"taxonomy":"post_tag","embeddable":true,"href":"https:\/\/vicerrectorias.utp.edu.co\/viie\/wp-json\/wp\/v2\/tags?post=3121"}],"curies":[{"name":"wp","href":"https:\/\/api.w.org\/{rel}","templated":true}]}}