{"id":3081,"date":"2020-06-23T09:46:23","date_gmt":"2023-12-01T14:53:00","guid":{"rendered":""},"modified":"2023-07-18T10:57:07","modified_gmt":"2023-12-01T14:53:00","slug":"convocatoria-interna-para-promover-la-publicacion-de-libros-de-la-facultad-de-ciencias-de-la-educacion-ano-2020","status":"publish","type":"post","link":"https:\/\/vicerrectorias.utp.edu.co\/viie\/convocatoria-interna-para-promover-la-publicacion-de-libros-de-la-facultad-de-ciencias-de-la-educacion-ano-2020\/","title":{"rendered":"CONVOCATORIA INTERNA PARA PROMOVER LA PUBLICACI\u00d3N DE LIBROS DE LA FACULTAD DE CIENCIAS DE LA EDUCACI\u00d3N A\u00d1O 2020"},"content":{"rendered":"\n<h3 class=\"wp-block-heading\"><strong><span>RESULTADOS<\/span><\/strong><\/h3>\n\n\n\n<p><span class=\"post-content__span\"> <span><a href=\"https:\/\/vicerrectorias.utp.edu.co\/viie\/wp-content\/uploads\/sites\/3\/TRABAJOS%20QUE%20CUMPLIERON%20CON%20LOS%20REQUISITOS%20M%C3%8DNIMOS.pdf\"><strong>[Ver] TRABAJOS QUE CUMPLIERON CON LOS REQUISITOS M\u00cdNIMOS<\/strong><\/a><\/span><\/p>\n\n\n\n<p><span class=\"post-content__span\"> <span><strong>Fecha de publicaci\u00f3n: <\/strong>23&nbsp;de Junio de 2020<\/span><\/p>\n\n\n\n<hr class=\"wp-block-separator has-css-opacity\"\/>\n\n\n\n<h3 class=\"wp-block-heading\"><span><strong>ADENDA N\u00b01<\/strong><\/span><\/h3>\n\n\n\n<p><span class=\"post-content__span\"> <a href=\"https:\/\/vicerrectorias.utp.edu.co\/viie\/wp-content\/uploads\/sites\/3\/ADENDA%20Fac%20Educaci%C3%B3n.pdf\"><span><strong>[Ver] MODIFICACI\u00d3N CRONOGRAMA DE CONVOCATORIAS INTERNAS<\/strong><\/span><\/a><\/p>\n\n\n\n<p><span class=\"post-content__span\"> <span><strong>Fecha de publicaci\u00f3n:&nbsp;<\/strong>14 de Abril de 2020<\/span><\/p>\n\n\n\n<hr class=\"wp-block-separator has-css-opacity\"\/>\n\n\n\n<p><span class=\"post-content__span\"> <span><strong>UNIVERSIDAD TECNOL\u00d3GICA DE PEREIRA<\/strong><\/span><\/p>\n\n\n\n<p><span class=\"post-content__span\"> <span><strong>FACULTAD DE CIENCIAS DE LA EDUCACION (FONDO DE FACULTAD)<\/strong><\/span><\/p>\n\n\n\n<p><span class=\"post-content__span\"> <span><strong>VICERRECTOR\u00cdA DE INVESTIGACIONES, INNOVACI\u00d3N Y EXTENSI\u00d3N<\/strong><\/span><\/p>\n\n\n\n<p><span class=\"post-content__span\"> <span><strong>CONVOCATORIA INTERNA PARA PROMOVER LA PUBLICACI\u00d3N DE LIBROS RESULTADO DE INVESTIGACI\u00d3N, ENSAYO, TEXTO ACAD\u00c9MICO Y OBRA LITERARIA DE LA FACULTAD DE CIENCIAS DE LA EDUCACI\u00d3N A\u00d1O 2020<\/strong><\/span><\/p>\n\n\n\n<p><span class=\"post-content__span\"> <span>La Facultad de Ciencias de la Educaci\u00f3n y la Vicerrector\u00eda de Investigaciones, Innovaci\u00f3n y Extensi\u00f3n de la Universidad Tecnol\u00f3gica de Pereira, invitan a participar en la presente convocatoria para financiar la publicaci\u00f3n de libros resultados de investigaci\u00f3n, ensayo, texto acad\u00e9mico y obra literaria a los profesores de la Facultad de Ciencias de la Educaci\u00f3n, cumpliendo los siguientes t\u00e9rminos:<\/span><\/p>\n\n\n\n<h3 class=\"wp-block-heading\"><span><strong>OBJETIVO:<\/strong><\/span><\/h3>\n\n\n\n<p><span class=\"post-content__span\"> <span>Promover y fortalecer la producci\u00f3n intelectual de los docentes de la Facultad de Ciencias de la Educaci\u00f3n de la Universidad Tecnol\u00f3gica de Pereira, a trav\u00e9s de la publicaci\u00f3n de libros resultado de Investigaci\u00f3n, Ensayo, Texto Acad\u00e9mico y Obra literaria, producto de actividades acad\u00e9micas de su quehacer docente. Estos trabajos se contextualizan en las L\u00edneas de Investigaci\u00f3n definidas para la Facultad (Pedagog\u00eda y Did\u00e1ctica, Educaci\u00f3n y Contexto, Educaci\u00f3n y Comunicaci\u00f3n).<\/span><\/p>\n\n\n\n<h3 class=\"wp-block-heading\"><span><strong>DIRIGIDO A:<\/strong><\/span><\/h3>\n\n\n\n<p><span class=\"post-content__span\"> <span>Docentes de la Facultad de Ciencias de la Educaci\u00f3n de la Universidad Tecnol\u00f3gica de Pereira. (Planta, Transitorios y Catedr\u00e1ticos).<\/span><\/p>\n\n\n\n<h3 class=\"wp-block-heading\"><span><strong>REQUISITOS M\u00cdNIMOS PARA PARTICIPAR <\/strong><\/span><\/h3>\n\n\n\n<ul class=\"wp-block-list\">\n<li><span style=\"font-size: revert; color: initial;\">Podr\u00e1n participar Docentes de la Facultad de Ciencias de la Educaci\u00f3n de la Universidad Tecnol\u00f3gica de Pereira de Planta, Transitorios y Catedr\u00e1ticos.<\/span> <\/li>\n\n\n\n<li><span style=\"font-size: revert; color: initial;\">Los autores de los libros resultado de investigaci\u00f3n presentados deber\u00e1n pertenecer al grupo de investigaci\u00f3n que presenta el trabajo y estar vinculados al proyecto de investigaci\u00f3n del cual es resultado el libro.<\/span> <\/li>\n\n\n\n<li><span style=\"font-size: revert; color: initial;\">Los docentes que presenten libros a la convocatoria deber\u00e1n encontrarse a paz y salvo en la Vicerrector\u00eda de Investigaciones, Innovaci\u00f3n y Extensi\u00f3n por todo concepto a la fecha de cierre de la presente convocatoria.<\/span> <\/li>\n\n\n\n<li><span style=\"font-size: revert; color: initial;\">Los autores s\u00f3lo podr\u00e1n participar con un tipo de publicaci\u00f3n (Libros Investigaci\u00f3n, Ensayo, Texto acad\u00e9mico u Obra literaria).<\/span> <\/li>\n\n\n\n<li><span style=\"font-size: revert; color: initial;\">Se dar\u00e1 prioridad a autores que no obtuvieron financiaci\u00f3n en la convocatoria anterior de publicaci\u00f3n de libros de la Facultad de Ciencias de la Educaci\u00f3n.\u00a0<\/span> <\/li>\n\n\n\n<li><span style=\"font-size: revert; color: initial;\">Se dar\u00e1 prioridad a los autores que no se encuentran participando en otra convocatoria interna de la Universidad Tecnol\u00f3gica de Pereira.<\/span> <\/li>\n\n\n\n<li><span style=\"font-size: revert; color: initial;\">Se priorizar\u00e1 a los docentes que no cuentan financiaci\u00f3n para producci\u00f3n en la presente vigencia.<\/span> <\/li>\n\n\n\n<li><span style=\"font-size: revert; color: initial;\">Para la participaci\u00f3n en esta convocatoria se deben enviar a la Vicerrector\u00eda de Investigaciones, Innovaci\u00f3n y Extensi\u00f3n en sobre cerrado radicado en Gesti\u00f3n de Documentos, Asunto: CONVOCATORIA INTERNA PARA FOMENTAR LA PUBLICACI\u00d3N DE LIBROS RESULTADO DE INVESTIGACI\u00d3N, ENSAYO TEXTO ACADEMICO Y OBRA LITERARIA DE LA FACULTAD DE CIENCIAS DE LA EDUCACI\u00d3N A\u00d1O 2020, los siguientes documentos:<\/span> <\/li>\n\n\n\n<li><span style=\"font-size: revert; color: initial;\">Carta de intenci\u00f3n (Anexo 1) para la participaci\u00f3n en la convocatoria donde se establezca que el trabajo corresponde a la l\u00ednea editorial Resultado de Investigaci\u00f3n, Ensayo, Texto acad\u00e9mico u Obra literaria, Debe estar firmada por el autor del libro.<\/span> <\/li>\n\n\n\n<li><span style=\"font-size: revert; color: initial;\">Documento en archivo digital del libro a publicar. El documento debe ser in\u00e9dito y cumplir con los requisitos establecidos en el Manual de Lineamientos de la Editorial UTP (anexo 4).<\/span> <\/li>\n<\/ul>\n\n\n\n<p><span class=\"post-content__span\"> <span><strong>NOTA 1:<\/strong> No se aceptar\u00e1n memorando enviados por el aplicativo de Gesti\u00f3n de Documentos. El \u00fanico medio de entrega de la informaci\u00f3n para participar en la presente convocatoria es a trav\u00e9s de la Oficina de Gesti\u00f3n de Documentos.&nbsp;<\/span><\/p>\n\n\n\n<h3 class=\"wp-block-heading\"><span><strong>CRONOGRAMA: <\/strong><\/span><\/h3>\n\n\n\n<figure class=\"wp-block-table\"><table><tbody><tr><td>\n<p><span class=\"post-content__span\"> Apertura de la Convocatoria<\/p>\n<\/td><td>\n<p><span class=\"post-content__span\"> 13 Marzo de 2020<\/p>\n<\/td><\/tr><tr><td>\n<p><span class=\"post-content__span\"> Fecha hasta la que se recibir\u00e1n trabajos &nbsp;<\/p>\n<\/td><td>\n<p><span class=\"post-content__span\"> 17 Junio&nbsp;de 2020<\/p>\n<\/td><\/tr><tr><td>\n<p><span class=\"post-content__span\"> Publicaci\u00f3n de resultados de los trabajos&nbsp; que cumplieron con los requisitos m\u00ednimos<\/p>\n<\/td><td>\n<p><span class=\"post-content__span\"> 19 Junio&nbsp;de 2020<\/p>\n<\/td><\/tr><tr><td>\n<p><span class=\"post-content__span\"> Consultas y aclaraci\u00f3n de inquietudes sobre resultados publicados de los trabajos&nbsp; que cumplieron con los requisitos m\u00ednimos \u2013 enviar solicitud al correo electr\u00f3nico<\/p>\n<\/td><td>\n<p><span class=\"post-content__span\"> 22&nbsp;y 23&nbsp;Junio&nbsp;de 2020<\/p>\n<\/td><\/tr><tr><td>\n<p><span class=\"post-content__span\"> Tiempo para la evaluaci\u00f3n de pares externos<\/p>\n<\/td><td>\n<p><span class=\"post-content__span\"> 1 al 30 de Julio&nbsp;de 2020<\/p>\n<\/td><\/tr><tr><td>\n<p><span class=\"post-content__span\"> Revisi\u00f3n de resultados<\/p>\n<\/td><td>\n<p><span class=\"post-content__span\"> 3 de Agosto&nbsp;de 2020<\/p>\n<\/td><\/tr><tr><td>\n<p><span class=\"post-content__span\"> Publicaci\u00f3n de resultados finales<\/p>\n<\/td><td>\n<p><span class=\"post-content__span\"> 7 de Agosto de 2020<\/p>\n<\/td><\/tr><\/tbody><\/table><\/figure>\n\n\n\n<h3 class=\"wp-block-heading\"><span><strong>DOCUMENTOS ANEXOS DE LA CONVOCATORIA<\/strong><\/span><\/h3>\n\n\n\n<ul class=\"wp-block-list\">\n<li><a style=\"font-size: revert;\" href=\"https:\/\/vicerrectorias.utp.edu.co\/viie\/wp-content\/uploads\/sites\/3\/CONVOCATORIA%20LIBROS%20EDUCACION%20V2%20Ajustes%20decano.pdf\"><strong>T\u00c9RMINOS DE REFERENCIA [VER]\u00a0<\/strong><\/a> <\/li>\n\n\n\n<li><a style=\"font-size: revert;\" href=\"https:\/\/vicerrectorias.utp.edu.co\/viie\/wp-content\/uploads\/sites\/3\/Anexo%201.%20carta%20de%20intenci%C3%B3n%20convocatoria%20educacion.docx\"><strong>DESCARGAR ANEXO 1:\u00a0<\/strong><\/a><span style=\"font-size: revert; color: initial;\">Carta de intenci\u00f3n<\/span> <\/li>\n\n\n\n<li><a style=\"font-size: revert;\" href=\"https:\/\/vicerrectorias.utp.edu.co\/viie\/wp-content\/uploads\/sites\/3\/Anexo%202.%20MANUAL%20LINEAMIENTOS%20DIAGRAMACI%C3%93N%282%29.pdf\"><strong>DESCARGAR\u00a0ANEXO 2:\u00a0<\/strong><\/a><span style=\"font-size: revert; color: initial;\">Manual de Lineamientos de la Editorial UTP.\u00a0<\/span> <\/li>\n<\/ul>\n\n\n\n<h3 class=\"wp-block-heading\"><span><strong>INFORMACI\u00d3N<\/strong><\/span><\/h3>\n\n\n\n<p><span class=\"post-content__span\"> <span>Vicerrector\u00eda de Investigaciones, Innovaci\u00f3n y Extensi\u00f3n.<\/span><\/p>\n\n\n\n<p><span class=\"post-content__span\"> <span>Email:&nbsp;<strong>Investigaciones@utp.edu.co<\/strong><\/span><\/p>\n","protected":false},"excerpt":{"rendered":"<p>RESULTADOS [Ver] TRABAJOS QUE CUMPLIERON CON LOS REQUISITOS M\u00cdNIMOS Fecha de publicaci\u00f3n: 23&nbsp;de Junio de 2020 ADENDA N\u00b01 [Ver] MODIFICACI\u00d3N CRONOGRAMA DE CONVOCATORIAS INTERNAS Fecha de publicaci\u00f3n:&nbsp;14 de Abril de [&#8230;]<\/p>\n","protected":false},"author":0,"featured_media":0,"comment_status":"closed","ping_status":"closed","sticky":false,"template":"","format":"standard","meta":{"footnotes":""},"categories":[1],"tags":[],"class_list":["post-3081","post","type-post","status-publish","format-standard","hentry","category-sin-categoria"],"_links":{"self":[{"href":"https:\/\/vicerrectorias.utp.edu.co\/viie\/wp-json\/wp\/v2\/posts\/3081","targetHints":{"allow":["GET"]}}],"collection":[{"href":"https:\/\/vicerrectorias.utp.edu.co\/viie\/wp-json\/wp\/v2\/posts"}],"about":[{"href":"https:\/\/vicerrectorias.utp.edu.co\/viie\/wp-json\/wp\/v2\/types\/post"}],"replies":[{"embeddable":true,"href":"https:\/\/vicerrectorias.utp.edu.co\/viie\/wp-json\/wp\/v2\/comments?post=3081"}],"version-history":[{"count":2,"href":"https:\/\/vicerrectorias.utp.edu.co\/viie\/wp-json\/wp\/v2\/posts\/3081\/revisions"}],"predecessor-version":[{"id":10668,"href":"https:\/\/vicerrectorias.utp.edu.co\/viie\/wp-json\/wp\/v2\/posts\/3081\/revisions\/10668"}],"wp:attachment":[{"href":"https:\/\/vicerrectorias.utp.edu.co\/viie\/wp-json\/wp\/v2\/media?parent=3081"}],"wp:term":[{"taxonomy":"category","embeddable":true,"href":"https:\/\/vicerrectorias.utp.edu.co\/viie\/wp-json\/wp\/v2\/categories?post=3081"},{"taxonomy":"post_tag","embeddable":true,"href":"https:\/\/vicerrectorias.utp.edu.co\/viie\/wp-json\/wp\/v2\/tags?post=3081"}],"curies":[{"name":"wp","href":"https:\/\/api.w.org\/{rel}","templated":true}]}}