{"id":3001,"date":"2020-07-17T17:36:47","date_gmt":"2023-12-01T14:53:00","guid":{"rendered":""},"modified":"2024-02-08T20:39:05","modified_gmt":"2024-02-08T19:39:05","slug":"decimo-encuentro-departamental-de-semilleros-de-investigacion-de-risaralda","status":"publish","type":"post","link":"https:\/\/vicerrectorias.utp.edu.co\/viie\/decimo-encuentro-departamental-de-semilleros-de-investigacion-de-risaralda\/","title":{"rendered":"D\u00c9CIMO ENCUENTRO DEPARTAMENTAL DE SEMILLEROS DE INVESTIGACI\u00d3N DE RISARALDA"},"content":{"rendered":"\n<ul class=\"wp-block-list\">\n<li>\n<p><span class=\"post-content__span\"> <span><strong>RESULTADOS CONVOCATORIA:&nbsp;<\/strong><a href=\"https:\/\/vicerrectorias.utp.edu.co\/viie\/wp-content\/uploads\/sites\/3\/LISTADO%20DEFINITIVO%20ENCUENTRO%20DEPARTAMENTAL%20UTP.xlsx\">Trabajos (Ponencias y P\u00f3ster) Aprobados para su presentaci\u00f3n en el D\u00e9cimo Encuentro Departamental de Semilleros de Investigaci\u00f3n de Risaralda<\/a><strong><a href=\"https:\/\/vicerrectorias.utp.edu.co\/viie\/wp-content\/uploads\/sites\/3\/TRABAJOS%20DE%20INVESTIGACION.pdf\">&nbsp;<\/a><a href=\"https:\/\/vicerrectorias.utp.edu.co\/viie\/wp-content\/uploads\/sites\/3\/LISTADO%20DEFINITIVO%20ENCUENTRO%20DEPARTAMENTAL%20UTP.xlsx\">[Ver]<\/a><\/strong><\/span><\/p>\n<\/li>\n<\/ul>\n\n\n\n<p><span class=\"post-content__span\"> <span><strong>\u200b\u200b\u200b\u200b\u200b\u200b\u200b\u200b<\/strong>Fecha de Publicaci\u00f3n: Julio&nbsp;17&nbsp;de 2020<\/span><\/p>\n\n\n\n<hr class=\"wp-block-separator has-css-opacity\" \/>\n\n\n<div class=\"wp-block-image\">\n<figure class=\"aligncenter is-resized\"><img loading=\"lazy\" decoding=\"async\" src=\"https:\/\/vicerrectorias.utp.edu.co\/viie\/wp-content\/uploads\/sites\/3\/unnamed%284%29.png\" alt=\"\" style=\"width:751px;height:404px\" width=\"751\" height=\"404\" \/><\/figure>\n<\/div>\n\n\n<h3 class=\"wp-block-heading\"><span><strong>PRESENTACI\u00d3N<\/strong><\/span><\/h3>\n\n\n\n<p><span class=\"post-content__span\"> <span>Este evento se desarrolla anualmente desde el a\u00f1o 2011 en el departamento de Risaralda, con la participaci\u00f3n de las siguientes instituciones de educaci\u00f3n:<\/span><\/p>\n\n\n\n<ul class=\"wp-block-list\">\n<li><span style=\"font-size: revert;color: initial\">Fundaci\u00f3n Universitaria del \u00c1rea Andina<\/span> <\/li>\n\n\n\n<li><span style=\"font-size: revert;color: initial\">Universidad Cat\u00f3lica de Pereira<\/span> <\/li>\n\n\n\n<li><span style=\"font-size: revert;color: initial\">Universidad Cooperativa de Colombia<\/span> <\/li>\n\n\n\n<li><span style=\"font-size: revert;color: initial\">Corporaci\u00f3n Universitaria Santa Rosa de Cabal &#8211; UNISARC<\/span> <\/li>\n\n\n\n<li><span style=\"font-size: revert;color: initial\">Universidad Tecnol\u00f3gica de Pereira<\/span> <\/li>\n\n\n\n<li><span style=\"font-size: revert;color: initial\">Universidad Libre Seccional Pereira<\/span> <\/li>\n\n\n\n<li><span style=\"font-size: revert;color: initial\">Instituto de Capacitaci\u00f3n Comfamiliar Risaralda<\/span> <\/li>\n\n\n\n<li><span style=\"font-size: revert;color: initial\">Fundaci\u00f3n Universitaria Comfamiliar Risaralda<\/span> <\/li>\n\n\n\n<li><span style=\"font-size: revert;color: initial\">Universidad Nacional Abierta y a Distancia \u2013 UNAD<\/span> <\/li>\n\n\n\n<li><span style=\"font-size: revert;color: initial\">SENA Risaralda.<\/span> <\/li>\n\n\n\n<li><span style=\"font-size: revert;color: initial\">Corporaci\u00f3n Universitaria Mi<\/span><span style=\"font-size: revert;color: initial\">nuto de Dios \u2013 UNIMINUTO<\/span> <\/li>\n\n\n\n<li><span style=\"font-size: revert;color: initial\">Fundaci\u00f3n Universitaria Aut\u00f3noma de las Am\u00e9ricas<\/span> <\/li>\n\n\n\n<li><span style=\"font-size: revert;color: initial\">Fundaci\u00f3n Universitaria Uniclaretiana<\/span> <\/li>\n\n\n\n<li><span style=\"font-size: revert;color: initial\">Escuela Superior de administraci\u00f3n P\u00fablica Territorial<\/span> <\/li>\n<\/ul>\n\n\n\n<p><span class=\"post-content__span\"> <span>Con el Encuentro se brinda la posibilidad a los integrantes de los semilleros de investigaci\u00f3n de reflexionar sobre problem\u00e1ticas del entorno y proponer alternativas que conduzcan a la comprensi\u00f3n y soluci\u00f3n de las mismas, en los diferentes campos del saber, conducentes al desarrollo regional y nacional.<\/span><\/p>\n\n\n\n<p><span class=\"post-content__span\"> <span>Este evento est\u00e1 pensado como un espacio acad\u00e9mico de socializaci\u00f3n de experiencias y aprendizajes investigativos de estudiantes de pregrado, desarrollados con rigor cient\u00edfico, permitiendo de esta manera la consolidaci\u00f3n de una comunidad acad\u00e9mica multidisciplinar e interdisciplinar.<\/span><\/p>\n\n\n\n<h3 class=\"wp-block-heading\"><span><strong>OBJETIVOS<\/strong><\/span><\/h3>\n\n\n\n<p><span class=\"post-content__span\"> <span><strong>Objetivo General<\/strong><\/span><\/p>\n\n\n\n<p><span class=\"post-content__span\"> <span>Propiciar espacios de encuentro acad\u00e9mico, entre los integrantes de los Semilleros de Investigaci\u00f3n para la socializaci\u00f3n de sus avances en investigaci\u00f3n, en los diferentes campos del saber.<\/span><\/p>\n\n\n\n<p><span class=\"post-content__span\"> <span><strong>Objetivos Espec\u00edficos<\/strong><\/span><\/p>\n\n\n\n<ul class=\"wp-block-list\">\n<li><span><strong>\u200b<\/strong>Realizar un proceso de integraci\u00f3n regional a trav\u00e9s del fomento a la investigaci\u00f3n formativa en Ciencia, Tecnolog\u00eda e Innovaci\u00f3n en el Departamento.<\/span><\/li>\n\n\n\n<li><span>Fomentar la interacci\u00f3n de los Semilleros de Investigaci\u00f3n en \u00e1reas de inter\u00e9s com\u00fan.<\/span><\/li>\n\n\n\n<li><span>Socializar experiencias de la investigaci\u00f3n formativa y promover el debate acad\u00e9mico como un escenario propicio para los aprendizajes de los investigadores en formaci\u00f3n.<\/span><\/li>\n\n\n\n<li><span>Promover la difusi\u00f3n de los resultados de las investigaciones desarrolladas por los Semilleros de investigaci\u00f3n.<\/span><\/li>\n<\/ul>\n\n\n\n<h3 class=\"wp-block-heading\"><span><strong>\u00bfQUI\u00c9NES PUEDEN PARTICIPAR?<\/strong><\/span><\/h3>\n\n\n\n<p><span class=\"post-content__span\"> <span>Podr\u00e1n participar en calidad de <strong><em>Ponentes <\/em><\/strong>los estudiantes de pregrado vinculados a Semilleros de Investigaci\u00f3n de las Instituciones de Educaci\u00f3n adscritas a la <strong>RREDSI, <\/strong>cuyos trabajos de investigaci\u00f3n sean evaluados y aprobados por los pares establecidos para dicho fin.<\/span><\/p>\n\n\n\n<p><span class=\"post-content__span\"> <span><strong>NOTA 1: Por cada ponencia o p\u00f3ster se podr\u00e1n inscribir un m\u00e1ximo de dos ponentes, es decir, los dem\u00e1s miembros del semillero o tutor del mismo en caso de participar en el evento deber\u00e1n inscribirse como asistentes.<\/strong><\/span><\/p>\n\n\n\n<p><span class=\"post-content__span\"> <span><strong>NOTA 2: Los ponentes deben ser estudiantes activos de pregrado en el momento de cierre de la convocatoria.<\/strong><\/span><\/p>\n\n\n\n<h3 class=\"wp-block-heading\"><span><strong><strong>MODALIDADES DE PARTICIPACI\u00d3N DE LOS PONENTES<\/strong><\/strong><\/span><\/h3>\n\n\n\n<p><span class=\"post-content__span\"> <span><strong>Proyectos de Investigaci\u00f3n:&nbsp;<\/strong><\/span><span>Proyectos cuyo fin \u00faltimo sea generar un aporte en Ciencia, Tecnolog\u00eda e Innovaci\u00f3n.<\/span><\/p>\n\n\n\n<ul class=\"wp-block-list\">\n<li><strong style=\"font-size: revert;color: initial\">Proyectos en Curso:&nbsp;<strong>\u200b<\/strong><\/strong><span style=\"font-size: revert;color: initial\">Son aquellos que, teniendo un proyecto, se encuentran en alguna de las fases o etapas planteadas dentro del mismo, por ejemplo: elaboraci\u00f3n del estado del arte, elaboraci\u00f3n de instrumentos, recolecci\u00f3n de la informaci\u00f3n o an\u00e1lisis de la informaci\u00f3n.<\/span> <\/li>\n\n\n\n<li><strong style=\"font-size: revert;color: initial\">Proyectos Terminados: <\/strong><span style=\"font-size: revert;color: initial\">Corresponde a los trabajos que ya han elaborado informe final y, por lo tanto, tienen resultados finales\/conclusiones de sus investigaciones.<\/span> <\/li>\n<\/ul>\n\n\n\n<p><span class=\"post-content__span\"> <span><strong>NOTA: <\/strong>Los <strong><em>Proyectos de Investigaci\u00f3n <\/em><\/strong>ser\u00e1n presentados en forma oral virtual; y contar\u00e1n con un espacio de 15 minutos para el desarrollo de la ponencia y 5 minutos para dar respuesta a los evaluadores, m\u00e1s 20 minutos para un panel que se realizar\u00e1 al finalizar cada jornada de exposiciones.<\/span><\/p>\n\n\n\n<p><span class=\"post-content__span\"> <span>El trabajo ser\u00e1 presentado m\u00e1ximo por dos estudiantes del semillero, quienes deber\u00e1n estar en toda la jornada de exposici\u00f3n y permanecer hasta que finalicen las ponencias, para participar en el panel de discusi\u00f3n y obtener el puntaje que se asigna a dicho criterio en la evaluaci\u00f3n.<\/span><\/p>\n\n\n\n<p><span class=\"post-content__span\"> <span><strong>P\u00f3ster de Propuesta de Investigaci\u00f3n<\/strong><\/span><\/p>\n\n\n\n<p><span class=\"post-content__span\"> <span>Son presentaciones gr\u00e1ficas de las propuestas de investigaci\u00f3n espec\u00edficas a modo de afiche (No incluye proyectos en curso ni finalizados). La propuesta de poster debe contener el documento te\u00f3rico acompa\u00f1ado del dise\u00f1o digital.<\/span><\/p>\n\n\n\n<p><span class=\"post-content__span\"> <span>Los posters ser\u00e1n sustentados por sus autores durante el evento de forma virtual, en un espacio&nbsp; y tiempo determinado para tal fin.<\/span><\/p>\n\n\n\n<h3 class=\"wp-block-heading\"><span><strong>LINEAMIENTOS PARA LA INSCRIPCI\u00d3N DE PROYECTOS<\/strong><\/span><\/h3>\n\n\n\n<p><span class=\"post-content__span\"> <span>Los Proyectos de Investigaci\u00f3n (en curso o terminados) y los p\u00f3sters, deben diligenciar el siguiente formulario &nbsp;de inscripci\u00f3n <strong><a href=\"https:\/\/forms.gle\/hB9qZtnfVkaiTx7n8\">https:\/\/forms.gle\/hB9qZtnfVkaiTx7n8<\/a> <\/strong>y anexar los siguientes documentos:<\/span><\/p>\n\n\n\n<ol class=\"wp-block-list\">\n<li><span style=\"font-size: revert;color: initial\">Carta de aval del tutor.<\/span> <\/li>\n\n\n\n<li><span style=\"font-size: revert;color: initial\">Propuesta&nbsp; de ponencia o p\u00f3ster seg\u00fan los t\u00e9rminos definidos en los &nbsp;archivos anexos.<\/span> <\/li>\n\n\n\n<li><span style=\"font-size: revert;color: initial\">Dise\u00f1o del p\u00f3ster.<\/span> <\/li>\n\n\n\n<li><span style=\"font-size: revert;color: initial\">Autorizaci\u00f3n de publicaci\u00f3n de memorias.<\/span> <\/li>\n<\/ol>\n\n\n\n<h3 class=\"wp-block-heading\"><span><strong>CRONOGRAMA DE INSCRIPCI\u00d3N PONENTES<\/strong><\/span><\/h3>\n\n\n\n<p><span class=\"post-content__span\"> <span>Inscripci\u00f3n de Proyectos de Investigaci\u00f3n (en curso, y terminados) y Posters: <strong>Del 18 de mayo &nbsp;hasta el 18 de junio de 2020.<\/strong><\/span><\/p>\n\n\n\n<figure class=\"wp-block-table table\"><table><thead><tr><th><strong><span>ACTIVIDAD<\/span><\/strong><\/th><th><strong><span>FECHAS<\/span><\/strong><\/th><\/tr><\/thead><tbody><tr><td>\n<p><span class=\"post-content__span\"> <span>Apertura y difusi\u00f3n de la convocatoria<\/span><\/p>\n<\/td><td>\n<p><span class=\"post-content__span\"> <span>18&nbsp;de mayo&nbsp;de 2020<\/span><\/p>\n<\/td><\/tr><tr><td>\n<p><span class=\"post-content__span\"> <span>Recepci\u00f3n de ponencias<\/span><\/p>\n<\/td><td>\n<p><span class=\"post-content__span\"> <span>Hasta el 18&nbsp;de junio&nbsp;de 2020.<\/span><\/p>\n<\/td><\/tr><tr><td>\n<p><span class=\"post-content__span\"> <span>Evaluaci\u00f3n de ponencias<\/span><\/p>\n<\/td><td>\n<p><span class=\"post-content__span\"> <span>Hasta el 10&nbsp;de julio&nbsp;de 2020.<\/span><\/p>\n<\/td><\/tr><tr><td>\n<p><span class=\"post-content__span\"> <span>Publicaci\u00f3n Preliminar de las ponencias aprobadas<\/span><\/p>\n<\/td><td>\n<p><span class=\"post-content__span\"> <span>13 de julio de 2020.<\/span><\/p>\n<\/td><\/tr><tr><td>\n<p><span class=\"post-content__span\"> <span>Proceso de reclamaciones<\/span><\/p>\n<\/td><td>\n<p><span class=\"post-content__span\"> <span>Del 13&nbsp;al 15&nbsp;de julio&nbsp;de 2020 a las 6:00 p.m*<\/span><\/p>\n<\/td><\/tr><tr><td>\n<p><span class=\"post-content__span\"> <span>Publicaci\u00f3n Definitiva de las ponencias aprobadas<\/span><\/p>\n<\/td><td>\n<p><span class=\"post-content__span\"> <span>17 de julio&nbsp;de 2020.<\/span><\/p>\n<\/td><\/tr><tr><td>\n<p><span class=\"post-content__span\"> <span>D\u00e9cimo Encuentro Departamental de Semilleros de Investigaci\u00f3n de Risaralda.<\/span><\/p>\n<p><span class=\"post-content__span\"> Modalidad: Virtual&nbsp;<\/p>\n<\/td><td>\n<p><span class=\"post-content__span\"> <span>2<\/span><span>&nbsp;de septiembre&nbsp;de 2020.<\/span><\/p>\n<\/td><\/tr><tr><td>\n<p><span class=\"post-content__span\"> <span>Publicaci\u00f3n de memorias<\/span><\/p>\n<\/td><td>\n<p><span class=\"post-content__span\"> <span>30 de septiembre&nbsp;de 2020.<\/span><\/p>\n<\/td><\/tr><\/tbody><\/table><\/figure>\n\n\n\n<p><span class=\"post-content__span\"> <span><strong><em>*Proceso de reclamaciones: Las solicitudes de aclaraci\u00f3n se recibir\u00e1n solo v\u00eda correo electr\u00f3nico a la dependencia de investigaci\u00f3n de su instituci\u00f3n en los tiempos establecidos.<\/em><\/strong><\/span><\/p>\n\n\n\n<h3 class=\"wp-block-heading\"><span><strong>CRONOGRAMA DE INSCRIPCI\u00d3N ASISTENTES<\/strong><\/span><\/h3>\n\n\n\n<figure class=\"wp-block-table table\"><table><thead><tr><th><span><strong>ACTIVIDAD<\/strong><\/span><\/th><th><span><strong>FECHAS<\/strong><\/span><\/th><\/tr><\/thead><tbody><tr><td>\n<p><span class=\"post-content__span\"> <span>Apertura y difusi\u00f3n de la convocatoria<\/span><\/p>\n<\/td><td>\n<p><span class=\"post-content__span\"> <span>18 de mayo de 2020<\/span><\/p>\n<\/td><\/tr><tr><td>\n<p><span class=\"post-content__span\"> <span>Inscripci\u00f3n de asistentes.<\/span><\/p>\n<\/td><td>\n<p><span class=\"post-content__span\"> <span>Hasta el 24 de julio de 2020.<\/span><\/p>\n<p><span class=\"post-content__span\"> <span><strong>Link de inscripci\u00f3n: <\/strong><a href=\"https:\/\/forms.gle\/zQYirHfcRK6hQmkQ8\"><strong>https:\/\/forms.gle\/zQYirHfcRK6hQmkQ8<\/strong><\/a><\/span><\/p>\n<\/td><\/tr><tr><td>\n<p><span class=\"post-content__span\"> <span>Confirmaci\u00f3n Inscripci\u00f3n<\/span><\/p>\n<\/td><td>\n<p><span class=\"post-content__span\"> <span>31 de julio de 2020.<\/span><\/p>\n<\/td><\/tr><tr><td>\n<p><span class=\"post-content__span\"> <span>D\u00e9cimo Encuentro Departamental de Semilleros de Investigaci\u00f3n de Risaralda.<\/span><\/p>\n<p><span class=\"post-content__span\"> <span><strong>Modalidad: Virtual <\/strong><\/span><\/p>\n<\/td><td>\n<p><span class=\"post-content__span\"> &nbsp;<\/p>\n<p><span class=\"post-content__span\"> <span>2&nbsp;de septiembre&nbsp;de 2020.<\/span><\/p>\n<\/td><\/tr><\/tbody><\/table><\/figure>\n\n\n\n<p><span class=\"post-content__span\"> \n<span><strong>*La inscripci\u00f3n de <em>Ponentes y Asistentes <\/em>en todas las modalidades no tiene ning\u00fan costo, teniendo en cuenta la modalidad virtual del evento.<\/strong><\/span><\/p>\n\n\n\n<h3 class=\"wp-block-heading\"><span><strong>DOCUMENTOS ANEXOS DE LA CONVOCATORIA<\/strong><\/span><\/h3>\n\n\n\n<ul class=\"wp-block-list\">\n<li><a href=\"https:\/\/vicerrectorias.utp.edu.co\/viie\/wp-content\/uploads\/sites\/3\/CONVOCATORIA%20X%20ENCUENTRO%20DE%20SEMILLEROS%20RDA%202020V3-2.pdf\"><strong>T\u00c9RMINOS DE REFERENCIA [VER]&nbsp;<\/strong><\/a><\/li>\n\n\n\n<li><a href=\"https:\/\/vicerrectorias.utp.edu.co\/viie\/wp-content\/uploads\/sites\/3\/FORMATO%20PROYECTO%20EN%20CURSO%20O%20TERMINADO.doc\"><strong>DESCARGAR ANEXO 1:&nbsp;<\/strong><\/a>Formato de Presentaci\u00f3n de Proyecto en Curso o Terminado<\/li>\n\n\n\n<li><a href=\"https:\/\/vicerrectorias.utp.edu.co\/viie\/wp-content\/uploads\/sites\/3\/FORMATO%20DE%20PRESENTACIO%CC%81N%20DEL%20PO%CC%81STER.docx\"><strong>DESCARGAR ANEXO 2:<\/strong><\/a>&nbsp;Formato de Presentaci\u00f3n del P\u00f3ster<\/li>\n\n\n\n<li><a href=\"https:\/\/vicerrectorias.utp.edu.co\/viie\/wp-content\/uploads\/sites\/3\/AUTORIZACION%20MEMORIAS%281%29.doc\"><strong>DESCARGAR ANEXO 3:<\/strong><\/a>&nbsp;Formato Autorizaci\u00f3n Publicaci\u00f3n Memorias<\/li>\n<\/ul>\n\n\n\n<h3 class=\"wp-block-heading\"><strong>INFORMACI\u00d3N<\/strong><\/h3>\n\n\n\n<p><span class=\"post-content__span\"> <strong>Favor contactarse con: <\/strong>Yesica Marcela Rojas Orozco, Tel\u00e9fono: 3137309. Email:&nbsp;<strong><a href=\"mailto:investigaciones@utp.edu.co\">investigaciones@utp.edu.co<\/a><\/strong><\/p>\n\n\n\n<p><span class=\"post-content__span\"> <strong>Fecha de Publicaci\u00f3n de la Convocatoria:&nbsp;<\/strong>&nbsp;Mayo&nbsp;18&nbsp;de 2020<\/p>\n","protected":false},"excerpt":{"rendered":"<p>\u200b\u200b\u200b\u200b\u200b\u200b\u200b\u200bFecha de Publicaci\u00f3n: Julio&nbsp;17&nbsp;de 2020 PRESENTACI\u00d3N Este evento se desarrolla anualmente desde el a\u00f1o 2011 en el departamento de Risaralda, con la participaci\u00f3n de las siguientes instituciones de educaci\u00f3n: Con [&#8230;]<\/p>\n","protected":false},"author":0,"featured_media":10256,"comment_status":"closed","ping_status":"closed","sticky":false,"template":"","format":"standard","meta":{"footnotes":""},"categories":[7],"tags":[],"class_list":["post-3001","post","type-post","status-publish","format-standard","has-post-thumbnail","hentry","category-convocatorias"],"_links":{"self":[{"href":"https:\/\/vicerrectorias.utp.edu.co\/viie\/wp-json\/wp\/v2\/posts\/3001","targetHints":{"allow":["GET"]}}],"collection":[{"href":"https:\/\/vicerrectorias.utp.edu.co\/viie\/wp-json\/wp\/v2\/posts"}],"about":[{"href":"https:\/\/vicerrectorias.utp.edu.co\/viie\/wp-json\/wp\/v2\/types\/post"}],"replies":[{"embeddable":true,"href":"https:\/\/vicerrectorias.utp.edu.co\/viie\/wp-json\/wp\/v2\/comments?post=3001"}],"version-history":[{"count":4,"href":"https:\/\/vicerrectorias.utp.edu.co\/viie\/wp-json\/wp\/v2\/posts\/3001\/revisions"}],"predecessor-version":[{"id":11811,"href":"https:\/\/vicerrectorias.utp.edu.co\/viie\/wp-json\/wp\/v2\/posts\/3001\/revisions\/11811"}],"wp:featuredmedia":[{"embeddable":true,"href":"https:\/\/vicerrectorias.utp.edu.co\/viie\/wp-json\/wp\/v2\/media\/10256"}],"wp:attachment":[{"href":"https:\/\/vicerrectorias.utp.edu.co\/viie\/wp-json\/wp\/v2\/media?parent=3001"}],"wp:term":[{"taxonomy":"category","embeddable":true,"href":"https:\/\/vicerrectorias.utp.edu.co\/viie\/wp-json\/wp\/v2\/categories?post=3001"},{"taxonomy":"post_tag","embeddable":true,"href":"https:\/\/vicerrectorias.utp.edu.co\/viie\/wp-json\/wp\/v2\/tags?post=3001"}],"curies":[{"name":"wp","href":"https:\/\/api.w.org\/{rel}","templated":true}]}}