{"id":2691,"date":"2019-10-07T18:12:31","date_gmt":"2023-12-01T14:53:00","guid":{"rendered":""},"modified":"2024-02-08T17:36:44","modified_gmt":"2024-02-08T16:36:44","slug":"convocatoria-para-fomentar-la-publicacion-de-capitulos-de-libro-resultado-de-investigacion-ano-2019","status":"publish","type":"post","link":"https:\/\/vicerrectorias.utp.edu.co\/viie\/convocatoria-para-fomentar-la-publicacion-de-capitulos-de-libro-resultado-de-investigacion-ano-2019\/","title":{"rendered":"CONVOCATORIA PARA FOMENTAR LA PUBLICACI\u00d3N DE CAP\u00cdTULOS DE LIBRO RESULTADO DE INVESTIGACI\u00d3N A\u00d1O 2019"},"content":{"rendered":"\n<ul class=\"wp-block-list\">\n<li><strong style=\"font-size: revert;color: initial\">PUBLICACI\u00d3N:&nbsp;<\/strong><a style=\"font-size: revert\" href=\"https:\/\/vicerrectorias.utp.edu.co\/viie\/wp-content\/uploads\/sites\/3\/CAPITULOS%20QUE%20CUMPLIERON%20CON%20LOS%20REQUISITOS%20M%C3%8DNIMOS.pdf\">PROPUESTAS QUE CUMPLIERON CON LOS REQUISITOS M\u00cdNIMOS<strong>&nbsp;[Ver]<\/strong><\/a> <\/li>\n<\/ul>\n\n\n\n<p><span class=\"post-content__span\"> <span><strong>\u200b\u200b\u200b\u200b\u200b\u200b\u200b\u200bFecha de Publicaci\u00f3n:<\/strong> Octubre&nbsp;07&nbsp;de 2019<\/span><\/p>\n\n\n\n<hr class=\"wp-block-separator has-css-opacity\" \/>\n\n\n\n<h4 class=\"wp-block-heading\"><span><strong>CONVOCATORIA PARA FOMENTAR LA PUBLICACI\u00d3N DE CAP\u00cdTULOS DE LIBRO RESULTADO DE INVESTIGACI\u00d3N A\u00d1O 2019<\/strong><\/span><\/h4>\n\n\n\n<p><span class=\"post-content__span\"> <span>La Vicerrector\u00eda de Investigaciones, Innovaci\u00f3n y Extensi\u00f3n de la Universidad Tecnol\u00f3gica de Pereira invita a participar en la presente convocatoria para la publicaci\u00f3n de cap\u00edtulos de libro resultados de proyectos de investigaci\u00f3n cumpliendo los siguientes t\u00e9rminos:&nbsp;<\/span><\/p>\n\n\n\n<h3 class=\"wp-block-heading\"><span><strong>OBJETIVO:<\/strong> <\/span><\/h3>\n\n\n\n<p><span class=\"post-content__span\"> <span>Fomentar la producci\u00f3n intelectual de los grupos de investigaci\u00f3n de la Universidad Tecnol\u00f3gica de Pereira, a trav\u00e9s de la publicaci\u00f3n de trabajos resultado de proyectos de investigaci\u00f3n concluidos en los \u00faltimos 6 a\u00f1os (30 de agosto de 2014 al 30 de agosto de 2019).<\/span><\/p>\n\n\n\n<h3 class=\"wp-block-heading\"><span><strong>DIRIGIDO A:<\/strong> <\/span><\/h3>\n\n\n\n<p><span class=\"post-content__span\"> <span>Grupos de Investigaci\u00f3n avalados por la Vicerrector\u00eda de Investigaciones, Innovaci\u00f3n y Extensi\u00f3n de la Universidad Tecnol\u00f3gica de Pereira que participaron en la Convocatoria Nacional No. 833 para el Reconocimiento y Medici\u00f3n de Grupos de Investigaci\u00f3n, Desarrollo Tecnol\u00f3gico o de Innovaci\u00f3n y para el Reconocimiento de Investigadores del SNCTeI \u2013 2018 de Colciencias.<\/span><\/p>\n\n\n\n<h3 class=\"wp-block-heading\"><span><strong>REQUISITOS M\u00cdNIMOS PARA PARTICIPAR<\/strong><\/span><\/h3>\n\n\n\n<ol class=\"wp-block-list\">\n<li><span style=\"font-size: revert;color: initial\">Podr\u00e1n participar los grupos de Investigaci\u00f3n avalados por la Vicerrector\u00eda de Investigaciones, Innovaci\u00f3n y Extensi\u00f3n de la Universidad Tecnol\u00f3gica de Pereira que participaron en la Convocatoria Nacional No. 833 para el Reconocimiento y Medici\u00f3n de Grupos de Investigaci\u00f3n, Desarrollo Tecnol\u00f3gico o de Innovaci\u00f3n y para el Reconocimiento de Investigadores del SNCTeI \u2013 2018 de Colciencias.<\/span> <\/li>\n\n\n\n<li><span style=\"font-size: revert;color: initial\">Los autores de los cap\u00edtulos de libros resultado de investigaci\u00f3n presentados deber\u00e1n pertenecer al grupo de investigaci\u00f3n que presenta el trabajo y estar vinculados al proyecto de investigaci\u00f3n del cual es resultado el cap\u00edtulo de libro. &nbsp;&nbsp;<\/span> <\/li>\n\n\n\n<li><span style=\"font-size: revert;color: initial\">Se publicar\u00e1n los cap\u00edtulos de libros resultados de proyectos concluidos (30 de agosto de 2014 al 30 de agosto de 2019) inscritos en la Vicerrector\u00eda de Investigaciones, Innovaci\u00f3n y Extensi\u00f3n.<\/span> <\/li>\n\n\n\n<li><span style=\"font-size: revert;color: initial\">Los grupos de investigaci\u00f3n que presenten cap\u00edtulos de libros a la convocatoria deber\u00e1n encontrarse a paz y salvo en la Vicerrector\u00eda de Investigaciones, Innovaci\u00f3n y Extensi\u00f3n a la fecha de apertura de la presente convocatoria.<\/span> <\/li>\n\n\n\n<li><span style=\"font-size: revert;color: initial\">Los autores podr\u00e1n participar en la convocatoria con un proyecto diferente al que se present\u00f3 en la Cuarta Jornada de Apropiaci\u00f3n Social del Conocimiento \u201c<\/span><strong style=\"font-size: revert;color: initial\">INVESTIGACI\u00d3N, INNOVACI\u00d3N Y EXTENSI\u00d3N EN LA UTP<\/strong><span style=\"font-size: revert;color: initial\">\u201d 18 de septiembre del 2019 (si es el caso).<\/span> <\/li>\n\n\n\n<li><span style=\"font-size: revert;color: initial\">Para la participaci\u00f3n en esta convocatoria se deben enviar a la Vicerrector\u00eda de Investigaciones, Innovaci\u00f3n y Extensi\u00f3n en sobre cerrado radicado en Gesti\u00f3n de Documentos, Asunto: CONVOCATORIA PARA FOMENTAR LA PUBLICACI\u00d3N DE CAP\u00cdTULOS DE LIBRO RESULTADO DE INVESTIGACI\u00d3N A\u00d1O 2019, los siguientes documentos:<\/span> <\/li>\n<\/ol>\n\n\n\n<ul class=\"wp-block-list\">\n<li><span><strong>Carta de intenci\u00f3n (Anexo 1)<\/strong> para la participaci\u00f3n en la convocatoria donde se establezca que el trabajo corresponde a la l\u00ednea editorial Resultado de Investigaci\u00f3n, se debe indicar el c\u00f3digo y nombre del proyecto del cual fue resultado el cap\u00edtulo de libro que se postular\u00e1. Debe estar firmada por el autor del cap\u00edtulo de libro y el Director del grupo de investigaci\u00f3n que presenta el trabajo.<\/span><\/li>\n\n\n\n<li><span><span><strong>Documento en archivo digital del cap\u00edtulo de libro a publicar (Anexo 2). <\/strong>El documento debe ser in\u00e9dito y cumplir con los requisitos establecidos el numeral 2.<\/span><\/span><\/li>\n<\/ul>\n\n\n\n<h3 class=\"wp-block-heading\"><span><strong>REQUISITOS DEL DOCUMENTO<\/strong><\/span><\/h3>\n\n\n\n<ol class=\"wp-block-list\">\n<li><span style=\"font-size: revert;color: initial\">El material debe ser original e in\u00e9dito.<\/span> <\/li>\n\n\n\n<li><span style=\"font-size: revert;color: initial\">El material entregado por el autor, debe estar capturado en el procesador de textos Word, a doble espacio, letra Times New Roman (relacionado m\u00e1s adelante) y tama\u00f1o de hoja carta (21.5 x 28 cm).<\/span> <\/li>\n\n\n\n<li><span style=\"font-size: revert;color: initial\">Los nombres de los archivos deben hacer referencia a su contenido.<\/span> <\/li>\n\n\n\n<li><span style=\"font-size: revert;color: initial\">Normas Tipogr\u00e1ficas Texto del cuerpo del cap\u00edtulo del Libro:<\/span> <\/li>\n<\/ol>\n\n\n\n<ul class=\"wp-block-list\">\n<li><span><strong>T\u00edtulo de cap\u00edtulo<\/strong>: (Times New Roman &#8211; 18 \u2013 negrita \u2013 alineado a la derecha).<\/span><\/li>\n\n\n\n<li><span><span><strong>Subtitulo<\/strong>: (Times New Roman &#8211; 14 \u2013 negrita \u2013 alineado a la izquierda).<\/span><\/span><\/li>\n\n\n\n<li><span><span><span><strong>Sub \u2013 apartado<\/strong>: (Times New Roman &#8211; 12 \u2013 negrita &#8211; alineado a la izquierda).<\/span><\/span><\/span><\/li>\n\n\n\n<li><span><span><span><span><strong>Texto<\/strong>: (Times New Roman \u2013 9 \u2013 justificado a la izquierda \u2013 sin sangr\u00eda \u2013 con doble espacio entre p\u00e1rrafos).<\/span><\/span><\/span><\/span><\/li>\n\n\n\n<li><span><span><span><span><span><strong>Pie de p\u00e1gina<\/strong>: (Times New Roman \u2013 8 \u2013 justificado a la izquierda \u2013 sangr\u00eda 6mm).<\/span><\/span><\/span><\/span><\/span><\/li>\n\n\n\n<li><span><span><span><span><span><span><strong>Pie de foto<\/strong> &#8211; gr\u00e1fico \u2013 tabla: (Times New Roman \u2013 9 \u2013 centrado).<\/span><\/span><\/span><\/span><\/span><\/span><\/li>\n\n\n\n<li><span><span><span><span><span><span><span><strong>Citas \u2013 Notas<\/strong>: (Times New Roman \u2013 9 \u2013 justificado a la izquierda \u2013 sangr\u00eda 10mm).<\/span><\/span><\/span><\/span><\/span><\/span><\/span><\/li>\n<\/ul>\n\n\n\n<p><span class=\"post-content__span\"> <span><strong>NOTA 1:<\/strong> No se aceptar\u00e1n memorando enviados por el aplicativo de Gesti\u00f3n de Documentos. El \u00fanico medio de entrega de la informaci\u00f3n para participar en la presente convocatoria es a trav\u00e9s de la Oficina de Gesti\u00f3n de Documentos.<\/span><\/p>\n\n\n\n<h3 class=\"wp-block-heading\"><span><strong>CRITERIOS DE EVALUACI\u00d3N<\/strong><\/span><\/h3>\n\n\n\n<p><span class=\"post-content__span\"> <span><strong>1. Criterios de Exclusi\u00f3n: <\/strong><\/span><\/p>\n\n\n\n<ul class=\"wp-block-list\">\n<li><span>Incumplimiento de los requisitos m\u00ednimos<\/span><\/li>\n<\/ul>\n\n\n\n<p><span class=\"post-content__span\"> <span><span><strong>2. Criterios de evaluaci\u00f3n y Selecci\u00f3n<\/strong><\/span><\/span><\/p>\n\n\n\n<ul class=\"wp-block-list\">\n<li><span>Revisi\u00f3n de los criterios m\u00ednimos expuestos en la presente convocatoria realizada por la Vicerrector\u00eda de Investigaci\u00f3n, Innovaci\u00f3n y Extensi\u00f3n.<\/span><\/li>\n<\/ul>\n\n\n\n<p><span class=\"post-content__span\"> <span><strong>Nota 1: <\/strong>La Vicerrector\u00eda de Investigaci\u00f3n, Innovaci\u00f3n y Extensi\u00f3n una lista de banco de elegibles seg\u00fan la revisi\u00f3n realizada. El banco de elegibles tendr\u00e1 vigencia \u00fanicamente de un a\u00f1o, por lo cual, los cap\u00edtulos de libros que no puedan ser publicados durante el 2019 podr\u00e1n participar en futuras convocatorias.<\/span><\/p>\n\n\n\n<p><span class=\"post-content__span\"> <span><strong>Nota 2: <\/strong>La recepci\u00f3n de un trabajo no implica obligatoriedad ni compromiso alguno para la Universidad de publicar.<\/span><\/p>\n\n\n\n<h3 class=\"wp-block-heading\"><span><strong>CRONOGRAMA DE INSCRIPCI\u00d3N<\/strong><\/span><\/h3>\n\n\n\n<figure class=\"wp-block-table table\"><table><thead><tr><th>ACTIVIDAD<\/th><th>FECHAS<\/th><\/tr><\/thead><tbody><tr><td>\n<p><span class=\"post-content__span\"> <span>Aprobaci\u00f3n de criterios de la convocatoria por la Vicerrector\u00eda de Investigaciones, Innovaci\u00f3n y Extensi\u00f3n.&nbsp;<\/span><\/p>\n<\/td><td>\n<p><span class=\"post-content__span\"> <span>28 de agosto de 2019<\/span><\/p>\n<\/td><\/tr><tr><td>\n<p><span class=\"post-content__span\"> <span>Apertura de la convocatoria.<\/span><\/p>\n<\/td><td>\n<p><span class=\"post-content__span\"> <span>30 de agosto de 2019<\/span><\/p>\n<\/td><\/tr><tr><td>\n<p><span class=\"post-content__span\"> <span>Fecha hasta la que se recibir\u00e1n trabajos.<\/span><\/p>\n<\/td><td>\n<p><span class=\"post-content__span\"> <span>30 de septiembre de 2019<\/span><\/p>\n<\/td><\/tr><tr><td>\n<p><span class=\"post-content__span\"> <span>Publicaci\u00f3n de resultados de los trabajos que cumplieron con los requisitos m\u00ednimos.<\/span><\/p>\n<\/td><td>\n<p><span class=\"post-content__span\"> <span>07 de octubre de 2019<\/span><\/p>\n<\/td><\/tr><tr><td>\n<p><span class=\"post-content__span\"> <span>Consultas y aclaraci\u00f3n de inquietudes sobre resultados del banco preliminar.<\/span><\/p>\n<\/td><td>\n<p><span class=\"post-content__span\"> <span>07 de octubre y 10 de octubre de 2019<\/span><\/p>\n<\/td><\/tr><tr><td>\n<p><span class=\"post-content__span\"> <span>Publicaci\u00f3n de resultados finales.<\/span><\/p>\n<\/td><td>\n<p><span class=\"post-content__span\"> <span>12 de octubre de 2019<\/span><\/p>\n<\/td><\/tr><\/tbody><\/table><\/figure>\n\n\n\n<h3 class=\"wp-block-heading\"><span><strong>DOCUMENTOS:<\/strong><\/span><\/h3>\n\n\n\n<ul class=\"wp-block-list\">\n<li><a style=\"font-size: revert\" href=\"https:\/\/vicerrectorias.utp.edu.co\/viie\/wp-content\/uploads\/sites\/3\/CONVOCATORIA%20LIBRO%20RESULTADO%20DE%20INVESTIGACI%C3%93N.pdf\"><strong>T\u00c9RMINOS DE REFERENCIA<\/strong><\/a> <\/li>\n\n\n\n<li><a style=\"font-size: revert\" href=\"https:\/\/vicerrectorias.utp.edu.co\/viie\/wp-content\/uploads\/sites\/3\/Anexo%201.%20carta%20de%20intenci%C3%B3n%20convocatoria%202019%20Investigaci%C3%B3n%283%29.docx\"><strong>ANEXO 1:&nbsp;<\/strong><\/a><span style=\"font-size: revert;color: initial\">Carta de intenci\u00f3n.<\/span> <\/li>\n\n\n\n<li><a style=\"font-size: revert\" href=\"https:\/\/vicerrectorias.utp.edu.co\/viie\/wp-content\/uploads\/sites\/3\/Anexo%202.%20Capitulo%20de%20libro%281%29.docx\"><strong>ANEXO 2:<\/strong><\/a><span style=\"font-size: revert;color: initial\">&nbsp;Documento gu\u00eda del cap\u00edtulo de libro a publicar.<\/span> <\/li>\n<\/ul>\n\n\n\n<p><span class=\"post-content__span\"> <span><strong>Fecha de Publicaci\u00f3n de la Convocatoria:&nbsp;<\/strong>Agosto&nbsp;30&nbsp;de 2019<\/span><\/p>\n\n\n\n<p><span class=\"post-content__span\"> <span><strong>Estado:&nbsp;<\/strong>&nbsp;CERRADA<\/span><\/p>\n","protected":false},"excerpt":{"rendered":"<p>\u200b\u200b\u200b\u200b\u200b\u200b\u200b\u200bFecha de Publicaci\u00f3n: Octubre&nbsp;07&nbsp;de 2019 CONVOCATORIA PARA FOMENTAR LA PUBLICACI\u00d3N DE CAP\u00cdTULOS DE LIBRO RESULTADO DE INVESTIGACI\u00d3N A\u00d1O 2019 La Vicerrector\u00eda de Investigaciones, Innovaci\u00f3n y Extensi\u00f3n de la Universidad Tecnol\u00f3gica [&#8230;]<\/p>\n","protected":false},"author":0,"featured_media":0,"comment_status":"closed","ping_status":"closed","sticky":false,"template":"","format":"standard","meta":{"footnotes":""},"categories":[1],"tags":[],"class_list":["post-2691","post","type-post","status-publish","format-standard","hentry","category-sin-categoria"],"_links":{"self":[{"href":"https:\/\/vicerrectorias.utp.edu.co\/viie\/wp-json\/wp\/v2\/posts\/2691","targetHints":{"allow":["GET"]}}],"collection":[{"href":"https:\/\/vicerrectorias.utp.edu.co\/viie\/wp-json\/wp\/v2\/posts"}],"about":[{"href":"https:\/\/vicerrectorias.utp.edu.co\/viie\/wp-json\/wp\/v2\/types\/post"}],"replies":[{"embeddable":true,"href":"https:\/\/vicerrectorias.utp.edu.co\/viie\/wp-json\/wp\/v2\/comments?post=2691"}],"version-history":[{"count":3,"href":"https:\/\/vicerrectorias.utp.edu.co\/viie\/wp-json\/wp\/v2\/posts\/2691\/revisions"}],"predecessor-version":[{"id":11772,"href":"https:\/\/vicerrectorias.utp.edu.co\/viie\/wp-json\/wp\/v2\/posts\/2691\/revisions\/11772"}],"wp:attachment":[{"href":"https:\/\/vicerrectorias.utp.edu.co\/viie\/wp-json\/wp\/v2\/media?parent=2691"}],"wp:term":[{"taxonomy":"category","embeddable":true,"href":"https:\/\/vicerrectorias.utp.edu.co\/viie\/wp-json\/wp\/v2\/categories?post=2691"},{"taxonomy":"post_tag","embeddable":true,"href":"https:\/\/vicerrectorias.utp.edu.co\/viie\/wp-json\/wp\/v2\/tags?post=2691"}],"curies":[{"name":"wp","href":"https:\/\/api.w.org\/{rel}","templated":true}]}}