{"id":2431,"date":"2019-07-17T08:20:02","date_gmt":"2023-12-01T14:53:00","guid":{"rendered":""},"modified":"2023-07-17T15:57:53","modified_gmt":"2023-12-01T14:53:00","slug":"convocatoria-interna-para-fomentar-la-publicacion-de-ensayos-obra-literaria-ano-2019","status":"publish","type":"post","link":"https:\/\/vicerrectorias.utp.edu.co\/viie\/convocatoria-interna-para-fomentar-la-publicacion-de-ensayos-obra-literaria-ano-2019\/","title":{"rendered":"Convocatoria Interna para Fomentar la Publicaci\u00f3n de Ensayos-Obra literaria a\u00f1o 2019"},"content":{"rendered":"\n<ul class=\"wp-block-list\">\n<li><strong><span>TRABAJOS QUE CUMPLIERON CON LOS REQUISITOS M\u00cdNIMOS <a href=\"https:\/\/vicerrectorias.utp.edu.co\/viie\/wp-content\/uploads\/sites\/3\/ENSAYOS-OBRA.pdf\">[Ver]&nbsp;<\/a><\/span><\/strong><\/li>\n<\/ul>\n\n\n\n<p><span class=\"post-content__span\"> <strong><span>\u200b\u200b\u200b\u200b\u200b\u200b\u200b\u200b<\/span><\/strong><span><span>Fecha de Publicaci\u00f3n:&nbsp;<\/span><\/span>Mayo 14 de 2019<\/p>\n\n\n\n<p><span class=\"post-content__span\"> <span>\u200b<\/span><\/p>\n\n\n\n<ul class=\"wp-block-list\">\n<li><strong style=\"font-size: revert; color: initial;\">TRABAJOS QUE SER\u00c1N FINANCIADOS PARA SU PUBLICACI\u00d3N\u00a0<a href=\"https:\/\/vicerrectorias.utp.edu.co\/viie\/wp-content\/uploads\/sites\/3\/RESULTADOS.pdf\">[Ver]\u00a0<\/a><\/strong> <\/li>\n<\/ul>\n\n\n\n<p><span class=\"post-content__span\"> <span><strong>\u200b\u200b\u200b\u200b\u200b\u200b\u200b\u200b<\/strong>Fecha de Publicaci\u00f3n: Junio&nbsp;16 de 2019<\/span><\/p>\n\n\n\n<hr class=\"wp-block-separator has-css-opacity\"\/>\n\n\n\n<h3 class=\"wp-block-heading\"><span><strong>CONVOCATORIA INTERNA PARA FOMENTAR LA PUBLICACI\u00d3N DE ENSAYOS-OBRA LITERARIA A\u00d1O 2019<\/strong><\/span><\/h3>\n\n\n\n<p><span class=\"post-content__span\"> <span>La Vicerrector\u00eda de Investigaciones, Innovaci\u00f3n y Extensi\u00f3n de la Universidad Tecnol\u00f3gica de Pereira invita a participar en la presente convocatoria para financiar la publicaci\u00f3n de libros Textos Acad\u00e9micos seg\u00fan Acuerdo No. 13 del 26 de marzo de 2019 del Consejo Acad\u00e9mico, cumpliendo los siguientes t\u00e9rminos:<\/span><\/p>\n\n\n\n<h4 class=\"wp-block-heading\"><span><strong>OBJETIVO:<\/strong><\/span><\/h4>\n\n\n\n<p><span class=\"post-content__span\"> <span>Fomentar la producci\u00f3n intelectual de los docentes de la Universidad Tecnol\u00f3gica de Pereira, a trav\u00e9s de la publicaci\u00f3n de textos en la l\u00ednea editorial Ensayo &#8211; Obra Literaria.<\/span><\/p>\n\n\n\n<h4 class=\"wp-block-heading\"><span><strong>DIRIGIDO A:<\/strong><\/span><\/h4>\n\n\n\n<p><span class=\"post-content__span\"> <span>Docentes de planta o transitorios de la Universidad Tecnol\u00f3gica de Pereira.<\/span><\/p>\n\n\n\n<h4 class=\"wp-block-heading\"><span><strong>CRONOGRAMA:<\/strong><\/span><\/h4>\n\n\n\n<figure class=\"wp-block-table\"><table><tbody><tr><td>\n<p><span class=\"post-content__span\"> <span>Aprobaci\u00f3n de criterios de la convocatoria por el Comit\u00e9 Editorial<\/span><\/p>\n<\/td><td>\n<p><span class=\"post-content__span\"> <span><strong>Marzo 7 de 2019<\/strong><\/span><\/p>\n<\/td><\/tr><tr><td>\n<p><span class=\"post-content__span\"> <span>Aprobaci\u00f3n de criterios de la convocatoria por el Consejo Acad\u00e9mico<\/span><\/p>\n<\/td><td>\n<p><span class=\"post-content__span\"> <span><strong>Marzo 26 de 2019 <\/strong><\/span><\/p>\n<\/td><\/tr><tr><td>\n<p><span class=\"post-content__span\"> <span>Apertura de la Convocatoria<\/span><\/p>\n<\/td><td>\n<p><span class=\"post-content__span\"> <span><strong>Abril 2 de 2019<\/strong><\/span><\/p>\n<\/td><\/tr><tr><td>\n<p><span class=\"post-content__span\"> <span>Fecha hasta la que se recibir\u00e1n trabajos &nbsp;<\/span><\/p>\n<\/td><td>\n<p><span class=\"post-content__span\"> <span><strong>Mayo 07 de 2019<\/strong><\/span><\/p>\n<\/td><\/tr><tr><td>\n<p><span class=\"post-content__span\"> <span>Publicaci\u00f3n de resultados de los trabajos&nbsp; que cumplieron con los requisitos m\u00ednimos<\/span><\/p>\n<\/td><td>\n<p><span class=\"post-content__span\"> <span><strong>Mayo 14 de 2019<\/strong><\/span><\/p>\n<\/td><\/tr><tr><td>\n<p><span class=\"post-content__span\"> <span>Consultas y aclaraci\u00f3n de inquietudes sobre resultados publicados de los trabajos&nbsp; que cumplieron con los requisitos m\u00ednimos \u2013 enviar solicitud al correo electr\u00f3nico (luismvargas@utp.edu.co)<\/span><\/p>\n<\/td><td>\n<p><span class=\"post-content__span\"> <span><strong>Mayo 15 y&nbsp; 16 de 2019<\/strong><\/span><\/p>\n<\/td><\/tr><tr><td>\n<p><span class=\"post-content__span\"> <span>Tiempo para la evaluaci\u00f3n de pares externos<\/span><\/p>\n<\/td><td>\n<p><span class=\"post-content__span\"> <span><strong>Mayo 17 a Julio 02 de 2019 <\/strong><\/span><\/p>\n<\/td><\/tr><tr><td>\n<p><span class=\"post-content__span\"> <span>Revisi\u00f3n de resultados por Comit\u00e9 Editorial<\/span><\/p>\n<\/td><td>\n<p><span class=\"post-content__span\"> <span><strong>Julio 12 de 2019 <\/strong><\/span><\/p>\n<\/td><\/tr><tr><td>\n<p><span class=\"post-content__span\"> <span>Publicaci\u00f3n de resultados finales<\/span><\/p>\n<\/td><td>\n<p><span class=\"post-content__span\"> <span><strong>Julio 16 de 2019<\/strong><\/span><\/p>\n<\/td><\/tr><\/tbody><\/table><\/figure>\n\n\n\n<h4 class=\"wp-block-heading\"><span><strong>DOCUMENTOS:&nbsp;<\/strong><\/span><\/h4>\n\n\n\n<p><span class=\"post-content__span\"> <a href=\"https:\/\/vicerrectorias.utp.edu.co\/viie\/wp-content\/uploads\/sites\/3\/CONVOCATORIA%20ENSAYOS%20-%20OBRA%20LITERARIA%20V2%281%29.pdf\"><strong><span>T\u00e9rminos de Referencia<\/span><\/strong><\/a><\/p>\n\n\n\n<ul class=\"wp-block-list\">\n<li><span><a href=\"https:\/\/vicerrectorias.utp.edu.co\/viie\/wp-content\/uploads\/sites\/3\/Anexo%201.%20carta%20de%20intenci%C3%B3n%20convocatoria%202019%20ensayo%20-%20obra%20literaria%281%29.docx\"><strong>Anexo 1.<\/strong><\/a> Carta de intenci\u00f3n<\/span><\/li>\n\n\n\n<li><span><a href=\"https:\/\/vicerrectorias.utp.edu.co\/viie\/wp-content\/uploads\/sites\/3\/Anexo%204.%20MANUAL%20LINEAMIENTOS%20PARA%20DIAGRAMACI%C3%93N.pdf\"><strong>Anexo 4:<\/strong><\/a> Manual de lineamientos Editorial UTP<\/span><\/li>\n<\/ul>\n\n\n\n<p><span class=\"post-content__span\"> <strong>Fecha de Publicaci\u00f3n de la Convocatoria:&nbsp;<\/strong><span>&nbsp;Abril 02&nbsp;de 2019<\/span><\/p>\n\n\n\n<p><span class=\"post-content__span\"> <span><strong>Estado:&nbsp;<\/strong>&nbsp;Cerrada<\/span><\/p>\n","protected":false},"excerpt":{"rendered":"<p>\u200b\u200b\u200b\u200b\u200b\u200b\u200b\u200bFecha de Publicaci\u00f3n:&nbsp;Mayo 14 de 2019 \u200b \u200b\u200b\u200b\u200b\u200b\u200b\u200b\u200bFecha de Publicaci\u00f3n: Junio&nbsp;16 de 2019 CONVOCATORIA INTERNA PARA FOMENTAR LA PUBLICACI\u00d3N DE ENSAYOS-OBRA LITERARIA A\u00d1O 2019 La Vicerrector\u00eda de Investigaciones, Innovaci\u00f3n y [&#8230;]<\/p>\n","protected":false},"author":0,"featured_media":0,"comment_status":"closed","ping_status":"closed","sticky":false,"template":"","format":"standard","meta":{"footnotes":""},"categories":[1],"tags":[],"class_list":["post-2431","post","type-post","status-publish","format-standard","hentry","category-sin-categoria"],"_links":{"self":[{"href":"https:\/\/vicerrectorias.utp.edu.co\/viie\/wp-json\/wp\/v2\/posts\/2431","targetHints":{"allow":["GET"]}}],"collection":[{"href":"https:\/\/vicerrectorias.utp.edu.co\/viie\/wp-json\/wp\/v2\/posts"}],"about":[{"href":"https:\/\/vicerrectorias.utp.edu.co\/viie\/wp-json\/wp\/v2\/types\/post"}],"replies":[{"embeddable":true,"href":"https:\/\/vicerrectorias.utp.edu.co\/viie\/wp-json\/wp\/v2\/comments?post=2431"}],"version-history":[{"count":2,"href":"https:\/\/vicerrectorias.utp.edu.co\/viie\/wp-json\/wp\/v2\/posts\/2431\/revisions"}],"predecessor-version":[{"id":10635,"href":"https:\/\/vicerrectorias.utp.edu.co\/viie\/wp-json\/wp\/v2\/posts\/2431\/revisions\/10635"}],"wp:attachment":[{"href":"https:\/\/vicerrectorias.utp.edu.co\/viie\/wp-json\/wp\/v2\/media?parent=2431"}],"wp:term":[{"taxonomy":"category","embeddable":true,"href":"https:\/\/vicerrectorias.utp.edu.co\/viie\/wp-json\/wp\/v2\/categories?post=2431"},{"taxonomy":"post_tag","embeddable":true,"href":"https:\/\/vicerrectorias.utp.edu.co\/viie\/wp-json\/wp\/v2\/tags?post=2431"}],"curies":[{"name":"wp","href":"https:\/\/api.w.org\/{rel}","templated":true}]}}