{"id":23740,"date":"2026-04-22T21:06:34","date_gmt":"2026-04-22T19:06:34","guid":{"rendered":"https:\/\/vicerrectorias.utp.edu.co\/viie\/?p=23740"},"modified":"2026-04-22T21:12:16","modified_gmt":"2026-04-22T19:12:16","slug":"tercera-jornada-de-apropiacion-social-del-conocimiento-de-la-facultad-ciencias-agrarias-y-agroindustria","status":"publish","type":"post","link":"https:\/\/vicerrectorias.utp.edu.co\/viie\/tercera-jornada-de-apropiacion-social-del-conocimiento-de-la-facultad-ciencias-agrarias-y-agroindustria\/","title":{"rendered":"Tercera Jornada de Apropiaci\u00f3n Social del Conocimiento de la Facultad Ciencias Agrarias y Agroindustria"},"content":{"rendered":"\n<h2 class=\"wp-block-heading has-text-align-center\"><strong>LA VICERRECTOR\u00cdA DE INVESTIGACIONES, INNOVACI\u00d3N Y EXTENSI\u00d3N Y LA FACULTAD DE CIENCIAS AGRARIAS Y AGROINDUSTRIA DE LA UNIVERSIDAD TECNOL\u00d3GICA DE PEREIRA<\/strong><\/h2>\n\n\n\n<p><span class=\"post-content__span\"> <\/p>\n\n\n<div class=\"wp-block-image\">\n<figure class=\"aligncenter size-large\"><img loading=\"lazy\" decoding=\"async\" width=\"1024\" height=\"1024\" src=\"https:\/\/vicerrectorias.utp.edu.co\/viie\/wp-content\/uploads\/sites\/3\/Ciencias-Agrarias-1024x1024.jpeg\" alt=\"\" class=\"wp-image-23741\" srcset=\"https:\/\/vicerrectorias.utp.edu.co\/viie\/wp-content\/uploads\/sites\/3\/Ciencias-Agrarias-1024x1024.jpeg 1024w, https:\/\/vicerrectorias.utp.edu.co\/viie\/wp-content\/uploads\/sites\/3\/Ciencias-Agrarias-300x300.jpeg 300w, https:\/\/vicerrectorias.utp.edu.co\/viie\/wp-content\/uploads\/sites\/3\/Ciencias-Agrarias-150x150.jpeg 150w, https:\/\/vicerrectorias.utp.edu.co\/viie\/wp-content\/uploads\/sites\/3\/Ciencias-Agrarias-768x768.jpeg 768w, https:\/\/vicerrectorias.utp.edu.co\/viie\/wp-content\/uploads\/sites\/3\/Ciencias-Agrarias.jpeg 1080w\" sizes=\"auto, (max-width: 1024px) 100vw, 1024px\" \/><\/figure>\n<\/div>\n\n\n<h2 class=\"wp-block-heading\"><strong>LOS INVITA A PARTICIPAR:<\/strong><\/h2>\n\n\n\n<p><span class=\"post-content__span\"> <strong>EVENTO: <\/strong>Tercera Jornada de Apropiaci\u00f3n Social del Conocimiento de la Facultad Ciencias Agrarias y Agroindustria<\/p>\n\n\n\n<p><span class=\"post-content__span\"> <strong>FECHA: <\/strong>05 de noviembre de 2026<\/p>\n\n\n\n<p><span class=\"post-content__span\"> <strong>LUGAR: <\/strong>Sala Magistral 1 Bloque 13<\/p>\n\n\n\n<p><span class=\"post-content__span\"> <strong>OBJETIVO: <\/strong>La Tercera Jornada de Apropiaci\u00f3n Social del Conocimiento de la Facultad de Ciencias Agrarias y Agroindustria, tiene como objetivo:<\/p>\n\n\n\n<p><span class=\"post-content__span\"> -Socializar los resultados de proyectos de investigaci\u00f3n de la Universidad Tecnol\u00f3gica de Pereira.<\/p>\n\n\n\n<p><span class=\"post-content__span\"> -Propiciar espacios de interacci\u00f3n entre la academia y la sociedad, para dinamizar la relaci\u00f3n entre investigaci\u00f3n, innovaci\u00f3n y extensi\u00f3n.<\/p>\n\n\n\n<p><span class=\"post-content__span\"> -Generar productos de nuevo conocimiento y de divulgaci\u00f3n p\u00fablica de la ciencia, en el marco del modelo de medici\u00f3n de grupos de investigaci\u00f3n e investigadores de MinCiencias.<\/p>\n\n\n\n<h2 class=\"wp-block-heading\"><strong>DIRIGIDO A: <\/strong><\/h2>\n\n\n\n<p><span class=\"post-content__span\"> Docentes, estudiantes y egresados vinculados a la Facultad de Ciencias Agrarias y Agroindustria.<\/p>\n\n\n\n<h2 class=\"wp-block-heading\"><strong>MODALIDADES DE PARTICIPACI\u00d3N<\/strong><\/h2>\n\n\n\n<ol start=\"1\" class=\"wp-block-list\"><\/ol>\n\n\n\n<ul class=\"wp-block-list\">\n<li><strong>Grupos de Investigaci\u00f3n: <\/strong>Los docentes, estudiantes y egresados vinculados a los grupos de investigaci\u00f3n de la Universidad Tecnol\u00f3gica de Pereira podr\u00e1n participar en la jornada con:<\/li>\n<\/ul>\n\n\n\n<ol style=\"list-style-type:lower-alpha\" class=\"wp-block-list\">\n<li>Proyectos resultado de investigaci\u00f3n inscritos en la Vicerrector\u00eda de Investigaciones, Innovaci\u00f3n y Extensi\u00f3n, concluidos entre el a\u00f1o 2023 y el a\u00f1o 2026.<\/li>\n\n\n\n<li>Proyectos de investigaci\u00f3n inscritos en la Vicerrector\u00eda de Investigaciones, Innovaci\u00f3n y Extensi\u00f3n, en estado de ejecuci\u00f3n.<\/li>\n\n\n\n<li>Proyectos de grado de pregrado, especializaci\u00f3n, maestr\u00eda o doctorado registrado en el CVLAC, el cual deber\u00e1 anexar el certificado del programa acad\u00e9mico correspondiente, concluidos entre el a\u00f1o 2023 y el a\u00f1o 2026. <strong>NOTA: En este \u00faltimo caso, tambi\u00e9n podr\u00e1 ser ponente el estudiante que desarroll\u00f3 el trabajo de grado.<\/strong><\/li>\n<\/ol>\n\n\n\n<p><span class=\"post-content__span\"> <\/p>\n\n\n\n<p><span class=\"post-content__span\"> Los docentes, estudiantes o egresados que cumplan lo anterior podr\u00e1n participar en la siguiente modalidad:<\/p>\n\n\n\n<ul class=\"wp-block-list\">\n<li><strong>PONENCIA MAGISTRAL: <\/strong>Presentaci\u00f3n oral de resultados de proyectos de investigaci\u00f3n. Para el desarrollo de la ponencia se otorgar\u00e1 un tiempo de 15 minutos, m\u00e1s 5 minutos para preguntas del p\u00fablico.<\/li>\n<\/ul>\n\n\n\n<ul class=\"wp-block-list\">\n<li><strong>Semillero de Investigaci\u00f3n: <\/strong>Los estudiantes vinculados o tutor del semillero de investigaci\u00f3n podr\u00e1n participar con:<\/li>\n<\/ul>\n\n\n\n<p><span class=\"post-content__span\"> <strong>STAND: <\/strong>Se dispondr\u00e1 un espacio f\u00edsico (Mesa y Silla) en el cual el semillero de investigaci\u00f3n podr\u00e1 compartir informaci\u00f3n general del mismo y visibilizar los <strong>productos f\u00edsicos <\/strong>que tengan.<\/p>\n\n\n\n<h2 class=\"wp-block-heading\"><strong>PRODUCTOS DEL EVENTO<\/strong><\/h2>\n\n\n\n<ol start=\"2\" class=\"wp-block-list\"><\/ol>\n\n\n\n<p><span class=\"post-content__span\"> Como productos de esta jornada se podr\u00e1n obtener los siguientes:<\/p>\n\n\n\n<ul class=\"wp-block-list\">\n<li><strong>CERTIFICADO COMO PONENTE: <\/strong>Se le otorgar\u00e1 una constancia de participaci\u00f3n como ponente en la modalidad respectiva.<\/li>\n<\/ul>\n\n\n\n<ul class=\"wp-block-list\">\n<li><strong>CAP\u00cdTULO DE LIBRO RESULTADO DE INVESTIGACI\u00d3N: <\/strong>Se realizar\u00e1 la edici\u00f3n de un libro resultado de investigaci\u00f3n el cual estar\u00e1 conformado cap\u00edtulos de libro realizados por docentes y estudiantes, para lo cual se deber\u00e1n cumplir los siguientes requisitos: <\/li>\n<\/ul>\n\n\n\n<p><span class=\"post-content__span\"> <strong>a) <\/strong>Cada cap\u00edtulo del libro debe ser resultado de:<\/p>\n\n\n\n<ul class=\"wp-block-list\">\n<li>Un proyecto de investigaci\u00f3n registrado en la Vicerrector\u00eda de Investigaciones, Innovaci\u00f3n y Extensi\u00f3n que se encuentre finalizado en los \u00faltimos tres a\u00f1os, o en estado de ejecuci\u00f3n.<\/li>\n\n\n\n<li>Una tesis de posgrado (especializaci\u00f3n cl\u00ednica, maestr\u00eda y doctorado) de la Universidad Tecnol\u00f3gica de Pereira, finalizada en los \u00faltimos tres a\u00f1os, certificada por el programa acad\u00e9mico respectivo.<\/li>\n<\/ul>\n\n\n\n<p><span class=\"post-content__span\"> <strong>b) <\/strong>Cada cap\u00edtulo podr\u00e1 tener un m\u00e1ximo de dos (2) autores.<\/p>\n\n\n\n<p><span class=\"post-content__span\"> <strong>c) <\/strong>Todos los autores del cap\u00edtulo de libro deben estar vinculados en el proyecto de investigaci\u00f3n institucional (Inscrito en la Vicerrector\u00eda de Investigaciones, Innovaci\u00f3n y Extensi\u00f3n).<\/p>\n\n\n\n<p><span class=\"post-content__span\"> <strong>d)<\/strong> Si alguno de los autores no se encuentra vinculado en el proyecto de investigaci\u00f3n, puede solicitar su inscripci\u00f3n, esto solo cuando el proyecto se encuentre en ejecuci\u00f3n y debe ser previo a la solicitud de publicaci\u00f3n del cap\u00edtulo.<\/p>\n\n\n\n<p><span class=\"post-content__span\"> <strong>e)<\/strong> En el caso de trabajos de posgrados, los autores podr\u00e1n ser los estudiantes responsables de la tesis y el director respectivo.<\/p>\n\n\n\n<h2 class=\"wp-block-heading\"><strong>PROCESO DE INSCRIPCI\u00d3N<\/strong><\/h2>\n\n\n\n<ol start=\"3\" class=\"wp-block-list\"><\/ol>\n\n\n\n<p><span class=\"post-content__span\"> Para la inscripci\u00f3n a la Tercera Jornada de Apropiaci\u00f3n Social del Conocimiento de la Facultad de Ciencias Agrarias y Agroindustria se deber\u00e1 diligenciar el siguiente formulario: <a href=\"https:\/\/forms.gle\/WqitU6EYTCHQoqWV6\">LINK<\/a><\/p>\n\n\n\n<p><span class=\"post-content__span\"> <strong>ANEXOS PARA LA INSCRIPCI\u00d3N:<\/strong><\/p>\n\n\n\n<ul class=\"wp-block-list\">\n<li>Formato para presentaci\u00f3n de las ponencias PTT (<a href=\"https:\/\/drive.google.com\/file\/d\/1ccTUIU2gnC1kpq8umWlreVJYgajO21aI\/view?usp=drive_link\">Anexo 1<\/a>), si aplica.<\/li>\n\n\n\n<li>Formato de cap\u00edtulo de libro resultado de investigaci\u00f3n (<a href=\"https:\/\/docs.google.com\/document\/d\/1GonoQo22MPZO4G-tE2t5XsXLtjYVUxSi\/edit?usp=drive_link&amp;ouid=100303619615031917425&amp;rtpof=true&amp;sd=true\">Anexo 2<\/a>), si aplica.<\/li>\n\n\n\n<li>Formato de autorizaci\u00f3n de publicaci\u00f3n (<a href=\"https:\/\/docs.google.com\/document\/d\/17OM1Ad1dv8Ndnw4LIQM3zrkqT0vx5_GF\/edit?usp=drive_link&amp;ouid=100303619615031917425&amp;rtpof=true&amp;sd=true\">Anexo 3<\/a>), si aplica.<\/li>\n<\/ul>\n\n\n\n<h2 class=\"wp-block-heading\"><strong>PROCESO DE EVALUACI\u00d3N<\/strong><\/h2>\n\n\n\n<ol start=\"4\" class=\"wp-block-list\"><\/ol>\n\n\n\n<p><span class=\"post-content__span\"> Se realizar\u00e1 la revisi\u00f3n de las postulaciones y se validar\u00e1 lo siguiente:<\/p>\n\n\n\n<p><span class=\"post-content__span\"> a) Cumplimiento de los requisitos establecidos en las modalidades de participaci\u00f3n.<\/p>\n\n\n\n<p><span class=\"post-content__span\"> b) Validaci\u00f3n que el proyecto no haya sido presentado en jornadas anteriores.<\/p>\n\n\n\n<p><span class=\"post-content__span\"> <strong>Nota:<\/strong> La participaci\u00f3n de los proyectos que presenten alguna consideraci\u00f3n especial deber\u00e1n ser v\u00e1lidos y aprobados por la facultad.<\/p>\n\n\n\n<h2 class=\"wp-block-heading\"><strong>CRONOGRAMA DE INSCRIPCI\u00d3N<\/strong><\/h2>\n\n\n\n<ol start=\"5\" class=\"wp-block-list\"><\/ol>\n\n\n\n<p><span class=\"post-content__span\"> <strong>PONENTES:<\/strong><\/p>\n\n\n\n<figure class=\"wp-block-table\"><table class=\"has-fixed-layout\"><tbody><tr><td><strong>ACTIVIDAD<\/strong><\/td><td><strong>FECHAS<\/strong><\/td><\/tr><tr><td>Apertura y difusi\u00f3n de la convocatoria<\/td><td>\u00a022 de abril de 2026<\/td><\/tr><tr><td>Recepci\u00f3n de iniciativas de participaci\u00f3n<\/td><td>Hasta el 15 de julio de 2026<\/td><\/tr><tr><td>Proceso de revisi\u00f3n, validaci\u00f3n y evaluaci\u00f3n de iniciativas.<\/td><td>Del 21 al 24 de julio de 2026<\/td><\/tr><tr><td>Publicaci\u00f3n de resultados<\/td><td>24 de julio de 2026<\/td><\/tr><tr><td>Fecha m\u00e1xima de env\u00edo del cap\u00edtulo del libro<\/td><td>Hasta el 2 de octubre de 2026<\/td><\/tr><tr><td>Env\u00edo de Presentaciones a <a href=\"http:\/\/investigaciones@utp.edu.co\">investigaciones@utp.edu.co<\/a><\/td><td>Hasta el 16 de octubre de 2026<\/td><\/tr><tr><td>Tercera jornada de apropiaci\u00f3n social del conocimiento<\/td><td>5 de noviembre de 2026<\/td><\/tr><\/tbody><\/table><\/figure>\n\n\n\n<p><span class=\"post-content__span\"> <\/p>\n\n\n\n<p><span class=\"post-content__span\"> <a><\/a><strong>ASISTENTES<\/strong><\/p>\n\n\n\n<figure class=\"wp-block-table\"><table class=\"has-fixed-layout\"><tbody><tr><td><strong>CRONOGRAMA<\/strong><\/td><td><strong>FECHAS<\/strong><\/td><\/tr><tr><td>Registro de asistentes<\/td><td>Hasta el 5 de noviembre de 2026<\/td><\/tr><tr><td>Tercera jornada de apropiaci\u00f3n social del conocimiento<\/td><td>5 de noviembre de 2026<\/td><\/tr><\/tbody><\/table><\/figure>\n\n\n\n<h2 class=\"wp-block-heading\"><strong>M\u00c1S INFORMACI\u00d3N<\/strong><\/h2>\n\n\n\n<p><span class=\"post-content__span\"> <strong>Lothar Mattews Garc\u00eda Escobar<\/strong><\/p>\n\n\n\n<p><span class=\"post-content__span\"> <strong>Angeline Dahab Ahcar Vanegas<\/strong><\/p>\n\n\n\n<p><span class=\"post-content__span\"> Vicerrector\u00eda de Investigaciones, Innovaci\u00f3n y Extensi\u00f3n<\/p>\n\n\n\n<p><span class=\"post-content__span\"> Extensi\u00f3n: 7789 &#8211; 7819<\/p>\n\n\n\n<p><span class=\"post-content__span\"> Email: <a href=\"mailto:investigaciones@utp.edu.co\">investigaciones@utp.edu.co<\/a><\/p>\n","protected":false},"excerpt":{"rendered":"<p>LA VICERRECTOR\u00cdA DE INVESTIGACIONES, INNOVACI\u00d3N Y EXTENSI\u00d3N Y LA FACULTAD DE CIENCIAS AGRARIAS Y AGROINDUSTRIA DE LA UNIVERSIDAD TECNOL\u00d3GICA DE PEREIRA LOS INVITA A PARTICIPAR: EVENTO: Tercera Jornada de Apropiaci\u00f3n [&#8230;]<\/p>\n","protected":false},"author":12,"featured_media":0,"comment_status":"closed","ping_status":"","sticky":false,"template":"","format":"standard","meta":{"footnotes":""},"categories":[7],"tags":[],"class_list":["post-23740","post","type-post","status-publish","format-standard","hentry","category-convocatorias"],"_links":{"self":[{"href":"https:\/\/vicerrectorias.utp.edu.co\/viie\/wp-json\/wp\/v2\/posts\/23740","targetHints":{"allow":["GET"]}}],"collection":[{"href":"https:\/\/vicerrectorias.utp.edu.co\/viie\/wp-json\/wp\/v2\/posts"}],"about":[{"href":"https:\/\/vicerrectorias.utp.edu.co\/viie\/wp-json\/wp\/v2\/types\/post"}],"author":[{"embeddable":true,"href":"https:\/\/vicerrectorias.utp.edu.co\/viie\/wp-json\/wp\/v2\/users\/12"}],"replies":[{"embeddable":true,"href":"https:\/\/vicerrectorias.utp.edu.co\/viie\/wp-json\/wp\/v2\/comments?post=23740"}],"version-history":[{"count":6,"href":"https:\/\/vicerrectorias.utp.edu.co\/viie\/wp-json\/wp\/v2\/posts\/23740\/revisions"}],"predecessor-version":[{"id":23749,"href":"https:\/\/vicerrectorias.utp.edu.co\/viie\/wp-json\/wp\/v2\/posts\/23740\/revisions\/23749"}],"wp:attachment":[{"href":"https:\/\/vicerrectorias.utp.edu.co\/viie\/wp-json\/wp\/v2\/media?parent=23740"}],"wp:term":[{"taxonomy":"category","embeddable":true,"href":"https:\/\/vicerrectorias.utp.edu.co\/viie\/wp-json\/wp\/v2\/categories?post=23740"},{"taxonomy":"post_tag","embeddable":true,"href":"https:\/\/vicerrectorias.utp.edu.co\/viie\/wp-json\/wp\/v2\/tags?post=23740"}],"curies":[{"name":"wp","href":"https:\/\/api.w.org\/{rel}","templated":true}]}}