{"id":22705,"date":"2026-01-26T16:59:22","date_gmt":"2026-01-26T15:59:22","guid":{"rendered":"https:\/\/vicerrectorias.utp.edu.co\/viie\/?p=22705"},"modified":"2026-03-27T18:06:21","modified_gmt":"2026-03-27T17:06:21","slug":"convocatoria-para-el-registro-de-proyectos-sin-financiacion-en-efectivo-ano-2026-1","status":"publish","type":"post","link":"https:\/\/vicerrectorias.utp.edu.co\/viie\/convocatoria-para-el-registro-de-proyectos-sin-financiacion-en-efectivo-ano-2026-1\/","title":{"rendered":"CONVOCATORIA PARA EL REGISTRO DE PROYECTOS SIN FINANCIACI\u00d3N EN EFECTIVO A\u00d1O 2026-1"},"content":{"rendered":"\n<h2 class=\"wp-block-heading\">Resultados<\/h2>\n\n\n\n<ul class=\"wp-block-list\">\n<li><strong><a href=\"https:\/\/vicerrectorias.utp.edu.co\/viie\/wp-content\/uploads\/sites\/3\/Listado-Propuestas-que-continuan-en-el-proceso-Conv-Sin-Financiacion-en-Efectivo-2026-1.pdf\" data-type=\"link\" data-id=\"https:\/\/vicerrectorias.utp.edu.co\/viie\/wp-content\/uploads\/sites\/3\/Listado-Propuestas-que-continuan-en-el-proceso-Conv-Sin-Financiacion-en-Efectivo-2026-1.pdf\">Propuestas que contin\u00faan en el proceso &#8211; CONVOCATORIA INTERNA SIN FINANCIACI\u00d3N EN EFECTIVO 2026-1<\/a><\/strong><\/li>\n\n\n\n<li>Fecha de publicaci\u00f3n: 27 de marzo de 2026<\/li>\n<\/ul>\n\n\n\n<ul class=\"wp-block-list\">\n<li><strong><a href=\"https:\/\/vicerrectorias.utp.edu.co\/viie\/wp-content\/uploads\/sites\/3\/Propuestas-Recibidas-Conv-Sin-Financiacion-en-Efectivo-2026-1.pdf\" data-type=\"link\" data-id=\"https:\/\/vicerrectorias.utp.edu.co\/viie\/wp-content\/uploads\/sites\/3\/Propuestas-Recibidas-Conv-Sin-Financiacion-en-Efectivo-2026-1.pdf\">Resultado Revisi\u00f3n Requisitos M\u00ednimos CONVOCATORIA INTERNA SIN FINANCIACI\u00d3N EN EFECTIVO 2026-1<\/a><\/strong><\/li>\n\n\n\n<li>Fecha de publicaci\u00f3n: 13 de marzo de 2026<\/li>\n<\/ul>\n\n\n<div class=\"wp-block-image\">\n<figure class=\"aligncenter size-large\"><img loading=\"lazy\" decoding=\"async\" width=\"819\" height=\"1024\" src=\"https:\/\/vicerrectorias.utp.edu.co\/viie\/wp-content\/uploads\/sites\/3\/Convocatoria-Para-el-registro-de-proyectos-sin-financiacion-en-efectivo-2026-1-819x1024.png\" alt=\"\" class=\"wp-image-22706\" srcset=\"https:\/\/vicerrectorias.utp.edu.co\/viie\/wp-content\/uploads\/sites\/3\/Convocatoria-Para-el-registro-de-proyectos-sin-financiacion-en-efectivo-2026-1-819x1024.png 819w, https:\/\/vicerrectorias.utp.edu.co\/viie\/wp-content\/uploads\/sites\/3\/Convocatoria-Para-el-registro-de-proyectos-sin-financiacion-en-efectivo-2026-1-240x300.png 240w, https:\/\/vicerrectorias.utp.edu.co\/viie\/wp-content\/uploads\/sites\/3\/Convocatoria-Para-el-registro-de-proyectos-sin-financiacion-en-efectivo-2026-1-768x960.png 768w, https:\/\/vicerrectorias.utp.edu.co\/viie\/wp-content\/uploads\/sites\/3\/Convocatoria-Para-el-registro-de-proyectos-sin-financiacion-en-efectivo-2026-1.png 1080w\" sizes=\"auto, (max-width: 819px) 100vw, 819px\" \/><\/figure>\n<\/div>\n\n\n<h2 class=\"wp-block-heading\"><strong>ACUERDO CONSEJO ACAD\u00c9MICO No. 11<\/strong><\/h2>\n\n\n\n<p><span class=\"post-content__span\"> <a href=\"https:\/\/vicerrectorias.utp.edu.co\/viie\/wp-content\/uploads\/sites\/3\/AcuerdoNo.11ConvocatoriaRegistrodeProyectossinFinanciacionenEfectivoano2026_0001_compressed.pdf\" data-type=\"link\" data-id=\"https:\/\/vicerrectorias.utp.edu.co\/viie\/wp-content\/uploads\/sites\/3\/AcuerdoNo.11ConvocatoriaRegistrodeProyectossinFinanciacionenEfectivoano2026_0001_compressed.pdf\"><strong>POR MEDIO DEL CUAL SE APRUEBA LA CONVOCATORIA PARA EL REGISTRO DE PROYECTOS SIN FINANCIACI\u00d3N EN EFECTIVO 2026-1<\/strong><\/a><\/p>\n\n\n\n<p><span class=\"post-content__span\"> En la presente convocatoria podr\u00e1n ser presentadas propuestas de investigaci\u00f3n en cualquier rama del saber dentro del sano principio de plena libertad de manifestaci\u00f3n de las actividades acad\u00e9micas y dando cumplimiento al Acuerdo del Consejo Superior n\u00famero 28 del 03 de agosto de 2016.<\/p>\n\n\n\n<p><span class=\"post-content__span\"> <strong>OBJETIVO: <\/strong>Fomentar la investigaci\u00f3n en la Universidad Tecnol\u00f3gica de Pereira, a trav\u00e9s de propuestas formuladas por los Grupos de Investigaci\u00f3n adscritos a la Vicerrector\u00eda de Investigaciones, Innovaci\u00f3n y Extensi\u00f3n.<\/p>\n\n\n\n<p><span class=\"post-content__span\"> <strong>DIRIGIDO A: <\/strong>Grupos de Investigaci\u00f3n adscritos a la Vicerrector\u00eda de Investigaciones, Innovaci\u00f3n y Extensi\u00f3n de la Universidad Tecnol\u00f3gica de Pereira.<\/p>\n\n\n\n<p><span class=\"post-content__span\"> <strong>DURACI\u00d3N: <\/strong>Los proyectos de investigaci\u00f3n podr\u00e1n presentarse siempre y cuando cumplan con un cronograma de ejecuci\u00f3n que abarque un per\u00edodo m\u00ednimo de 12 meses y un m\u00e1ximo de 24 meses.<\/p>\n\n\n\n<p><span class=\"post-content__span\"> <strong>TIPOS DE INVESTIGACI\u00d3N: <\/strong>Las propuestas de investigaci\u00f3n presentadas deben ser clasificadas de acuerdo con los siguientes tipos de investigaci\u00f3n:<\/p>\n\n\n\n<ul class=\"wp-block-list\">\n<li><strong>INVESTIGACI\u00d3N B\u00c1SICA: <\/strong>trabajos experimentales o te\u00f3ricos que se emprenden principalmente para obtener nuevos conocimientos acerca de los fundamentos de los fen\u00f3menos y hechos observables, sin pretender una aplicaci\u00f3n o utilizaci\u00f3n determinada.<\/li>\n\n\n\n<li><strong>INVESTIGACI\u00d3N APLICADA: <\/strong>trabajos originales realizados para adquirir nuevos conocimientos, dirigidos fundamentalmente hacia un objetivo pr\u00e1ctico espec\u00edfico.<\/li>\n\n\n\n<li><strong>DESARROLLO EXPERIMENTAL:<\/strong> trabajos sistem\u00e1ticos que aprovechan los conocimientos existentes obtenidos de la investigaci\u00f3n y\/o la experiencia pr\u00e1ctica, bien para la producci\u00f3n de nuevos materiales, productos o dispositivos, bien para la puesta en marcha de nuevos procesos, sistemas y servicios, o bien para la mejora sustancial de los ya existentes.<\/li>\n\n\n\n<li><strong>INVESTIGACI\u00d3N-CREACI\u00d3N: <\/strong>propuestas que buscan responder a una pregunta o problema de investigaci\u00f3n a trav\u00e9s de una experiencia creativa que da lugar a obras, objetos o productos con valor est\u00e9tico, cuya naturaleza temporal puede ser ef\u00edmera, procesual o permanente. En otras acepciones, se considera que la investigaci\u00f3n\u2013creaci\u00f3n \u2013tambi\u00e9n llamada investigaci\u00f3n art\u00edstica o investigaci\u00f3n basada en la pr\u00e1ctica creativa\u2013 como aquella indagaci\u00f3n que toma como objeto la experiencia est\u00e9tica del propio investigador\u2013creador, por lo cual siempre se basa en un componente autorreflexivo (Borgdoff, 2006; Asprilla, 2013; Hern\u00e1ndez Salgar, 2014).<\/li>\n<\/ul>\n\n\n\n<h2 class=\"wp-block-heading has-luminous-vivid-amber-background-color has-background has-medium-font-size\"><strong>FORMA DE PARTICIPACI\u00d3N<\/strong><\/h2>\n\n\n\n<p><span class=\"post-content__span\"> Los docentes interesados en participar en la presente convocatoria deber\u00e1n seguir los siguientes pasos:<\/p>\n\n\n\n<ol start=\"1\" class=\"wp-block-list\">\n<li>Radicar carta de presentaci\u00f3n a la convocatoria (Ver Anexo 1)&nbsp;al correo electr\u00f3nico&nbsp;<a href=\"mailto:ventanillaunica@utp.edu.co\"><strong>ventanillaunica@utp.edu.co<\/strong><\/a><strong><u>,<\/u><\/strong>&nbsp;dirigida a la Vicerrector\u00eda de Investigaciones, Innovaci\u00f3n y Extensi\u00f3n, antes del <strong>27 <\/strong><strong>de febrero <\/strong><strong>de 202<\/strong><strong>6 a las 11:59 a.m. (UTC-5), <\/strong>destacando que deber\u00e1 contar con radicado con fecha m\u00e1xima del 27 de febrero de 2026.<\/li>\n\n\n\n<li>Una vez se cuente con la carta de presentaci\u00f3n radicada, se debe diligenciar el formulario de Google forms dise\u00f1ado para tal fin&nbsp;<strong>(<\/strong><a href=\"https:\/\/forms.gle\/YBhL1Cr31sVArXWm7\"><strong>VER<\/strong><\/a><strong>)<\/strong>, antes del&nbsp;<strong>06 de marzo de 202<\/strong><strong>6<\/strong><strong> a las 11:59 p.m. (UTC-5), y <\/strong>en el cual se deber\u00e1 anexar:<\/li>\n\n\n\n<li>Carta de presentaci\u00f3n a la convocatoria radicada en formato PDF, (<strong>Ver anexo 1<\/strong>).<\/li>\n\n\n\n<li>Ficha de identificaci\u00f3n, relaci\u00f3n de participantes y certificaci\u00f3n de la propuesta en formato PDF, (<strong>Ver anexo 2<\/strong>).<\/li>\n\n\n\n<li>Formulaci\u00f3n de la propuesta en formato PDF, (<strong>Ver anexo 3<\/strong>).<\/li>\n\n\n\n<li>Presupuesto de la propuesta en formato de Excel, (<strong>Ver anexo 4<\/strong>).<\/li>\n\n\n\n<li>Documento de compromiso, seg\u00fan el tipo de articulaci\u00f3n externa o internacional, (ver anexos 5 al 7).<\/li>\n<\/ol>\n\n\n\n<h2 class=\"wp-block-heading has-luminous-vivid-amber-background-color has-background has-medium-font-size\"><strong>REQUISITOS GENERALES PARA LA PRESENTACI\u00d3N DE UNA PROPUESTA<\/strong><\/h2>\n\n\n\n<ol start=\"1\" class=\"wp-block-list\">\n<li>La propuesta debe ser presentada por un grupo de investigaci\u00f3n proponente y un grupo de investigaci\u00f3n colaborador.<\/li>\n\n\n\n<li>Los grupos de investigaci\u00f3n, tanto el proponente como el colaborador, deber\u00e1n haber actualizado la informaci\u00f3n del GrupLAC con corte al 30 de noviembre de 2025, dando cumplimiento a la Resoluci\u00f3n 7729 de 31 de diciembre de 2020.<\/li>\n\n\n\n<li>Cada propuesta deber\u00e1 tener como m\u00ednimo dos docentes vinculados de la Universidad Tecnol\u00f3gica de Pereira (Investigador principal y un investigador colaborador), en la cual el investigador principal deber\u00e1 ser docente de planta o transitorio vinculado al grupo proponente; y un investigador colaborador que podr\u00e1 tener cualquier modalidad de contrataci\u00f3n y estar vinculado al grupo colaborador.<\/li>\n<\/ol>\n\n\n\n<p><span class=\"post-content__span\"> <strong>NOTA 1: Para los grupos cuyos directores son transitorios administrativos, estos podr\u00e1n desempe\u00f1ar el rol de investigador principal.<\/strong><strong><\/strong><\/p>\n\n\n\n<p><span class=\"post-content__span\"> <strong>NOTA 2: La articulaci\u00f3n entre el grupo proponente y el colaborador, se debe reflejar y ser coherente en el desarrollo de los objetivos de la propuesta y en la generaci\u00f3n de productos, de forma tal que los participantes de ambos grupos sean coautores en los productos pertinentes. Esta articulaci\u00f3n, adem\u00e1s, debe quedar plasmada dentro de la metodolog\u00eda de la propuesta y ser\u00e1 parte de la evaluaci\u00f3n por pares.<\/strong><strong><\/strong><\/p>\n\n\n\n<ol start=\"4\" class=\"wp-block-list\">\n<li>Los investigadores participantes del proyecto (estudiantes y docentes) deben estar registrados en Google Scholar, ResearchGate y en ORCID. Se requiere que la Identidad Digital est\u00e9 normalizada y en caso de requerir asesor\u00eda podr\u00e1 contactarse con <a href=\"mailto:dianapini@utp.edu.co\">dianapini@utp.edu.co<\/a>. Adicionalmente, deber\u00e1n contar con la informaci\u00f3n actualizada en dichas plataformas.<\/li>\n\n\n\n<li>Un docente podr\u00e1 ser investigador principal en una sola propuesta de la actual convocatoria para registrar proyectos sin financiaci\u00f3n en efectivo.<\/li>\n\n\n\n<li>Un docente podr\u00e1 ser investigador colaborador en una sola propuesta de la actual convocatoria para registrar proyectos sin financiaci\u00f3n en efectivo.<\/li>\n\n\n\n<li>La ficha de identificaci\u00f3n debe estar firmada por:<\/li>\n<\/ol>\n\n\n\n<p><span class=\"post-content__span\"> &#8211; El investigador principal.<\/p>\n\n\n\n<p><span class=\"post-content__span\"> &#8211; El investigador colaborador.<\/p>\n\n\n\n<p><span class=\"post-content__span\"> &#8211; El director del grupo de investigaci\u00f3n proponente.<\/p>\n\n\n\n<p><span class=\"post-content__span\"> &#8211; El director del grupo de investigaci\u00f3n colaborador.<\/p>\n\n\n\n<p><span class=\"post-content__span\"> &#8211; El decano (a) de la facultad a la cual est\u00e1 adscrito el grupo de investigaci\u00f3n proponente.<\/p>\n\n\n\n<p><span class=\"post-content__span\"> &#8211; El decano (a) de la facultad a la cual est\u00e1 adscrito el grupo de investigaci\u00f3n colaborador.<\/p>\n\n\n\n<p><span class=\"post-content__span\"> &#8211; El decano (a) de la facultad a la cual est\u00e1 adscrito el investigador principal.<\/p>\n\n\n\n<ol start=\"8\" class=\"wp-block-list\">\n<li>El investigador principal deber\u00e1 declarar el nivel de riesgo \u00e9tico de la investigaci\u00f3n, diligenciando este apartado en la ficha de identificaci\u00f3n, en la formulaci\u00f3n de la propuesta y en el formulario de Google forms. La Vicerrector\u00eda de Investigaciones, Innovaci\u00f3n y Extensi\u00f3n ser\u00e1 la encargada de someter la propuesta ante el Comit\u00e9 de \u00c9tica de la Investigaci\u00f3n de la Universidad Tecnol\u00f3gica de Pereira.<\/li>\n\n\n\n<li>En las propuestas que involucren como sujetos de investigaci\u00f3n animales, el investigador principal deber\u00e1 declarar el nivel de riesgo de la investigaci\u00f3n, diligenciando este apartado en la ficha de identificaci\u00f3n, en la formulaci\u00f3n de la propuesta, en el formulario de Google forms y en el anexo 11 Comit\u00e9 de \u00c9tica Animal. La Vicerrector\u00eda de Investigaciones, Innovaci\u00f3n y Extensi\u00f3n ser\u00e1 la encargada de someter la propuesta ante el Grupo Especializado Para el Cuidado y Uso de los Animales (GECUA) de la Universidad Tecnol\u00f3gica de Pereira.<\/li>\n\n\n\n<li>El investigador principal, el investigador colaborador y los coinvestigadores (docentes UTP) de la propuesta presentada, deber\u00e1n encontrarse a Paz y Salvo en la Vicerrector\u00eda de Investigaciones, Innovaci\u00f3n y Extensi\u00f3n por todo concepto a la fecha de cierre de la convocatoria. Se validar\u00e1 el cumplimiento de:&nbsp;<\/li>\n<\/ol>\n\n\n\n<ul class=\"wp-block-list\">\n<li>Presentaci\u00f3n de Informes relacionados con Proyectos y actividades de Extensi\u00f3n en los cuales es responsable.&nbsp;<\/li>\n\n\n\n<li>Presentaci\u00f3n de Informes relacionados con Proyectos de Investigaci\u00f3n en todas las modalidades y Registros de Productos en los cuales es investigador principal o investigador colaborador.&nbsp;<\/li>\n\n\n\n<li>Presentaci\u00f3n de Informes relacionados con Proyectos de la Ventanilla Abierta para la financiaci\u00f3n de proyectos de Desarrollo Tecnol\u00f3gico en los cuales es responsable.<\/li>\n<\/ul>\n\n\n\n<ol start=\"11\" class=\"wp-block-list\">\n<li>Es obligatoria la vinculaci\u00f3n de estudiantes de pregrado o postgrado de la Universidad Tecnol\u00f3gica de Pereira para el desarrollo del proyecto, donde m\u00ednimo uno de ellos deber\u00e1 realizar su trabajo de grado en cualquier modalidad (proyecto de grado, pr\u00e1ctica de investigaci\u00f3n, entre otros) en el marco de la propuesta. En el caso del programa de medicina, se podr\u00e1 vincular a un estudiante que realice su internado de investigaci\u00f3n en el marco del proyecto de investigaci\u00f3n.<\/li>\n\n\n\n<li>El investigador principal deber\u00e1 informar si la propuesta requiere la gesti\u00f3n de tr\u00e1mites ambientales, diligenciando la ficha de identificaci\u00f3n del proyecto y en el formulario de Google forms.<\/li>\n\n\n\n<li>Las propuestas presentadas se revisar\u00e1n a trav\u00e9s de un software de similitudes y se excluir\u00e1 del proceso de convocatoria las que tengan un \u00edndice de coincidencia y similitud mayor a veinte (20%).<\/li>\n\n\n\n<li>Al finalizar el proyecto, se debe cumplir con los siguientes productos m\u00ednimos, los cuales deben ser coherentes con los objetivos espec\u00edficos y con la metodolog\u00eda planteada:<\/li>\n<\/ol>\n\n\n\n<ul class=\"wp-block-list\">\n<li>Un producto de generaci\u00f3n de nuevo conocimiento o un producto de resultado de actividades de investigaci\u00f3n, desarrollo tecnol\u00f3gico e innovaci\u00f3n.<\/li>\n\n\n\n<li>Un producto de formaci\u00f3n de recurso humano.<\/li>\n\n\n\n<li>Un producto de apropiaci\u00f3n social del conocimiento o divulgaci\u00f3n p\u00fablica de la ciencia.<\/li>\n\n\n\n<li>Un producto institucional.<\/li>\n<\/ul>\n\n\n\n<h2 class=\"wp-block-heading has-luminous-vivid-amber-background-color has-background has-medium-font-size\"><strong>PRODUCTOS M\u00cdNIMOS ESPERADOS<\/strong><\/h2>\n\n\n\n<p><span class=\"post-content__span\"> <strong>Ver cuadro 001 para descripci\u00f3n de cada producto<\/strong><\/p>\n\n\n\n<figure class=\"wp-block-table\"><table class=\"has-fixed-layout\"><tbody><tr><td colspan=\"2\"><strong>Tipos de Producto<\/strong><\/td><\/tr><tr><td><strong>1.<\/strong><strong>&nbsp;&nbsp; <\/strong><strong>Productos de Generaci\u00f3n de Nuevo Conocimiento<\/strong><\/td><td><strong>Cantidad y Descripci\u00f3n del producto esperado<\/strong>.<strong><\/strong><\/td><\/tr><tr><td>Art\u00edculo de investigaci\u00f3n publicado en revista ubicada en cuartiles Q1, Q2, Q3 (\u00edndice de impacto) &#8211; Si requiere asesor\u00eda sobre a qu\u00e9 revista puede postular el art\u00edculo contacte a recursoselectronicos@utp.edu.co<\/td><td rowspan=\"9\">&nbsp;<\/td><\/tr><tr><td>Libros resultados de investigaci\u00f3n.<\/td><\/tr><tr><td>Productos tecnol\u00f3gicos patentados o en proceso de concesi\u00f3n de la patente.<\/td><\/tr><tr><td>Variedad vegetal y variedad animal.<\/td><\/tr><tr><td>Obras o productos de investigaci\u00f3n creaci\u00f3n en Artes, Arquitectura y Dise\u00f1o y obras musicales.<\/td><\/tr><tr><td><strong>2.<\/strong><strong>&nbsp;&nbsp; <\/strong><strong>Productos resultados de actividades de investigaci\u00f3n, desarrollo tecnol\u00f3gico e innovaci\u00f3n<\/strong><\/td><\/tr><tr><td>Productos tecnol\u00f3gicos certificados o validados.<\/td><\/tr><tr><td>Productos empresariales.<\/td><\/tr><tr><td>Regulaciones, normas, reglamentos o legislaciones.<\/td><\/tr><tr><td><strong>3.<\/strong><strong>&nbsp;&nbsp; <\/strong><strong>Productos de Formaci\u00f3n de Recursos Humanos<\/strong><\/td><td><strong>Cantidad y Descripci\u00f3n del producto esperado.<\/strong><\/td><\/tr><tr><td>Trabajo de grado de Pregrado o Pr\u00e1ctica en Investigaci\u00f3n Conducente a Trabajo de grado.<\/td><td rowspan=\"3\">&nbsp;<\/td><\/tr><tr><td>Trabajo de grado de Maestr\u00eda.<\/td><\/tr><tr><td>Tesis de Doctorado.<\/td><\/tr><tr><td><strong>4.<\/strong><strong>&nbsp;&nbsp; <\/strong><strong>Productos de Apropiaci\u00f3n Social del Conocimiento<\/strong><\/td><td><strong>Cantidad y Descripci\u00f3n del producto esperado.<\/strong><\/td><\/tr><tr><td>Procesos de apropiaci\u00f3n social del conocimiento para el fortalecimiento o soluci\u00f3n de asuntos de inter\u00e9s social.<\/td><td rowspan=\"12\">&nbsp;<\/td><\/tr><tr><td>Procesos de apropiaci\u00f3n social del conocimiento para la generaci\u00f3n de insumos de pol\u00edtica p\u00fablica y normatividad.<\/td><\/tr><tr><td>Procesos de apropiaci\u00f3n social del conocimiento para el fortalecimiento de cadenas productivas.<\/td><\/tr><tr><td>Procesos de apropiaci\u00f3n social del conocimiento resultado del trabajo conjunto entre un centro de ciencia y un grupo de investigaci\u00f3n.<\/td><\/tr><tr><td><strong>5.<\/strong><strong>&nbsp;&nbsp; <\/strong><strong>Divulgaci\u00f3n P\u00fablica de la Ciencia<\/strong><\/td><\/tr><tr><td>Eventos cient\u00edficos con componente de apropiaci\u00f3n y de \u00edndole nacional o internacional.<\/td><\/tr><tr><td>Talleres de creaci\u00f3n.<\/td><\/tr><tr><td>Eventos art\u00edsticos, de arquitectura o de dise\u00f1o con componentes de apropiaci\u00f3n.<\/td><\/tr><tr><td>Nuevas secuencias gen\u00e9ticas.<\/td><\/tr><tr><td>Publicaciones editoriales no especializadas (Cartilla, Manual no especializado y bolet\u00edn).<\/td><\/tr><tr><td>Producciones de contenido digital (audio visual, sonoro, recursos gr\u00e1ficos digitales.<\/td><\/tr><tr><td>Producci\u00f3n Bibliogr\u00e1fica (Libros de formaci\u00f3n, boletines divulgativos de resultados de investigaci\u00f3n, libros de divulgaci\u00f3n de investigaci\u00f3n y\/o compilaci\u00f3n de divulgaci\u00f3n, manuales y gu\u00edas especializadas.<\/td><\/tr><tr><td><strong>6.<\/strong><strong>&nbsp;&nbsp; <\/strong><strong>Productos Institucionales<\/strong><\/td><td><strong>Cantidad y Descripci\u00f3n del producto esperado.<\/strong><\/td><\/tr><tr><td>Participar con ponencia en uno de los eventos realizados por la Vicerrector\u00eda de Investigaciones, Innovaci\u00f3n y Extensi\u00f3n.<\/td><td rowspan=\"4\"><strong>&nbsp;<\/strong><\/td><\/tr><tr><td>Dicta un taller m\u00ednimo de 8 horas dirigido a estudiantes vinculados a semilleros o grupos de investigaci\u00f3n.<\/td><\/tr><tr><td>Participar con ponencias, conferencias, talleres, foros, clubes de lectura, exposiciones de obras art\u00edsticas en los eventos culturales programados por la Biblioteca o propuestos para la agenda cultural de la misma.<\/td><\/tr><tr><td>Articulaci\u00f3n con doctorado institucional que genere m\u00ednimo un producto de formaci\u00f3n de recurso humano Tipo A.<\/td><\/tr><tr><td colspan=\"2\">&nbsp;<\/td><\/tr><\/tbody><\/table><\/figure>\n\n\n\n<ul class=\"wp-block-list\">\n<li>No se aceptar\u00e1n cap\u00edtulos de libros resultados de investigaci\u00f3n como producto m\u00ednimo de nuevo conocimiento.<\/li>\n\n\n\n<li>El software producto de un proyecto de investigaci\u00f3n, deber\u00e1 dar cumplimiento a la normatividad y procedimientos institucionales vigentes.<\/li>\n\n\n\n<li>Los productos relacionados a APPs, deber\u00e1n dar cumplimiento a la normatividad y procedimientos institucionales vigentes.<\/li>\n\n\n\n<li>Los productos de divulgaci\u00f3n p\u00fablica de la ciencia que hacen parte de las modalidades de extensi\u00f3n Universitaria reconocidas en el Acuerdo del Consejo Superior No. 12 de 2019 y las consultor\u00edas, deben encontrarse debidamente registrados en el aplicativo de extensi\u00f3n universitaria y dar cumplimiento a la normatividad y procedimientos institucionales vigentes.<\/li>\n\n\n\n<li>Los productos obtenidos de un proyecto de investigaci\u00f3n, deber\u00e1n ser registrados en el repositorio institucional de la Universidad Tecnol\u00f3gica de Pereira y en el CvLAC de los autores y en el GrupLAC respectivo.<\/li>\n<\/ul>\n\n\n\n<figure class=\"wp-block-image size-full\"><img loading=\"lazy\" decoding=\"async\" width=\"921\" height=\"590\" src=\"https:\/\/vicerrectorias.utp.edu.co\/viie\/wp-content\/uploads\/sites\/3\/image-51.png\" alt=\"\" class=\"wp-image-22707\" srcset=\"https:\/\/vicerrectorias.utp.edu.co\/viie\/wp-content\/uploads\/sites\/3\/image-51.png 921w, https:\/\/vicerrectorias.utp.edu.co\/viie\/wp-content\/uploads\/sites\/3\/image-51-300x192.png 300w, https:\/\/vicerrectorias.utp.edu.co\/viie\/wp-content\/uploads\/sites\/3\/image-51-768x492.png 768w\" sizes=\"auto, (max-width: 921px) 100vw, 921px\" \/><\/figure>\n\n\n\n<figure class=\"wp-block-image size-full\"><img loading=\"lazy\" decoding=\"async\" width=\"921\" height=\"490\" src=\"https:\/\/vicerrectorias.utp.edu.co\/viie\/wp-content\/uploads\/sites\/3\/image-52.png\" alt=\"\" class=\"wp-image-22708\" srcset=\"https:\/\/vicerrectorias.utp.edu.co\/viie\/wp-content\/uploads\/sites\/3\/image-52.png 921w, https:\/\/vicerrectorias.utp.edu.co\/viie\/wp-content\/uploads\/sites\/3\/image-52-300x160.png 300w, https:\/\/vicerrectorias.utp.edu.co\/viie\/wp-content\/uploads\/sites\/3\/image-52-768x409.png 768w\" sizes=\"auto, (max-width: 921px) 100vw, 921px\" \/><\/figure>\n\n\n\n<p><span class=\"post-content__span\"> <strong>Cuadro 001 \u2013 Tipolog\u00eda de productos seg\u00fan MinCiencias<\/strong><\/p>\n\n\n\n<h2 class=\"wp-block-heading has-luminous-vivid-amber-background-color has-background has-medium-font-size\"><strong>PROCEDIMIENTO DE REVISI\u00d3N Y EVALUACI\u00d3N&nbsp;<\/strong><\/h2>\n\n\n\n<ol start=\"1\" class=\"wp-block-list\">\n<li>La Vicerrector\u00eda de Investigaciones, Innovaci\u00f3n y Extensi\u00f3n (VIIyE) revisar\u00e1 el cumplimiento de los requisitos generales para la presentaci\u00f3n de propuestas en la convocatoria.<\/li>\n\n\n\n<li>El Comit\u00e9 Central de Investigaciones estableci\u00f3 como requisitos subsanables los siguientes:<\/li>\n<\/ol>\n\n\n\n<ul class=\"wp-block-list\">\n<li>Los grupos de investigaci\u00f3n, tanto el proponente como el colaborador, deber\u00e1n haber actualizado la informaci\u00f3n del GrupLAC con corte al 30 de noviembre de 2025, dando cumplimiento a la Resoluci\u00f3n 7729 de 31 de diciembre de 2020.<\/li>\n\n\n\n<li>Los investigadores participantes del proyecto (estudiantes y docentes) deben estar registrados en Google Scholar, ResearchGate y en ORCID. Se requiere que la Identidad Digital est\u00e9 normalizada y en caso de requerir asesor\u00eda podr\u00e1 contactarse con <a href=\"mailto:dianapini@utp.edu.co\">dianapini@utp.edu.co<\/a>. Adicionalmente, deber\u00e1n contar con la informaci\u00f3n actualizada en dichas plataformas.<\/li>\n\n\n\n<li>La ficha de identificaci\u00f3n debe estar firmada por:<\/li>\n<\/ul>\n\n\n\n<ul class=\"wp-block-list\">\n<li>El investigador principal.<\/li>\n\n\n\n<li>El investigador colaborador.<\/li>\n\n\n\n<li>El director del grupo de investigaci\u00f3n proponente.<\/li>\n\n\n\n<li>El director del grupo de investigaci\u00f3n colaborador.<\/li>\n\n\n\n<li>El decano (a) de la facultad a la cual est\u00e1 adscrito el grupo de investigaci\u00f3n proponente.<\/li>\n\n\n\n<li>El decano (a) de la facultad a la cual est\u00e1 adscrito el grupo de investigaci\u00f3n colaborador.<\/li>\n\n\n\n<li>El decano (a) de la facultad a la cual est\u00e1 adscrito el investigador principal.<\/li>\n<\/ul>\n\n\n\n<ul class=\"wp-block-list\">\n<li>El investigador principal, el investigador colaborador y los coinvestigadores (Docentes UTP) de la propuesta presentada, deber\u00e1n encontrarse a Paz y Salvo en la Vicerrector\u00eda de Investigaciones, Innovaci\u00f3n y Extensi\u00f3n por todo concepto a la fecha de cierre de la convocatoria. Se validar\u00e1 el cumplimiento de:<\/li>\n<\/ul>\n\n\n\n<ul class=\"wp-block-list\">\n<li>Presentaci\u00f3n de Informes relacionados con Proyectos y actividades de Extensi\u00f3n en los cuales es responsable.&nbsp;<\/li>\n\n\n\n<li>Presentaci\u00f3n de Informes relacionados con Proyectos de Investigaci\u00f3n en todas las modalidades y Registros de Productos en los cuales es investigador principal o investigador colaborador.&nbsp;<\/li>\n\n\n\n<li>Presentaci\u00f3n de Informes relacionados con Proyectos de la Ventanilla Abierta para la financiaci\u00f3n de proyectos de Desarrollo Tecnol\u00f3gico en los cuales es responsable.<\/li>\n<\/ul>\n\n\n\n<ul class=\"wp-block-list\">\n<li>En el caso donde una propuesta obtenga en su primera revisi\u00f3n de \u00edndice de coincidencia y similitud un valor entre 21% y 25%, se permitir\u00e1 subsanar por una \u00fanica vez, y dentro de los tiempos establecidos. Para \u00edndices de coincidencia y similitud iguales o mayores al 26% no se podr\u00e1 hacer subsanaci\u00f3n.<\/li>\n<\/ul>\n\n\n\n<ol start=\"3\" class=\"wp-block-list\">\n<li>La Vicerrector\u00eda de Investigaciones, Innovaci\u00f3n y Extensi\u00f3n solicitar\u00e1 el ajuste respectivo por parte de los proponentes para poder continuar con el proceso de selecci\u00f3n.<\/li>\n\n\n\n<li>Las propuestas que cumplan con los requisitos m\u00ednimos, ser\u00e1n enviadas al Consejo de Facultad para revisi\u00f3n y aval interno.<\/li>\n\n\n\n<li>El Consejo de Facultad apoyado por su Comit\u00e9 de Investigaciones, Innovaci\u00f3n y Extensi\u00f3n revisar\u00e1 inicialmente las propuestas y har\u00e1n una evaluaci\u00f3n interna teniendo en cuenta los criterios se\u00f1alados a continuaci\u00f3n:<\/li>\n<\/ol>\n\n\n\n<p><span class=\"post-content__span\"> 5.1. Criterio program\u00e1tico: evaluaci\u00f3n del proyecto respecto a las l\u00edneas o pol\u00edticas de investigaci\u00f3n adoptadas por el Consejo Acad\u00e9mico. Justificaci\u00f3n del proyecto de acuerdo con los objetivos y necesidades de los programas acad\u00e9micos de la respectiva Facultad o Escuela, de acuerdo con el Plan de Gesti\u00f3n de la Facultad, y con las necesidades de la regi\u00f3n y el pa\u00eds.<\/p>\n\n\n\n<p><span class=\"post-content__span\"> 5.2 Criterio Ambiental: seg\u00fan lo establecido en la ficha de identificaci\u00f3n del proyecto dise\u00f1ada para tal fin.<\/p>\n\n\n\n<p><span class=\"post-content__span\"> 5.3. Criterio de disponibilidad de recurso humano y f\u00edsico: de acuerdo con las necesidades esbozadas en el proyecto se consideran entre otras:<\/p>\n\n\n\n<p><span class=\"post-content__span\"> * Necesidad y posibilidad de disminuci\u00f3n de docencia directa del docente (Investigador principal).<\/p>\n\n\n\n<p><span class=\"post-content__span\"> * Disponibilidad de los talleres, laboratorios y dem\u00e1s instrumentos y herramientas investigativas.<\/p>\n\n\n\n<p><span class=\"post-content__span\"> 5.4. Disponibilidad para asumir los costos de la evaluaci\u00f3n externa.<\/p>\n\n\n\n<ol start=\"6\" class=\"wp-block-list\">\n<li>El Consejo de Facultad deber\u00e1 remitir a la Vicerrector\u00eda de Investigaciones, Innovaci\u00f3n y Extensi\u00f3n, el aval de las propuestas, indicando el c\u00f3digo del proyecto especial por el cual se pagar\u00e1n las evaluaciones de pares externos.<\/li>\n<\/ol>\n\n\n\n<ol start=\"7\" class=\"wp-block-list\">\n<li>La Vicerrector\u00eda de Investigaciones, Innovaci\u00f3n y Extensi\u00f3n enviar\u00e1 los proyectos que cumplan con los requisitos generales, y cuenten con el aval del consejo de facultad respectivo, a dos (2) pares acad\u00e9mico externos seleccionados de la base de datos de MinCiencias, para la evaluaci\u00f3n del criterio cient\u00edfico\u2013tecnol\u00f3gico, seg\u00fan el formato de evaluaci\u00f3n dise\u00f1ado para tal fin, y donde la evaluaci\u00f3n m\u00e1xima es de 90 puntos. Los proyectos que obtengan 70 puntos en promedio o m\u00e1s en las evaluaciones externas, continuar\u00e1n en el proceso de la convocatoria. Sobre este tema, se destaca:<\/li>\n<\/ol>\n\n\n\n<ul class=\"wp-block-list\">\n<li>Los evaluadores a los que se les remitir\u00e1n las propuestas firmar\u00e1n un acuerdo de confidencialidad.<\/li>\n\n\n\n<li>A los pares evaluadores se enviar\u00e1 el contenido de las propuestas sin los datos de los investigadores ni el grupo de investigaci\u00f3n.<\/li>\n\n\n\n<li>En aquellos casos en los que las evaluaciones de los dos pares evaluadores tengan una diferencia mayor a 20 puntos, se someter\u00e1 la propuesta a un tercer evaluador y en este caso se promedian las dos evaluaciones que tengan menor diferencia entre ellas.<\/li>\n\n\n\n<li>En el caso que la tem\u00e1tica del proyecto sea muy especializada y no se cuente con evaluadores de la base de datos de MinCiencias, se podr\u00e1 seleccionar pares expertos en el tema.<\/li>\n<\/ul>\n\n\n\n<ol start=\"8\" class=\"wp-block-list\">\n<li>El puntaje definitivo de la propuesta se calcular\u00e1 producto de la sumatoria de:<\/li>\n\n\n\n<li>El promedio de las dos evaluaciones externas (m\u00e1ximo 90 puntos).<\/li>\n\n\n\n<li>Articulaci\u00f3n con un grupo de investigaci\u00f3n externo (M\u00e1ximo 5 puntos) &#8211; Para el cumplimiento de este requisito se deber\u00e1 anexar el certificado de c\u00e1mara de comercio con una vigencia no mayor a 90 d\u00edas o el documento equivalente y la carta de compromiso, Ver anexo 5.<\/li>\n<\/ol>\n\n\n\n<figure class=\"wp-block-table\"><table class=\"has-fixed-layout\"><tbody><tr><td><strong>Tipo de grupo<\/strong><\/td><td><strong>Puntaje M\u00e1ximo<\/strong><\/td><\/tr><tr><td>Grupo de investigaci\u00f3n externo internacional con vinculaci\u00f3n de un investigador de dicha instituci\u00f3n<\/td><td>5 puntos<\/td><\/tr><tr><td>Grupo de investigaci\u00f3n externo nacional con vinculaci\u00f3n de un investigador de dicha instituci\u00f3n<\/td><td>3 puntos<\/td><\/tr><\/tbody><\/table><\/figure>\n\n\n\n<ul class=\"wp-block-list\">\n<li>Vinculaci\u00f3n de una entidad externa (instituci\u00f3n o empresa) donde se vincule (registre) un investigador de dicha instituci\u00f3n en el proyecto (M\u00e1ximo 3 puntos).&nbsp; Para el cumplimiento de este requisito, se deber\u00e1 anexar el certificado de c\u00e1mara de comercio con una vigencia no mayor a 90 d\u00edas y la carta de compromiso, Ver anexo 6.<\/li>\n\n\n\n<li>Registro de un egresado que no cuente con ning\u00fan tipo de v\u00ednculo con la instituci\u00f3n (estudiante de posgrado, docente o administrativo) (m\u00e1ximo 2 puntos). Para el cumplimiento de este requisito se deber\u00e1 anexar la carta de compromiso, Ver anexo 7.<\/li>\n<\/ul>\n\n\n\n<p><span class=\"post-content__span\"> <strong>NOTA 1: La articulaci\u00f3n con un grupo de investigaci\u00f3n externo y\/o una entidad externa y\/o el egresado, se debe ver reflejado en la generaci\u00f3n de productos donde los participantes sean coautores en los productos que sean pertinentes. Esta articulaci\u00f3n, adem\u00e1s, debe quedar plasmada dentro de formulaci\u00f3n de la propuesta y ser\u00e1 parte de la evaluaci\u00f3n por pares.<\/strong><strong><\/strong><\/p>\n\n\n\n<p><span class=\"post-content__span\"> <strong>NOTA 2: La articulaci\u00f3n externa (Grupo de investigaci\u00f3n, entidad y egresado) puede llevarse a cabo en la misma entidad y se otorgar\u00e1 los puntajes seg\u00fan los cuadros antes mencionados. <\/strong><strong><\/strong><\/p>\n\n\n\n<ol start=\"9\" class=\"wp-block-list\">\n<li>El Comit\u00e9 Central de Investigaciones aprobar\u00e1 la lista de propuestas que ser\u00e1n registradas en la Vicerrector\u00eda de Investigaciones, Innovaci\u00f3n y Extensi\u00f3n como proyectos sin financiaci\u00f3n en efectivo, destacando que ser\u00e1n las que hayan obtenido 75 puntos o m\u00e1s en el puntaje definitivo.<\/li>\n<\/ol>\n\n\n\n<h2 class=\"wp-block-heading has-luminous-vivid-amber-background-color has-background has-medium-font-size\"><strong>CONSIDERACIONES:<\/strong><\/h2>\n\n\n\n<ol start=\"1\" class=\"wp-block-list\">\n<li>Una vez aprobado el proyecto de investigaci\u00f3n, no se podr\u00e1 modificar los objetivos del proyecto ni los productos esperados.<\/li>\n<\/ol>\n\n\n\n<ol start=\"2\" class=\"wp-block-list\">\n<li>No se aceptar\u00e1 solicitud de cambio de investigador principal para proyectos aprobados y registrados. Se except\u00faan los siguientes casos:<\/li>\n<\/ol>\n\n\n\n<ol style=\"list-style-type:lower-alpha\" class=\"wp-block-list\">\n<li>Que el Investigador Principal se desvincule laboralmente de la Universidad Tecnol\u00f3gica de Pereira \u2013 UTP o que no se renueve su contrataci\u00f3n, en el caso de docentes transitorios.<\/li>\n\n\n\n<li>Que el investigador principal cuente con una Comisi\u00f3n de Estudio o A\u00f1o Sab\u00e1tico.<\/li>\n\n\n\n<li>Que el Investigador Principal presente una causa de fuerza mayor, establecida en la ley colombiana.&nbsp;&nbsp;&nbsp;<\/li>\n<\/ol>\n\n\n\n<ol start=\"3\" class=\"wp-block-list\">\n<li>Los productos resultados de los proyectos de investigaci\u00f3n aprobados en la presente convocatoria solo podr\u00e1n ser registrados en la Base de Datos de la Vicerrector\u00eda de Investigaciones, Innovaci\u00f3n y Extensi\u00f3n, m\u00ednimo despu\u00e9s de seis meses del inicio del proyecto y m\u00e1ximo tres a\u00f1os despu\u00e9s de concluido siempre y cuando se hayan registrado como esperados.<\/li>\n<\/ol>\n\n\n\n<ol start=\"4\" class=\"wp-block-list\">\n<li>Todos los productos resultados del proyecto sin financiaci\u00f3n en efectivo deber\u00e1n mencionar que la Universidad Tecnol\u00f3gica de Pereira, a trav\u00e9s de la Vicerrector\u00eda de Investigaciones, Innovaci\u00f3n y Extensi\u00f3n, apoy\u00f3 el desarrollo de este e incluir en los agradecimientos el t\u00edtulo y el c\u00f3digo del proyecto.&nbsp; Se destaca que los productos que se publiquen en ingl\u00e9s deben registrar el nombre de la entidad en espa\u00f1ol, como Universidad Tecnol\u00f3gica de Pereira.<\/li>\n<\/ol>\n\n\n\n<ol start=\"5\" class=\"wp-block-list\">\n<li>Los grupos de investigaci\u00f3n beneficiados de la presente convocatoria deber\u00e1n presentar informe parcial y final del proyecto, seg\u00fan los procedimientos establecidos para tal fin por la Vicerrector\u00eda de Investigaciones, Innovaci\u00f3n y Extensi\u00f3n.<\/li>\n<\/ol>\n\n\n\n<h2 class=\"wp-block-heading has-luminous-vivid-amber-background-color has-background has-medium-font-size\"><strong>CRONOGRAMA<\/strong><\/h2>\n\n\n\n<figure class=\"wp-block-table\"><table><tbody><tr><td class=\"has-text-align-left\" data-align=\"left\"><strong>ACTIVIDADES \/ FECHA L\u00cdMITE<\/strong><\/td><td class=\"has-text-align-center\" data-align=\"center\"><strong>Dic 12<\/strong><\/td><td class=\"has-text-align-center\" data-align=\"center\"><strong>Ene 21<\/strong><\/td><td class=\"has-text-align-center\" data-align=\"center\"><strong>Ene 26<\/strong><\/td><td class=\"has-text-align-center\" data-align=\"center\"><strong>Feb 27<\/strong><\/td><td class=\"has-text-align-center\" data-align=\"center\"><strong>Mar 06<\/strong><\/td><td class=\"has-text-align-center\" data-align=\"center\"><strong>Mar 13<\/strong><\/td><td class=\"has-text-align-center\" data-align=\"center\"><strong>Mar 20<\/strong><\/td><td class=\"has-text-align-center\" data-align=\"center\"><strong>Mar 27<\/strong><\/td><td class=\"has-text-align-center\" data-align=\"center\"><strong>Abr 24<\/strong><\/td><td class=\"has-text-align-center\" data-align=\"center\"><strong>May 29<\/strong><\/td><td class=\"has-text-align-center\" data-align=\"center\"><strong>Jun 05<\/strong><\/td><td class=\"has-text-align-center\" data-align=\"center\"><strong>Jul 01<\/strong><\/td><\/tr><tr><td class=\"has-text-align-left\" data-align=\"left\">Aprobaci\u00f3n de los requisitos por el Comit\u00e9 Central de Investigaciones.<\/td><td class=\"has-text-align-center\" data-align=\"center\">X<\/td><td class=\"has-text-align-center\" data-align=\"center\"><br><\/td><td class=\"has-text-align-center\" data-align=\"center\"><br><\/td><td class=\"has-text-align-center\" data-align=\"center\"><br><\/td><td class=\"has-text-align-center\" data-align=\"center\"><br><\/td><td class=\"has-text-align-center\" data-align=\"center\"><br><\/td><td class=\"has-text-align-center\" data-align=\"center\"><br><\/td><td class=\"has-text-align-center\" data-align=\"center\"><br><\/td><td class=\"has-text-align-center\" data-align=\"center\"><br><\/td><td class=\"has-text-align-center\" data-align=\"center\"><\/td><td class=\"has-text-align-center\" data-align=\"center\"><\/td><td class=\"has-text-align-center\" data-align=\"center\"><\/td><\/tr><tr><td class=\"has-text-align-left\" data-align=\"left\">Aprobaci\u00f3n de la convocatoria por el Consejo Acad\u00e9mico.<\/td><td class=\"has-text-align-center\" data-align=\"center\"><br><\/td><td class=\"has-text-align-center\" data-align=\"center\">X<\/td><td class=\"has-text-align-center\" data-align=\"center\"><br><\/td><td class=\"has-text-align-center\" data-align=\"center\"><br><\/td><td class=\"has-text-align-center\" data-align=\"center\"><br><\/td><td class=\"has-text-align-center\" data-align=\"center\"><br><\/td><td class=\"has-text-align-center\" data-align=\"center\"><br><\/td><td class=\"has-text-align-center\" data-align=\"center\"><br><\/td><td class=\"has-text-align-center\" data-align=\"center\"><br><\/td><td class=\"has-text-align-center\" data-align=\"center\"><\/td><td class=\"has-text-align-center\" data-align=\"center\"><\/td><td class=\"has-text-align-center\" data-align=\"center\"><\/td><\/tr><tr><td class=\"has-text-align-left\" data-align=\"left\">Apertura oficial de la convocatoria.&nbsp;<\/td><td class=\"has-text-align-center\" data-align=\"center\"><br><\/td><td class=\"has-text-align-center\" data-align=\"center\"><br><\/td><td class=\"has-text-align-center\" data-align=\"center\">X<\/td><td class=\"has-text-align-center\" data-align=\"center\"><br><\/td><td class=\"has-text-align-center\" data-align=\"center\"><br><\/td><td class=\"has-text-align-center\" data-align=\"center\"><br><\/td><td class=\"has-text-align-center\" data-align=\"center\"><br><\/td><td class=\"has-text-align-center\" data-align=\"center\"><br><\/td><td class=\"has-text-align-center\" data-align=\"center\"><br><\/td><td class=\"has-text-align-center\" data-align=\"center\"><\/td><td class=\"has-text-align-center\" data-align=\"center\"><\/td><td class=\"has-text-align-center\" data-align=\"center\"><\/td><\/tr><tr><td class=\"has-text-align-left\" data-align=\"left\">Fecha m\u00e1xima para radicaci\u00f3n de la carta de postulaci\u00f3n.<\/td><td class=\"has-text-align-center\" data-align=\"center\"><br><\/td><td class=\"has-text-align-center\" data-align=\"center\"><br><\/td><td class=\"has-text-align-center\" data-align=\"center\"><br><\/td><td class=\"has-text-align-center\" data-align=\"center\">X<\/td><td class=\"has-text-align-center\" data-align=\"center\"><br><\/td><td class=\"has-text-align-center\" data-align=\"center\"><br><\/td><td class=\"has-text-align-center\" data-align=\"center\"><br><\/td><td class=\"has-text-align-center\" data-align=\"center\"><br><\/td><td class=\"has-text-align-center\" data-align=\"center\"><br><\/td><td class=\"has-text-align-center\" data-align=\"center\"><\/td><td class=\"has-text-align-center\" data-align=\"center\"><\/td><td class=\"has-text-align-center\" data-align=\"center\"><\/td><\/tr><tr><td class=\"has-text-align-left\" data-align=\"left\">Env\u00edo de propuestas a la convocatoria seg\u00fan procedimiento establecido.<\/td><td class=\"has-text-align-center\" data-align=\"center\"><br><\/td><td class=\"has-text-align-center\" data-align=\"center\"><br><\/td><td class=\"has-text-align-center\" data-align=\"center\"><br><\/td><td class=\"has-text-align-center\" data-align=\"center\"><br><\/td><td class=\"has-text-align-center\" data-align=\"center\">X<\/td><td class=\"has-text-align-center\" data-align=\"center\"><br><\/td><td class=\"has-text-align-center\" data-align=\"center\"><br><\/td><td class=\"has-text-align-center\" data-align=\"center\"><br><\/td><td class=\"has-text-align-center\" data-align=\"center\"><br><\/td><td class=\"has-text-align-center\" data-align=\"center\"><\/td><td class=\"has-text-align-center\" data-align=\"center\"><\/td><td class=\"has-text-align-center\" data-align=\"center\"><\/td><\/tr><tr><td class=\"has-text-align-left\" data-align=\"left\">Publicaci\u00f3n de resultados revisi\u00f3n de cumplimiento de requisitos m\u00ednimos por parte de la Vicerrector\u00eda de Investigaciones, Innovaci\u00f3n y Extensi\u00f3n.<\/td><td class=\"has-text-align-center\" data-align=\"center\"><\/td><td class=\"has-text-align-center\" data-align=\"center\"><\/td><td class=\"has-text-align-center\" data-align=\"center\"><\/td><td class=\"has-text-align-center\" data-align=\"center\"><\/td><td class=\"has-text-align-center\" data-align=\"center\"><\/td><td class=\"has-text-align-center\" data-align=\"center\">X<\/td><td class=\"has-text-align-center\" data-align=\"center\"><\/td><td class=\"has-text-align-center\" data-align=\"center\"><\/td><td class=\"has-text-align-center\" data-align=\"center\"><\/td><td class=\"has-text-align-center\" data-align=\"center\"><\/td><td class=\"has-text-align-center\" data-align=\"center\"><\/td><td class=\"has-text-align-center\" data-align=\"center\"><\/td><\/tr><tr><td class=\"has-text-align-left\" data-align=\"left\">Fecha m\u00e1xima para subsanaciones<\/td><td class=\"has-text-align-center\" data-align=\"center\"><br><\/td><td class=\"has-text-align-center\" data-align=\"center\"><br><\/td><td class=\"has-text-align-center\" data-align=\"center\"><br><\/td><td class=\"has-text-align-center\" data-align=\"center\"><br><\/td><td class=\"has-text-align-center\" data-align=\"center\"><br><\/td><td class=\"has-text-align-center\" data-align=\"center\"><br><\/td><td class=\"has-text-align-center\" data-align=\"center\">X<\/td><td class=\"has-text-align-center\" data-align=\"center\"><br><\/td><td class=\"has-text-align-center\" data-align=\"center\"><br><\/td><td class=\"has-text-align-center\" data-align=\"center\"><\/td><td class=\"has-text-align-center\" data-align=\"center\"><\/td><td class=\"has-text-align-center\" data-align=\"center\"><\/td><\/tr><tr><td class=\"has-text-align-left\" data-align=\"left\">Env\u00edo a Consejos de Facultad para revisi\u00f3n y aval interno<\/td><td class=\"has-text-align-center\" data-align=\"center\"><br><\/td><td class=\"has-text-align-center\" data-align=\"center\"><br><\/td><td class=\"has-text-align-center\" data-align=\"center\"><br><\/td><td class=\"has-text-align-center\" data-align=\"center\"><br><\/td><td class=\"has-text-align-center\" data-align=\"center\"><br><\/td><td class=\"has-text-align-center\" data-align=\"center\"><br><\/td><td class=\"has-text-align-center\" data-align=\"center\"><br><\/td><td class=\"has-text-align-center\" data-align=\"center\">X<\/td><td class=\"has-text-align-center\" data-align=\"center\"><br><\/td><td class=\"has-text-align-center\" data-align=\"center\"><\/td><td class=\"has-text-align-center\" data-align=\"center\"><\/td><td class=\"has-text-align-center\" data-align=\"center\"><\/td><\/tr><tr><td class=\"has-text-align-left\" data-align=\"left\">Aval Consejo de Facultad y Evaluaci\u00f3n Interna (Remitir 511)<\/td><td class=\"has-text-align-center\" data-align=\"center\"><br><\/td><td class=\"has-text-align-center\" data-align=\"center\"><br><\/td><td class=\"has-text-align-center\" data-align=\"center\"><br><\/td><td class=\"has-text-align-center\" data-align=\"center\"><br><\/td><td class=\"has-text-align-center\" data-align=\"center\"><br><\/td><td class=\"has-text-align-center\" data-align=\"center\"><br><\/td><td class=\"has-text-align-center\" data-align=\"center\"><br><\/td><td class=\"has-text-align-center\" data-align=\"center\"><br><\/td><td class=\"has-text-align-center\" data-align=\"center\">X<\/td><td class=\"has-text-align-center\" data-align=\"center\"><\/td><td class=\"has-text-align-center\" data-align=\"center\"><\/td><td class=\"has-text-align-center\" data-align=\"center\"><\/td><\/tr><tr><td class=\"has-text-align-left\" data-align=\"left\">Selecci\u00f3n de pares evaluadores y env\u00edo de los proyectos para su evaluaci\u00f3n.<\/td><td class=\"has-text-align-center\" data-align=\"center\"><\/td><td class=\"has-text-align-center\" data-align=\"center\"><\/td><td class=\"has-text-align-center\" data-align=\"center\"><\/td><td class=\"has-text-align-center\" data-align=\"center\"><\/td><td class=\"has-text-align-center\" data-align=\"center\"><\/td><td class=\"has-text-align-center\" data-align=\"center\"><\/td><td class=\"has-text-align-center\" data-align=\"center\"><\/td><td class=\"has-text-align-center\" data-align=\"center\">X<\/td><td class=\"has-text-align-center\" data-align=\"center\">X<\/td><td class=\"has-text-align-center\" data-align=\"center\"><\/td><td class=\"has-text-align-center\" data-align=\"center\"><\/td><td class=\"has-text-align-center\" data-align=\"center\"><\/td><\/tr><tr><td class=\"has-text-align-left\" data-align=\"left\">Recepci\u00f3n de las evaluaciones externas.<\/td><td class=\"has-text-align-center\" data-align=\"center\"><\/td><td class=\"has-text-align-center\" data-align=\"center\"><\/td><td class=\"has-text-align-center\" data-align=\"center\"><\/td><td class=\"has-text-align-center\" data-align=\"center\"><\/td><td class=\"has-text-align-center\" data-align=\"center\"><\/td><td class=\"has-text-align-center\" data-align=\"center\"><\/td><td class=\"has-text-align-center\" data-align=\"center\"><\/td><td class=\"has-text-align-center\" data-align=\"center\"><\/td><td class=\"has-text-align-center\" data-align=\"center\"><\/td><td class=\"has-text-align-center\" data-align=\"center\">X<\/td><td class=\"has-text-align-center\" data-align=\"center\"><\/td><td class=\"has-text-align-center\" data-align=\"center\"><\/td><\/tr><tr><td class=\"has-text-align-left\" data-align=\"left\">Notificaci\u00f3n de evaluaciones a las facultades y Registro de proyectos aprobados en el software de investigaciones<\/td><td class=\"has-text-align-center\" data-align=\"center\"><\/td><td class=\"has-text-align-center\" data-align=\"center\"><\/td><td class=\"has-text-align-center\" data-align=\"center\"><\/td><td class=\"has-text-align-center\" data-align=\"center\"><\/td><td class=\"has-text-align-center\" data-align=\"center\"><\/td><td class=\"has-text-align-center\" data-align=\"center\"><\/td><td class=\"has-text-align-center\" data-align=\"center\"><\/td><td class=\"has-text-align-center\" data-align=\"center\"><\/td><td class=\"has-text-align-center\" data-align=\"center\"><\/td><td class=\"has-text-align-center\" data-align=\"center\"><\/td><td class=\"has-text-align-center\" data-align=\"center\">X<\/td><td class=\"has-text-align-center\" data-align=\"center\"><\/td><\/tr><tr><td class=\"has-text-align-left\" data-align=\"left\">Inicio de ejecuci\u00f3n proyectos sin financiaci\u00f3n en efectivo<\/td><td class=\"has-text-align-center\" data-align=\"center\"><\/td><td class=\"has-text-align-center\" data-align=\"center\"><\/td><td class=\"has-text-align-center\" data-align=\"center\"><\/td><td class=\"has-text-align-center\" data-align=\"center\"><\/td><td class=\"has-text-align-center\" data-align=\"center\"><\/td><td class=\"has-text-align-center\" data-align=\"center\"><\/td><td class=\"has-text-align-center\" data-align=\"center\"><\/td><td class=\"has-text-align-center\" data-align=\"center\"><\/td><td class=\"has-text-align-center\" data-align=\"center\"><\/td><td class=\"has-text-align-center\" data-align=\"center\"><\/td><td class=\"has-text-align-center\" data-align=\"center\"><\/td><td class=\"has-text-align-center\" data-align=\"center\">X<\/td><\/tr><\/tbody><\/table><\/figure>\n\n\n\n<p><span class=\"post-content__span\"> <strong>NOTA<\/strong>: El Consejo Acad\u00e9mico de la Universidad Tecnol\u00f3gica de Pereira autoriza a la Vicerrector\u00eda de Investigaciones, Innovaci\u00f3n y Extensi\u00f3n para modificar el cronograma de la presente convocatoria cuando las circunstancias lo requieran, modificaci\u00f3n que ser\u00e1 publicada a trav\u00e9s de adendas a la presente convocatoria.<\/p>\n\n\n\n<h2 class=\"wp-block-heading has-luminous-vivid-amber-background-color has-background has-medium-font-size\"><strong>DOCUMENTOS ANEXOS A LA CONVOCATORIA<\/strong><\/h2>\n\n\n\n<p><span class=\"post-content__span\"> <strong>ANEXO 1: <\/strong><a href=\"https:\/\/vicerrectorias.utp.edu.co\/viie\/wp-content\/uploads\/sites\/3\/Anexo-1-Carta-de-Presentacion-a-la-convocatoria-1.docx\" data-type=\"link\" data-id=\"https:\/\/vicerrectorias.utp.edu.co\/viie\/wp-content\/uploads\/sites\/3\/Anexo-1-Carta-de-Presentacion-a-la-convocatoria-1.docx\">Carta de presentaci\u00f3n a la convocatoria.<\/a><\/p>\n\n\n\n<p><span class=\"post-content__span\"> <strong>ANEXO 2: <\/strong><a href=\"https:\/\/vicerrectorias.utp.edu.co\/viie\/wp-content\/uploads\/sites\/3\/Anexo-2-Ficha-de-identificacion-proyectos-Relacion-de-participantes-y-certificacion-de-la-propuesta-3.docx\" data-type=\"link\" data-id=\"https:\/\/vicerrectorias.utp.edu.co\/viie\/wp-content\/uploads\/sites\/3\/Anexo-2-Ficha-de-identificacion-proyectos-Relacion-de-participantes-y-certificacion-de-la-propuesta-3.docx\">Ficha de identificaci\u00f3n proyectos (Relaci\u00f3n de participantes y certificaci\u00f3n de la propuesta).<\/a><\/p>\n\n\n\n<p><span class=\"post-content__span\"> <strong>ANEXO 3: <\/strong><a href=\"https:\/\/vicerrectorias.utp.edu.co\/viie\/wp-content\/uploads\/sites\/3\/Anexo-3-Formulacion-de-la-propuesta-3-3.docx\" data-type=\"link\" data-id=\"https:\/\/vicerrectorias.utp.edu.co\/viie\/wp-content\/uploads\/sites\/3\/Anexo-3-Formulacion-de-la-propuesta-3-3.docx\">Formulaci\u00f3n de la propuesta.<\/a><\/p>\n\n\n\n<p><span class=\"post-content__span\"> <strong>ANEXO 4: <\/strong><a href=\"https:\/\/vicerrectorias.utp.edu.co\/viie\/wp-content\/uploads\/sites\/3\/Anexo-4-Formato-aportes-en-especie.xlsx\">Formato aportes en especie.<\/a><\/p>\n\n\n\n<p><span class=\"post-content__span\"> <strong>ANEXO 5: <\/strong><a href=\"https:\/\/vicerrectorias.utp.edu.co\/viie\/wp-content\/uploads\/sites\/3\/Anexo-5-Carta-de-compromiso-grupo-de-investigacion-externo.docx\">Carta de compromiso grupo de investigaci\u00f3n externo<\/a><\/p>\n\n\n\n<p><span class=\"post-content__span\"> <strong>ANEXO 6: <\/strong><a href=\"https:\/\/vicerrectorias.utp.edu.co\/viie\/wp-content\/uploads\/sites\/3\/Anexo-6-Carta-de-compromiso-entidad-externa.docx\">Carta de compromiso entidad externa<\/a><\/p>\n\n\n\n<p><span class=\"post-content__span\"> <strong>ANEXO 7: <\/strong><a href=\"https:\/\/vicerrectorias.utp.edu.co\/viie\/wp-content\/uploads\/sites\/3\/Anexo-7-Carta-de-compromiso-egresado.docx\">Carta de compromiso egresado<\/a><\/p>\n\n\n\n<p><span class=\"post-content__span\"> <strong>ANEXO 8: <\/strong><a href=\"https:\/\/vicerrectorias.utp.edu.co\/viie\/wp-content\/uploads\/sites\/3\/Anexo-8.-Formato-VIIE-2026-Evaluacion-Sin-Financiacion-en-Efectivo.docx\">Formato VIIE &#8211; 2026 Evaluaci\u00f3n Sin Financiaci\u00f3n en Efectivo<\/a><\/p>\n\n\n\n<p><span class=\"post-content__span\"> <strong>ANEXO 9: <\/strong><a href=\"https:\/\/vicerrectorias.utp.edu.co\/viie\/wp-content\/uploads\/sites\/3\/Anexo-9-Modelo-consentimiento-informado-humanos-CEI.docx\">Modelo Consentimiento informado humanos (CEI).<\/a><\/p>\n\n\n\n<p><span class=\"post-content__span\"> <strong>ANEXO 10: <\/strong><a href=\"https:\/\/vicerrectorias.utp.edu.co\/viie\/wp-content\/uploads\/sites\/3\/Anexo-10-Modelo-asentimiento-informado-menores-de-edad-CEI.docx\">Modelo Asentimiento informado menores de edad (CEI).<\/a><\/p>\n\n\n\n<p><span class=\"post-content__span\"> <strong>ANEXO 11: <\/strong><a href=\"https:\/\/vicerrectorias.utp.edu.co\/viie\/wp-content\/uploads\/sites\/3\/Anexo-11.-Comite-de-Etica-Animal-GECUA.docx\">Comit\u00e9 de \u00c9tica Animal (GECUA).<\/a><\/p>\n\n\n\n<p><span class=\"post-content__span\"> <strong>ANEXO 12: <\/strong><a href=\"https:\/\/vicerrectorias.utp.edu.co\/viie\/wp-content\/uploads\/sites\/3\/Anexo-12.-Modelo-Consentimiento-Informado-compania-o-mascotas-GECUA.docx\">Modelo Consentimiento Informado compa\u00f1\u00eda o mascotas (GECUA).<\/a><\/p>\n\n\n\n<p><span class=\"post-content__span\"> <strong>ANEXO 13: <\/strong><a href=\"https:\/\/vicerrectorias.utp.edu.co\/viie\/wp-content\/uploads\/sites\/3\/Anexo-13.-Modelo-Consentimiento-Informado-animales-de-produccion-GECUA.docx\">Modelo Consentimiento Informado animales de producci\u00f3n (GECUA).<\/a><\/p>\n\n\n\n<p><span class=\"post-content__span\"> <strong>ANEXO 14: <\/strong><a href=\"https:\/\/vicerrectorias.utp.edu.co\/viie\/wp-content\/uploads\/sites\/3\/Anexo-14.-Clasificacion-de-severidad-en-procedimientos.pdf\">Clasificaci\u00f3n de severidad en procedimientos.<\/a><\/p>\n\n\n\n<p><span class=\"post-content__span\"> <strong>ANEXO 15: <\/strong><a href=\"https:\/\/vicerrectorias.utp.edu.co\/viie\/wp-content\/uploads\/sites\/3\/Anexo-15.-Riesgo-biologico.pdf\">Riesgo biol\u00f3gico.<\/a><\/p>\n\n\n\n<p><span class=\"post-content__span\"> <strong>ANEXO 16:<\/strong> <a href=\"https:\/\/vicerrectorias.utp.edu.co\/viie\/wp-content\/uploads\/sites\/3\/Anexo-16.-Lista-de-chequeo-evaluacion-interna-proyectos-sin-financiacion-1.xlsx\">Lista de chequeo evaluaci\u00f3n interna proyectos sin financiaci\u00f3n<\/a><\/p>\n\n\n\n<p><span class=\"post-content__span\"> <strong>ANEXO 17: <\/strong><a href=\"https:\/\/vicerrectorias.utp.edu.co\/viie\/wp-content\/uploads\/sites\/3\/Anexo-17-Normas-CIOMS.pdf\">Normas CIOMS.<\/a><\/p>\n\n\n\n<p><span class=\"post-content__span\"> <strong>ANEXO 18:<\/strong> <a href=\"https:\/\/vicerrectorias.utp.edu.co\/viie\/wp-content\/uploads\/sites\/3\/Anexo-18-RESOLUCION-8430-DE-1993-del-Ministerio-de-Salud.pdf\">Resoluci\u00f3n 8430 de 1993 del Ministerio de Salud.<\/a><\/p>\n\n\n\n<p><span class=\"post-content__span\"> <strong>ANEXO 19:<\/strong> <a href=\"https:\/\/vicerrectorias.utp.edu.co\/viie\/wp-content\/uploads\/sites\/3\/Anexo-19-ODS-Objetivos-de-Desarrollo-Sostenible.docx\">ODS \u2013 Objetivos de Desarrollo Sostenible.<\/a><\/p>\n\n\n\n<h3 class=\"wp-block-heading has-luminous-vivid-amber-background-color has-background has-medium-font-size\"><strong>M\u00c1S INFORMACI\u00d3N<\/strong><\/h3>\n\n\n\n<p><span class=\"post-content__span\"> Vicerrector\u00eda de Investigaciones, Innovaci\u00f3n y Extensi\u00f3n<\/p>\n\n\n\n<p><span class=\"post-content__span\"> <strong>Email:<\/strong>&nbsp;<a href=\"mailto:investigaciones@utp.edu.co\">investigaciones@utp.edu.co<\/a><\/p>\n\n\n\n<p><span class=\"post-content__span\"> <strong>EXT:&nbsp;<\/strong>7309 -7789<\/p>\n","protected":false},"excerpt":{"rendered":"<p>Resultados ACUERDO CONSEJO ACAD\u00c9MICO No. 11 POR MEDIO DEL CUAL SE APRUEBA LA CONVOCATORIA PARA EL REGISTRO DE PROYECTOS SIN FINANCIACI\u00d3N EN EFECTIVO 2026-1 En la presente convocatoria podr\u00e1n ser [&#8230;]<\/p>\n","protected":false},"author":12,"featured_media":0,"comment_status":"closed","ping_status":"","sticky":false,"template":"","format":"standard","meta":{"footnotes":""},"categories":[1],"tags":[],"class_list":["post-22705","post","type-post","status-publish","format-standard","hentry","category-sin-categoria"],"_links":{"self":[{"href":"https:\/\/vicerrectorias.utp.edu.co\/viie\/wp-json\/wp\/v2\/posts\/22705","targetHints":{"allow":["GET"]}}],"collection":[{"href":"https:\/\/vicerrectorias.utp.edu.co\/viie\/wp-json\/wp\/v2\/posts"}],"about":[{"href":"https:\/\/vicerrectorias.utp.edu.co\/viie\/wp-json\/wp\/v2\/types\/post"}],"author":[{"embeddable":true,"href":"https:\/\/vicerrectorias.utp.edu.co\/viie\/wp-json\/wp\/v2\/users\/12"}],"replies":[{"embeddable":true,"href":"https:\/\/vicerrectorias.utp.edu.co\/viie\/wp-json\/wp\/v2\/comments?post=22705"}],"version-history":[{"count":14,"href":"https:\/\/vicerrectorias.utp.edu.co\/viie\/wp-json\/wp\/v2\/posts\/22705\/revisions"}],"predecessor-version":[{"id":23600,"href":"https:\/\/vicerrectorias.utp.edu.co\/viie\/wp-json\/wp\/v2\/posts\/22705\/revisions\/23600"}],"wp:attachment":[{"href":"https:\/\/vicerrectorias.utp.edu.co\/viie\/wp-json\/wp\/v2\/media?parent=22705"}],"wp:term":[{"taxonomy":"category","embeddable":true,"href":"https:\/\/vicerrectorias.utp.edu.co\/viie\/wp-json\/wp\/v2\/categories?post=22705"},{"taxonomy":"post_tag","embeddable":true,"href":"https:\/\/vicerrectorias.utp.edu.co\/viie\/wp-json\/wp\/v2\/tags?post=22705"}],"curies":[{"name":"wp","href":"https:\/\/api.w.org\/{rel}","templated":true}]}}