{"id":22661,"date":"2026-01-21T16:55:42","date_gmt":"2026-01-21T15:55:42","guid":{"rendered":"https:\/\/vicerrectorias.utp.edu.co\/viie\/?p=22661"},"modified":"2026-01-27T15:15:31","modified_gmt":"2026-01-27T14:15:31","slug":"catedra-competencias-interculturales-para-la-ciudadania-global","status":"publish","type":"post","link":"https:\/\/vicerrectorias.utp.edu.co\/viie\/catedra-competencias-interculturales-para-la-ciudadania-global\/","title":{"rendered":"C\u00c1TEDRA COMPETENCIAS INTERCULTURALES PARA LA CIUDADAN\u00cdA GLOBAL"},"content":{"rendered":"\n<figure class=\"wp-block-image size-full\"><img loading=\"lazy\" decoding=\"async\" width=\"940\" height=\"624\" src=\"https:\/\/vicerrectorias.utp.edu.co\/viie\/wp-content\/uploads\/sites\/3\/Programa-Delfin-2026-4.png\" alt=\"\" class=\"wp-image-22674\" srcset=\"https:\/\/vicerrectorias.utp.edu.co\/viie\/wp-content\/uploads\/sites\/3\/Programa-Delfin-2026-4.png 940w, https:\/\/vicerrectorias.utp.edu.co\/viie\/wp-content\/uploads\/sites\/3\/Programa-Delfin-2026-4-300x199.png 300w, https:\/\/vicerrectorias.utp.edu.co\/viie\/wp-content\/uploads\/sites\/3\/Programa-Delfin-2026-4-768x510.png 768w\" sizes=\"auto, (max-width: 940px) 100vw, 940px\" \/><\/figure>\n\n\n\n<h2 class=\"wp-block-heading has-background has-medium-font-size\" style=\"background-color:#e1ecff\">DESCRIPCI\u00d3N<\/h2>\n\n\n\n<p><span class=\"post-content__span\"> <strong>Curso libre &#8211; Convocatoria semestral <\/strong><\/p>\n\n\n\n<p><span class=\"post-content__span\"> La c\u00e1tedra se propone contribuir a la formaci\u00f3n de profesionales capaces de generar conocimiento cr\u00edtico y construir alternativas de acci\u00f3n en un contexto dlobal desde lo transdisciplinar. Se har\u00e1 un an\u00e1lisis desde diferentes disciplinas, sobre la interculturalidad y la ciudadan\u00eda. <\/p>\n\n\n\n<p><span class=\"post-content__span\"> El objetivo de la asignatura es proveer al estudiante un panorama de reflexi\u00f3n contempor\u00e1nea sobre la interculturalidad a partir de las narrativas hist\u00f3rico &#8211; culturales de diferentes pa\u00edses de Latinoam\u00e9rica desde una perspectiva cr\u00edtica. <\/p>\n\n\n\n<p><span class=\"post-content__span\"> El inter\u00e9s de la c\u00e1tedra estar\u00e1 en abordar la interculturalidad no s\u00f3lo como concepto, sino tambi\u00e9n como pr\u00e1cticas reales visibles que tienen la potencialidad de situar la diferencia cultural, como un asunto que esta ligado a la justicia, al reconcomiendo, a los derechos y al fomento de una ciudadan\u00eda global. Para ello, se permitir\u00e1 preguntarse \u00bfC\u00f3mo ha sido el tratamiento de la  diversidad cultural en el campo de la pol\u00edtica nacional e internacional contempor\u00e1nea, y qu\u00e9 concepto de justicia sustenta estos tratamientos?, \u00bfc\u00f3mo se relaciona la identidad con la diferencia cultural? y, \u00bfde qu\u00e9 manera la identidad puede tornarse conflictiva en escenarios diversos social y culturalmente? <\/p>\n\n\n\n<h2 class=\"wp-block-heading has-background has-medium-font-size\" style=\"background-color:#e1ecff\">CONTENIDOS<\/h2>\n\n\n\n<ol class=\"wp-block-list\">\n<li>Fundamentaci\u00f3n (2 semanas) <\/li>\n\n\n\n<li>La interculturalidad: una puesta en escena a partir del recorrido por Colombia (2 semanas) <\/li>\n\n\n\n<li>Los ODS y la interculturalidad (1 semana) <\/li>\n\n\n\n<li>La interculturalidad: una puesta en escena a partir del recorrido por M\u00e9xico (2 semanas) <\/li>\n\n\n\n<li>La interculturalidad: una puesta en escena a partir del recorrido por Per\u00fa (2 semanas) <\/li>\n\n\n\n<li>Asesor\u00eda colectiva para la formulaci\u00f3n de los proyectos <\/li>\n\n\n\n<li>La interculturalidad: una puesta en escena a partir del recorrido por Nicaragua (2 semanas) <\/li>\n\n\n\n<li>La interculturalidad: una puesta en escena a partir del recorrido por Costa Rica  (1 Semana) <\/li>\n\n\n\n<li>Construcciones dial\u00f3gicas entre ciudadanos globales (2 semanas) <\/li>\n\n\n\n<li>Presentaci\u00f3n final del proyecto en el marco de los ODS (2 semanas) <\/li>\n<\/ol>\n\n\n\n<h2 class=\"wp-block-heading has-background has-medium-font-size\" style=\"background-color:#e1ecff\">ESTRATEGIAS DE ENSE\u00d1ANZA <\/h2>\n\n\n\n<p><span class=\"post-content__span\"> La C\u00e1tedra se desarrollar\u00e1 en modalidad remota contemplando dos momentos: El sincr\u00f3nico y el asincr\u00f3nico, en el primero los participantes podr\u00e1n participar de 16 sesiones, una semanal, en tiempo real haciendo uso de una plataforma virtual que permita la interacci\u00f3n con los docentes y entre ellos mismo, en el segundo momento los estudiantes har\u00e1n parte del aula virtual de Moodle en donde podr\u00e1n encontrar todo el material de apoyo de cada sesi\u00f3n y podr\u00e1n depositar sus ejercicios de clase <\/p>\n\n\n\n<h2 class=\"wp-block-heading has-medium-font-size\">Trabajo sincr\u00f3nico <\/h2>\n\n\n\n<p><span class=\"post-content__span\"> Se propone actividades tales como: <\/p>\n\n\n\n<ul class=\"wp-block-list\">\n<li>Exposiciones tem\u00e1ticas <\/li>\n\n\n\n<li>Conversatorios <\/li>\n\n\n\n<li>Narrativas con invitados especiales <\/li>\n\n\n\n<li>Talleres creativos <\/li>\n\n\n\n<li>Activaci\u00f3n de herramientas pedag\u00f3gicas en internacionalizaci\u00f3n <\/li>\n<\/ul>\n\n\n\n<h2 class=\"wp-block-heading has-medium-font-size\">Trabajo asincr\u00f3nico <\/h2>\n\n\n\n<p><span class=\"post-content__span\"> Se propone actividades tales como: <\/p>\n\n\n\n<ul class=\"wp-block-list\">\n<li>Lecturas de material de apoyo <\/li>\n\n\n\n<li>Trabajo con material audiovisual (documentales, v\u00eddeos cortos, pel\u00edculas, cr\u00f3nicas, noticias, etc.) <\/li>\n\n\n\n<li>Foros de discusi\u00f3n <\/li>\n\n\n\n<li>Actividades grupales que fomenten la interacci\u00f3n entre equipos interculturales \/ transdisciplinares <\/li>\n\n\n\n<li>Desarrollo de una propuesta de proyecto de investigaci\u00f3n o desarrollo, o el dise\u00f1o de una estrategia de ASC <\/li>\n<\/ul>\n\n\n\n<p><span class=\"post-content__span\"> <\/p>\n\n\n\n<h2 class=\"wp-block-heading has-background has-medium-font-size\" style=\"background-color:#e1ecff\">EVALUACI\u00d3N <\/h2>\n\n\n\n<p><span class=\"post-content__span\"> Planteamiento de una propuesta investigativa, de desarrollo o de apropiaci\u00f3n social del conocimiento que aborde una problem\u00e1tica com\u00fan entre los pa\u00edses estudiados y con una perspectiva de trabajo intercultural en el marco de uno de los ODS <strong>(80%) <\/strong><\/p>\n\n\n\n<p><span class=\"post-content__span\"> La asistencia tendr\u00e1 una nota del <strong>(20%) <\/strong><\/p>\n\n\n\n<p><span class=\"post-content__span\"> Este proyecto se desarrollar\u00e1 en el transcurso de la c\u00e1tedra. <\/p>\n\n\n\n<p><span class=\"post-content__span\"> Se conformar\u00e1n equipos de estudiantes de diferentes pa\u00edses. <\/p>\n\n\n\n<p><span class=\"post-content__span\"> <\/p>\n\n\n\n<h2 class=\"wp-block-heading has-background has-medium-font-size\" style=\"background-color:#e1ecff\">MODALIDAD DE PARTICIPACI\u00d3N <\/h2>\n\n\n\n<p><span class=\"post-content__span\"> <strong>Virtual:<\/strong> El estudiante trabajar\u00e1 en l\u00ednea a trav\u00e9s de plataformas digitales. <\/p>\n\n\n\n<p><span class=\"post-content__span\"> <strong>Horarios:<\/strong> Martes de 6 a 9 pm (hora Colombia) <\/p>\n\n\n\n<p><span class=\"post-content__span\"> <strong>Duraci\u00f3n: <\/strong>16 semanas. <\/p>\n\n\n\n<h2 class=\"wp-block-heading has-background has-medium-font-size\" style=\"background-color:#e1ecff\">REQUISITOS DE PARTICIPACI\u00d3N <\/h2>\n\n\n\n<p><span class=\"post-content__span\"> <strong>Podr\u00e1n participar: <\/strong><\/p>\n\n\n\n<ol class=\"wp-block-list\">\n<li>Estudiantes que pertenecen a las IES asociadas al programa Delf\u00edn y\/o IES Cocreadoras. <\/li>\n\n\n\n<li>Estudiantes que hayan cursado m\u00e1s del 50% de los cr\u00e9ditos del programa acad\u00e9mico que cursa actualmente a nivel tecnol\u00f3gico, pregrado o posgrado. <\/li>\n\n\n\n<li>Estudiante con promedio general acumulado superior a 3.5 <\/li>\n\n\n\n<li>Se podr\u00e1n asignar cupos para docentes, administrativos. <\/li>\n<\/ol>\n\n\n\n<h2 class=\"wp-block-heading has-background has-medium-font-size\" style=\"background-color:#e1ecff\">PROCESO DE LA CONVOCATORIA <\/h2>\n\n\n\n<p><span class=\"post-content__span\"> Los estudiantes interesados en participar pueden llenar el siguiente formulario: <a href=\"https:\/\/docs.google.com\/forms\/d\/e\/1FAIpQLSeT6luh4X9a0efbNgHukpy-lHDaGYOm9ImOoVdIZc0jWy5gfw\/viewform\">https:\/\/docs.google.com\/forms\/d\/e\/1FAIpQLSeT6luh4X9a0efbNgHukpy-lHDaGYOm9ImOoVdIZc0jWy5gfw\/viewform<\/a><\/p>\n\n\n\n<p><span class=\"post-content__span\"> <\/p>\n\n\n\n<h2 class=\"wp-block-heading has-background has-medium-font-size\" style=\"background-color:#e1ecff\">FECHAS DE POSTULACI\u00d3N: <\/h2>\n\n\n\n<p><span class=\"post-content__span\"> <strong>Cierre de la convocatoria:<\/strong> 6 de febrero de 2026 <\/p>\n\n\n\n<p><span class=\"post-content__span\"> <strong>Revisi\u00f3n y verificaci\u00f3n de documentaci\u00f3n: <\/strong>9 al 11 de febrero de 2026<\/p>\n\n\n\n<p><span class=\"post-content__span\"> <strong>Envi\u00f3 de aceptaci\u00f3n a los estudiantes:<\/strong> 13 de febrero de 2026<\/p>\n\n\n\n<p><span class=\"post-content__span\"> <strong>Duraci\u00f3n de la c\u00e1tedra:<\/strong> 16 semanas (17 de febrero al 9 de junio de 2026) <\/p>\n\n\n\n<p><span class=\"post-content__span\"> <strong>Sustentaci\u00f3n final de la propuesta por parte de los equipos:<\/strong> 2 de junio y 9 de junio de 2026<\/p>\n\n\n\n<p><span class=\"post-content__span\"> <strong>Env\u00edo de certificados a estudiantes y docentes participantes: <\/strong>16 de junio de 2026<\/p>\n\n\n\n<h2 class=\"wp-block-heading has-background has-small-font-size\" style=\"background-color:#e1ecff\"><\/h2>\n\n\n\n<div data-wp-interactive=\"core\/file\" class=\"wp-block-file\"><object data-wp-bind--hidden=\"!state.hasPdfPreview\" hidden class=\"wp-block-file__embed\" data=\"https:\/\/vicerrectorias.utp.edu.co\/viie\/wp-content\/uploads\/sites\/3\/Convo-Catedra-2026-1-semestre.pdf\" type=\"application\/pdf\" style=\"width:100%;height:600px\" aria-label=\"Incrustado de Convo C\u00e1tedra 2026-1 semestre.\"><\/object><a id=\"wp-block-file--media-cce43da9-c9e8-4d08-8bd5-b2a69b0d07e6\" href=\"https:\/\/vicerrectorias.utp.edu.co\/viie\/wp-content\/uploads\/sites\/3\/Convo-Catedra-2026-1-semestre.pdf\">Convo C\u00e1tedra 2026-1 semestre<\/a><a href=\"https:\/\/vicerrectorias.utp.edu.co\/viie\/wp-content\/uploads\/sites\/3\/Convo-Catedra-2026-1-semestre.pdf\" class=\"wp-block-file__button wp-element-button\" download aria-describedby=\"wp-block-file--media-cce43da9-c9e8-4d08-8bd5-b2a69b0d07e6\">Descarga<\/a><\/div>\n\n\n\n<h2 class=\"wp-block-heading has-black-color has-text-color has-background has-link-color has-medium-font-size wp-elements-80b7b5c55b9e3472528beb4605d35b50\" style=\"background-color:#e1ecff\">DATOS CONSEJERO T\u00c9CNICO<\/h2>\n\n\n\n<p><span class=\"post-content__span\"> <strong>Angeline Dahab Ahcar Vanegas<\/strong><\/p>\n\n\n\n<p><span class=\"post-content__span\"> Vicerrector\u00eda de Investigaciones, Innovaci\u00f3n y Extensi\u00f3n<\/p>\n\n\n\n<p><span class=\"post-content__span\"> Extensi\u00f3n: 7789<\/p>\n\n\n\n<p><span class=\"post-content__span\"> Email:&nbsp;<a href=\"mailto:investigaciones@utp.edu.co\">investigaciones@utp.edu.co<\/a><\/p>\n\n\n\n<p><span class=\"post-content__span\"> <strong>P\u00e1gina web del programa:<\/strong>&nbsp;<a href=\"https:\/\/www.programadelfin.org.mx\/\">https:\/\/www.programadelfin.org.mx\/<\/a><\/p>\n\n\n\n<p><span class=\"post-content__span\"> <strong>Facebook:<\/strong>&nbsp;<a href=\"https:\/\/www.facebook.com\/programa.interinstitucional.delfin\">https:\/\/www.facebook.com\/programa.interinstitucional.delfin<\/a><\/p>\n\n\n\n<p><span class=\"post-content__span\"> <\/p>\n\n\n\n<div style=\"height:32px\" aria-hidden=\"true\" class=\"wp-block-spacer\"><\/div>\n\n\n\n<hr class=\"wp-block-separator has-alpha-channel-opacity\"\/>\n\n\n\n<div style=\"height:43px\" aria-hidden=\"true\" class=\"wp-block-spacer\"><\/div>\n\n\n\n<ul class=\"wp-block-social-links is-content-justification-center is-layout-flex wp-container-core-social-links-is-layout-16018d1d wp-block-social-links-is-layout-flex\"><li class=\"wp-social-link wp-social-link-instagram  wp-block-social-link\"><a href=\"https:\/\/www.instagram.com\/investigacionesutp?igsh=bnc1a29vZjkyaGVo\" class=\"wp-block-social-link-anchor\"><svg width=\"24\" height=\"24\" viewBox=\"0 0 24 24\" version=\"1.1\" xmlns=\"http:\/\/www.w3.org\/2000\/svg\" aria-hidden=\"true\" focusable=\"false\"><path d=\"M12,4.622c2.403,0,2.688,0.009,3.637,0.052c0.877,0.04,1.354,0.187,1.671,0.31c0.42,0.163,0.72,0.358,1.035,0.673 c0.315,0.315,0.51,0.615,0.673,1.035c0.123,0.317,0.27,0.794,0.31,1.671c0.043,0.949,0.052,1.234,0.052,3.637 s-0.009,2.688-0.052,3.637c-0.04,0.877-0.187,1.354-0.31,1.671c-0.163,0.42-0.358,0.72-0.673,1.035 c-0.315,0.315-0.615,0.51-1.035,0.673c-0.317,0.123-0.794,0.27-1.671,0.31c-0.949,0.043-1.233,0.052-3.637,0.052 s-2.688-0.009-3.637-0.052c-0.877-0.04-1.354-0.187-1.671-0.31c-0.42-0.163-0.72-0.358-1.035-0.673 c-0.315-0.315-0.51-0.615-0.673-1.035c-0.123-0.317-0.27-0.794-0.31-1.671C4.631,14.688,4.622,14.403,4.622,12 s0.009-2.688,0.052-3.637c0.04-0.877,0.187-1.354,0.31-1.671c0.163-0.42,0.358-0.72,0.673-1.035 c0.315-0.315,0.615-0.51,1.035-0.673c0.317-0.123,0.794-0.27,1.671-0.31C9.312,4.631,9.597,4.622,12,4.622 M12,3 C9.556,3,9.249,3.01,8.289,3.054C7.331,3.098,6.677,3.25,6.105,3.472C5.513,3.702,5.011,4.01,4.511,4.511 c-0.5,0.5-0.808,1.002-1.038,1.594C3.25,6.677,3.098,7.331,3.054,8.289C3.01,9.249,3,9.556,3,12c0,2.444,0.01,2.751,0.054,3.711 c0.044,0.958,0.196,1.612,0.418,2.185c0.23,0.592,0.538,1.094,1.038,1.594c0.5,0.5,1.002,0.808,1.594,1.038 c0.572,0.222,1.227,0.375,2.185,0.418C9.249,20.99,9.556,21,12,21s2.751-0.01,3.711-0.054c0.958-0.044,1.612-0.196,2.185-0.418 c0.592-0.23,1.094-0.538,1.594-1.038c0.5-0.5,0.808-1.002,1.038-1.594c0.222-0.572,0.375-1.227,0.418-2.185 C20.99,14.751,21,14.444,21,12s-0.01-2.751-0.054-3.711c-0.044-0.958-0.196-1.612-0.418-2.185c-0.23-0.592-0.538-1.094-1.038-1.594 c-0.5-0.5-1.002-0.808-1.594-1.038c-0.572-0.222-1.227-0.375-2.185-0.418C14.751,3.01,14.444,3,12,3L12,3z M12,7.378 c-2.552,0-4.622,2.069-4.622,4.622S9.448,16.622,12,16.622s4.622-2.069,4.622-4.622S14.552,7.378,12,7.378z M12,15 c-1.657,0-3-1.343-3-3s1.343-3,3-3s3,1.343,3,3S13.657,15,12,15z M16.804,6.116c-0.596,0-1.08,0.484-1.08,1.08 s0.484,1.08,1.08,1.08c0.596,0,1.08-0.484,1.08-1.08S17.401,6.116,16.804,6.116z\"><\/path><\/svg><span class=\"wp-block-social-link-label screen-reader-text\">Instagram<\/span><\/a><\/li>\n\n<li class=\"wp-social-link wp-social-link-facebook  wp-block-social-link\"><a href=\"https:\/\/www.facebook.com\/ViceInvestigacionesUTP\" class=\"wp-block-social-link-anchor\"><svg width=\"24\" height=\"24\" viewBox=\"0 0 24 24\" version=\"1.1\" xmlns=\"http:\/\/www.w3.org\/2000\/svg\" aria-hidden=\"true\" focusable=\"false\"><path d=\"M12 2C6.5 2 2 6.5 2 12c0 5 3.7 9.1 8.4 9.9v-7H7.9V12h2.5V9.8c0-2.5 1.5-3.9 3.8-3.9 1.1 0 2.2.2 2.2.2v2.5h-1.3c-1.2 0-1.6.8-1.6 1.6V12h2.8l-.4 2.9h-2.3v7C18.3 21.1 22 17 22 12c0-5.5-4.5-10-10-10z\"><\/path><\/svg><span class=\"wp-block-social-link-label screen-reader-text\">Facebook<\/span><\/a><\/li>\n\n<li class=\"wp-social-link wp-social-link-youtube  wp-block-social-link\"><a href=\"https:\/\/www.youtube.com\/@VIIE-UTP\" class=\"wp-block-social-link-anchor\"><svg width=\"24\" height=\"24\" viewBox=\"0 0 24 24\" version=\"1.1\" xmlns=\"http:\/\/www.w3.org\/2000\/svg\" aria-hidden=\"true\" focusable=\"false\"><path d=\"M21.8,8.001c0,0-0.195-1.378-0.795-1.985c-0.76-0.797-1.613-0.801-2.004-0.847c-2.799-0.202-6.997-0.202-6.997-0.202 h-0.009c0,0-4.198,0-6.997,0.202C4.608,5.216,3.756,5.22,2.995,6.016C2.395,6.623,2.2,8.001,2.2,8.001S2,9.62,2,11.238v1.517 c0,1.618,0.2,3.237,0.2,3.237s0.195,1.378,0.795,1.985c0.761,0.797,1.76,0.771,2.205,0.855c1.6,0.153,6.8,0.201,6.8,0.201 s4.203-0.006,7.001-0.209c0.391-0.047,1.243-0.051,2.004-0.847c0.6-0.607,0.795-1.985,0.795-1.985s0.2-1.618,0.2-3.237v-1.517 C22,9.62,21.8,8.001,21.8,8.001z M9.935,14.594l-0.001-5.62l5.404,2.82L9.935,14.594z\"><\/path><\/svg><span class=\"wp-block-social-link-label screen-reader-text\">YouTube<\/span><\/a><\/li>\n\n<li class=\"wp-social-link wp-social-link-mail  wp-block-social-link\"><a href=\"mailto:&#105;nv&#101;st&#105;ga&#099;io&#110;&#101;&#115;&#064;u&#116;&#112;.&#101;&#100;&#117;.&#099;o\" class=\"wp-block-social-link-anchor\"><svg width=\"24\" height=\"24\" viewBox=\"0 0 24 24\" version=\"1.1\" xmlns=\"http:\/\/www.w3.org\/2000\/svg\" aria-hidden=\"true\" focusable=\"false\"><path d=\"M19,5H5c-1.1,0-2,.9-2,2v10c0,1.1.9,2,2,2h14c1.1,0,2-.9,2-2V7c0-1.1-.9-2-2-2zm.5,12c0,.3-.2.5-.5.5H5c-.3,0-.5-.2-.5-.5V9.8l7.5,5.6,7.5-5.6V17zm0-9.1L12,13.6,4.5,7.9V7c0-.3.2-.5.5-.5h14c.3,0,.5.2.5.5v.9z\"><\/path><\/svg><span class=\"wp-block-social-link-label screen-reader-text\">Correo electr\u00f3nico<\/span><\/a><\/li><\/ul>\n\n\n\n<p><span class=\"post-content__span\"> <\/p>\n","protected":false},"excerpt":{"rendered":"<p>Desarrolla una mirada cr\u00edtica sobre la interculturalidad y la ciudadan\u00eda global desde perspectivas hist\u00f3ricas, culturales y transdisciplinares.<\/p>\n","protected":false},"author":12,"featured_media":22676,"comment_status":"closed","ping_status":"","sticky":false,"template":"","format":"standard","meta":{"footnotes":""},"categories":[1],"tags":[],"class_list":["post-22661","post","type-post","status-publish","format-standard","has-post-thumbnail","hentry","category-sin-categoria"],"_links":{"self":[{"href":"https:\/\/vicerrectorias.utp.edu.co\/viie\/wp-json\/wp\/v2\/posts\/22661","targetHints":{"allow":["GET"]}}],"collection":[{"href":"https:\/\/vicerrectorias.utp.edu.co\/viie\/wp-json\/wp\/v2\/posts"}],"about":[{"href":"https:\/\/vicerrectorias.utp.edu.co\/viie\/wp-json\/wp\/v2\/types\/post"}],"author":[{"embeddable":true,"href":"https:\/\/vicerrectorias.utp.edu.co\/viie\/wp-json\/wp\/v2\/users\/12"}],"replies":[{"embeddable":true,"href":"https:\/\/vicerrectorias.utp.edu.co\/viie\/wp-json\/wp\/v2\/comments?post=22661"}],"version-history":[{"count":9,"href":"https:\/\/vicerrectorias.utp.edu.co\/viie\/wp-json\/wp\/v2\/posts\/22661\/revisions"}],"predecessor-version":[{"id":22738,"href":"https:\/\/vicerrectorias.utp.edu.co\/viie\/wp-json\/wp\/v2\/posts\/22661\/revisions\/22738"}],"wp:featuredmedia":[{"embeddable":true,"href":"https:\/\/vicerrectorias.utp.edu.co\/viie\/wp-json\/wp\/v2\/media\/22676"}],"wp:attachment":[{"href":"https:\/\/vicerrectorias.utp.edu.co\/viie\/wp-json\/wp\/v2\/media?parent=22661"}],"wp:term":[{"taxonomy":"category","embeddable":true,"href":"https:\/\/vicerrectorias.utp.edu.co\/viie\/wp-json\/wp\/v2\/categories?post=22661"},{"taxonomy":"post_tag","embeddable":true,"href":"https:\/\/vicerrectorias.utp.edu.co\/viie\/wp-json\/wp\/v2\/tags?post=22661"}],"curies":[{"name":"wp","href":"https:\/\/api.w.org\/{rel}","templated":true}]}}