{"id":21503,"date":"2025-11-11T15:28:57","date_gmt":"2025-11-11T14:28:57","guid":{"rendered":"https:\/\/vicerrectorias.utp.edu.co\/viie\/?p=21503"},"modified":"2025-11-28T13:34:57","modified_gmt":"2025-11-28T12:34:57","slug":"mivi-movilidad-internacional-de-voluntariados-interculturales-2026","status":"publish","type":"post","link":"https:\/\/vicerrectorias.utp.edu.co\/viie\/mivi-movilidad-internacional-de-voluntariados-interculturales-2026\/","title":{"rendered":"MIVI- MOVILIDAD INTERNACIONAL DE VOLUNTARIADOS INTERCULTURALES -2026"},"content":{"rendered":"\n<h2 class=\"wp-block-heading has-text-align-center\">Programa J\u00f3venes de Clase Mundial 2026 <\/h2>\n\n\n\n<div style=\"height:33px\" aria-hidden=\"true\" class=\"wp-block-spacer\"><\/div>\n\n\n\n<h2 class=\"wp-block-heading has-text-color has-link-color has-medium-font-size wp-elements-ab678dd754faa780581b60c10fe2cc3d\" style=\"color:#1b3f7c\"><strong>DE COLOMBIA PARA EL MUNDO.<\/strong><\/h2>\n\n\n\n<p><span class=\"post-content__span\"> Becas MIVI Colombia del programa de J\u00f3venes de Clase Mundial, es un programa de becas de movilidad internacional para estudiantes de pregrado y posgrado, profesores, graduados y administrativos de Instituciones de Educaci\u00f3n Superior &#8211; IES afiliadas al Programa Delf\u00edn, que tiene como objetivo la capacitaci\u00f3n intercultural y el desarrollo de competencias laborales para el mundo global. <\/p>\n\n\n\n<div style=\"height:33px\" aria-hidden=\"true\" class=\"wp-block-spacer\"><\/div>\n\n\n\n<h2 class=\"wp-block-heading has-text-align-center\">LA UNIVERSIDAD TECNOL\u00d3GICA DE PEREIRA, EN EL MARCO DEL PROGRAMA DELF\u00cdN Y LA ORGANIZACI\u00d3N INTERNACIONAL WECOLLAB<\/h2>\n\n\n\n<p><span class=\"post-content__span\"> <\/p>\n\n\n\n<figure class=\"wp-block-image size-large\"><img loading=\"lazy\" decoding=\"async\" width=\"1024\" height=\"576\" src=\"https:\/\/vicerrectorias.utp.edu.co\/viie\/wp-content\/uploads\/sites\/3\/Banner-Pagina-VIIE--1024x576.png\" alt=\"\" class=\"wp-image-21749\" srcset=\"https:\/\/vicerrectorias.utp.edu.co\/viie\/wp-content\/uploads\/sites\/3\/Banner-Pagina-VIIE--1024x576.png 1024w, https:\/\/vicerrectorias.utp.edu.co\/viie\/wp-content\/uploads\/sites\/3\/Banner-Pagina-VIIE--300x169.png 300w, https:\/\/vicerrectorias.utp.edu.co\/viie\/wp-content\/uploads\/sites\/3\/Banner-Pagina-VIIE--768x432.png 768w, https:\/\/vicerrectorias.utp.edu.co\/viie\/wp-content\/uploads\/sites\/3\/Banner-Pagina-VIIE-.png 1080w\" sizes=\"auto, (max-width: 1024px) 100vw, 1024px\" \/><\/figure>\n\n\n\n<div style=\"height:42px\" aria-hidden=\"true\" class=\"wp-block-spacer\"><\/div>\n\n\n\n<h2 class=\"wp-block-heading has-text-align-center has-white-color has-text-color has-background has-link-color has-medium-font-size wp-elements-575faf2c725626a92304e20c187428bb\" style=\"background-color:#f08018\">Convocan a: <\/h2>\n\n\n\n<p><span class=\"post-content__span\"> Los estudiantes de pregrado vinculados a semilleros de investigaci\u00f3n, estudiantes de posgrado, profesores y personal administrativo de la Universidad Tecnol\u00f3gica de Pereira a aplicar a una beca para estancia de voluntariado internacional que incluye la capacitaci\u00f3n intercultural internacional (y tomar el curso (opcional): C\u00e1tedra de competencias Interculturales para la ciudadan\u00eda Global del programa Delf\u00edn). <\/p>\n\n\n\n<p><span class=\"post-content__span\"> J\u00f3venes de Clase Mundial tiene como objetivo fomentar que los j\u00f3venes colombianos adquieran competencias interculturales internacionales (High Order Skills HOS) facilitando su participaci\u00f3n en estancias de educaci\u00f3n no formal en el extranjero en proyectos sociales y ambientales, fortaleciendo la calidad y pertinencia de la formaci\u00f3n integral, asegurando mayor cobertura, inclusi\u00f3n y equidad educativa para la construcci\u00f3n de una mejor sociedad. <\/p>\n\n\n\n<p><span class=\"post-content__span\"> <\/p>\n\n\n\n<h2 class=\"wp-block-heading has-white-color has-text-color has-background has-link-color has-medium-font-size wp-elements-d2c476543bb03914f513bae52f97bb2b\" style=\"background-color:#f08018\">CARACTER\u00cdSTICAS DE LA CONVOCATORIA<\/h2>\n\n\n\n<p><span class=\"post-content__span\"> <strong>1.<\/strong> Se otorgar\u00e1n becas de corto y mediano plazo para la participaci\u00f3n en Programas de Voluntariado Internacional e Intercambio Cultural. <\/p>\n\n\n\n<p><span class=\"post-content__span\"> <strong>2.<\/strong> La duraci\u00f3n de la estancia en el extranjero, depender\u00e1 del tipo de programa y el pa\u00eds elegido. <\/p>\n\n\n\n<p><span class=\"post-content__span\"> <strong>3. <\/strong>Los programas de Voluntariado Internacional e Intercambio Cultural, podr\u00e1n realizarse en cualquiera de los siguientes pa\u00edses: <\/p>\n\n\n\n<ul class=\"wp-block-list\">\n<li><strong>En Europa:<\/strong> Alemania, Armenia, Austria, B\u00e9lgica, Dinamarca, Eslovaquia, Eslovenia, Espa\u00f1a, Estonia, Finlandia, Francia, Grecia, Groenlandia, Hungr\u00eda, Irlanda del Norte, Islandia, Italia, Letonia, Noruega, Pa\u00edses Bajos, Polonia, Portugal, Rep\u00fablica Checa, Reino Unido, Serbia, Suecia, Suiza, Turqu\u00eda. <\/li>\n\n\n\n<li><strong>En As\u00eda:<\/strong> Corea del sur, Hong Kong, India, Jap\u00f3n, Mongolia, Nepal, Tailandia. <\/li>\n\n\n\n<li><strong>En Am\u00e9rica:<\/strong> Estados Unidos, M\u00e9xico. <\/li>\n<\/ul>\n\n\n\n<p><span class=\"post-content__span\"> <strong>Nota:<\/strong> Esta lista de pa\u00edses puede variar de acuerdo a la apertura de programas de voluntariado de las organizaciones aliadas a WeCollab. <\/p>\n\n\n\n<p><span class=\"post-content__span\"> <strong>4.<\/strong> El programa que realizar\u00e1 el becario, ser\u00e1 seleccionado en funci\u00f3n del pa\u00eds <\/p>\n\n\n\n<p><span class=\"post-content__span\"> <\/p>\n\n\n\n<p><span class=\"post-content__span\"> <\/p>\n\n\n\n<h2 class=\"wp-block-heading has-white-color has-text-color has-background has-link-color has-medium-font-size wp-elements-f05827e300cee4b6851f1fe17f7ef070\" style=\"background-color:#f08018\">LA BECA CUBRIR\u00c1 LOS SIGUIENTES CONCEPTOS<\/h2>\n\n\n\n<ol class=\"wp-block-list\">\n<li>Hospedaje en el extranjero durante el programa (100%) <\/li>\n\n\n\n<li>Alimentaci\u00f3n (tres comidas al d\u00eda) en el extranjero durante el programa (100%) <\/li>\n\n\n\n<li>Transporte local a las actividades del programa (100%) <\/li>\n<\/ol>\n\n\n\n<p><span class=\"post-content__span\"> La beca cubre exclusivamente los costos detallados en esta convocatoria, y est\u00e1 sujeta a las especificaciones descritas en cada proyecto, seg\u00fan lo definido por la organizaci\u00f3n de acogida. <\/p>\n\n\n\n<p><span class=\"post-content__span\"> <strong>Nota: <\/strong>Algunos proyectos pueden incluir actividades de tiempo libre, de acuerdo con sus consideraciones. <\/p>\n\n\n\n<p><span class=\"post-content__span\"> <\/p>\n\n\n\n<p><span class=\"post-content__span\"> La Universidad estar\u00e1 al pendiente de la participaci\u00f3n internacional de los j\u00f3venes beneficiarios, sin embargo, no se hace responsable de actos realizados por ellos que pongan en riesgo y que da\u00f1en su integridad f\u00edsica y emocional, as\u00ed como de cualquier otra persona. Las actividades a realizar por los j\u00f3venes en su estancia en el pa\u00eds extranjero, no son coordinadas ni organizadas por la Universidad Tecnol\u00f3gica de Pereira, dependen exclusivamente de la Organizaci\u00f3n WeCollab y de sus aliados de Cooperaci\u00f3n Internacional. <\/p>\n\n\n\n<p><span class=\"post-content__span\"> <\/p>\n\n\n\n<h2 class=\"wp-block-heading has-white-color has-text-color has-background has-link-color has-medium-font-size wp-elements-51ba06725d1ece4866d68b6d2cc6c8f6\" style=\"background-color:#f08018\">REQUISITOS<\/h2>\n\n\n\n<h2 class=\"wp-block-heading has-text-color has-link-color has-medium-font-size wp-elements-7503c92d1ec6db3488b4c3606b8bed54\" style=\"color:#1b3f7c\">Programas de corto plazo de 1 a 4 semanas (30 d\u00edas m\u00e1ximo) <\/h2>\n\n\n\n<p><span class=\"post-content__span\"> <strong>1.<\/strong> Tener entre 18 y 40 a\u00f1os al momento de presentar la documentaci\u00f3n.<\/p>\n\n\n\n<p><span class=\"post-content__span\"> <strong>2.<\/strong> Contar con pasaporte vigente con fecha de vencimiento posterior a 2026 o con el comprobante del tr\u00e1mite en curso al momento de solicitar la beca. <\/p>\n\n\n\n<p><span class=\"post-content__span\"> <strong>3. <\/strong>Tener como m\u00ednimo un nivel B1 de ingl\u00e9s, lo que significa contar con habilidades comunicativas en ese idioma. (Se realizar\u00e1 una entrevista para verificar el nivel de ingl\u00e9s del participante. <\/p>\n\n\n\n<p><span class=\"post-content__span\"> <strong>Nota:<\/strong> Si el participante no cuenta con un nivel B1, pero demuestra un nivel b\u00e1sico de ingl\u00e9s, se le indicar\u00e1 a qu\u00e9 paises puede aplicar. No podr\u00e1n participar aquellas personas que no tengan un conocimiento de ingles. <\/p>\n\n\n\n<p><span class=\"post-content__span\"> <strong>4. <\/strong>Ser Colombiano o residente del pa\u00eds. <\/p>\n\n\n\n<p><span class=\"post-content__span\"> <strong>5.<\/strong> Haber cursado m\u00ednimo el 50% de los cr\u00e9ditos acad\u00e9micos (aplica para estudiantes de pregrado y posgrado). <\/p>\n\n\n\n<p><span class=\"post-content__span\"> <strong>6.<\/strong> Tener un promedio acumulado m\u00ednimo de 3.5 (aplica para estudiantes de pregrado y posgrado) <\/p>\n\n\n\n<p><span class=\"post-content__span\"> <strong>7.<\/strong> <strong>Realizar un pago de inscripci\u00f3n de $500.000 pesos colombianos <\/strong><\/p>\n\n\n\n<h2 class=\"wp-block-heading has-text-color has-link-color has-medium-font-size wp-elements-de5b510ab378359300436194e35cebe0\" style=\"color:#1b3f7c\"><strong>Programas de mediano plazo (entre 30 y 89 d\u00edas) (Homologable a la pr\u00e1ctica social de paz y competitividad de 4 a 6 meses) <\/strong><\/h2>\n\n\n\n<p><span class=\"post-content__span\"> En el caso de Europa, el participante tienen la opci\u00f3n de unirse a 2 o 3 proyectos de manera consecutiva y en diversos pa\u00edses, permiti\u00e9ndole una estancia total que oscila entre 3 y 12 semanas. <\/p>\n\n\n\n<p><span class=\"post-content__span\"> 1.  Tener entre 18 y 40 a\u00f1os al momento de presentar la documentaci\u00f3n. <\/p>\n\n\n\n<p><span class=\"post-content__span\"> 2. Contar con pasaporte vigente con fecha de vencimiento posterior al 2026 o con el comprobante del tr\u00e1mite en curso al momento de solicitar la beca.<\/p>\n\n\n\n<p><span class=\"post-content__span\"> 3. Tener m\u00ednimo un nivel B1 de ingl\u00e9s, lo que significa contar con habilidades comunicativas en ese idioma. (Se realizar\u00e1 una entrevista para verificar el nivel de ingles del participante) <\/p>\n\n\n\n<p><span class=\"post-content__span\"> <strong>Nota: <\/strong>Si el participante no cuenta con un nivel B1, pero demuestra un nivel b\u00e1sico de ingl\u00e9s, se le indicar\u00e1 a qu\u00e9 pa\u00edses puede aplicar. No podr\u00e1n participar aquellas personas que no tengan ning\u00fan conocimiento de ingl\u00e9s. <\/p>\n\n\n\n<p><span class=\"post-content__span\"> 4. Se colombiano o residente en el pa\u00eds. <\/p>\n\n\n\n<p><span class=\"post-content__span\"> <strong>5.<\/strong> Haber cursado m\u00ednimo el 50% de los cr\u00e9ditos acad\u00e9micos (aplica para estudiantes de pregrado y posgrado). <\/p>\n\n\n\n<p><span class=\"post-content__span\"> <strong>6.<\/strong> Tener un promedio acumulado m\u00ednimo de 3.5 (aplica para estudiantes de pregrado y posgrado) <\/p>\n\n\n\n<p><span class=\"post-content__span\"> <strong>7.<\/strong> <strong>Realizar un pago de inscripci\u00f3n para 2 programas de $900.000 pesos colombianos<\/strong>. O realizar un pago de inscripci\u00f3n para <strong>3 programas de $1.200.000 pesos colombianos. <\/strong><\/p>\n\n\n\n<p class=\"has-vivid-red-color has-text-color has-link-color wp-elements-beacd53fb0d2f957108a3dbcab4c7803\"><strong>IMPORTANTE:<\/strong> El participante deber\u00e1 asumir los gastos relacionados con el alojamiento, alimentaci\u00f3n y transporte entre un programa y otro. <\/p>\n\n\n\n<p><span class=\"post-content__span\"> <\/p>\n\n\n\n<h2 class=\"wp-block-heading has-white-color has-text-color has-background has-link-color has-medium-font-size wp-elements-cb2da01843c94a2a63c578e0006b8aef\" style=\"background-color:#f08018\">DOCUMENTACI\u00d3N <\/h2>\n\n\n\n<p><span class=\"post-content__span\"> <strong>1.<\/strong> <strong>Carta de postulaci\u00f3n:<\/strong> se debe hacer una presentaci\u00f3n personal y expresar las motivaciones para realizar el voluntariado, describiendo su experiencia en temas de voluntariado juvenil o pr\u00e1cticas sociales previas, debe estar escrita en ingl\u00e9s y firmada.<\/p>\n\n\n\n<ul class=\"wp-block-list\">\n<li>Formato de la carta postulaci\u00f3n y motivos., \n<ul class=\"wp-block-list\">\n<li>Extensi\u00f3n de 1 cuartilla. <\/li>\n\n\n\n<li>Tipo de letra Arial, tama\u00f1o 12 y justificada.<\/li>\n\n\n\n<li>Interlineado 1.5 sin doble espacio.<\/li>\n<\/ul>\n<\/li>\n\n\n\n<li>Aspectos formarles que debe contener la carta dirigida a la Unidad de Internacionalizaci\u00f3n y Movilidad UAM. Lugar y fecha de redacci\u00f3n de la carta, nombre completo, fecha y lugar de nacimiento.<\/li>\n\n\n\n<li>Presentaci\u00f3n formal: \n<ul class=\"wp-block-list\">\n<li>\u00bfPor qu\u00e9 le gustar\u00eda ser becaria internacional en este tipo de proyectos?<\/li>\n\n\n\n<li>\u00bfQu\u00e9 podr\u00eda aportar con su participaci\u00f3n al proyecto del pa\u00eds extranjero?<\/li>\n\n\n\n<li>\u00bfQu\u00e9 experiencias previas de voluntariado ha vivido? <\/li>\n\n\n\n<li>\u00bfPor qu\u00e9 lo deber\u00eda elegir el comit\u00e9 evaluador?<\/li>\n\n\n\n<li>\u00bfQu\u00e9 aspectos le gustar\u00eda fortalecer o cambiar de la sociedad y c\u00f3mo este programa le ayudar\u00eda a lograrlo?<\/li>\n\n\n\n<li>Establecer claramente el compromiso que tiene para participar en actividades que beneficien a la IES. <\/li>\n<\/ul>\n<\/li>\n<\/ul>\n\n\n\n<p><span class=\"post-content__span\"> <strong>2. Hoja de vida <\/strong>con nivel de ingl\u00e9s, fotograf\u00eda y firma. <\/p>\n\n\n\n<p><span class=\"post-content__span\"> <strong>3.<\/strong> Copia del <strong>pasaporte vigente<\/strong> (con fecha de vencimiento posterior al 2026), o comprobante del tr\u00e1mite en curso.<\/p>\n\n\n\n<p><span class=\"post-content__span\"> <strong>4. <\/strong>Copia de la <strong>c\u00e9dula de ciudadan\u00eda. <\/strong><\/p>\n\n\n\n<p><span class=\"post-content__span\"> <strong>5. Antecedentes judiciales<\/strong> de la Polic\u00eda. <\/p>\n\n\n\n<p><span class=\"post-content__span\"> <strong>6. Carta de recomendaci\u00f3n<\/strong> del tutor del semillero, Director del programa al cual est\u00e1 vinculado, o jefe directo. <\/p>\n\n\n\n<p><span class=\"post-content__span\"> <strong>7. Soporte<\/strong> de la transferencia o consignaci\u00f3n de acuerdo con el n\u00famero de proyectos. <\/p>\n\n\n\n<p><span class=\"post-content__span\"> <\/p>\n\n\n\n<h2 class=\"wp-block-heading has-text-color has-link-color has-medium-font-size wp-elements-659732f5bed9cf67cdc0369a9998e0b5\" style=\"color:#1b3f7c\"><strong>INFORMACI\u00d3N BANCAR\u00cdA<\/strong><\/h2>\n\n\n\n<p><span class=\"post-content__span\"> Cuenta de Ahorros Bancolombia No. 052-000004-40<br>NOMBRE: Fundaci\u00f3n WeCollab ONG<br>NIT: 901.396.435-8<\/p>\n\n\n\n<p><span class=\"post-content__span\"> <\/p>\n\n\n\n<h2 class=\"wp-block-heading has-white-color has-text-color has-background has-link-color has-medium-font-size wp-elements-e67ad1fc31fc01cce6dd20097f96aa8c\" style=\"background-color:#f08018\">PROCESO DE POSTULACI\u00d3N. <\/h2>\n\n\n\n<p><span class=\"post-content__span\"> <strong>1. <\/strong>El aspirante debe recopilar la documentaci\u00f3n solicitada en el punto anterior en archivos pdf en una carpeta comprimida y enviarla al correo investigaciones@utp.edu.co<\/p>\n\n\n\n<p><span class=\"post-content__span\"> <strong>2.<\/strong> El consejero t\u00e9cnico revisar\u00e1 y aprobar\u00e1 la postulaci\u00f3n.<\/p>\n\n\n\n<p><span class=\"post-content__span\"> <strong>3.<\/strong> Realizar el pago de la inscripci\u00f3n de acuerdo con el n\u00famero de programas a realizar.<\/p>\n\n\n\n<p><span class=\"post-content__span\"> <strong>4.<\/strong> Una vez recibida la aprobaci\u00f3n por la instituci\u00f3n, hecho el pago y reunida toda la documentaci\u00f3n, el postulante debe diligenciar el siguiente formulario para completar la inscripci\u00f3n<\/p>\n\n\n\n<p><span class=\"post-content__span\"> <strong>LINK:<\/strong> <a href=\"https:\/\/forms.gle\/zrnVhThcbfwzQC7G8 \">https:\/\/forms.gle\/zrnVhThcbfwzQC7G8 <\/a><\/p>\n\n\n\n<p><span class=\"post-content__span\"> <strong>5.<\/strong> El postulante recibir\u00e1 un correo de WeCollab con la invitaci\u00f3n a la entrevista para conocer su nivel de ingl\u00e9s. <\/p>\n\n\n\n<p><span class=\"post-content__span\"> <strong>6.<\/strong> Una vez completado todo el proceso de postulaci\u00f3n, el participante continuar\u00e1 a la fase de selecci\u00f3n de proyectos en marzo de 2026<\/p>\n\n\n\n<p><span class=\"post-content__span\"> <\/p>\n\n\n\n<h2 class=\"wp-block-heading has-white-color has-text-color has-background has-link-color has-medium-font-size wp-elements-6d8b41078b84d1f820d97e80ca778c52\" style=\"background-color:#f08018\">PROCESO DE CONVOCATORIA. <\/h2>\n\n\n\n<p><span class=\"post-content__span\"> <strong>1. <\/strong>Registro: los aspirantes realizar\u00e1n su registro en l\u00ednea <\/p>\n\n\n\n<ul class=\"wp-block-list\">\n<li>Nota: es responsabilidad de cada aspirante registrarse en la convocatoria y que su expediente est\u00e9 completo (que tenga los elementos y requisitos solicitados) <\/li>\n<\/ul>\n\n\n\n<p><span class=\"post-content__span\"> <strong>2.<\/strong> Cada IES validar\u00e1 el cumplimiento de la documentaci\u00f3n de los aspirantes en el proceso de postulaci\u00f3n. <\/p>\n\n\n\n<p><span class=\"post-content__span\"> <strong>3.<\/strong> La selecci\u00f3n de los becarios ser\u00e1 por parte de cada IES. <\/p>\n\n\n\n<p><span class=\"post-content__span\"> <strong>4.<\/strong> Los becarios seleccionados deben realizar el aporte de inscripci\u00f3n y diligenciar el formulario de Google. <\/p>\n\n\n\n<p><span class=\"post-content__span\"> <strong>5.<\/strong> En la fecha de apertura de los programas de voluntariado (entre febrero y marzo) los becarios seleccionados, deben elegir 3 opciones de proyectos de voluntariado internacional en orden de preferencia a trav\u00e9s de la p\u00e1gina web designada por WeCollab para esta convocatoria. La aceptaci\u00f3n en el proyecto y pa\u00eds depender\u00e1 de las organizaciones de acogida en el extranjero, considerando las preferencias indicadas por el ganador o ganadora. Una vez aceptado en alguno de los voluntariados seleccionados, el participante no podr\u00e1 realizar ning\u00fan cambio. <\/p>\n\n\n\n<h2 class=\"wp-block-heading has-text-color has-link-color has-medium-font-size wp-elements-a662faf213f572c201e9134994a08437\" style=\"color:#1b3f7c\"><strong>IMPORTANTE: <\/strong><\/h2>\n\n\n\n<ul class=\"wp-block-list\">\n<li>Es requisito que el postulante se presente a las entrevistas programas en Ingles para poder continuar con el proceso.&nbsp;<\/li>\n\n\n\n<li>Es responsabilidad de cada participante la selecci\u00f3n del programa en el que desea participar, por lo que deber\u00e1 escoger de acuerdo con sus intereses y posibilidades: el pa\u00eds, el tipo de voluntariado, las condiciones de la estancia, la duraci\u00f3n y los rangos de edad.<\/li>\n\n\n\n<li>Si bien los programas de corta duraci\u00f3n pueden ir de 1 a 4 semanas, la mayor\u00eda de programas tienen una duraci\u00f3n de 2 semanas.<\/li>\n\n\n\n<li>Sugerimos tener en cuenta que la convocatoria contempla programas de mayo a octubre 2026, pero la mayor oferta de programas se ubica en los meses de junio, julio y agosto de 2026.<\/li>\n\n\n\n<li>En ciertos programas, puede existir una cuota adicional conocida como \u00abextra fee\u00bb, la cual debe ser cubierta por el participante. Esta situaci\u00f3n suele presentarse principalmente en proyectos de Am\u00e9rica y Asia. De igual forma, algunos voluntariados y pa\u00edses requieren documentaci\u00f3n adicional, como en el caso de los programas en Estados Unidos, que requieren contar con una visa vigente para realizar la aplicaci\u00f3n. Los detalles espec\u00edficos ser\u00e1n comunicados oportunamente y variar\u00e1n seg\u00fan el voluntariado y pa\u00eds elegido.<\/li>\n\n\n\n<li>Se sugiere que los participantes tomen la C\u00e1tedra de Competencias Interculturales para la Ciudadan\u00eda Global del programa Delf\u00edn. Esta actividad no tiene ning\u00fan costo y representa una preparaci\u00f3n significativa antes de embarcarse en esta experiencia de movilidad internacional.<\/li>\n\n\n\n<li>Recomendamos ampliamente que los participantes que cuenten con antecedentes de salud, valoren su situaci\u00f3n particular que pudiera impedir o limitar la realizaci\u00f3n de la movilidad internacional.<\/li>\n\n\n\n<li>Si al 31 de mayo de 2026, el participante ha realizado al menos 2 aplicaciones en la p\u00e1gina web, y no ha sido aceptado en ninguna de las seis opciones seleccionadas, puede solicitar el reembolso de su pago de inscripci\u00f3n, enviando un correo electr\u00f3nico a <a href=\"http:\/\/programas.wecollab@gmail.com\"><em>programas.wecollab@gmail.com<\/em><\/a>, con copia a <a href=\"about:blank\"><em>capitulocolombia@programadelfin.co<\/em><\/a>. El reembolso se realizar\u00e1 siempre y cuando se verifique que el participante realiz\u00f3 todo el proceso anterior.<\/li>\n<\/ul>\n\n\n\n<p><span class=\"post-content__span\"> <\/p>\n\n\n\n<h2 class=\"wp-block-heading has-white-color has-text-color has-background has-link-color has-medium-font-size wp-elements-bc23c8b6f90914360aaacac925ea6234\" style=\"background-color:#f08018\">GASTOS POR CUENTA DEL PARTICIPANTE <\/h2>\n\n\n\n<p><span class=\"post-content__span\"> <strong>1.<\/strong> Seguro M\u00e9dico Internacional que cuente con cobertura de accidentes, enfermedades y repatriaci\u00f3n en caso de accidente grave o fallecimiento. El seguro debe cumplir con las condiciones estipuladas en los t\u00e9rminos y condiciones. Se recomienda contratar el seguro m\u00e9dico internacional con la compa\u00f1\u00eda indicada por WeCollab. Las fechas del seguro deben coincidir con las fechas del tiquete, desde el momento de salida, hasta el momento de regreso al pa\u00eds de origen.&nbsp;<\/p>\n\n\n\n<p><span class=\"post-content__span\"> <strong>2. <\/strong>Tiquetes a\u00e9reos nacionales e internacionales.<\/p>\n\n\n\n<p><span class=\"post-content__span\"> <strong>3.<\/strong> Otros gastos o imprevistos.<\/p>\n\n\n\n<p><span class=\"post-content__span\"> <strong>4. <\/strong>Pago de la inscripci\u00f3n.<\/p>\n\n\n\n<p><span class=\"post-content__span\"> <strong>5.<\/strong> Extra fee en el caso de los programas que as\u00ed lo indiquen.<\/p>\n\n\n\n<p><span class=\"post-content__span\"> <\/p>\n\n\n\n<h2 class=\"wp-block-heading has-white-color has-text-color has-background has-link-color has-medium-font-size wp-elements-81c1eec764ced9bdc173d4fc7a2b662e\" style=\"background-color:#f08018\">CRITERIOS DE PRIORIZACI\u00d3N <\/h2>\n\n\n\n<p><span class=\"post-content__span\"> Cuando los recursos disponibles sean insuficientes para otorgar un beca a todos los aspirantes que cumplan los requisitos, estos ser\u00e1n seleccionados en funci\u00f3n del promedio de notas, y en segunda instancia, la fecha de entrega de la documentaci\u00f3n. <\/p>\n\n\n\n<p><span class=\"post-content__span\"> <\/p>\n\n\n\n<h2 class=\"wp-block-heading has-white-color has-text-color has-background has-link-color has-medium-font-size wp-elements-913dbce086038205e47ec5d4ab1ab2fa\" style=\"background-color:#f08018\">DERECHOS Y OBLIGACIONES DE LOS BECARIOS <\/h2>\n\n\n\n<p><span class=\"post-content__span\"> Los participantes de los Programas de Voluntariado Internacional e Intercambio Cultural adquieren los derechos y las obligaciones especificados en los T\u00e9rminos y Condiciones de WeCollab, publicados en la p\u00e1gina:&nbsp;<a href=\"https:\/\/wecollab-ong.co\/storage\/docs\/terminos_y_condiciones.pdf\"><strong>https:\/\/wecollab-ong.co\/storage\/docs\/terminos_y_condiciones.pdf<\/strong><\/a><\/p>\n\n\n\n<h2 class=\"wp-block-heading has-text-color has-link-color has-medium-font-size wp-elements-de28da4d8ab530a42b1365260dfa578b\" style=\"color:#1b3f7c\"><strong>Obligaciones: <\/strong><\/h2>\n\n\n\n<ul class=\"wp-block-list\">\n<li>Los becarios deben participar en la sesi\u00f3n de preparaci\u00f3n organizada por WeCollab previa al inicio del programa.<\/li>\n\n\n\n<li>Los becarios deber\u00e1n enviar tiquetes a\u00e9reos internacionales y p\u00f3liza de seguro m\u00e9dico a m\u00e1s tardar 60 d\u00edas antes del inicio de su programa para confirmar su participaci\u00f3n. Si estos documentos no se reciben dentro del plazo establecido, el cupo en el programa ser\u00e1 cancelado autom\u00e1ticamente, sin lugar a reembolso alguno.<\/li>\n\n\n\n<li>Una vez finalizada su estancia, los becarios deber\u00e1n compartir la experiencia en su Programa de Voluntariado Internacional e Intercambio Cultural en el extranjero en la UAM bajo las actividades que se les indiquen. Una vez finalizada su estancia en el extranjero, adem\u00e1s de entregar las fotograf\u00edas y videos que hayan tomado respecto al programa, los becarios deber\u00e1n presentar impreso un informe final de los logros y beneficios obtenidos, as\u00ed como los resultados al socializar la experiencia como participantes de un programa de Voluntariado Internacional e Intercambio Cultural.<\/li>\n<\/ul>\n\n\n\n<p><span class=\"post-content__span\"> <\/p>\n\n\n\n<h2 class=\"wp-block-heading has-white-color has-text-color has-background has-link-color has-medium-font-size wp-elements-468cfacdd0088018bd073c745d870c32\" style=\"background-color:#f08018\">CRONOGRAMA<\/h2>\n\n\n\n<p><span class=\"post-content__span\"> <strong>Fecha de apertura:<\/strong>&nbsp;<\/p>\n\n\n\n<p><span class=\"post-content__span\"> &nbsp;Viernes 10 de octubre del 2025<\/p>\n\n\n\n<p><span class=\"post-content__span\"> <\/p>\n\n\n\n<p><span class=\"post-content__span\"> <strong>Reporte de las Becas a la UAM por parte de las IES adscritas a DELF\u00cdN<\/strong> al correo<strong> <\/strong><a href=\"mailto:capitulocolombia@programadelfin.co\"><em>capitulocolombia@programadelfin.co<\/em><\/a><em>.<\/em><\/p>\n\n\n\n<p><span class=\"post-content__span\"> <strong>Primer grupo: <\/strong>viernes 28 de noviembre del 2025 (quienes se inscriban en este grupo, ser\u00e1n los primeros en elegir proyecto en 2026)<\/p>\n\n\n\n<p><span class=\"post-content__span\"> <strong>Segundo grupo: <\/strong>viernes 20 de febrero de 2026<\/p>\n\n\n\n<p><span class=\"post-content__span\"> <strong>Fecha de env\u00edo de los postulados a WeCollab por parte del programa DELF\u00cdN:<\/strong>&nbsp;<\/p>\n\n\n\n<p><span class=\"post-content__span\"> <strong>Primero grupo: <\/strong>lunes 1 de diciembre de 2025<\/p>\n\n\n\n<p><span class=\"post-content__span\"> <strong>Segundo grupo: <\/strong>lunes 23 de febrero de 2026<\/p>\n\n\n\n<p><span class=\"post-content__span\"> <strong>Fecha entrevistas a los voluntarios postulados:<\/strong><strong>&nbsp;<\/strong><\/p>\n\n\n\n<p><span class=\"post-content__span\"> (Del lunes 1 de diciembre de 2025 al viernes 6 de marzo de 2026)<\/p>\n\n\n\n<p><span class=\"post-content__span\"> <strong>Entrega de los t\u00edtulos de becas a los estudiantes beneficiarios del programa:<\/strong>&nbsp;<\/p>\n\n\n\n<p><span class=\"post-content__span\"> <strong>Primer grupo: <\/strong>Lunes 2 de marzo del 2026 (quienes se inscriban en este grupo, ser\u00e1n los primeros en elegir proyecto en 2026)<\/p>\n\n\n\n<p><span class=\"post-content__span\"> <strong>Segundo grupo: <\/strong>Lunes 9 de marzo del 2026<\/p>\n\n\n\n<p><span class=\"post-content__span\"> <strong>Postulaci\u00f3n a las becas ingresando a la p\u00e1gina designada por WeCollab:<\/strong><\/p>\n\n\n\n<p><span class=\"post-content__span\"> <strong>&nbsp;Primer grupo: <\/strong>Del jueves 5 de marzo hasta el 26 de marzo 2026.<\/p>\n\n\n\n<p><span class=\"post-content__span\"> <strong>Segundo grupo:<\/strong> Del jueves 12 de marzo hasta el 26 de marzo 2026.<\/p>\n\n\n\n<p><span class=\"post-content__span\"> <strong>Notificaci\u00f3n de aceptaci\u00f3n:<\/strong>&nbsp;<\/p>\n\n\n\n<p><span class=\"post-content__span\"> Depende de cada proyecto (Se llevar\u00e1 a cabo a m\u00e1s tardar un mes despu\u00e9s de la fecha de postulaci\u00f3n).<\/p>\n\n\n\n<p><span class=\"post-content__span\"> <strong>Realizaci\u00f3n del programa de voluntariado internacional:<\/strong><\/p>\n\n\n\n<p><span class=\"post-content__span\"> &nbsp;Entre mayo y octubre de 2026 dependiendo del proyecto seleccionado.<\/p>\n\n\n\n<p><span class=\"post-content__span\"> <strong>Entrega de las evidencias fotogr\u00e1ficas, video y retroalimentaci\u00f3n para poder obtener el certificado de participaci\u00f3n:<\/strong><\/p>\n\n\n\n<p><span class=\"post-content__span\"> &nbsp;En un plazo no mayor a 20 d\u00edas h\u00e1biles a partir de su regreso.<\/p>\n\n\n\n<p><span class=\"post-content__span\"> Durante su estancia en el extranjero deber\u00e1 generar evidencia fotogr\u00e1fica y de video (tomado en forma horizontal) que muestre las actividades contenidas en el programa del voluntariado realizado. Deber\u00e1 entregar los archivos a la Unidad de Relaciones Nacionales e Internacionales para fines de comprobaci\u00f3n y difusi\u00f3n en un plazo no mayor a 10 d\u00edas h\u00e1biles a partir de su regreso.<\/p>\n\n\n\n<p><span class=\"post-content__span\"> <\/p>\n\n\n\n<h2 class=\"wp-block-heading has-white-color has-text-color has-background has-link-color has-small-font-size wp-elements-e6ff909758975ec24be8323ed8324afe\" style=\"background-color:#f08018\"><\/h2>\n\n\n\n<p><span class=\"post-content__span\"> <\/p>\n\n\n\n<figure class=\"wp-block-embed is-type-video is-provider-youtube wp-block-embed-youtube wp-embed-aspect-9-16 wp-has-aspect-ratio\"><div class=\"wp-block-embed__wrapper\">\n<iframe loading=\"lazy\" title=\"Convocatoria MIVI 2026 \u2013 Movilidad Internacional de Voluntariados Interculturales\" width=\"422\" height=\"750\" src=\"https:\/\/www.youtube.com\/embed\/wmJKuO1LfSY?feature=oembed\" frameborder=\"0\" allow=\"accelerometer; autoplay; clipboard-write; encrypted-media; gyroscope; picture-in-picture; web-share\" referrerpolicy=\"strict-origin-when-cross-origin\" allowfullscreen><\/iframe>\n<\/div><\/figure>\n\n\n\n<h2 class=\"wp-block-heading has-white-color has-text-color has-background has-link-color has-medium-font-size wp-elements-3c2e99b9328c1cd40150970fdbb19df3\" style=\"background-color:#f08018\">M\u00e1s Informaci\u00f3n<\/h2>\n\n\n\n<p><span class=\"post-content__span\"> <strong>Angeline Dahab Ahcar Vanegas<\/strong><\/p>\n\n\n\n<p><span class=\"post-content__span\"> Vicerrector\u00eda de Investigaciones, Innovaci\u00f3n y Extensi\u00f3n<\/p>\n\n\n\n<p><span class=\"post-content__span\"> Extensi\u00f3n: 7789<\/p>\n\n\n\n<p><span class=\"post-content__span\"> Email:&nbsp;<a href=\"mailto:investigaciones@utp.edu.co\">investigaciones@utp.edu.co<\/a> <\/p>\n\n\n\n<div style=\"height:32px\" aria-hidden=\"true\" class=\"wp-block-spacer\"><\/div>\n\n\n\n<hr class=\"wp-block-separator has-alpha-channel-opacity\"\/>\n\n\n\n<div style=\"height:43px\" aria-hidden=\"true\" class=\"wp-block-spacer\"><\/div>\n\n\n\n<ul class=\"wp-block-social-links is-content-justification-center is-layout-flex wp-container-core-social-links-is-layout-16018d1d wp-block-social-links-is-layout-flex\"><li class=\"wp-social-link wp-social-link-instagram  wp-block-social-link\"><a href=\"https:\/\/www.instagram.com\/investigacionesutp?igsh=bnc1a29vZjkyaGVo\" class=\"wp-block-social-link-anchor\"><svg width=\"24\" height=\"24\" viewBox=\"0 0 24 24\" version=\"1.1\" xmlns=\"http:\/\/www.w3.org\/2000\/svg\" aria-hidden=\"true\" focusable=\"false\"><path d=\"M12,4.622c2.403,0,2.688,0.009,3.637,0.052c0.877,0.04,1.354,0.187,1.671,0.31c0.42,0.163,0.72,0.358,1.035,0.673 c0.315,0.315,0.51,0.615,0.673,1.035c0.123,0.317,0.27,0.794,0.31,1.671c0.043,0.949,0.052,1.234,0.052,3.637 s-0.009,2.688-0.052,3.637c-0.04,0.877-0.187,1.354-0.31,1.671c-0.163,0.42-0.358,0.72-0.673,1.035 c-0.315,0.315-0.615,0.51-1.035,0.673c-0.317,0.123-0.794,0.27-1.671,0.31c-0.949,0.043-1.233,0.052-3.637,0.052 s-2.688-0.009-3.637-0.052c-0.877-0.04-1.354-0.187-1.671-0.31c-0.42-0.163-0.72-0.358-1.035-0.673 c-0.315-0.315-0.51-0.615-0.673-1.035c-0.123-0.317-0.27-0.794-0.31-1.671C4.631,14.688,4.622,14.403,4.622,12 s0.009-2.688,0.052-3.637c0.04-0.877,0.187-1.354,0.31-1.671c0.163-0.42,0.358-0.72,0.673-1.035 c0.315-0.315,0.615-0.51,1.035-0.673c0.317-0.123,0.794-0.27,1.671-0.31C9.312,4.631,9.597,4.622,12,4.622 M12,3 C9.556,3,9.249,3.01,8.289,3.054C7.331,3.098,6.677,3.25,6.105,3.472C5.513,3.702,5.011,4.01,4.511,4.511 c-0.5,0.5-0.808,1.002-1.038,1.594C3.25,6.677,3.098,7.331,3.054,8.289C3.01,9.249,3,9.556,3,12c0,2.444,0.01,2.751,0.054,3.711 c0.044,0.958,0.196,1.612,0.418,2.185c0.23,0.592,0.538,1.094,1.038,1.594c0.5,0.5,1.002,0.808,1.594,1.038 c0.572,0.222,1.227,0.375,2.185,0.418C9.249,20.99,9.556,21,12,21s2.751-0.01,3.711-0.054c0.958-0.044,1.612-0.196,2.185-0.418 c0.592-0.23,1.094-0.538,1.594-1.038c0.5-0.5,0.808-1.002,1.038-1.594c0.222-0.572,0.375-1.227,0.418-2.185 C20.99,14.751,21,14.444,21,12s-0.01-2.751-0.054-3.711c-0.044-0.958-0.196-1.612-0.418-2.185c-0.23-0.592-0.538-1.094-1.038-1.594 c-0.5-0.5-1.002-0.808-1.594-1.038c-0.572-0.222-1.227-0.375-2.185-0.418C14.751,3.01,14.444,3,12,3L12,3z M12,7.378 c-2.552,0-4.622,2.069-4.622,4.622S9.448,16.622,12,16.622s4.622-2.069,4.622-4.622S14.552,7.378,12,7.378z M12,15 c-1.657,0-3-1.343-3-3s1.343-3,3-3s3,1.343,3,3S13.657,15,12,15z M16.804,6.116c-0.596,0-1.08,0.484-1.08,1.08 s0.484,1.08,1.08,1.08c0.596,0,1.08-0.484,1.08-1.08S17.401,6.116,16.804,6.116z\"><\/path><\/svg><span class=\"wp-block-social-link-label screen-reader-text\">Instagram<\/span><\/a><\/li>\n\n<li class=\"wp-social-link wp-social-link-facebook  wp-block-social-link\"><a href=\"https:\/\/www.facebook.com\/ViceInvestigacionesUTP\" class=\"wp-block-social-link-anchor\"><svg width=\"24\" height=\"24\" viewBox=\"0 0 24 24\" version=\"1.1\" xmlns=\"http:\/\/www.w3.org\/2000\/svg\" aria-hidden=\"true\" focusable=\"false\"><path d=\"M12 2C6.5 2 2 6.5 2 12c0 5 3.7 9.1 8.4 9.9v-7H7.9V12h2.5V9.8c0-2.5 1.5-3.9 3.8-3.9 1.1 0 2.2.2 2.2.2v2.5h-1.3c-1.2 0-1.6.8-1.6 1.6V12h2.8l-.4 2.9h-2.3v7C18.3 21.1 22 17 22 12c0-5.5-4.5-10-10-10z\"><\/path><\/svg><span class=\"wp-block-social-link-label screen-reader-text\">Facebook<\/span><\/a><\/li>\n\n<li class=\"wp-social-link wp-social-link-youtube  wp-block-social-link\"><a href=\"https:\/\/www.youtube.com\/@VIIE-UTP\" class=\"wp-block-social-link-anchor\"><svg width=\"24\" height=\"24\" viewBox=\"0 0 24 24\" version=\"1.1\" xmlns=\"http:\/\/www.w3.org\/2000\/svg\" aria-hidden=\"true\" focusable=\"false\"><path d=\"M21.8,8.001c0,0-0.195-1.378-0.795-1.985c-0.76-0.797-1.613-0.801-2.004-0.847c-2.799-0.202-6.997-0.202-6.997-0.202 h-0.009c0,0-4.198,0-6.997,0.202C4.608,5.216,3.756,5.22,2.995,6.016C2.395,6.623,2.2,8.001,2.2,8.001S2,9.62,2,11.238v1.517 c0,1.618,0.2,3.237,0.2,3.237s0.195,1.378,0.795,1.985c0.761,0.797,1.76,0.771,2.205,0.855c1.6,0.153,6.8,0.201,6.8,0.201 s4.203-0.006,7.001-0.209c0.391-0.047,1.243-0.051,2.004-0.847c0.6-0.607,0.795-1.985,0.795-1.985s0.2-1.618,0.2-3.237v-1.517 C22,9.62,21.8,8.001,21.8,8.001z M9.935,14.594l-0.001-5.62l5.404,2.82L9.935,14.594z\"><\/path><\/svg><span class=\"wp-block-social-link-label screen-reader-text\">YouTube<\/span><\/a><\/li>\n\n<li class=\"wp-social-link wp-social-link-mail  wp-block-social-link\"><a href=\"mailto:&#105;&#110;&#118;&#101;&#115;&#116;&#105;&#103;a&#099;&#105;&#111;nes&#064;&#117;&#116;p&#046;e&#100;&#117;&#046;&#099;o\" class=\"wp-block-social-link-anchor\"><svg width=\"24\" height=\"24\" viewBox=\"0 0 24 24\" version=\"1.1\" xmlns=\"http:\/\/www.w3.org\/2000\/svg\" aria-hidden=\"true\" focusable=\"false\"><path d=\"M19,5H5c-1.1,0-2,.9-2,2v10c0,1.1.9,2,2,2h14c1.1,0,2-.9,2-2V7c0-1.1-.9-2-2-2zm.5,12c0,.3-.2.5-.5.5H5c-.3,0-.5-.2-.5-.5V9.8l7.5,5.6,7.5-5.6V17zm0-9.1L12,13.6,4.5,7.9V7c0-.3.2-.5.5-.5h14c.3,0,.5.2.5.5v.9z\"><\/path><\/svg><span class=\"wp-block-social-link-label screen-reader-text\">Correo electr\u00f3nico<\/span><\/a><\/li><\/ul>\n\n\n\n<p><span class=\"post-content__span\"> <\/p>\n","protected":false},"excerpt":{"rendered":"<p>\u00bfTe gustar\u00eda vivir una experiencia internacional, aportar a proyectos sociales o ambientales y al mismo tiempo fortalecer tus competencias globales?<\/p>\n","protected":false},"author":12,"featured_media":21749,"comment_status":"closed","ping_status":"","sticky":false,"template":"","format":"standard","meta":{"footnotes":""},"categories":[1],"tags":[],"class_list":["post-21503","post","type-post","status-publish","format-standard","has-post-thumbnail","hentry","category-sin-categoria"],"_links":{"self":[{"href":"https:\/\/vicerrectorias.utp.edu.co\/viie\/wp-json\/wp\/v2\/posts\/21503","targetHints":{"allow":["GET"]}}],"collection":[{"href":"https:\/\/vicerrectorias.utp.edu.co\/viie\/wp-json\/wp\/v2\/posts"}],"about":[{"href":"https:\/\/vicerrectorias.utp.edu.co\/viie\/wp-json\/wp\/v2\/types\/post"}],"author":[{"embeddable":true,"href":"https:\/\/vicerrectorias.utp.edu.co\/viie\/wp-json\/wp\/v2\/users\/12"}],"replies":[{"embeddable":true,"href":"https:\/\/vicerrectorias.utp.edu.co\/viie\/wp-json\/wp\/v2\/comments?post=21503"}],"version-history":[{"count":54,"href":"https:\/\/vicerrectorias.utp.edu.co\/viie\/wp-json\/wp\/v2\/posts\/21503\/revisions"}],"predecessor-version":[{"id":22278,"href":"https:\/\/vicerrectorias.utp.edu.co\/viie\/wp-json\/wp\/v2\/posts\/21503\/revisions\/22278"}],"wp:featuredmedia":[{"embeddable":true,"href":"https:\/\/vicerrectorias.utp.edu.co\/viie\/wp-json\/wp\/v2\/media\/21749"}],"wp:attachment":[{"href":"https:\/\/vicerrectorias.utp.edu.co\/viie\/wp-json\/wp\/v2\/media?parent=21503"}],"wp:term":[{"taxonomy":"category","embeddable":true,"href":"https:\/\/vicerrectorias.utp.edu.co\/viie\/wp-json\/wp\/v2\/categories?post=21503"},{"taxonomy":"post_tag","embeddable":true,"href":"https:\/\/vicerrectorias.utp.edu.co\/viie\/wp-json\/wp\/v2\/tags?post=21503"}],"curies":[{"name":"wp","href":"https:\/\/api.w.org\/{rel}","templated":true}]}}