{"id":205,"date":"2014-12-17T14:26:10","date_gmt":"2023-12-01T14:53:00","guid":{"rendered":""},"modified":"2023-07-11T19:31:09","modified_gmt":"2023-12-01T14:53:00","slug":"fundacion-carolina-abre-convocatoria-2015-2016","status":"publish","type":"post","link":"https:\/\/vicerrectorias.utp.edu.co\/viie\/fundacion-carolina-abre-convocatoria-2015-2016\/","title":{"rendered":"Fundaci\u00f3n Carolina abre convocatoria 2015-2016"},"content":{"rendered":"\n<figure class=\"wp-block-image\"><img decoding=\"async\" src=\"https:\/\/vicerrectorias.utp.edu.co\/viie\/wp-content\/uploads\/sites\/3\/Convocatoria%202015-2016.png\" alt=\"\"\/><\/figure>\n\n\n\n<p><span class=\"post-content__span\"> La Fundaci\u00f3n Carolina ha abierto una nueva edici\u00f3n de su convocatoria de becas, correspondiente al curso acad\u00e9mico 2015-2016.<\/p>\n\n\n\n<p><span class=\"post-content__span\"> En esta 15\u00aa edici\u00f3n se ofertan&nbsp;540 becas: 323 becas de postgrado, 93 de doctorado y estancias cortas postdoctorales, 29 de movilidad de profesores brasile\u00f1os, 50 becas de la Escuela Complutense de Verano, 15 becas del Programa de Emprendimiento y 30 de Estudios institucionales.<br>\n&nbsp;<br>\nLa convocatoria cubre la totalidad de las \u00e1reas de conocimiento y est\u00e1 dirigida en exclusiva a licenciados universitarios, profesores, investigadores, artistas y profesionales procedentes de todos los pa\u00edses latinoamericanos integrantes de la Comunidad Iberoamericana de Naciones y Portugal para que completen su formaci\u00f3n en universidades y centros de estudio espa\u00f1oles.<br>\n&nbsp;<br>\nAsimismo, dando alcance a la ejecuci\u00f3n del Convenio firmado entre la Fundaci\u00f3n Carolina Colombia y Ecopetrol, en esta convocatoria Ecopetrol cofinanciar\u00e1 14 becas en los siguientes programas:<\/p>\n\n\n\n<ul class=\"wp-block-list\"><li>M\u00e1ster en investigaci\u00f3n sobre la ense\u00f1anza y&nbsp;aprendizaje de las ciencias experimentales, sociales y matem\u00e1ticas<\/li><li>M\u00e1ster universitario en estrategias y tecnolog\u00edas para el desarrollo: la cooperaci\u00f3n en un mundo en cambio<\/li><li>M\u00e1ster oficial en tecnolog\u00edas avanzadas para el desarrollo agroforestal<\/li><li>M\u00e1ster en desarrollo rural<\/li><li>MBA en direcci\u00f3n e internacionalizaci\u00f3n de la empresa familiar y desarrollo de la capacidad emprendedora<\/li><li>M\u00e1ster universitario en energ\u00edas renovables<\/li><\/ul>\n\n\n\n<p><span class=\"post-content__span\"> Los&nbsp;plazos de solicitud&nbsp;para optar a las distintas modalidades de beca responden a las siguientes fechas: la convocatoria para las becas de la Escuela Complutense de Verano permanecer\u00e1 abierta hasta el 10 de febrero, las de postgrado y estudios institucionales hasta el 4 de marzo y las de doctorado, estancias cortas y movilidad de profesores brasile\u00f1os hasta el 9 de abril. Los candidatos pueden encontrar toda la informaci\u00f3n referente a las becas en la web&nbsp;<a rel=\"nofollow noopener noreferrer\" href=\"http:\/\/www.fundacioncarolina.es\/\" target=\"_blank\">www.fundacioncarolina.es<\/a>&nbsp;&nbsp;desde donde se tramitan las solicitudes.&nbsp;<\/p>\n\n\n\n<p><span class=\"post-content__span\"> Observe&nbsp;un video con los pasos para postularse a una beca de la Fundaci\u00f3n Carolina<object width=\"640\" height=\"360\"><param name=\"movie\" value=\"\/\/www.youtube.com\/v\/n463hiQ6R2o?hl=pt_BR&amp;version=3\"><param name=\"allowFullScreen\" value=\"true\"><param name=\"allowscriptaccess\" value=\"always\"><embed allowscriptaccess=\"always\" src=\"\/\/www.youtube.com\/v\/n463hiQ6R2o?hl=pt_BR&amp;version=3\" type=\"application\/x-shockwave-flash\" width=\"640\" height=\"360\"><\/object><\/p>\n\n\n\n<p><span class=\"post-content__span\"> <span>&nbsp;<strong>Las modalidades de becas del Programa de Formaci\u00f3n de la Fundaci\u00f3n Carolina<\/strong><br>\n&nbsp;<\/span><br>\n<strong><span>Becas de postgrado.&nbsp;<\/span><\/strong><span>Est\u00e1n dirigidas a graduados nacionales de un pa\u00eds miembro de la<br>\nComunidad Iberoamericana de Naciones, con capacidad acad\u00e9mica o profesional avalada por un curr\u00edculum sobresaliente. El programa ofrece dos modalidades: becas y ayudas al estudio.<br>\n&nbsp;<\/span><br>\n<strong><span>Becas de doctorado y estancias cortas postdoctorales<\/span><\/strong><strong><span>.&nbsp;<\/span><\/strong><span>Las becas de doctorado tienen como objetivo facilitar a profesores procedentes de universidades de Iberoam\u00e9rica la obtenci\u00f3n del grado de doctor en centros acad\u00e9micos espa\u00f1oles y propician la creaci\u00f3n de redes de colaboraci\u00f3n entre instituciones universitarias de ambos lados del Atl\u00e1ntico. Las becas de estancias cortas postdoctorales tienen como objetivo completar la formaci\u00f3n postdoctoral de profesores de centros universitarios de Iberoam\u00e9rica en universidades o en centros de investigaci\u00f3n espa\u00f1oles.<\/span><\/p>\n\n\n\n<p><span class=\"post-content__span\"> <strong><span>Becas de movilidad de profesores brasile\u00f1os.&nbsp;<\/span><\/strong><span>Permiten una estancia corta de investigaci\u00f3n en Espa\u00f1a a profesores o t\u00e9cnicos superiores de universidades, as\u00ed como a<br>\ninvestigadores de organismos p\u00fablicos de investigaci\u00f3n de Brasil.<br>\n&nbsp;<\/span><br>\n<strong><span>Becas Escuela Complutense de Verano<\/span><\/strong><span>.<\/span><span>&nbsp;Est\u00e1n orientadas a profesionales y licenciados<br>\nnacionales de un pa\u00eds miembro de la Comunidad Iberoamericana de Naciones, que durante un breve periodo de tiempo quieran desplazarse a Espa\u00f1a para intercambiar conocimientos acad\u00e9micos y profesionales y para imbuirse de forma monogr\u00e1fica en temas novedosos o punteros en sus diferentes \u00e1mbitos de inter\u00e9s.<br>\n&nbsp;<\/span><br>\n<strong><span>Becas de Emprendimiento.&nbsp;<\/span><\/strong><span>Tras la excelente acogida de esta modalidad abierta la pasada edici\u00f3n, vuelve a convocarse esta modalidad de becas de Proyectos de Emprendimiento. En ellas los estudiantes complementan su formaci\u00f3n con un periodo de pr\u00e1cticas en&nbsp;<em>startups&nbsp;<\/em>y empresas de alto componente tecnol\u00f3gico, con el fin de que ganen experiencia laboral y adquieran un aprendizaje efectivo sobre el funcionamiento de las econom\u00edas del conocimiento.<br>\n&nbsp;<\/span><br>\n<strong><span>Estudios institucionales.&nbsp;<\/span><\/strong><span>Como novedad acad\u00e9mica para el curso 2015-2016 se convoca esta nueva modalidad de becas de Estudios institucionales que los beneficiarios cursar\u00e1n en el Centro Superior de Estudios de Defensa Nacional (CESEDEN)<\/span><\/p>\n","protected":false},"excerpt":{"rendered":"<p>La Fundaci\u00f3n Carolina ha abierto una nueva edici\u00f3n de su convocatoria de becas, correspondiente al curso acad\u00e9mico 2015-2016. En esta 15\u00aa edici\u00f3n se ofertan&nbsp;540 becas: 323 becas de postgrado, 93 [&#8230;]<\/p>\n","protected":false},"author":0,"featured_media":10056,"comment_status":"closed","ping_status":"closed","sticky":false,"template":"","format":"standard","meta":{"footnotes":""},"categories":[2],"tags":[],"class_list":["post-205","post","type-post","status-publish","format-standard","has-post-thumbnail","hentry","category-noticias"],"_links":{"self":[{"href":"https:\/\/vicerrectorias.utp.edu.co\/viie\/wp-json\/wp\/v2\/posts\/205","targetHints":{"allow":["GET"]}}],"collection":[{"href":"https:\/\/vicerrectorias.utp.edu.co\/viie\/wp-json\/wp\/v2\/posts"}],"about":[{"href":"https:\/\/vicerrectorias.utp.edu.co\/viie\/wp-json\/wp\/v2\/types\/post"}],"replies":[{"embeddable":true,"href":"https:\/\/vicerrectorias.utp.edu.co\/viie\/wp-json\/wp\/v2\/comments?post=205"}],"version-history":[{"count":1,"href":"https:\/\/vicerrectorias.utp.edu.co\/viie\/wp-json\/wp\/v2\/posts\/205\/revisions"}],"predecessor-version":[{"id":6329,"href":"https:\/\/vicerrectorias.utp.edu.co\/viie\/wp-json\/wp\/v2\/posts\/205\/revisions\/6329"}],"wp:featuredmedia":[{"embeddable":true,"href":"https:\/\/vicerrectorias.utp.edu.co\/viie\/wp-json\/wp\/v2\/media\/10056"}],"wp:attachment":[{"href":"https:\/\/vicerrectorias.utp.edu.co\/viie\/wp-json\/wp\/v2\/media?parent=205"}],"wp:term":[{"taxonomy":"category","embeddable":true,"href":"https:\/\/vicerrectorias.utp.edu.co\/viie\/wp-json\/wp\/v2\/categories?post=205"},{"taxonomy":"post_tag","embeddable":true,"href":"https:\/\/vicerrectorias.utp.edu.co\/viie\/wp-json\/wp\/v2\/tags?post=205"}],"curies":[{"name":"wp","href":"https:\/\/api.w.org\/{rel}","templated":true}]}}