{"id":19168,"date":"2025-05-22T20:53:22","date_gmt":"2025-05-22T18:53:22","guid":{"rendered":"https:\/\/vicerrectorias.utp.edu.co\/viie\/?p=19168"},"modified":"2025-05-22T20:56:01","modified_gmt":"2025-05-22T18:56:01","slug":"convocatoria-967-de-2025-jovenes-investigadores-e-innovadores-para-fortalecer-el-conocimiento-de-fuentes-de-energia-para-la-transicion-energetica-en-colombia-prospectiva-de-gas-y-almacenamiento-geol","status":"publish","type":"post","link":"https:\/\/vicerrectorias.utp.edu.co\/viie\/convocatoria-967-de-2025-jovenes-investigadores-e-innovadores-para-fortalecer-el-conocimiento-de-fuentes-de-energia-para-la-transicion-energetica-en-colombia-prospectiva-de-gas-y-almacenamiento-geol\/","title":{"rendered":"CONVOCATORIA 967 DE 2025. J\u00d3VENES INVESTIGADORES E INNOVADORES PARA FORTALECER EL CONOCIMIENTO DE FUENTES DE ENERG\u00cdA PARA LA TRANSICI\u00d3N ENERG\u00c9TICA EN COLOMBIA: PROSPECTIVA DE GAS Y ALMACENAMIENTO GEOL\u00d3GICO DE CO2."},"content":{"rendered":"<div class=\"wp-block-image\">\n<figure class=\"aligncenter size-large\"><img loading=\"lazy\" decoding=\"async\" width=\"819\" height=\"1024\" src=\"https:\/\/vicerrectorias.utp.edu.co\/viie\/wp-content\/uploads\/sites\/3\/Conv-967-2025-819x1024.jpg\" alt=\"\" class=\"wp-image-19169\" srcset=\"https:\/\/vicerrectorias.utp.edu.co\/viie\/wp-content\/uploads\/sites\/3\/Conv-967-2025-819x1024.jpg 819w, https:\/\/vicerrectorias.utp.edu.co\/viie\/wp-content\/uploads\/sites\/3\/Conv-967-2025-240x300.jpg 240w, https:\/\/vicerrectorias.utp.edu.co\/viie\/wp-content\/uploads\/sites\/3\/Conv-967-2025-768x960.jpg 768w, https:\/\/vicerrectorias.utp.edu.co\/viie\/wp-content\/uploads\/sites\/3\/Conv-967-2025-1229x1536.jpg 1229w, https:\/\/vicerrectorias.utp.edu.co\/viie\/wp-content\/uploads\/sites\/3\/Conv-967-2025.jpg 1638w\" sizes=\"auto, (max-width: 819px) 100vw, 819px\" \/><\/figure>\n<\/div>\n\n\n<p><span class=\"post-content__span\"> <\/p>\n\n\n\n<ul class=\"wp-block-list\">\n<li><strong>FECHA M\u00c1XIMA AVAL INSTITUCIONAL:&nbsp;<\/strong>Martes 8 de julio de 2025<\/li>\n\n\n\n<li><strong>PROCEDIMIENTO SOLICITUD DE AVAL INSTITUCIONAL:&nbsp;<\/strong><a href=\"https:\/\/vicerrectorias.utp.edu.co\/viie\/sin-categoria\/solicitud-aval-institucional-para-la-participacion-en-convocatorias-externas-de-investigacion\/\">\u200b<strong>VER<\/strong><\/a><\/li>\n\n\n\n<li><strong>INSCRIPCI\u00d3N\u00a0PLATAFORMA\u00a0SIGP:<\/strong>\u00a0<a href=\"https:\/\/plataformasigp.minciencias.gov.co:7003\/FormularioProyectos\/faces\/proyecto\/crear.xhtml?faces-redirect=true\"><strong>VER<\/strong><\/a> <\/li>\n<\/ul>\n\n\n\n<p><span class=\"post-content__span\"> Las solicitudes de aval se recibir\u00e1n a trav\u00e9s del correo electr\u00f3nico&nbsp;<a href=\"mailto:investigaciones@utp.edu.co\" target=\"_blank\" rel=\"noreferrer noopener\"><strong>investigaciones@utp.edu.co<\/strong><\/a><strong>&nbsp;<\/strong>remitiendo reporte del&nbsp;<strong>formulario SIGP<\/strong>,&nbsp;<strong>carta unificada de aval y compromiso institucional, completamente diligenciada&nbsp;<\/strong>(<strong><a href=\"https:\/\/www.minciencias.gov.co\/sites\/default\/files\/upload\/convocatoria\/anexo_no._1_carta_unificada_de_aval_y_compromiso_institucional_-_editable.docx\" data-type=\"link\" data-id=\"https:\/\/www.minciencias.gov.co\/sites\/default\/files\/upload\/convocatoria\/anexo_no._1_carta_unificada_de_aval_y_compromiso_institucional_-_editable.docx\">Ver Anexo 1<\/a><\/strong>), acompa\u00f1ada de los anexos requeridos por la convocatoria,<\/p>\n\n\n\n<p><span class=\"post-content__span\"> Si la propuesta requiere aval del Comit\u00e9 de \u00c9tica, deber\u00e1 realizar la solicitud hasta el&nbsp;<strong>jueves 5 de junio de 2025<\/strong>, de acuerdo al procedimiento establecido que se puede consultar en el siguiente enlace (<a href=\"https:\/\/vicerrectorias.utp.edu.co\/viie\/comite-de-bioetica\/\"><strong>VER<\/strong><\/a>)&nbsp;<\/p>\n\n\n\n<p><span class=\"post-content__span\"> Es importante tener en cuenta las siguientes consideraciones para&nbsp;<strong>soportar la contrapartida<\/strong>&nbsp;de la Universidad Tecnol\u00f3gica de Pereira<\/p>\n\n\n\n<ul class=\"wp-block-list\">\n<li>Tiempo de dedicaci\u00f3n de docentes de planta y \/o transitorios con una participaci\u00f3n m\u00e1xima de&nbsp;<strong>13 horas a la semana<\/strong>. El valor de la hora indicado por docente debe corresponder al salario base devengado, sin contemplar bonificaciones, asistencias t\u00e9cnicas, est\u00edmulos, extras, etc.&nbsp;<\/li>\n\n\n\n<li>En el caso de los&nbsp;<strong>docentes transitorios<\/strong>&nbsp;que se establecen como contrapartida en especie, es necesario adjuntar una carta del Decano y\/o jefe inmediato donde se establezca que las actividades que desarrollaran en el proyecto est\u00e1n impl\u00edcitas&nbsp;en sus funciones lo que no le constituir\u00e1 una contrataci\u00f3n o pago adicional a la Universidad, ni disminuci\u00f3n de docencia directa.<\/li>\n\n\n\n<li>Para validar el valor de la hora pueden remitir la solicitud al correo electr\u00f3nico&nbsp;<strong><a href=\"mailto:investigaciones@utp.edu.co\" target=\"_blank\" rel=\"noreferrer noopener\">investigaciones@utp.edu.co<\/a><\/strong>&nbsp;indicando nombre completo y n\u00famero de c\u00e9dula del docente de planta \u00f3 transitorio.&nbsp;<\/li>\n\n\n\n<li>Se contempla como aporte en especie el uso de los equipos, dicho aporte corresponde a la depreciaci\u00f3n de cada elemento, se estima el 10% anual del valor comercial de los equipos (El valor comercial puede comprobarse en el registro de inventario), adicionalmente cada equipo relacionado debe aparecer en el inventario de alguno de los docentes participantes en el proyecto, lo anterior teniendo en cuenta que toda contrapartida debe ser certificable y demostrable. (Ver anexo:&nbsp;<strong><a href=\"https:\/\/vicerrectorias.utp.edu.co\/viie\/wp-content\/uploads\/sites\/3\/Modelo-Contrapartida-equipos.xlsx\">Modelo contrapartida de equipos<\/a><\/strong>)&nbsp;<\/li>\n\n\n\n<li>El uso de espacios e infraestructura de la Universidad puede cuantificarse como aporte, en este caso debe realizar la solicitud de valoraci\u00f3n a la Oficina de Planeaci\u00f3n quien a trav\u00e9s de una certificaci\u00f3n indica el costo del uso del espacio. La solicitud debe remitirse al Ing. Juli\u00e1n C\u00e1rdenas (<strong><a href=\"mailto:j.cardenas1@utp.edu.co\" target=\"_blank\" rel=\"noreferrer noopener\">j.cardenas1@utp.edu.co<\/a><\/strong>) a m\u00e1s&nbsp;<strong>tardar el 13 de junio&nbsp;<\/strong>(Ver anexo:&nbsp;<strong><a href=\"https:\/\/vicerrectorias.utp.edu.co\/viie\/wp-content\/uploads\/sites\/3\/Modelo-Certificacion-uso-de-espacios.docx\">Modelo certificaci\u00f3n uso de espacios<\/a><\/strong>)&nbsp;<\/li>\n<\/ul>\n\n\n\n<h2 class=\"wp-block-heading\">Objetivo General:<\/h2>\n\n\n\n<p><span class=\"post-content__span\"> Fomentar la vocaci\u00f3n cient\u00edfica de j\u00f3venes colombianos mediante la conformaci\u00f3n de un listado de propuestas elegibles que vinculen j\u00f3venes investigadores e innovadores para la generaci\u00f3n de conocimiento cient\u00edfico, desarrollo tecnol\u00f3gico o innovaci\u00f3n que contribuyan a fortalecer el conocimiento de fuentes de energ\u00eda para la transici\u00f3n energ\u00e9tica en Colombia.<\/p>\n\n\n\n<h2 class=\"wp-block-heading\">Dirigida a:<\/h2>\n\n\n\n<p><span class=\"post-content__span\"> Entidades del Sistema Nacional de Ciencia, Tecnolog\u00eda e Innovaci\u00f3n (SNCTI), que vinculen j\u00f3venes investigadores e innovadores a una propuesta de investigaci\u00f3n, desarrollo tecnol\u00f3gico y\/o innovaci\u00f3n en el \u00e1rea de geociencias y ciencias de la tierra, as\u00ed como en ingenier\u00eda de petr\u00f3leos, cuyas disciplinas est\u00e9n directamente relacionadas con la generaci\u00f3n de conocimiento geocient\u00edfico sobre el subsuelo colombiano y los recursos hidrocarbur\u00edferos, y que aporten al desarrollo de la pol\u00edtica orientada por misiones \u201cTransici\u00f3n Energ\u00e9tica\u201d.<\/p>\n\n\n\n<h2 class=\"wp-block-heading\">L\u00edneas Tem\u00e1ticas<\/h2>\n\n\n\n<p><span class=\"post-content__span\"> Las propuestas de investigaci\u00f3n, desarrollo tecnol\u00f3gico y\/o innovaci\u00f3n en el sector de hidrocarburos en Colombia, que se postulen a la presente convocatoria deber\u00e1n estar relacionados con alguna de las cuencas definidas por el mapa de tierras de la Agencia Nacional de Hidrocarburos, establecidas en el convenio especial de cooperaci\u00f3n No. 751\/638 de 2021.<\/p>\n\n\n\n<p><span class=\"post-content__span\"> En este sentido, las propuestas de investigaci\u00f3n, desarrollo tecnol\u00f3gico y\/o innovaci\u00f3n que se presenten a esta convocatoria deber\u00e1n alinearse con alguna de las siguientes l\u00edneas tem\u00e1ticas:<\/p>\n\n\n\n<p><span class=\"post-content__span\"> 1. Caracterizaci\u00f3n geol\u00f3gica y\/o evaluaci\u00f3n de oportunidades exploratorias y\/o de yacimientos de hidrocarburos, especialmente de gas, en cuencas colombianas.<br><br>2. Uso de nuevas tecnolog\u00edas para el desarrollo de proyectos de exploraci\u00f3n y desarrollo de hidrocarburos tales como la ciencia de datos, inteligencia artificial y\/o Machine Learning.<br><br>3. Investigaci\u00f3n, caracterizaci\u00f3n y evaluaci\u00f3n de los procesos de captura, uso y almacenamiento geol\u00f3gico eficiente de CO2 \u2013 CCUS.<br><br>4. Investigaci\u00f3n en \u00e1reas de las geociencias y afines, cuyos productos incorporen nuevos paradigmas, investigaci\u00f3n de punta y propuestas novedosas que contribuyan al aumento del factor de recobro en hidrocarburos<\/p>\n\n\n\n<h2 class=\"wp-block-heading\">Requisitos (<strong><a href=\"https:\/\/www.minciencias.gov.co\/sites\/default\/files\/upload\/convocatoria\/terminos_de_referencia_convocatoria_967_de_2025.pdf\" data-type=\"link\" data-id=\"https:\/\/www.minciencias.gov.co\/sites\/default\/files\/upload\/convocatoria\/terminos_de_referencia_convocatoria_967_de_2025.pdf\">Ver t\u00e9rminos de referencia<\/a><\/strong>)<\/h2>\n\n\n\n<h2 class=\"wp-block-heading\">Cronograma<\/h2>\n\n\n\n<figure class=\"wp-block-table\"><table><thead><tr><th>ACTIVIDAD<\/th><th>FECHA L\u00cdMITE<\/th><\/tr><\/thead><tbody><tr><td>1. Apertura de la convocatoria<\/td><td>9 de mayo de 2025<\/td><\/tr><tr><td>2. Cierre de la convocatoria<\/td><td>15 de julio de 2025<br>hasta las 4:00 pm hora colombiana<\/td><\/tr><tr><td>3. Periodo de revisi\u00f3n de requisitos<\/td><td>Del 16 al 22 de julio de 2025<\/td><\/tr><tr><td>4. Per\u00edodo de subsanaci\u00f3n de requisitos<\/td><td>Del 23 al 25 de julio de 2025<\/td><\/tr><tr><td>5. Publicaci\u00f3n del listado preliminar de propuestas elegibles<\/td><td>16 de septiembre de 2025<\/td><\/tr><tr><td>6. Per\u00edodo de solicitud de aclaraciones del listado preliminar de propuestas elegibles<\/td><td>Del 17 al 19 de septiembre de 2025<\/td><\/tr><tr><td>7. Respuesta a solicitud de aclaraciones del listado preliminar de propuestas elegibles<\/td><td>Del 22 al 30 de septiembre de 2025<\/td><\/tr><tr><td>8. Publicaci\u00f3n del listado definitivo de propuestas elegibles y financiables<\/td><td>16 de octubre de 2025<\/td><\/tr><\/tbody><\/table><\/figure>\n\n\n\n<h2 class=\"wp-block-heading\">Notas:<\/h2>\n\n\n\n<ol class=\"wp-block-list\">\n<li>Las inscripciones o periodo de subsanaci\u00f3n que se presenten por fuera de las fechas y horas estipuladas se entender\u00e1n como extempor\u00e1neas y por lo tanto no ser\u00e1n tenidas en cuenta para continuar el proceso.<\/li>\n\n\n\n<li>Una vez cerrada la convocatoria, el Ministerio verificar\u00e1 que los documentos adjuntos por el proponente presentan la informaci\u00f3n requerida de forma consistente. El Ministerio reportar\u00e1 las inconsistencias en la informaci\u00f3n en el sistema, de modo tal que el proponente pueda ajustarlas a trav\u00e9s del aplicativo durante el per\u00edodo establecido en el Cronograma. No se notificar\u00e1 al proponente por medio diferente al aplicativo del SIGP sobre los documentos que deber\u00e1 ajustar.<\/li>\n\n\n\n<li>La etapa denominada \u201cper\u00edodo de subsanaci\u00f3n de requisitos\u201d no exime de responsabilidad a los interesados en esta convocatoria de la consulta permanente de la informaci\u00f3n a fin de entregar la propuesta completa. Los beneficios otorgados por el Ministerio para facilitar la presentaci\u00f3n de la propuesta no desplazan la responsabilidad de las aspirantes de consultar y adjuntar correctamente los documentos necesarios para ser habilitados, evaluados o seleccionados en esta convocatoria.<\/li>\n\n\n\n<li>En caso de que se presenten errores en el aplicativo durante el proceso de inscripci\u00f3n de la propuesta o del cargue de la documentaci\u00f3n soporte, y que por ello no pueda enviarse la postulaci\u00f3n de forma normal dentro del plazo establecido, se deber\u00e1 hacer captura de las pantallas con el mensaje de error junto con la fecha y hora en que se present\u00f3 el inconveniente que soporte el problema. As\u00ed mismo, se deber\u00e1n remitir todas las evidencias de la falla presentada antes de la fecha de cierre establecida en el cronograma, lo anterior exclusivamente a trav\u00e9s del formulario electr\u00f3nico que se encuentra disponible en el enlace https:\/\/www.minciencias.gov.co\/contact explicando en la comunicaci\u00f3n los inconvenientes ocurridos durante el env\u00edo. El Ministerio verificar\u00e1 el error reportado a trav\u00e9s de la Oficina de Tecnolog\u00edas y Sistemas de Informaci\u00f3n (OTSI).<\/li>\n\n\n\n<li>Cualquier actuaci\u00f3n por fuera de las fechas y horarios establecidos en esta secci\u00f3n se entender\u00e1 como extempor\u00e1nea y no ser\u00e1 tenida en cuenta. No se aceptar\u00e1n documentos por fuera de las fechas establecidas en el Cronograma de la convocatoria.<\/li>\n\n\n\n<li>El comit\u00e9 t\u00e9cnico del convenio especial de cooperaci\u00f3n No.751-638 de 2021 har\u00e1 la revisi\u00f3n del Listado Definitivo de Propuestas Elegibles y Financiables, previo a la fecha de publicaci\u00f3n del mismo, de acuerdo con lo establecido en el presente numeral.<\/li>\n<\/ol>\n\n\n\n<h2 class=\"wp-block-heading\"><strong>Documentos de la convocatoria<\/strong><\/h2>\n\n\n\n<ul class=\"wp-block-list\">\n<li><img decoding=\"async\" src=\"https:\/\/www.minciencias.gov.co\/modules\/file\/icons\/application-pdf.png\" alt=\"PDF\"><a href=\"https:\/\/www.minciencias.gov.co\/sites\/default\/files\/upload\/convocatoria\/resolucion_0288-2025_1.pdf\"><strong>Resoluci\u00f3n 0288-2025<\/strong><\/a><\/li>\n\n\n\n<li><img decoding=\"async\" src=\"https:\/\/www.minciencias.gov.co\/modules\/file\/icons\/application-pdf.png\" alt=\"PDF\"><a href=\"https:\/\/www.minciencias.gov.co\/sites\/default\/files\/upload\/convocatoria\/terminos_de_referencia_convocatoria_967_de_2025.pdf\"><strong>T\u00e9rminos de Referencia Convocatoria 967-2025<\/strong><\/a><\/li>\n\n\n\n<li><img decoding=\"async\" src=\"https:\/\/www.minciencias.gov.co\/modules\/file\/icons\/application-pdf.png\" alt=\"PDF\"><a href=\"https:\/\/www.minciencias.gov.co\/sites\/default\/files\/upload\/convocatoria\/anexo_no._1_carta_unificada_de_aval_y_compromiso_institucional_-_editable.docx\"><strong>Anexo 1. Carta unificada de aval y compromiso institucional Editable<\/strong><\/a><\/li>\n\n\n\n<li><img decoding=\"async\" src=\"https:\/\/www.minciencias.gov.co\/modules\/file\/icons\/application-pdf.png\" alt=\"PDF\"><a href=\"https:\/\/www.minciencias.gov.co\/sites\/default\/files\/upload\/convocatoria\/anexo_no._2_documento_cientifico_tecnico_y_presupuestal_de_la_propuesta.pdf\"><strong>Anexo 2: Documento cient\u00edfico, t\u00e9cnico y presupuestal de la propuesta<\/strong><\/a><\/li>\n\n\n\n<li><img decoding=\"async\" src=\"https:\/\/www.minciencias.gov.co\/modules\/file\/icons\/application-pdf.png\" alt=\"PDF\"><a href=\"https:\/\/www.minciencias.gov.co\/sites\/default\/files\/upload\/convocatoria\/anexo_no._3_perfil_jovenes_investigadores_e_innovadores_y_tutores_-_editable.docx\"><strong>Anexo 3: Perfil de los j\u00f3venes investigadores e innovadores y tutores a vincular en la propuesta &#8211; Editable<\/strong><\/a><\/li>\n\n\n\n<li><img decoding=\"async\" src=\"https:\/\/www.minciencias.gov.co\/modules\/file\/icons\/application-pdf.png\" alt=\"PDF\"><a href=\"https:\/\/www.minciencias.gov.co\/sites\/default\/files\/upload\/convocatoria\/anexo_no._4_enfoque_diferencial_e_interseccional_-_editable.docx\"><strong>Anexo 4: Enfoque diferencial e interseccional &#8211; Editable<\/strong><\/a><\/li>\n<\/ul>\n\n\n\n<p><span class=\"post-content__span\"> <\/p>\n","protected":false},"excerpt":{"rendered":"<p>Las solicitudes de aval se recibir\u00e1n a trav\u00e9s del correo electr\u00f3nico&nbsp;investigaciones@utp.edu.co&nbsp;remitiendo reporte del&nbsp;formulario SIGP,&nbsp;carta unificada de aval y compromiso institucional, completamente diligenciada&nbsp;(Ver Anexo 1), acompa\u00f1ada de los anexos requeridos por [&#8230;]<\/p>\n","protected":false},"author":12,"featured_media":0,"comment_status":"closed","ping_status":"","sticky":false,"template":"","format":"standard","meta":{"footnotes":""},"categories":[7],"tags":[],"class_list":["post-19168","post","type-post","status-publish","format-standard","hentry","category-convocatorias"],"_links":{"self":[{"href":"https:\/\/vicerrectorias.utp.edu.co\/viie\/wp-json\/wp\/v2\/posts\/19168","targetHints":{"allow":["GET"]}}],"collection":[{"href":"https:\/\/vicerrectorias.utp.edu.co\/viie\/wp-json\/wp\/v2\/posts"}],"about":[{"href":"https:\/\/vicerrectorias.utp.edu.co\/viie\/wp-json\/wp\/v2\/types\/post"}],"author":[{"embeddable":true,"href":"https:\/\/vicerrectorias.utp.edu.co\/viie\/wp-json\/wp\/v2\/users\/12"}],"replies":[{"embeddable":true,"href":"https:\/\/vicerrectorias.utp.edu.co\/viie\/wp-json\/wp\/v2\/comments?post=19168"}],"version-history":[{"count":8,"href":"https:\/\/vicerrectorias.utp.edu.co\/viie\/wp-json\/wp\/v2\/posts\/19168\/revisions"}],"predecessor-version":[{"id":19177,"href":"https:\/\/vicerrectorias.utp.edu.co\/viie\/wp-json\/wp\/v2\/posts\/19168\/revisions\/19177"}],"wp:attachment":[{"href":"https:\/\/vicerrectorias.utp.edu.co\/viie\/wp-json\/wp\/v2\/media?parent=19168"}],"wp:term":[{"taxonomy":"category","embeddable":true,"href":"https:\/\/vicerrectorias.utp.edu.co\/viie\/wp-json\/wp\/v2\/categories?post=19168"},{"taxonomy":"post_tag","embeddable":true,"href":"https:\/\/vicerrectorias.utp.edu.co\/viie\/wp-json\/wp\/v2\/tags?post=19168"}],"curies":[{"name":"wp","href":"https:\/\/api.w.org\/{rel}","templated":true}]}}