{"id":18964,"date":"2025-05-02T21:17:42","date_gmt":"2025-05-02T19:17:42","guid":{"rendered":"https:\/\/vicerrectorias.utp.edu.co\/viie\/?p=18964"},"modified":"2025-08-12T23:10:48","modified_gmt":"2025-08-12T21:10:48","slug":"segunda-jornadasegunda-jornada-de-apropiacion-social-del-conocimiento-de-la-facultad-ciencias-agrarias-y-agroindustriasegunda-jornada","status":"publish","type":"post","link":"https:\/\/vicerrectorias.utp.edu.co\/viie\/segunda-jornadasegunda-jornada-de-apropiacion-social-del-conocimiento-de-la-facultad-ciencias-agrarias-y-agroindustriasegunda-jornada\/","title":{"rendered":"SEGUNDA JORNADA DE APROPIACI\u00d3N SOCIAL DEL CONOCIMIENTO DE LA FACULTAD CIENCIAS AGRARIAS Y AGROINDUSTRIA"},"content":{"rendered":"\n<h2 class=\"wp-block-heading has-text-align-center\"><strong>LA VICERRECTOR\u00cdA DE INVESTIGACIONES, INNOVACI\u00d3N Y EXTENSI\u00d3N Y LA FACULTAD DE CIENCIAS AGRARIAS Y AGROINDUSTRIA DE LA UNIVERSIDAD TECNOL\u00d3GICA DE PEREIRA<\/strong><\/h2>\n\n\n\n<p><span class=\"post-content__span\"> <strong>RESULTADOS<\/strong><\/p>\n\n\n\n<ul class=\"wp-block-list\">\n<li><strong><a href=\"https:\/\/vicerrectorias.utp.edu.co\/viie\/wp-content\/uploads\/sites\/3\/Publicacion-Resultados-2da-J.A.S.C-Agrarias.pdf\">Resultados ponencias aprobadas para participar en la II JASC<\/a><\/strong><\/li>\n\n\n\n<li>Fecha de publicaci\u00f3n: 18 de julio de 2025<\/li>\n<\/ul>\n\n\n\n<p><span class=\"post-content__span\"> <\/p>\n\n\n\n<h2 class=\"wp-block-heading has-text-align-left has-text-color has-background has-link-color has-small-font-size wp-elements-a53aba67481e5a67bdba92eedc7bde3a\" style=\"color:#2f9eb7;background-color:#2f9eb7\">..<\/h2>\n\n\n\n<p class=\"has-small-font-size\"><\/p>\n\n\n<div class=\"wp-block-image\">\n<figure class=\"aligncenter size-large\"><img loading=\"lazy\" decoding=\"async\" width=\"1024\" height=\"1024\" src=\"https:\/\/vicerrectorias.utp.edu.co\/viie\/wp-content\/uploads\/sites\/3\/Invitacion-J.A.S.C-1024x1024.jpg\" alt=\"\" class=\"wp-image-19517\" srcset=\"https:\/\/vicerrectorias.utp.edu.co\/viie\/wp-content\/uploads\/sites\/3\/Invitacion-J.A.S.C-1024x1024.jpg 1024w, https:\/\/vicerrectorias.utp.edu.co\/viie\/wp-content\/uploads\/sites\/3\/Invitacion-J.A.S.C-300x300.jpg 300w, https:\/\/vicerrectorias.utp.edu.co\/viie\/wp-content\/uploads\/sites\/3\/Invitacion-J.A.S.C-150x150.jpg 150w, https:\/\/vicerrectorias.utp.edu.co\/viie\/wp-content\/uploads\/sites\/3\/Invitacion-J.A.S.C-768x768.jpg 768w, https:\/\/vicerrectorias.utp.edu.co\/viie\/wp-content\/uploads\/sites\/3\/Invitacion-J.A.S.C.jpg 1080w\" sizes=\"auto, (max-width: 1024px) 100vw, 1024px\" \/><\/figure>\n<\/div>\n\n\n<h2 class=\"wp-block-heading has-text-align-center has-white-color has-text-color has-background has-link-color has-medium-font-size wp-elements-d804ac6c3faa68a627317ea456274148\" style=\"background-color:#2f9eb7\"><strong>LOS INVITA A PARTICIPAR:<\/strong><\/h2>\n\n\n\n<p class=\"has-medium-font-size\"><strong>EVENTO: <\/strong>Segunda Jornada de Apropiaci\u00f3n Social del Conocimiento de la Facultad Ciencias Agrarias y Agroindustria<\/p>\n\n\n\n<p><span class=\"post-content__span\"> <strong>FECHA: <\/strong>06 de noviembre de 2025<\/p>\n\n\n\n<p><span class=\"post-content__span\"> <strong>LUGAR: <\/strong>Sala Magistral 2 Bloque 13<\/p>\n\n\n\n<h2 class=\"wp-block-heading has-white-color has-text-color has-background has-link-color has-medium-font-size wp-elements-2a58515d5443817cb25f6a6298b87b92\" style=\"background-color:#2f9eb7\"><strong>OBJETIVO:<\/strong><\/h2>\n\n\n\n<p><span class=\"post-content__span\"> La Segunda Jornada de Apropiaci\u00f3n Social del Conocimiento de la Facultad de Ciencias Agrarias y Agroindustria, tiene como objetivo:<\/p>\n\n\n\n<p><span class=\"post-content__span\"> <\/p>\n\n\n\n<ul class=\"wp-block-list\">\n<li>Socializar los resultados de proyectos de investigaci\u00f3n de la Universidad Tecnol\u00f3gica de Pereira.<\/li>\n\n\n\n<li>Propiciar espacios de interacci\u00f3n entre la academia y la sociedad, para dinamizar la relaci\u00f3n entre investigaci\u00f3n, innovaci\u00f3n y extensi\u00f3n.<\/li>\n\n\n\n<li>Generar productos de nuevo conocimiento y de divulgaci\u00f3n p\u00fablica de la ciencia, en el marco del modelo de medici\u00f3n de grupos de investigaci\u00f3n e investigadores de MinCiencias.<\/li>\n<\/ul>\n\n\n\n<p><span class=\"post-content__span\"> <\/p>\n\n\n\n<h2 class=\"wp-block-heading has-white-color has-text-color has-background has-link-color has-medium-font-size wp-elements-32a6ab64f85776a355ec826a60dc7b55\" style=\"background-color:#2f9eb7\"><strong>DIRIGIDO A: <\/strong><\/h2>\n\n\n\n<p><span class=\"post-content__span\"> Docentes y estudiantes vinculados a la Facultad de Ciencias Agrarias y Agroindustria.<\/p>\n\n\n\n<p><span class=\"post-content__span\"> <\/p>\n\n\n\n<h2 class=\"wp-block-heading has-white-color has-text-color has-background has-link-color has-medium-font-size wp-elements-8f61bdb31635e698270bcbb443dd9d55\" style=\"background-color:#2f9eb7\"><strong>MODALIDADES DE PARTICIPACI\u00d3N<\/strong><\/h2>\n\n\n\n<ul class=\"wp-block-list\">\n<li><strong>Grupos de Investigaci\u00f3n: <\/strong>Los docentes vinculados a los grupos de investigaci\u00f3n de la Universidad Tecnol\u00f3gica de Pereira podr\u00e1n participar en la jornada con:<\/li>\n<\/ul>\n\n\n\n<ol style=\"list-style-type:lower-alpha\" class=\"wp-block-list\">\n<li>Proyectos resultado de investigaci\u00f3n inscritos en la Vicerrector\u00eda de Investigaciones, Innovaci\u00f3n y Extensi\u00f3n, concluidos entre el a\u00f1o 2022 y el a\u00f1o 2025.<\/li>\n\n\n\n<li>Proyectos de investigaci\u00f3n inscritos en la Vicerrector\u00eda de Investigaciones, Innovaci\u00f3n y Extensi\u00f3n, en estado de ejecuci\u00f3n y que se encuentren pendientes de presentar el informe final (o que se encuentre m\u00e1ximo a seis meses de esta fecha).<\/li>\n\n\n\n<li>Proyectos de grado de pregrado, especializaci\u00f3n, maestr\u00eda o doctorado registrado en el CVLAC, el cual deber\u00e1 anexar el certificado del programa acad\u00e9mico correspondiente, concluidos entre el a\u00f1o 2022 y el a\u00f1o 2025. <strong>NOTA: En este \u00faltimo caso, tambi\u00e9n podr\u00e1 ser ponente el estudiante que desarroll\u00f3 el trabajo de grado.<\/strong><\/li>\n<\/ol>\n\n\n\n<p><span class=\"post-content__span\"> Los docentes que cumplan lo anterior podr\u00e1n participar en la siguiente modalidad:<\/p>\n\n\n\n<ul class=\"wp-block-list\">\n<li><strong>PONENCIA MAGISTRAL: <\/strong>Presentaci\u00f3n oral de resultados de proyectos de investigaci\u00f3n. Para el desarrollo de la ponencia se otorgar\u00e1 un tiempo de 15 minutos, m\u00e1s 5 minutos para preguntas del p\u00fablico.<\/li>\n<\/ul>\n\n\n\n<p class=\"has-background has-small-font-size\" style=\"background-color:#2f9eb7\"><\/p>\n\n\n\n<ul class=\"wp-block-list\">\n<li><strong>Semillero de Investigaci\u00f3n: <\/strong>Los estudiantes vinculados o tutor del semillero de investigaci\u00f3n podr\u00e1n participar con:<\/li>\n<\/ul>\n\n\n\n<p><span class=\"post-content__span\"> <strong>STAND: <\/strong>Se dispondr\u00e1 un espacio f\u00edsico (Mesa y Silla) en el cual el semillero de investigaci\u00f3n podr\u00e1 compartir informaci\u00f3n general del mismo y visibilizar los <strong>productos f\u00edsicos <\/strong>que tengan.<\/p>\n\n\n\n<p><span class=\"post-content__span\"> <\/p>\n\n\n\n<h2 class=\"wp-block-heading has-white-color has-text-color has-background has-link-color has-medium-font-size wp-elements-948b217f7cc8c3a65bc679472f620e4b\" style=\"background-color:#2f9eb7\"><strong>PRODUCTOS DEL EVENTO<\/strong><\/h2>\n\n\n\n<p><span class=\"post-content__span\"> <\/p>\n\n\n\n<p><span class=\"post-content__span\"> Como productos de esta jornada se podr\u00e1n obtener los siguientes:<\/p>\n\n\n\n<ul class=\"wp-block-list\">\n<li><strong>CERTIFICADO COMO PONENTE: <\/strong>Se le otorgar\u00e1 una constancia de participaci\u00f3n como ponente en la modalidad respectiva.<\/li>\n<\/ul>\n\n\n\n<ul class=\"wp-block-list\">\n<li><strong>CAP\u00cdTULO DE LIBRO RESULTADO DE INVESTIGACI\u00d3N: <\/strong>Se realizar\u00e1 la edici\u00f3n de un libro resultado de investigaci\u00f3n el cual estar\u00e1 conformado cap\u00edtulos de libro realizados por docentes y estudiantes, para lo cual se deber\u00e1n cumplir los siguientes requisitos: <\/li>\n<\/ul>\n\n\n\n<p><span class=\"post-content__span\"> <strong>a) <\/strong>Cada cap\u00edtulo del libro debe ser resultado de:<\/p>\n\n\n\n<ul class=\"wp-block-list\">\n<li>Un proyecto de investigaci\u00f3n registrado en la Vicerrector\u00eda de Investigaciones, Innovaci\u00f3n y Extensi\u00f3n que se encuentre finalizado en los \u00faltimos tres a\u00f1os, o en estado de ejecuci\u00f3n y que se encuentren pendientes de presentar el informe final (o que se encuentre m\u00e1ximo a seis meses de esta fecha).<\/li>\n\n\n\n<li>Una tesis de posgrado (especializaci\u00f3n cl\u00ednica, maestr\u00eda y doctorado) de la Universidad Tecnol\u00f3gica de Pereira, finalizada en los \u00faltimos tres a\u00f1os, certificada por el programa acad\u00e9mico respectivo.<\/li>\n<\/ul>\n\n\n\n<p><span class=\"post-content__span\"> <strong>b) <\/strong>Cada cap\u00edtulo podr\u00e1 tener un m\u00e1ximo de dos (2) autores.<\/p>\n\n\n\n<p><span class=\"post-content__span\"> <strong>c) <\/strong>Todos los autores del cap\u00edtulo de libro deben estar vinculados en el proyecto de investigaci\u00f3n institucional (Inscrito en la Vicerrector\u00eda de Investigaciones, Innovaci\u00f3n y Extensi\u00f3n).<\/p>\n\n\n\n<p><span class=\"post-content__span\"> <strong>d)<\/strong> Si alguno de los autores no se encuentra vinculado en el proyecto de investigaci\u00f3n, puede solicitar su inscripci\u00f3n, esto solo cuando el proyecto se encuentre en ejecuci\u00f3n y debe ser previo a la solicitud de publicaci\u00f3n del cap\u00edtulo.<\/p>\n\n\n\n<p><span class=\"post-content__span\"> <strong>e)<\/strong> En el caso de trabajos de posgrados, los autores podr\u00e1n ser los estudiantes responsables de la tesis y el director respectivo.<\/p>\n\n\n\n<p><span class=\"post-content__span\"> <\/p>\n\n\n\n<h2 class=\"wp-block-heading has-white-color has-text-color has-background has-link-color has-medium-font-size wp-elements-99e9e06b3553460c4aeb43de0c8c934f\" style=\"background-color:#2f9eb7\"><strong>PROCESO DE INSCRIPCI\u00d3N<\/strong><\/h2>\n\n\n\n<p><span class=\"post-content__span\"> <\/p>\n\n\n\n<p><span class=\"post-content__span\"> Para la inscripci\u00f3n a la Segunda Jornada de Apropiaci\u00f3n Social del Conocimiento de la Facultad de Ciencias Agrarias y Agroindustria se deber\u00e1 diligenciar el siguiente formulario: <a href=\"https:\/\/forms.gle\/rWpLMQdGntnmpHMs5\"><strong>LINK<\/strong><\/a><\/p>\n\n\n\n<p><span class=\"post-content__span\"> <strong>ANEXOS PARA LA INSCRIPCI\u00d3N:<\/strong><\/p>\n\n\n\n<ul class=\"wp-block-list\">\n<li>Formato para presentaci\u00f3n de las ponencias PTT (<a href=\"https:\/\/drive.google.com\/file\/d\/1ccTUIU2gnC1kpq8umWlreVJYgajO21aI\/view?usp=drive_link\"><strong>Anexo 1<\/strong><\/a>), si aplica.<\/li>\n\n\n\n<li>Formato de cap\u00edtulo de libro para memorias del evento (<a href=\"https:\/\/vicerrectorias.utp.edu.co\/viie\/wp-content\/uploads\/sites\/3\/Anexo-2-Formato-Capitulo-1.docx\" data-type=\"link\" data-id=\"https:\/\/vicerrectorias.utp.edu.co\/viie\/wp-content\/uploads\/sites\/3\/Anexo-2-Formato-Capitulo-1.docx\"><strong>Anexo 2<\/strong><\/a>), si aplica.<\/li>\n\n\n\n<li>Formato de autorizaci\u00f3n de memorias (<a href=\"https:\/\/vicerrectorias.utp.edu.co\/viie\/wp-content\/uploads\/sites\/3\/Anexo-3.-AUTORIZACION-MEMORIAS-4.docx\" data-type=\"link\" data-id=\"https:\/\/vicerrectorias.utp.edu.co\/viie\/wp-content\/uploads\/sites\/3\/Anexo-3.-AUTORIZACION-MEMORIAS-4.docx\"><strong>Anexo 3<\/strong><\/a>), si aplica.<\/li>\n<\/ul>\n\n\n\n<p><span class=\"post-content__span\"> <\/p>\n\n\n\n<h2 class=\"wp-block-heading has-white-color has-text-color has-background has-link-color has-medium-font-size wp-elements-5c72cfdc79227cfde71a16844d221073\" style=\"background-color:#2f9eb7\"><strong>PROCESO DE EVALUACI\u00d3N<\/strong><\/h2>\n\n\n\n<p><span class=\"post-content__span\"> <\/p>\n\n\n\n<p><span class=\"post-content__span\"> Se realizar\u00e1 la revisi\u00f3n de las postulaciones y se validar\u00e1 lo siguiente:<\/p>\n\n\n\n<p><span class=\"post-content__span\"> a) Cumplimiento de los requisitos establecidos en las modalidades de participaci\u00f3n.<\/p>\n\n\n\n<p><span class=\"post-content__span\"> b) Validaci\u00f3n que el proyecto no haya sido presentado en jornadas anteriores.<\/p>\n\n\n\n<p><span class=\"post-content__span\"> <strong>Nota:<\/strong> La participaci\u00f3n de los proyectos que presenten alguna consideraci\u00f3n especial deber\u00e1n ser v\u00e1lidos y aprobados por la facultad.<\/p>\n\n\n\n<p><span class=\"post-content__span\"> <\/p>\n\n\n\n<h2 class=\"wp-block-heading has-white-color has-text-color has-background has-link-color has-medium-font-size wp-elements-3a61ee36aece86fe67276ce123190e6a\" style=\"background-color:#2f9eb7\"><strong>CRONOGRAMA DE INSCRIPCI\u00d3N<\/strong><\/h2>\n\n\n\n<p><span class=\"post-content__span\"> <\/p>\n\n\n\n<h2 class=\"wp-block-heading\"><strong>PONENTES:<\/strong><\/h2>\n\n\n\n<figure class=\"wp-block-table\"><table class=\"has-fixed-layout\"><thead><tr><th><strong>ACTIVIDAD<\/strong><\/th><th><strong>FECHAS<\/strong><\/th><\/tr><\/thead><tbody><tr><td>1. Apertura y difusi\u00f3n de la convocatoria<\/td><td>02 de mayo de 2025<\/td><\/tr><tr><td>2. Recepci\u00f3n de iniciativas de participaci\u00f3n, y resumen en ingl\u00e9s<\/td><td>11 de julio de 2025<\/td><\/tr><tr><td>3. Proceso de revisi\u00f3n, validaci\u00f3n y evaluaci\u00f3n de iniciativas.<\/td><td>Del 15 al 18 de julio de 2025<\/td><\/tr><tr><td>4. Publicaci\u00f3n de resultados<\/td><td>18 de julio de 2025<\/td><\/tr><tr><td>5. Fecha M\u00e1xima de Env\u00edo del Cap\u00edtulo del Libro<\/td><td>03 de octubre de 2025<\/td><\/tr><tr><td>6. Env\u00edo de Presentaciones a <a href=\"http:\/\/investigaciones@utp.edu.co\">investigaciones@utp.edu.co<\/a><\/td><td>17 de octubre de 2025<\/td><\/tr><tr><td>7. Segunda Jornada de Apropiaci\u00f3n Social del Conocimiento<\/td><td>06 de noviembre de 2025<\/td><\/tr><\/tbody><\/table><\/figure>\n\n\n\n<p><span class=\"post-content__span\"> <\/p>\n\n\n\n<h2 class=\"wp-block-heading\"><strong>ASISTENTES<\/strong><\/h2>\n\n\n\n<figure class=\"wp-block-table\"><table class=\"has-fixed-layout\"><thead><tr><th>CRONOGRAMA<\/th><th>FECHAS<\/th><\/tr><\/thead><tbody><tr><td>1. Registro de asistentes<\/td><td>Hasta el 06 de noviembre de 2025<\/td><\/tr><tr><td>2. Segunda Jornada de Apropiaci\u00f3n Social del Conocimiento<\/td><td>06 de noviembre de 2025<\/td><\/tr><\/tbody><\/table><\/figure>\n\n\n\n<p><span class=\"post-content__span\"> <\/p>\n\n\n\n<p><span class=\"post-content__span\"> Formulario de Inscripci\u00f3n como asistente: <a href=\"https:\/\/forms.gle\/6gUsMLN68m6UA1yU8\"><strong>LINK<\/strong><\/a><\/p>\n\n\n\n<p><span class=\"post-content__span\"> <\/p>\n\n\n\n<h2 class=\"wp-block-heading has-white-color has-text-color has-background has-link-color has-small-font-size wp-elements-6a438caa4b7068a49edde699f59bf887\" style=\"background-color:#2f9eb7\"><strong>M\u00c1S INFORMACI\u00d3N<\/strong><\/h2>\n\n\n\n<p><span class=\"post-content__span\"> <strong>Lothar Mattews Garc\u00eda Escobar<\/strong><\/p>\n\n\n\n<p><span class=\"post-content__span\"> <strong>Angeline Dahab Ahcar Vanegas<\/strong><\/p>\n\n\n\n<p><span class=\"post-content__span\"> Vicerrector\u00eda de Investigaciones, Innovaci\u00f3n y Extensi\u00f3n<\/p>\n\n\n\n<p><span class=\"post-content__span\"> Extensi\u00f3n: 7789 &#8211; 7450<\/p>\n\n\n\n<p><span class=\"post-content__span\"> Email: <a href=\"mailto:investigaciones@utp.edu.co\">investigaciones@utp.edu.co<\/a><\/p>\n\n\n\n<p><span class=\"post-content__span\"> <\/p>\n\n\n\n<h2 class=\"wp-block-heading has-white-color has-text-color has-background has-link-color has-medium-font-size wp-elements-fc636b2aa05ead2f6e0a5d886243719d\" style=\"background-color:#2f9eb7\">INVITACI\u00d3N <\/h2>\n\n\n\n<figure class=\"wp-block-embed is-type-video is-provider-youtube wp-block-embed-youtube wp-embed-aspect-16-9 wp-has-aspect-ratio\"><div class=\"wp-block-embed__wrapper\">\n<iframe loading=\"lazy\" title=\"Invitaci\u00f3n II J.A.S.C de la Facultad Ciencias Agrarias y Agroindustria\" width=\"500\" height=\"281\" src=\"https:\/\/www.youtube.com\/embed\/yaFrlqQfX4g?feature=oembed\" frameborder=\"0\" allow=\"accelerometer; autoplay; clipboard-write; encrypted-media; gyroscope; picture-in-picture; web-share\" referrerpolicy=\"strict-origin-when-cross-origin\" allowfullscreen><\/iframe>\n<\/div><\/figure>\n\n\n\n<p class=\"has-medium-font-size\"><\/p>\n\n\n\n<div style=\"height:21px\" aria-hidden=\"true\" class=\"wp-block-spacer\"><\/div>\n\n\n\n<hr class=\"wp-block-separator has-alpha-channel-opacity\"\/>\n\n\n\n<div style=\"height:43px\" aria-hidden=\"true\" class=\"wp-block-spacer\"><\/div>\n\n\n\n<ul class=\"wp-block-social-links is-content-justification-center is-layout-flex wp-container-core-social-links-is-layout-16018d1d wp-block-social-links-is-layout-flex\"><li class=\"wp-social-link wp-social-link-instagram  wp-block-social-link\"><a href=\"https:\/\/www.instagram.com\/investigacionesutp?igsh=bnc1a29vZjkyaGVo\" class=\"wp-block-social-link-anchor\"><svg width=\"24\" height=\"24\" viewBox=\"0 0 24 24\" version=\"1.1\" xmlns=\"http:\/\/www.w3.org\/2000\/svg\" aria-hidden=\"true\" focusable=\"false\"><path d=\"M12,4.622c2.403,0,2.688,0.009,3.637,0.052c0.877,0.04,1.354,0.187,1.671,0.31c0.42,0.163,0.72,0.358,1.035,0.673 c0.315,0.315,0.51,0.615,0.673,1.035c0.123,0.317,0.27,0.794,0.31,1.671c0.043,0.949,0.052,1.234,0.052,3.637 s-0.009,2.688-0.052,3.637c-0.04,0.877-0.187,1.354-0.31,1.671c-0.163,0.42-0.358,0.72-0.673,1.035 c-0.315,0.315-0.615,0.51-1.035,0.673c-0.317,0.123-0.794,0.27-1.671,0.31c-0.949,0.043-1.233,0.052-3.637,0.052 s-2.688-0.009-3.637-0.052c-0.877-0.04-1.354-0.187-1.671-0.31c-0.42-0.163-0.72-0.358-1.035-0.673 c-0.315-0.315-0.51-0.615-0.673-1.035c-0.123-0.317-0.27-0.794-0.31-1.671C4.631,14.688,4.622,14.403,4.622,12 s0.009-2.688,0.052-3.637c0.04-0.877,0.187-1.354,0.31-1.671c0.163-0.42,0.358-0.72,0.673-1.035 c0.315-0.315,0.615-0.51,1.035-0.673c0.317-0.123,0.794-0.27,1.671-0.31C9.312,4.631,9.597,4.622,12,4.622 M12,3 C9.556,3,9.249,3.01,8.289,3.054C7.331,3.098,6.677,3.25,6.105,3.472C5.513,3.702,5.011,4.01,4.511,4.511 c-0.5,0.5-0.808,1.002-1.038,1.594C3.25,6.677,3.098,7.331,3.054,8.289C3.01,9.249,3,9.556,3,12c0,2.444,0.01,2.751,0.054,3.711 c0.044,0.958,0.196,1.612,0.418,2.185c0.23,0.592,0.538,1.094,1.038,1.594c0.5,0.5,1.002,0.808,1.594,1.038 c0.572,0.222,1.227,0.375,2.185,0.418C9.249,20.99,9.556,21,12,21s2.751-0.01,3.711-0.054c0.958-0.044,1.612-0.196,2.185-0.418 c0.592-0.23,1.094-0.538,1.594-1.038c0.5-0.5,0.808-1.002,1.038-1.594c0.222-0.572,0.375-1.227,0.418-2.185 C20.99,14.751,21,14.444,21,12s-0.01-2.751-0.054-3.711c-0.044-0.958-0.196-1.612-0.418-2.185c-0.23-0.592-0.538-1.094-1.038-1.594 c-0.5-0.5-1.002-0.808-1.594-1.038c-0.572-0.222-1.227-0.375-2.185-0.418C14.751,3.01,14.444,3,12,3L12,3z M12,7.378 c-2.552,0-4.622,2.069-4.622,4.622S9.448,16.622,12,16.622s4.622-2.069,4.622-4.622S14.552,7.378,12,7.378z M12,15 c-1.657,0-3-1.343-3-3s1.343-3,3-3s3,1.343,3,3S13.657,15,12,15z M16.804,6.116c-0.596,0-1.08,0.484-1.08,1.08 s0.484,1.08,1.08,1.08c0.596,0,1.08-0.484,1.08-1.08S17.401,6.116,16.804,6.116z\"><\/path><\/svg><span class=\"wp-block-social-link-label screen-reader-text\">Instagram<\/span><\/a><\/li>\n\n<li class=\"wp-social-link wp-social-link-facebook  wp-block-social-link\"><a href=\"https:\/\/www.facebook.com\/ViceInvestigacionesUTP\" class=\"wp-block-social-link-anchor\"><svg width=\"24\" height=\"24\" viewBox=\"0 0 24 24\" version=\"1.1\" xmlns=\"http:\/\/www.w3.org\/2000\/svg\" aria-hidden=\"true\" focusable=\"false\"><path d=\"M12 2C6.5 2 2 6.5 2 12c0 5 3.7 9.1 8.4 9.9v-7H7.9V12h2.5V9.8c0-2.5 1.5-3.9 3.8-3.9 1.1 0 2.2.2 2.2.2v2.5h-1.3c-1.2 0-1.6.8-1.6 1.6V12h2.8l-.4 2.9h-2.3v7C18.3 21.1 22 17 22 12c0-5.5-4.5-10-10-10z\"><\/path><\/svg><span class=\"wp-block-social-link-label screen-reader-text\">Facebook<\/span><\/a><\/li>\n\n<li class=\"wp-social-link wp-social-link-youtube  wp-block-social-link\"><a href=\"https:\/\/www.youtube.com\/@VIIE-UTP\" class=\"wp-block-social-link-anchor\"><svg width=\"24\" height=\"24\" viewBox=\"0 0 24 24\" version=\"1.1\" xmlns=\"http:\/\/www.w3.org\/2000\/svg\" aria-hidden=\"true\" focusable=\"false\"><path d=\"M21.8,8.001c0,0-0.195-1.378-0.795-1.985c-0.76-0.797-1.613-0.801-2.004-0.847c-2.799-0.202-6.997-0.202-6.997-0.202 h-0.009c0,0-4.198,0-6.997,0.202C4.608,5.216,3.756,5.22,2.995,6.016C2.395,6.623,2.2,8.001,2.2,8.001S2,9.62,2,11.238v1.517 c0,1.618,0.2,3.237,0.2,3.237s0.195,1.378,0.795,1.985c0.761,0.797,1.76,0.771,2.205,0.855c1.6,0.153,6.8,0.201,6.8,0.201 s4.203-0.006,7.001-0.209c0.391-0.047,1.243-0.051,2.004-0.847c0.6-0.607,0.795-1.985,0.795-1.985s0.2-1.618,0.2-3.237v-1.517 C22,9.62,21.8,8.001,21.8,8.001z M9.935,14.594l-0.001-5.62l5.404,2.82L9.935,14.594z\"><\/path><\/svg><span class=\"wp-block-social-link-label screen-reader-text\">YouTube<\/span><\/a><\/li>\n\n<li class=\"wp-social-link wp-social-link-mail  wp-block-social-link\"><a href=\"mailto:i&#110;&#118;&#101;&#115;&#116;&#105;gac&#105;o&#110;&#101;&#115;&#064;u&#116;p&#046;&#101;&#100;u&#046;c&#111;\" class=\"wp-block-social-link-anchor\"><svg width=\"24\" height=\"24\" viewBox=\"0 0 24 24\" version=\"1.1\" xmlns=\"http:\/\/www.w3.org\/2000\/svg\" aria-hidden=\"true\" focusable=\"false\"><path d=\"M19,5H5c-1.1,0-2,.9-2,2v10c0,1.1.9,2,2,2h14c1.1,0,2-.9,2-2V7c0-1.1-.9-2-2-2zm.5,12c0,.3-.2.5-.5.5H5c-.3,0-.5-.2-.5-.5V9.8l7.5,5.6,7.5-5.6V17zm0-9.1L12,13.6,4.5,7.9V7c0-.3.2-.5.5-.5h14c.3,0,.5.2.5.5v.9z\"><\/path><\/svg><span class=\"wp-block-social-link-label screen-reader-text\">Correo electr\u00f3nico<\/span><\/a><\/li><\/ul>\n\n\n\n<p><span class=\"post-content__span\"> <\/p>\n","protected":false},"excerpt":{"rendered":"<p>La Vicerrector\u00eda De Investigaciones, Innovaci\u00f3n Y Extensi\u00f3n Y La Facultad De Ciencias Agrarias Y Agroindustria De La Universidad Tecnol\u00f3gica De Pereira, los invita a participar en la Segunda Jornada de Apropiaci\u00f3n Social del Conocimiento de la Facultad Ciencias Agrarias y Agroindustria.<\/p>\n","protected":false},"author":12,"featured_media":18981,"comment_status":"closed","ping_status":"","sticky":false,"template":"","format":"standard","meta":{"footnotes":""},"categories":[7,1],"tags":[],"class_list":["post-18964","post","type-post","status-publish","format-standard","has-post-thumbnail","hentry","category-convocatorias","category-sin-categoria"],"_links":{"self":[{"href":"https:\/\/vicerrectorias.utp.edu.co\/viie\/wp-json\/wp\/v2\/posts\/18964","targetHints":{"allow":["GET"]}}],"collection":[{"href":"https:\/\/vicerrectorias.utp.edu.co\/viie\/wp-json\/wp\/v2\/posts"}],"about":[{"href":"https:\/\/vicerrectorias.utp.edu.co\/viie\/wp-json\/wp\/v2\/types\/post"}],"author":[{"embeddable":true,"href":"https:\/\/vicerrectorias.utp.edu.co\/viie\/wp-json\/wp\/v2\/users\/12"}],"replies":[{"embeddable":true,"href":"https:\/\/vicerrectorias.utp.edu.co\/viie\/wp-json\/wp\/v2\/comments?post=18964"}],"version-history":[{"count":28,"href":"https:\/\/vicerrectorias.utp.edu.co\/viie\/wp-json\/wp\/v2\/posts\/18964\/revisions"}],"predecessor-version":[{"id":20545,"href":"https:\/\/vicerrectorias.utp.edu.co\/viie\/wp-json\/wp\/v2\/posts\/18964\/revisions\/20545"}],"wp:featuredmedia":[{"embeddable":true,"href":"https:\/\/vicerrectorias.utp.edu.co\/viie\/wp-json\/wp\/v2\/media\/18981"}],"wp:attachment":[{"href":"https:\/\/vicerrectorias.utp.edu.co\/viie\/wp-json\/wp\/v2\/media?parent=18964"}],"wp:term":[{"taxonomy":"category","embeddable":true,"href":"https:\/\/vicerrectorias.utp.edu.co\/viie\/wp-json\/wp\/v2\/categories?post=18964"},{"taxonomy":"post_tag","embeddable":true,"href":"https:\/\/vicerrectorias.utp.edu.co\/viie\/wp-json\/wp\/v2\/tags?post=18964"}],"curies":[{"name":"wp","href":"https:\/\/api.w.org\/{rel}","templated":true}]}}