{"id":1611,"date":"2018-03-13T10:39:06","date_gmt":"2023-12-01T14:53:00","guid":{"rendered":""},"modified":"2023-07-11T19:31:03","modified_gmt":"2023-12-01T14:53:00","slug":"2-taller-de-preparacion-practicas-universitarias-para-el-i-semestre-de-2018","status":"publish","type":"post","link":"https:\/\/vicerrectorias.utp.edu.co\/viie\/2-taller-de-preparacion-practicas-universitarias-para-el-i-semestre-de-2018\/","title":{"rendered":"2\u00b0 Taller de Preparaci\u00f3n Pr\u00e1cticas Universitarias  para el I semestre de 2018"},"content":{"rendered":"\n<figure class=\"wp-block-image\"><a href=\"http:\/\/app4.utp.edu.co\/TalleresWeb\/faces\/ListadoGrupos.jspx\" rel=\"nofollow\"><img decoding=\"async\" src=\"https:\/\/vicerrectorias.utp.edu.co\/viie\/wp-content\/uploads\/sites\/3\/DIFUSI%C3%93N%20TALLER%20DE%20PR%C3%81CTICAS%20UNIVERSITARIAS%20I%20SEMESTRE%20DE%202018%20-%20GENERAL%202%20%281%29.jpg\" alt=\"\"\/><\/a><\/figure>\n\n\n\n<p><span class=\"post-content__span\"> <strong>NOTA:<\/strong> Por favor realice la inscripci\u00f3n en el horario que sea m\u00e1s c\u00f3modo a sus necesidades y que no se cruce con el horario de clases (ya que si no asiste puede ser sancionado hasta por dos semestres en los cuales no podr\u00e1 realizar el respectivo taller). Sin embargo, posteriormente podr\u00e1 realizarlo.<\/p>\n\n\n\n<p><span class=\"post-content__span\"> <a rel=\"nofollow\" href=\"http:\/\/app4.utp.edu.co\/TalleresWeb\/faces\/ListadoGrupos.jspx\">[Inscripciones]<\/a><\/p>\n\n\n\n<p><span class=\"post-content__span\"> <strong>Mayores Informes:<\/strong><\/p>\n\n\n\n<p><span class=\"post-content__span\"> Email: practicas@utp.edu.co<\/p>\n\n\n\n<p><span class=\"post-content__span\"> Twitter: @UtpViceinvest<\/p>\n\n\n\n<p><span class=\"post-content__span\"> Tel\u00e9fono: 3137308<\/p>\n\n\n\n<p><span class=\"post-content__span\"> <strong>CUPOS LIMITADOS!<\/strong><\/p>\n","protected":false},"excerpt":{"rendered":"<p>NOTA: Por favor realice la inscripci\u00f3n en el horario que sea m\u00e1s c\u00f3modo a sus necesidades y que no se cruce con el horario de clases (ya que si no [&#8230;]<\/p>\n","protected":false},"author":0,"featured_media":10169,"comment_status":"closed","ping_status":"closed","sticky":false,"template":"","format":"standard","meta":{"footnotes":""},"categories":[1],"tags":[],"class_list":["post-1611","post","type-post","status-publish","format-standard","has-post-thumbnail","hentry","category-sin-categoria"],"_links":{"self":[{"href":"https:\/\/vicerrectorias.utp.edu.co\/viie\/wp-json\/wp\/v2\/posts\/1611","targetHints":{"allow":["GET"]}}],"collection":[{"href":"https:\/\/vicerrectorias.utp.edu.co\/viie\/wp-json\/wp\/v2\/posts"}],"about":[{"href":"https:\/\/vicerrectorias.utp.edu.co\/viie\/wp-json\/wp\/v2\/types\/post"}],"replies":[{"embeddable":true,"href":"https:\/\/vicerrectorias.utp.edu.co\/viie\/wp-json\/wp\/v2\/comments?post=1611"}],"version-history":[{"count":1,"href":"https:\/\/vicerrectorias.utp.edu.co\/viie\/wp-json\/wp\/v2\/posts\/1611\/revisions"}],"predecessor-version":[{"id":6200,"href":"https:\/\/vicerrectorias.utp.edu.co\/viie\/wp-json\/wp\/v2\/posts\/1611\/revisions\/6200"}],"wp:featuredmedia":[{"embeddable":true,"href":"https:\/\/vicerrectorias.utp.edu.co\/viie\/wp-json\/wp\/v2\/media\/10169"}],"wp:attachment":[{"href":"https:\/\/vicerrectorias.utp.edu.co\/viie\/wp-json\/wp\/v2\/media?parent=1611"}],"wp:term":[{"taxonomy":"category","embeddable":true,"href":"https:\/\/vicerrectorias.utp.edu.co\/viie\/wp-json\/wp\/v2\/categories?post=1611"},{"taxonomy":"post_tag","embeddable":true,"href":"https:\/\/vicerrectorias.utp.edu.co\/viie\/wp-json\/wp\/v2\/tags?post=1611"}],"curies":[{"name":"wp","href":"https:\/\/api.w.org\/{rel}","templated":true}]}}