{"id":14863,"date":"2024-07-10T00:55:00","date_gmt":"2024-07-09T22:55:00","guid":{"rendered":"https:\/\/vicerrectorias.utp.edu.co\/viie\/?p=14863"},"modified":"2024-11-30T14:49:12","modified_gmt":"2024-11-30T13:49:12","slug":"convocatoria-para-fomentar-la-publicacion-de-capitulos-de-libro-resultado-de-investigacion-ano-2024-grupos-de-investigacion-segunda-edicion","status":"publish","type":"post","link":"https:\/\/vicerrectorias.utp.edu.co\/viie\/convocatoria-para-fomentar-la-publicacion-de-capitulos-de-libro-resultado-de-investigacion-ano-2024-grupos-de-investigacion-segunda-edicion\/","title":{"rendered":"CONVOCATORIA PARA FOMENTAR LA PUBLICACI\u00d3N DE CAP\u00cdTULOS DE LIBRO RESULTADO DE INVESTIGACI\u00d3N A\u00d1O 2024 &#8211; GRUPOS DE INVESTIGACI\u00d3N &#8211; SEGUNDA EDICI\u00d3N"},"content":{"rendered":"\n<figure class=\"wp-block-image size-large\"><img loading=\"lazy\" decoding=\"async\" width=\"819\" height=\"1024\" src=\"https:\/\/vicerrectorias.utp.edu.co\/viie\/wp-content\/uploads\/sites\/3\/Capitulos-Grupos-de-investigacion-819x1024.jpg\" alt=\"\" class=\"wp-image-14864\" srcset=\"https:\/\/vicerrectorias.utp.edu.co\/viie\/wp-content\/uploads\/sites\/3\/Capitulos-Grupos-de-investigacion-819x1024.jpg 819w, https:\/\/vicerrectorias.utp.edu.co\/viie\/wp-content\/uploads\/sites\/3\/Capitulos-Grupos-de-investigacion-240x300.jpg 240w, https:\/\/vicerrectorias.utp.edu.co\/viie\/wp-content\/uploads\/sites\/3\/Capitulos-Grupos-de-investigacion-768x960.jpg 768w, https:\/\/vicerrectorias.utp.edu.co\/viie\/wp-content\/uploads\/sites\/3\/Capitulos-Grupos-de-investigacion-1229x1536.jpg 1229w, https:\/\/vicerrectorias.utp.edu.co\/viie\/wp-content\/uploads\/sites\/3\/Capitulos-Grupos-de-investigacion-1638x2048.jpg 1638w, https:\/\/vicerrectorias.utp.edu.co\/viie\/wp-content\/uploads\/sites\/3\/Capitulos-Grupos-de-investigacion-scaled.jpg 2048w\" sizes=\"auto, (max-width: 819px) 100vw, 819px\" \/><\/figure>\n\n\n\n<p><span class=\"post-content__span\"> <\/p>\n\n\n\n<p><span class=\"post-content__span\"> <strong><a href=\"https:\/\/vicerrectorias.utp.edu.co\/viie\/wp-content\/uploads\/sites\/3\/Adenda-2-publicacion-de-resultados.pdf\" data-type=\"link\" data-id=\"https:\/\/vicerrectorias.utp.edu.co\/viie\/wp-content\/uploads\/sites\/3\/Adenda-2-publicacion-de-resultados.pdf\">VER: ADENDA #2<\/a><\/strong><\/p>\n\n\n\n<p><span class=\"post-content__span\"> <strong>\u200b\u200b\u200b\u200b\u200b\u200b\u200b\u200bFecha de Publicaci\u00f3n:<\/strong>&nbsp;29 de noviembre de 2024<\/p>\n\n\n\n<p><span class=\"post-content__span\"> <a href=\"https:\/\/vicerrectorias.utp.edu.co\/viie\/wp-content\/uploads\/sites\/3\/Adenda-1-Cronograma.pdf\" data-type=\"link\" data-id=\"https:\/\/vicerrectorias.utp.edu.co\/viie\/wp-content\/uploads\/sites\/3\/Adenda-1-Cronograma.pdf\"><strong>VER: ADENDA #1<\/strong><\/a><\/p>\n\n\n\n<p><span class=\"post-content__span\"> <strong>\u200b\u200b\u200b\u200b\u200b\u200b\u200b\u200bFecha de Publicaci\u00f3n:<\/strong>&nbsp;06 de noviembre de 2024<\/p>\n\n\n\n<h2 class=\"wp-block-heading\">ACUERDO CONSEJO ACAD\u00c9MICO No. 24<\/h2>\n\n\n\n<p><span class=\"post-content__span\"> <a href=\"https:\/\/vicerrectorias.utp.edu.co\/viie\/wp-content\/uploads\/sites\/3\/Acuerdo-No.-24-CA-2024_0001-Capitulos-grupos-de-inv.pdf\" data-type=\"link\" data-id=\"https:\/\/vicerrectorias.utp.edu.co\/viie\/wp-content\/uploads\/sites\/3\/Acuerdo-No.-24-CA-2024_0001-Capitulos-grupos-de-inv.pdf\">POR MEDIO DEL CUAL SE APRUEBA LA CONVOCATORIA PARA FOMENTAR LA PUBLICACI\u00d3N DE CAP\u00cdTULOS DE LIBRO RESULTADO DE INVESTIGACI\u00d3N A\u00d1O 2024 \u2013 GRUPOS DE INVESTIGACI\u00d3N<\/a><\/p>\n\n\n\n<p><span class=\"post-content__span\"> La Vicerrector\u00eda de Investigaciones, Innovaci\u00f3n y Extensi\u00f3n de la Universidad Tecnol\u00f3gica de Pereira, invita a participar en la presente convocatoria para la publicaci\u00f3n de cap\u00edtulos de libro resultados de proyectos de investigaci\u00f3n.<\/p>\n\n\n\n<h2 class=\"wp-block-heading\"><strong>Objetivo<\/strong><\/h2>\n\n\n\n<p><span class=\"post-content__span\"> Fomentar la producci\u00f3n intelectual de los grupos de investigaci\u00f3n de la Universidad Tecnol\u00f3gica de Pereira, a trav\u00e9s de la publicaci\u00f3n de trabajos resultado de proyectos de investigaci\u00f3n concluidos entre el a\u00f1o 2019 y la fecha de apertura de la presente convocatoria &nbsp;<strong>(09 de julio de 2024) <\/strong>&nbsp;<\/p>\n\n\n\n<h2 class=\"wp-block-heading\"><strong>Dirigido a:<\/strong><\/h2>\n\n\n\n<p><span class=\"post-content__span\"> Grupos de Investigaci\u00f3n inscritos en la Vicerrector\u00eda de Investigaciones, Innovaci\u00f3n y Extensi\u00f3n de la Universidad Tecnol\u00f3gica de Pereira y que hayan participado en la Convocatoria nacional para el reconocimiento y medici\u00f3n de grupos de investigaci\u00f3n, desarrollo tecnol\u00f3gico o de innovaci\u00f3n y para el reconocimiento de investigadores del Sistema Nacional de Ciencia, Tecnolog\u00eda e Innovaci\u00f3n &#8211; SNCTI 2021 (No 894 de 2021).&nbsp;<\/p>\n\n\n\n<h2 class=\"wp-block-heading\"><strong>Requisitos m\u00ednimos para participar<\/strong><\/h2>\n\n\n\n<ol class=\"wp-block-list\">\n<li>Podr\u00e1n participar los grupos de Investigaci\u00f3n inscritos en la Vicerrector\u00eda de Investigaciones, Innovaci\u00f3n y Extensi\u00f3n de la Universidad Tecnol\u00f3gica de Pereira y que hayan participado en la Convocatoria nacional para el reconocimiento y medici\u00f3n de grupos de investigaci\u00f3n, desarrollo tecnol\u00f3gico o de innovaci\u00f3n y para el reconocimiento de investigadores del Sistema Nacional de Ciencia, Tecnolog\u00eda e Innovaci\u00f3n &#8211; SNCTI 2021 (No 894 de 2021).&nbsp;<\/li>\n<\/ol>\n\n\n\n<ol start=\"2\" class=\"wp-block-list\">\n<li>Se aceptar\u00e1n dos autores por cap\u00edtulo de libro resultado de investigaci\u00f3n, de los cuales como m\u00ednimo uno deber\u00e1 ser docente de planta o transitorio de la Universidad Tecnol\u00f3gica de Pereira. Como coautor se podr\u00e1n vincular docentes catedr\u00e1ticos o externos. S\u00f3lo se podr\u00e1 presentar un trabajo en la convocatoria para la publicaci\u00f3n de Cap\u00edtulo de Libro de Investigaci\u00f3n &#8211; grupos de investigaci\u00f3n y no podr\u00e1 presentarse paralelamente en las convocatorias para la financiaci\u00f3n de publicaci\u00f3n de Libros de Investigaci\u00f3n, Textos Acad\u00e9micos, Ensayo &#8211; Obra Literaria \u2013 Libro de Artista &#8211; Cr\u00f3nica \u2013 Reportaje o Cap\u00edtulo de Libro de Investigaci\u00f3n &#8211; catedr\u00e1ticos.<\/li>\n<\/ol>\n\n\n\n<ol start=\"3\" class=\"wp-block-list\">\n<li>Los autores deber\u00e1n pertenecer al grupo de investigaci\u00f3n que presenta el trabajo, y estar vinculados al proyecto de investigaci\u00f3n del cual es resultado el cap\u00edtulo de libro, antes de la fecha de apertura de la presente convocatoria.&nbsp; <strong>(09 de julio de 2024).<\/strong><\/li>\n<\/ol>\n\n\n\n<ol start=\"4\" class=\"wp-block-list\">\n<li>Los autores (docentes UTP) deber\u00e1n registrarse en el Google Scholar, Researchgate y en ORCID.<\/li>\n<\/ol>\n\n\n\n<ol start=\"5\" class=\"wp-block-list\">\n<li>Se aceptar\u00e1n los cap\u00edtulos de libros resultados de proyectos concluidos entre el a\u00f1o 2019 y la fecha de apertura de la presente convocatoria &nbsp;<strong>(09 de julio de 2024) <\/strong>&nbsp;, inscritos en la Vicerrector\u00eda de Investigaciones, Innovaci\u00f3n y Extensi\u00f3n.&nbsp;<\/li>\n<\/ol>\n\n\n\n<ol start=\"6\" class=\"wp-block-list\">\n<li>El autor que se postule a la presente convocatoria deber\u00e1 encontrarse a Paz y Salvo en la Vicerrector\u00eda de Investigaciones, Innovaci\u00f3n y Extensi\u00f3n por todo concepto a la fecha de cierre de la convocatoria. (Informes Proyectos de Extensi\u00f3n, Informes Proyectos de Investigaci\u00f3n y Registros de Productos y Actualizaci\u00f3n del Grupo de Investigaci\u00f3n y Semilleros adscritos).<\/li>\n<\/ol>\n\n\n\n<ol start=\"7\" class=\"wp-block-list\">\n<li>Para la participaci\u00f3n en la convocatoria los autores deber\u00e1n entregar al Consejo de Facultad los siguientes documentos:&nbsp;<\/li>\n<\/ol>\n\n\n\n<ul class=\"wp-block-list\">\n<li>Carta de intenci\u00f3n (Ver anexo 1) para la participaci\u00f3n en la convocatoria.<\/li>\n<\/ul>\n\n\n\n<p><span class=\"post-content__span\"> NOTA: La carta de intenci\u00f3n deber\u00e1 radicarse a trav\u00e9s del correo electr\u00f3nico <strong>ventanillaunica@utp.edu.co<\/strong> dirigido a la Vicerrector\u00eda de Investigaciones, Innovaci\u00f3n y Extensi\u00f3n, con Asunto: CONVOCATORIA PARA FOMENTAR LA PUBLICACI\u00d3N DE CAP\u00cdTULOS DE LIBRO RESULTADO DE INVESTIGACI\u00d3N A\u00d1O 2024-GRUPOS DE INVESTIGACI\u00d3N.<\/p>\n\n\n\n<ul start=\"2\" class=\"wp-block-list\">\n<li>Formato de Registro de Autores (Anexo 2)<\/li>\n<\/ul>\n\n\n\n<ul start=\"3\" class=\"wp-block-list\">\n<li>Documento digital del cap\u00edtulo de libro a publicar en formato PDF. El documento debe ser in\u00e9dito y cumplir con los requisitos establecidos en el anexo 3 y contar con correcci\u00f3n de textos (redacci\u00f3n, ortograf\u00eda y normas) previa por parte del autor y validada en la evaluaci\u00f3n interna realizada por la Facultad.<\/li>\n<\/ul>\n\n\n\n<ul start=\"4\" class=\"wp-block-list\">\n<li>El Consejo de Facultad realizar\u00e1 la evaluaci\u00f3n interna del trabajo y emitir\u00e1 el aval correspondiente de ser el caso.<\/li>\n\n\n\n<li>El Consejo de Facultad enviar\u00e1 a la Vicerrector\u00eda de Investigaciones, Innovaci\u00f3n y Extensi\u00f3n hasta el <strong>20 de septiembre de 2024<\/strong> el aval de participaci\u00f3n a trav\u00e9s de memorando anexando los siguientes documentos:\n<ul class=\"wp-block-list\">\n<li>Propuestas de trabajos postulados con todos sus anexos:&nbsp; (Anexo 1: Carta de intenci\u00f3n y&nbsp; Anexo 2: Formato de registro de datos de autores).<\/li>\n\n\n\n<li>Evaluaci\u00f3n interna de cada una de las propuestas de cap\u00edtulos postulados.<\/li>\n<\/ul>\n<\/li>\n<\/ul>\n\n\n\n<h2 class=\"wp-block-heading\"><strong>Criterios de evaluaci\u00f3n<\/strong><\/h2>\n\n\n\n<p><span class=\"post-content__span\"> <strong>Criterios de Exclusi\u00f3n:&nbsp;<\/strong><\/p>\n\n\n\n<ul class=\"wp-block-list\">\n<li>El Comit\u00e9 Editorial revisar\u00e1 el cumplimiento de requisitos m\u00ednimos y establecer\u00e1 si algunos de los criterios son subsanables.<\/li>\n\n\n\n<li>El Comit\u00e9 Editorial revisar\u00e1 el cumplimiento de requisitos m\u00ednimos.<\/li>\n<\/ul>\n\n\n\n<ul class=\"wp-block-list\">\n<li>Se excluir\u00e1n del proceso de la convocatoria los trabajos que no cumplan con el porcentaje definido en el manual de lineamientos y en el reglamento editorial sobre el \u00edndice de coincidencia y similitud (30%).<\/li>\n<\/ul>\n\n\n\n<p><span class=\"post-content__span\"> <strong>Criterios de evaluaci\u00f3n y Selecci\u00f3n&nbsp;<\/strong><\/p>\n\n\n\n<ul class=\"wp-block-list\">\n<li>Promedio de las evaluaciones externas del cap\u00edtulo del libro.&nbsp;<\/li>\n<\/ul>\n\n\n\n<p><span class=\"post-content__span\"> <strong>Nota 1: <\/strong>La Vicerrector\u00eda de Investigaci\u00f3n, Innovaci\u00f3n y Extensi\u00f3n publicar\u00e1 el banco de elegibles seg\u00fan la revisi\u00f3n realizada. El banco de elegibles tendr\u00e1 vigencia \u00fanicamente de un a\u00f1o, por lo cual, los cap\u00edtulos de libros que no puedan ser publicados durante el 2024 podr\u00e1n participar en futuras convocatorias.<\/p>\n\n\n\n<p><span class=\"post-content__span\"> <strong>Nota 2: <\/strong>La recepci\u00f3n de un trabajo no implica obligatoriedad ni compromiso alguno para la Universidad de publicar.<\/p>\n\n\n\n<h2 class=\"wp-block-heading\"><strong>Cronograma<\/strong><\/h2>\n\n\n\n<figure class=\"wp-block-table\"><table><tbody><tr><td><strong>Actividad<\/strong><\/td><td><strong>Fecha<\/strong><\/td><\/tr><tr><td>Aprobaci\u00f3n de criterios de la convocatoria por el Comit\u00e9 Editorial<\/td><td><strong>13 de febrero de 2024<\/strong><\/td><\/tr><tr><td>Aprobaci\u00f3n de criterios de la convocatoria por el Consejo Acad\u00e9mico<\/td><td><strong>19 de junio de 2024<\/strong><\/td><\/tr><tr><td>Apertura de la Convocatoria<\/td><td><strong>09 de julio de 2024<\/strong><\/td><\/tr><tr><td>Fecha m\u00e1xima de entrega de trabajos a las facultades a trav\u00e9s de gesti\u00f3n de documentos.&nbsp;<strong>NOTA: Para participar en la convocatoria, los autores deben remitir el cap\u00edtulo postulado en PDF y los anexos 1 Carta de intenci\u00f3n , 2 Formato de registro de datos de autores<\/strong> <strong>al Consejo de Facultad.<\/strong><\/td><td><strong>23 de agosto de 2024<\/strong><\/td><\/tr><tr><td>Aval del consejo de facultad y evaluaci\u00f3n interna de los cap\u00edtulos postulados a la convocatoria.&nbsp;<strong>NOTA: La facultad deber\u00e1 remitir a la Vicerrector\u00eda de Investigaciones, Innovaci\u00f3n y Extensi\u00f3n las propuestas de cap\u00edtulos avalados, con sus respectivos anexos 1 Carta de intenci\u00f3n y 2 Formato de registro de datos de autores&nbsp; y la evaluaci\u00f3n interna de cada uno de ellos.&nbsp;<\/strong><\/td><td><strong>20 de septiembre de 2024<\/strong><\/td><\/tr><tr><td>Revisi\u00f3n de cumplimiento de requisitos m\u00ednimos por parte del Comit\u00e9 Editorial.<\/td><td><strong>26 de septiembre de 2024<\/strong><\/td><\/tr><tr><td>Publicaci\u00f3n de resultados de los trabajos que cumplieron con los requisitos m\u00ednimos.<\/td><td><strong>01 de octubre de 2024<\/strong><\/td><\/tr><tr><td>Consultas y aclaraci\u00f3n de inquietudes sobre resultados publicados de los trabajos que cumplieron con los requisitos m\u00ednimos \u2013 enviar solicitud al correo electr\u00f3nico (procesoeditorial@utp.edu.co)<\/td><td><strong>01 y 02 de octubre de 2024<\/strong><\/td><\/tr><tr><td>Evaluaci\u00f3n de las propuestas por pares externos<\/td><td><strong>01 de octubre al 05 de noviembre de 2024<\/strong><\/td><\/tr><tr><td>Revisi\u00f3n de resultados de las evaluaciones externas por Comit\u00e9 Editorial.<\/td><td><strong>08 de noviembre de 2024<\/strong><\/td><\/tr><tr><td>Publicaci\u00f3n de resultados finales<\/td><td><strong>13 de noviembre de 2024<\/strong><\/td><\/tr><\/tbody><\/table><\/figure>\n\n\n\n<p><span class=\"post-content__span\"> <strong>NOTA:<\/strong> El Consejo Acad\u00e9mico de la Universidad Tecnol\u00f3gica de Pereira autoriza a la Vicerrector\u00eda de Investigaciones, Innovaci\u00f3n y Extensi\u00f3n, previa recomendaci\u00f3n del Comit\u00e9 Editorial, para modificar el cronograma de la presente convocatoria cuando las circunstancias lo requieran, modificaci\u00f3n que ser\u00e1 publicada a trav\u00e9s de adendas a la presente convocatoria.<\/p>\n\n\n\n<h2 class=\"wp-block-heading\"><strong>ANEXOS<\/strong><\/h2>\n\n\n\n<p><span class=\"post-content__span\"> <strong><a href=\"https:\/\/vicerrectorias.utp.edu.co\/viie\/wp-content\/uploads\/sites\/3\/Anexo-1.-carta-de-intencion-convocatoria-2024-2.docx\" data-type=\"link\" data-id=\"https:\/\/vicerrectorias.utp.edu.co\/viie\/wp-content\/uploads\/sites\/3\/Anexo-1.-carta-de-intencion-convocatoria-2024-2.docx\">Anexo 1. Carta de intenci\u00f3n<\/a><\/strong><\/p>\n\n\n\n<p><span class=\"post-content__span\"> <a href=\"https:\/\/vicerrectorias.utp.edu.co\/viie\/wp-content\/uploads\/sites\/3\/Anexo-2.-Formato-de-registro-de-datos-de-autores-2-4-1.xlsx\" data-type=\"link\" data-id=\"https:\/\/vicerrectorias.utp.edu.co\/viie\/wp-content\/uploads\/sites\/3\/Anexo-2.-Formato-de-registro-de-datos-de-autores-2-4-1.xlsx\"><strong>Anexo 2. Formato de registro de datos de autores<\/strong><\/a><\/p>\n\n\n\n<p><span class=\"post-content__span\"> <a href=\"https:\/\/vicerrectorias.utp.edu.co\/viie\/wp-content\/uploads\/sites\/3\/Anexo-3-Formato-Capitulo-2-1.docx\" data-type=\"link\" data-id=\"https:\/\/vicerrectorias.utp.edu.co\/viie\/wp-content\/uploads\/sites\/3\/Anexo-3-Formato-Capitulo-2-1.docx\"><strong>Anexo 3. Formato de cap\u00edtulo&nbsp;<\/strong><\/a><\/p>\n\n\n\n<p><span class=\"post-content__span\"> <\/p>\n\n\n\n<h2 class=\"wp-block-heading\">Informaci\u00f3n<\/h2>\n\n\n\n<p><span class=\"post-content__span\"> Vicerrector\u00eda de Investigaciones, Innovaci\u00f3n y Extensi\u00f3n.<\/p>\n\n\n\n<p><span class=\"post-content__span\"> <strong>Contacto:&nbsp;<\/strong>Luis Miguel Vargas Valencia<\/p>\n\n\n\n<p><span class=\"post-content__span\"> <strong>Email:&nbsp;<\/strong><a href=\"http:\/\/procesoeditorial@utp.edu.co\/\">procesoeditorial@utp.edu.co<\/a><\/p>\n\n\n\n<p><span class=\"post-content__span\"> <strong>Extensi\u00f3n:&nbsp;<\/strong>7381<\/p>\n","protected":false},"excerpt":{"rendered":"<p>VER: ADENDA #2 \u200b\u200b\u200b\u200b\u200b\u200b\u200b\u200bFecha de Publicaci\u00f3n:&nbsp;29 de noviembre de 2024 VER: ADENDA #1 \u200b\u200b\u200b\u200b\u200b\u200b\u200b\u200bFecha de Publicaci\u00f3n:&nbsp;06 de noviembre de 2024 ACUERDO CONSEJO ACAD\u00c9MICO No. 24 POR MEDIO DEL CUAL SE [&#8230;]<\/p>\n","protected":false},"author":12,"featured_media":0,"comment_status":"closed","ping_status":"","sticky":false,"template":"","format":"standard","meta":{"footnotes":""},"categories":[7],"tags":[],"class_list":["post-14863","post","type-post","status-publish","format-standard","hentry","category-convocatorias"],"_links":{"self":[{"href":"https:\/\/vicerrectorias.utp.edu.co\/viie\/wp-json\/wp\/v2\/posts\/14863","targetHints":{"allow":["GET"]}}],"collection":[{"href":"https:\/\/vicerrectorias.utp.edu.co\/viie\/wp-json\/wp\/v2\/posts"}],"about":[{"href":"https:\/\/vicerrectorias.utp.edu.co\/viie\/wp-json\/wp\/v2\/types\/post"}],"author":[{"embeddable":true,"href":"https:\/\/vicerrectorias.utp.edu.co\/viie\/wp-json\/wp\/v2\/users\/12"}],"replies":[{"embeddable":true,"href":"https:\/\/vicerrectorias.utp.edu.co\/viie\/wp-json\/wp\/v2\/comments?post=14863"}],"version-history":[{"count":7,"href":"https:\/\/vicerrectorias.utp.edu.co\/viie\/wp-json\/wp\/v2\/posts\/14863\/revisions"}],"predecessor-version":[{"id":17337,"href":"https:\/\/vicerrectorias.utp.edu.co\/viie\/wp-json\/wp\/v2\/posts\/14863\/revisions\/17337"}],"wp:attachment":[{"href":"https:\/\/vicerrectorias.utp.edu.co\/viie\/wp-json\/wp\/v2\/media?parent=14863"}],"wp:term":[{"taxonomy":"category","embeddable":true,"href":"https:\/\/vicerrectorias.utp.edu.co\/viie\/wp-json\/wp\/v2\/categories?post=14863"},{"taxonomy":"post_tag","embeddable":true,"href":"https:\/\/vicerrectorias.utp.edu.co\/viie\/wp-json\/wp\/v2\/tags?post=14863"}],"curies":[{"name":"wp","href":"https:\/\/api.w.org\/{rel}","templated":true}]}}