{"id":14797,"date":"2024-07-09T18:00:33","date_gmt":"2024-07-09T16:00:33","guid":{"rendered":"https:\/\/vicerrectorias.utp.edu.co\/viie\/?p=14797"},"modified":"2024-09-04T14:52:40","modified_gmt":"2024-09-04T12:52:40","slug":"convocatoria-abiertas-del-sistema-general-de-regalias","status":"publish","type":"post","link":"https:\/\/vicerrectorias.utp.edu.co\/viie\/convocatoria-abiertas-del-sistema-general-de-regalias\/","title":{"rendered":"Convocatorias Abiertas del Sistema General de Regal\u00edas"},"content":{"rendered":"\n<figure class=\"wp-block-image size-large\"><img loading=\"lazy\" decoding=\"async\" width=\"1024\" height=\"232\" src=\"https:\/\/vicerrectorias.utp.edu.co\/viie\/wp-content\/uploads\/sites\/3\/encabezado_convocatorias-1-1024x232.png\" alt=\"\" class=\"wp-image-14798\" srcset=\"https:\/\/vicerrectorias.utp.edu.co\/viie\/wp-content\/uploads\/sites\/3\/encabezado_convocatorias-1-1024x232.png 1024w, https:\/\/vicerrectorias.utp.edu.co\/viie\/wp-content\/uploads\/sites\/3\/encabezado_convocatorias-1-300x68.png 300w, https:\/\/vicerrectorias.utp.edu.co\/viie\/wp-content\/uploads\/sites\/3\/encabezado_convocatorias-1-768x174.png 768w, https:\/\/vicerrectorias.utp.edu.co\/viie\/wp-content\/uploads\/sites\/3\/encabezado_convocatorias-1-1536x349.png 1536w, https:\/\/vicerrectorias.utp.edu.co\/viie\/wp-content\/uploads\/sites\/3\/encabezado_convocatorias-1.png 2000w\" sizes=\"auto, (max-width: 1024px) 100vw, 1024px\" \/><\/figure>\n\n\n\n<p><span class=\"post-content__span\"> <\/p>\n\n\n<div class=\"wp-block-image\">\n<figure class=\"aligncenter size-full is-resized\"><img loading=\"lazy\" decoding=\"async\" width=\"575\" height=\"202\" src=\"https:\/\/vicerrectorias.utp.edu.co\/viie\/wp-content\/uploads\/sites\/3\/7-7.png\" alt=\"\" class=\"wp-image-14799\" style=\"width:325px;height:auto\" srcset=\"https:\/\/vicerrectorias.utp.edu.co\/viie\/wp-content\/uploads\/sites\/3\/7-7.png 575w, https:\/\/vicerrectorias.utp.edu.co\/viie\/wp-content\/uploads\/sites\/3\/7-7-300x105.png 300w\" sizes=\"auto, (max-width: 575px) 100vw, 575px\" \/><\/figure>\n<\/div>\n\n\n<h3 class=\"wp-block-heading has-text-color has-link-color has-large-font-size wp-elements-7c3d549dbfd73e3125f48aafe7867f64\" style=\"color:#0026c0\"><\/h3>\n\n\n\n<p><span class=\"post-content__span\"> La Vicerrector\u00eda de Investigaciones, Innovaci\u00f3n y Extensi\u00f3n, comparte&nbsp;el procedimiento para tramitar la carta de aval para la participaci\u00f3n en las convocatorias del <em>Sistema General de Regal\u00edas<\/em>.<\/p>\n\n\n\n<h3 class=\"wp-block-heading has-text-color has-link-color has-large-font-size wp-elements-987fc6c1e7c1b8202213a7b745cecaff\" style=\"color:#0026c0\"><strong><strong>Procedimiento de inscripci\u00f3n y solicitud de carta aval institucional<\/strong><\/strong><\/h3>\n\n\n\n<figure class=\"wp-block-table\"><table><tbody><tr><td>&#8211;<strong>Solicitudes de aval<\/strong><\/td><td>Se recibir\u00e1n a trav\u00e9s del correo electr\u00f3nico&nbsp; <strong><a href=\"mailto:innovacionutp@utp.edu.co\" target=\"_blank\" rel=\"noreferrer noopener\">innovacionutp@utp.edu.co<\/a>&nbsp; <\/strong>a m\u00e1s tardar <strong>el 27 de septiembre<\/strong> remitiendo reporte del&nbsp;<strong>formulario SIGP<\/strong>,&nbsp;<strong>carta de aval completamente diligenciada&nbsp;<\/strong>, acompa\u00f1ada de los anexos requeridos por la convocatoria.&nbsp;&nbsp;<\/td><\/tr><tr><td>&#8211;<strong>Anexo&nbsp;Proyectos de ciencia, tecnolog\u00eda e innovaci\u00f3n gestionados, ejecutados del proponente e integrantes de la alianza<\/strong><\/td><td>Para el diligenciamiento de este <strong>anexo<\/strong> se debe remitir la solicitud de informaci\u00f3n al correo electr\u00f3nico<strong>\u00a0<a href=\"mailto:investigaciones@utp.edu.co\" target=\"_blank\" rel=\"noreferrer noopener\">investigaciones@utp.edu.co<\/a>\u00a0<\/strong>a m\u00e1s tardar el<strong>\u00a023 de septiembre<\/strong><\/td><\/tr><tr><td><strong>-Aval del Comit\u00e9 de \u00c9tica<\/strong><\/td><td>Si la propuesta requiere de aval del<strong> Comit\u00e9 de \u00c9tica<\/strong> <strong>de la Investigaci\u00f3n,<\/strong> deber\u00e1 realizar la solicitud antes del\u00a0<strong>19 de septiembre<\/strong>, de acuerdo al procedimiento establecido que se puede consultar en el siguiente enlace <a href=\"https:\/\/vicerrectorias.utp.edu.co\/viie\/comite-de-bioetica\/\"><strong>(Ver enlace)<\/strong><\/a> Para mayor informaci\u00f3n comunicarse al correo <strong><a href=\"mailto:comitedebioetica@utp.edu.co\">comitedebioetica@utp.edu.co<\/a><\/strong><\/td><\/tr><\/tbody><\/table><\/figure>\n\n\n\n<p><span class=\"post-content__span\"> <\/p>\n\n\n\n<p><span class=\"post-content__span\"> Es importante tener en cuenta las siguientes consideraciones para&nbsp;<strong>soportar la contrapartida <\/strong><strong>en especie<\/strong>&nbsp;de la Universidad Tecnol\u00f3gica de Pereira<\/p>\n\n\n\n<ul class=\"wp-block-list\">\n<li>Tiempo de dedicaci\u00f3n de docentes de planta y \/o transitorios con una participaci\u00f3n m\u00e1xima de&nbsp;<strong>13 horas a la semana<\/strong>. El valor de la hora indicado por docente debe corresponder al salario base devengado, sin contemplar bonificaciones, asistencias t\u00e9cnicas, est\u00edmulos, extras, etc.&nbsp;<\/li>\n<\/ul>\n\n\n\n<p><span class=\"post-content__span\"> <\/p>\n\n\n\n<ul class=\"wp-block-list\">\n<li>En el caso del tiempo de dedicaci\u00f3n de los&nbsp;<strong>docentes transitorios<\/strong>, es necesario adjuntar una carta del Decano y\/o Jefe inmediato donde se establezca que las actividades que desarrollar\u00e1n en el proyecto est\u00e1n impl\u00edcitas&nbsp;en sus funciones lo que no le constituir\u00e1 una contrataci\u00f3n o pago adicional a la Universidad, ni disminuci\u00f3n de docencia directa.<\/li>\n<\/ul>\n\n\n\n<p><span class=\"post-content__span\"> <\/p>\n\n\n\n<ul class=\"wp-block-list\">\n<li>Para validar el valor de la hora pueden remitir la solicitud al correo electr\u00f3nico&nbsp; <strong><a href=\"mailto:innovacionutp@utp.edu.co\" target=\"_blank\" rel=\"noreferrer noopener\">innovacionutp@utp.edu.co<\/a>&nbsp;<\/strong>indicando nombre completo y n\u00famero de c\u00e9dula del docente de planta \u00f3 transitorio.&nbsp;<\/li>\n<\/ul>\n\n\n\n<p><span class=\"post-content__span\"> <\/p>\n\n\n\n<ul class=\"wp-block-list\">\n<li>Se contempla como aporte en especie el&nbsp;<strong>Uso de los equipos<\/strong>, el aporte corresponde a la depreciaci\u00f3n de cada equipo y se estima el 10% anual del valor comercial de los equipos (El valor comercial puede comprobarse en el registro de inventario), adicionalmente cada equipo relacionado debe aparecer en el inventario de alguno de los docentes participantes en el proyecto, lo anterior teniendo en cuenta que toda contrapartida debe ser certificable y demostrable. (Ver anexo:&nbsp;<strong>Modelo contrapartida de equipos<\/strong>)&nbsp;<\/li>\n<\/ul>\n\n\n\n<p><span class=\"post-content__span\"> <\/p>\n\n\n\n<ul class=\"wp-block-list\">\n<li>El uso de espacios e infraestructura de la Universidad puede cuantificarse como aporte, en este caso debe realizar la solicitud de valoraci\u00f3n a la Oficina de Planeaci\u00f3n quien a trav\u00e9s de una certificaci\u00f3n indica el costo del uso del espacio. La solicitud debe remitirse al Ing. Juli\u00e1n C\u00e1rdenas (<strong><a href=\"mailto:j.cardenas1@utp.edu.co\" target=\"_blank\" rel=\"noreferrer noopener\">j.cardenas1@utp.edu.co<\/a><\/strong>) a m\u00e1s&nbsp;<strong>tardar el 16 de agosto&nbsp;<\/strong>(Ver anexo:&nbsp;<strong>Modelo certificaci\u00f3n uso de espacios<\/strong>).&nbsp;<\/li>\n<\/ul>\n\n\n\n<h3 class=\"wp-block-heading has-text-color has-link-color has-large-font-size wp-elements-aa976c28336177fc8232923da79a7fca\" style=\"color:#0026c0\"><strong>Formatos de contrapartida<\/strong><\/h3>\n\n\n\n<ul class=\"wp-block-list\">\n<li>Modelo contrapartida de equipos <a href=\"https:\/\/vicerrectorias.utp.edu.co\/viie\/wp-content\/uploads\/sites\/3\/Modelo-Contrapartida-equipos.xlsx\"><strong>(Anexo)<\/strong><\/a><\/li>\n\n\n\n<li>Modelo certificaci\u00f3n uso de espacios <a href=\"https:\/\/vicerrectorias.utp.edu.co\/viie\/wp-content\/uploads\/sites\/3\/Modelo-Certificacion-uso-de-espacios.docx\"><strong>(Anexo)<\/strong><\/a><\/li>\n<\/ul>\n\n\n\n<p><span class=\"post-content__span\"> <\/p>\n\n\n\n<h3 class=\"wp-block-heading has-text-color has-link-color has-large-font-size wp-elements-01f29a59fbf7c7f6740a45e888cd4342\" style=\"color:#0026c0\"><strong>Revisa las convocatoria<\/strong>s <strong>abiertas del SGR <\/strong><\/h3>\n\n\n\n<p class=\"has-black-color has-text-color has-background has-link-color wp-elements-52c3aaa5c9808e088b5dc8760e5229d8\" style=\"background-color:#8dd2fc24\"><strong>38.<\/strong><strong> Convocatoria de la asignaci\u00f3n para la ciencia, tecnolog\u00eda e innovaci\u00f3n del sistema general de regal\u00edas para la conformaci\u00f3n de un listado de proyectos elegibles para la seguridad sanitaria, la salud y el bienestar de la poblaci\u00f3n en el territorio nacional<\/strong><\/p>\n\n\n\n<p><span class=\"post-content__span\"> <strong>Objetivo:<\/strong><\/p>\n\n\n\n<p><span class=\"post-content__span\"> Fortalecer las capacidades territoriales en Ciencia, Tecnolog\u00eda e Innovaci\u00f3n en salud mediante la conformaci\u00f3n de un listado de proyectos elegibles de Investigaci\u00f3n, Desarrollo e Innovaci\u00f3n orientados hacia la Atenci\u00f3n Primaria en Salud, desde un enfoque preventivo, predictivo y resolutivo, para responder a las demandas territoriales establecidas en el \u201cReto 4. Garantizar la seguridad sanitaria, la salud y el bienestar de la poblaci\u00f3n en el territorio nacional\u201d del plan bienal de convocatorias 2023- 2024.<\/p>\n\n\n\n<p><span class=\"post-content__span\"> <a href=\"https:\/\/vicerrectorias.utp.edu.co\/viie\/wp-content\/uploads\/sites\/3\/modificacin_no._1_convocatoria_40_30ago2024-Convocatoria-38-1.pdf\">Revisar Adenda N\u00b01<\/a><\/p>\n\n\n\n<p><span class=\"post-content__span\"> <strong>Fecha de cierre:<\/strong>&nbsp;04 de octubre de 2024<\/p>\n\n\n\n<div class=\"wp-block-buttons is-content-justification-center is-layout-flex wp-container-core-buttons-is-layout-16018d1d wp-block-buttons-is-layout-flex\">\n<div class=\"wp-block-button is-style-outline is-style-outline--1\"><a class=\"wp-block-button__link has-text-color has-link-color wp-element-button\" href=\"https:\/\/minciencias.gov.co\/convocatorias\/plan-convocatorias-asctei-2023-2024\/convocatoria-la-asignacion-para-la-ciencia-1\" style=\"color:#0026c0\" target=\"_blank\" rel=\"noreferrer noopener\">Conoce m\u00e1s en MinCiencias<\/a><\/div>\n<\/div>\n\n\n\n<p><span class=\"post-content__span\"> <\/p>\n\n\n\n<p class=\"has-black-color has-text-color has-background has-link-color wp-elements-c85709320019007f0e79c130c91643d4\" style=\"background-color:#8dd2fc24\"><strong>39.&nbsp;<\/strong><strong>Convocatoria de la asignaci\u00f3n para la ciencia, tecnolog\u00eda e innovaci\u00f3n del sistema general de regal\u00edas para la conformaci\u00f3n de un listado de proyectos elegibles que contribuyan a la erradicaci\u00f3n de la violencia para la construcci\u00f3n de sociedades m\u00e1s seguras, justas y equitativas de la poblaci\u00f3n en el territorio nacional en el marco del reto 5 del plan bienal de convocatorias 2023-2024 \u201cponer fin a todas las formas de violencia\u201d<\/strong><\/p>\n\n\n\n<p><span class=\"post-content__span\"> <strong>Objetivo:<\/strong><\/p>\n\n\n\n<p><span class=\"post-content__span\"> Conformar un listado de proyectos elegibles de Ciencia, Tecnolog\u00eda e Innovaci\u00f3n (CTeI) que, a trav\u00e9s de la investigaci\u00f3n, desarrollo tecnol\u00f3gico, la innovaci\u00f3n, la apropiaci\u00f3n social del conocimiento y la formaci\u00f3n de talento humano, aborden las demandas territoriales del reto 5 &#8216;Poner fin a todas las formas de violencia&#8217; del Plan de Convocatorias del bienio 2023-2024.<\/p>\n\n\n\n<p><span class=\"post-content__span\"> <br>El prop\u00f3sito es establecer y fortalecer ecosistemas de ciencia y paz que contribuyan al cierre de brechas territoriales y al bienestar integral de Colombia, mediante la implementaci\u00f3n de iniciativas de CTeI con un enfoque restaurativo y de justicia social, econ\u00f3mica y ambiental.<\/p>\n\n\n\n<p><span class=\"post-content__span\"> <em>Los ejes tem\u00e1ticos son:&nbsp;Ecosistemas de ciencia y paz&nbsp;<\/em><\/p>\n\n\n\n<p><span class=\"post-content__span\"> <a href=\"https:\/\/vicerrectorias.utp.edu.co\/viie\/wp-content\/uploads\/sites\/3\/modificacin_no._1_convocatoria_40_30ago2024-Convocatoria-39.pdf\">Revisar Adenda N\u00b01<\/a><\/p>\n\n\n\n<p><span class=\"post-content__span\"> <strong>Fecha de cierre:<\/strong>&nbsp;04 de octubre de 2024<\/p>\n\n\n\n<div class=\"wp-block-buttons is-content-justification-center is-layout-flex wp-container-core-buttons-is-layout-16018d1d wp-block-buttons-is-layout-flex\">\n<div class=\"wp-block-button is-style-outline is-style-outline--2\"><a class=\"wp-block-button__link has-text-color has-link-color wp-element-button\" href=\"https:\/\/minciencias.gov.co\/convocatorias\/plan-convocatorias-asctei-2023-2024\/convocatoria-la-asignacion-para-la-ciencia-2\" style=\"color:#0026c0\" target=\"_blank\" rel=\"noreferrer noopener\">Conoce m\u00e1s en MinCiencias<\/a><\/div>\n<\/div>\n\n\n\n<p><span class=\"post-content__span\"> <\/p>\n\n\n\n<p class=\"has-black-color has-text-color has-background has-link-color wp-elements-7ab36566141fd8e61c80f553aa311733\" style=\"background-color:#8dd2fc24\"><strong>40.&nbsp;<\/strong><strong>Convocatoria de la asignaci\u00f3n para la ciencia, tecnolog\u00eda e innovaci\u00f3n del sistema general de regal\u00edas para la conformaci\u00f3n de un listado de proyectos orientados al desarrollo de ecosistemas de investigaci\u00f3n e innovaci\u00f3n para la transici\u00f3n energ\u00e9tica justa, en el marco del reto 3 del plan bienal de convocatorias 2023 \u2013 2024 \u201casegurar la generaci\u00f3n, acceso y uso de energ\u00edas sostenibles para todos\u201d<\/strong><\/p>\n\n\n\n<p><span class=\"post-content__span\"> <strong>Objetivo:<\/strong><\/p>\n\n\n\n<p><span class=\"post-content__span\"> Impulsar el desarrollo de Ecosistemas de Investigaci\u00f3n e Innovaci\u00f3n para la transici\u00f3n energ\u00e9tica justa, mediante la conformaci\u00f3n de un banco de proyectos elegibles de I+D+i orientados al desarrollo, adopci\u00f3n y adaptaci\u00f3n de tecnolog\u00edas, que aprovechen sosteniblemente el potencial de los recursos naturales de las regiones, desarrollen cadenas de valor y generen capacidades de CTeI en los territorios; en el marco del reto tres (3) \u201cAsegurar la generaci\u00f3n, acceso y uso de energ\u00edas sostenibles para todos\u201d del Plan Bienal de Convocatorias 2023 \u2013 2024.<\/p>\n\n\n\n<p><span class=\"post-content__span\"> <em>Los ejes tem\u00e1ticos son:&nbsp;Energ\u00edas sostenibles<\/em><\/p>\n\n\n\n<p><span class=\"post-content__span\"> <a href=\"https:\/\/vicerrectorias.utp.edu.co\/viie\/wp-content\/uploads\/sites\/3\/modificacin_no._1_convocatoria_40_30ago2024-Convocatoria-39.pdf\">Revisar Adenda N\u00b01<\/a><\/p>\n\n\n\n<p><span class=\"post-content__span\"> <strong>Fecha de cierre:<\/strong>&nbsp;04 de octubre de 2024<\/p>\n\n\n\n<div class=\"wp-block-buttons is-content-justification-center is-layout-flex wp-container-core-buttons-is-layout-16018d1d wp-block-buttons-is-layout-flex\">\n<div class=\"wp-block-button is-style-outline is-style-outline--3\"><a class=\"wp-block-button__link has-text-color has-link-color wp-element-button\" href=\"https:\/\/minciencias.gov.co\/convocatorias\/plan-convocatorias-asctei-2023-2024\/convocatoria-la-asignacion-para-la-ciencia-3\" style=\"color:#0026c0\" target=\"_blank\" rel=\"noreferrer noopener\">Conoce m\u00e1s en MinCiencias<\/a><\/div>\n<\/div>\n\n\n\n<p><span class=\"post-content__span\"> <\/p>\n\n\n\n<p class=\"has-black-color has-text-color has-background has-link-color wp-elements-16d3be7ac3eb495b7ab6ed49aac9b1b5\" style=\"background-color:#8dd2fc24\"><strong>41.&nbsp;<\/strong><strong>Convocatoria de asignaci\u00f3n para la ciencia, tecnolog\u00eda e innovaci\u00f3n del sistema general de regal\u00edas para la conformaci\u00f3n de un listado de proyectos elegibles que contribuyan a la creaci\u00f3n de conocimiento, desarrollo de tecnolog\u00eda e investigaci\u00f3n apropiada en productividad agr\u00edcola y agroecolog\u00eda, implementada por productores como agricultores campesinos, familiares, \u00e9tnicos y comunitarios -acfec- u otras formas de producci\u00f3n sostenibles en el marco del reto dos del plan bienal de convocatorias 2023 \u2013 2024 \u201cgarantizar la soberan\u00eda alimentaria y el derecho a la alimentaci\u00f3n.<\/strong><\/p>\n\n\n\n<p><span class=\"post-content__span\"> <strong>Objetivo:<\/strong><\/p>\n\n\n\n<p><span class=\"post-content__span\"> Contribuir a la investigaci\u00f3n y desarrollo tecnol\u00f3gico para la generaci\u00f3n del conocimiento alrededor de la agroecolog\u00eda implementada por productores como los Agricultores Campesinos, Familiares, \u00c9tnicos y Comunitarios-ACFEC u otras formas de producci\u00f3n sostenibles mediante la conformaci\u00f3n de un listado de proyectos elegibles en Ciencia, Tecnolog\u00eda e Innovaci\u00f3n (CTeI) en el marco del Reto 2 del Plan Bienal de Convocatorias 2023 \u2013 2024 \u201cGarantizar la Soberan\u00eda Alimentaria y el Derecho a la Alimentaci\u00f3n\u201d<\/p>\n\n\n\n<p><span class=\"post-content__span\"> <em>Los ejes tem\u00e1ticos son:&nbsp;Soberan\u00eda Alimentaria y el Derecho a la Alimentaci\u00f3n<\/em><\/p>\n\n\n\n<p><span class=\"post-content__span\"> <a href=\"https:\/\/vicerrectorias.utp.edu.co\/viie\/wp-content\/uploads\/sites\/3\/modificacin_no._1_convocatoria_41_30ago2024-Convocatoria-41.pdf\">Revisar Adenda N\u00b01<\/a><\/p>\n\n\n\n<p><span class=\"post-content__span\"> <strong>Fecha de cierre:<\/strong>&nbsp;04 de octubre de 2024<\/p>\n\n\n\n<div class=\"wp-block-buttons is-content-justification-center is-layout-flex wp-container-core-buttons-is-layout-16018d1d wp-block-buttons-is-layout-flex\">\n<div class=\"wp-block-button is-style-outline is-style-outline--4\"><a class=\"wp-block-button__link has-text-color has-link-color wp-element-button\" href=\"https:\/\/minciencias.gov.co\/convocatorias\/plan-convocatorias-asctei-2023-2024\/convocatoria-asignacion-para-la-ctei-del-sgr-para\" style=\"color:#0026c0\" target=\"_blank\" rel=\"noreferrer noopener\">Conoce m\u00e1s en MinCiencias<\/a><\/div>\n<\/div>\n\n\n\n<p><span class=\"post-content__span\"> <\/p>\n\n\n\n<p class=\"has-black-color has-text-color has-background has-link-color wp-elements-45b9606662d2688cd21558d1021b7353\" style=\"background-color:#8dd2fc24\"><strong>42.&nbsp;Convocatoria de la asignaci\u00f3n para la ciencia, tecnolog\u00eda e innovaci\u00f3n del sistema general de regal\u00edas para la conformaci\u00f3n de un listado de proyectos elegibles para la convergencia regional y el ordenamiento del territorio<\/strong><\/p>\n\n\n\n<p><span class=\"post-content__span\"> <strong>Objetivo:<\/strong><\/p>\n\n\n\n<p><span class=\"post-content__span\"> Impulsar proyectos que fomenten la convergencia supramunicipales, intrarregionales e interregionales&nbsp;y a la vez fortalezcan las vocaciones productivas y sociales, los v\u00ednculos urbano-rurales, interurbanos y subregionales a trav\u00e9s de la ciencia, tecnolog\u00eda e innovaci\u00f3n, con el fin, de reducir las brechas socioecon\u00f3micas mediante la conformaci\u00f3n de un listado de proyectos elegibles en CTeI que contribuyan a atender las demandas territoriales del \u201cReto 6. Convergencia regional y ordenamiento territorial\u201d del plan bienal 2023-2024 y la transformaci\u00f3n del Plan Nacional de Desarrollo \u201cConvergencia Regional\u201d.<\/p>\n\n\n\n<p><span class=\"post-content__span\"> <a href=\"https:\/\/vicerrectorias.utp.edu.co\/viie\/wp-content\/uploads\/sites\/3\/modificacin_no._1_convocatoria_42_30ago2024-Convocatoria-42.pdf\">Revisar Adenda N\u00b01<\/a><\/p>\n\n\n\n<p><span class=\"post-content__span\"> <strong>Fecha de cierre:<\/strong>&nbsp;04 de octubre de 2024<\/p>\n\n\n\n<div class=\"wp-block-buttons is-content-justification-center is-layout-flex wp-container-core-buttons-is-layout-16018d1d wp-block-buttons-is-layout-flex\">\n<div class=\"wp-block-button is-style-outline is-style-outline--5\"><a class=\"wp-block-button__link has-text-color has-link-color wp-element-button\" href=\"https:\/\/minciencias.gov.co\/convocatorias\/plan-convocatorias-asctei-2023-2024\/convocatoria-la-asignacion-para-la-ciencia-4\" style=\"color:#0026c0\" target=\"_blank\" rel=\"noreferrer noopener\">Conoce m\u00e1s en MinCiencias<\/a><\/div>\n<\/div>\n\n\n\n<p><span class=\"post-content__span\"> <\/p>\n\n\n\n<p class=\"has-black-color has-text-color has-background has-link-color wp-elements-b12455cd3fe76802b939c7c2389bede0\" style=\"background-color:#8dd2fc24\"><strong>43.&nbsp;<\/strong>&nbsp;<strong>Convocatoria de la asignaci\u00f3n para la ciencia, tecnolog\u00eda e innovaci\u00f3n del sistema general de regal\u00edas para la conformaci\u00f3n de un listado de proyectos elegibles para aprovechar el conocimiento, conservaci\u00f3n y uso sostenible de la biodiversidad y los bienes y servicios ecosist\u00e9micos en el territorio nacional<\/strong><\/p>\n\n\n\n<p><span class=\"post-content__span\"> <strong>Objetivo:<\/strong><\/p>\n\n\n\n<p><span class=\"post-content__span\"> Conformar un listado de proyectos elegibles que contribuyan a la generaci\u00f3n de conocimiento, desarrollo tecnol\u00f3gico e innovaci\u00f3n para responder al Reto 1 \u201cAprovechar el conocimiento, conservaci\u00f3n y uso sostenible de la biodiversidad, bienes y servicios ecosist\u00e9micos\u201d y sus demandas territoriales establecidas en el plan bienal de convocatorias 2023-2024, incentivando su implementaci\u00f3n en ecosistemas estrat\u00e9gicos, mediante una alianza entre entidades regionales del SNCTI que vinculen a J\u00f3venes Investigadores e Innovadores, estudiantes de Maestr\u00eda y Doctores en estancias posdoctorales para el desarrollo de sus proyectos.<\/p>\n\n\n\n<p><span class=\"post-content__span\"> <em>Los ejes tem\u00e1ticos son:&nbsp;<\/em><em>Biodiversidad, bienes y servicios ecosist\u00e9micos<\/em><\/p>\n\n\n\n<p><span class=\"post-content__span\"> <a href=\"https:\/\/vicerrectorias.utp.edu.co\/viie\/wp-content\/uploads\/sites\/3\/modificacin_no._1_convocatoria_43_30ago2024-Convocatoria-43.pdf\">Revisar Adenda N\u00b01<\/a><\/p>\n\n\n\n<p><span class=\"post-content__span\"> <strong>Fecha de cierre:<\/strong>&nbsp;04 de octubre de 2024<\/p>\n\n\n\n<div class=\"wp-block-buttons is-content-justification-space-between is-layout-flex wp-container-core-buttons-is-layout-3d213aab wp-block-buttons-is-layout-flex\">\n<div class=\"wp-block-button is-style-outline is-style-outline--6\"><a class=\"wp-block-button__link has-text-color has-link-color wp-element-button\" href=\"https:\/\/minciencias.gov.co\/convocatorias\/plan-convocatorias-asctei-2023-2024\/convocatoria-la-asignacion-para-la-ciencia-5\" style=\"color:#0026c0\" target=\"_blank\" rel=\"noreferrer noopener\">Conoce m\u00e1s en MinCiencias<\/a><\/div>\n<\/div>\n\n\n\n<p><span class=\"post-content__span\"> <\/p>\n\n\n\n<p><span class=\"post-content__span\"> Si quieres participar en el Plan Bienal de Convocatorias 2023-2024 con las N\u00b0 38, 39, 40, 41, 42 o 43 pero tienes preguntas, escanea el QR de la imagen para que el equipo t\u00e9cnico de @Regalias_gov pueda resolverlas.<\/p>\n\n\n<div class=\"wp-block-image\">\n<figure class=\"aligncenter size-large is-resized\"><img loading=\"lazy\" decoding=\"async\" width=\"1024\" height=\"1024\" src=\"https:\/\/vicerrectorias.utp.edu.co\/viie\/wp-content\/uploads\/sites\/3\/WhatsApp-Image-2024-07-22-at-8.04.41-AM-1024x1024.jpeg\" alt=\"\" class=\"wp-image-14963\" style=\"object-fit:cover;width:692px;height:auto\" srcset=\"https:\/\/vicerrectorias.utp.edu.co\/viie\/wp-content\/uploads\/sites\/3\/WhatsApp-Image-2024-07-22-at-8.04.41-AM-1024x1024.jpeg 1024w, https:\/\/vicerrectorias.utp.edu.co\/viie\/wp-content\/uploads\/sites\/3\/WhatsApp-Image-2024-07-22-at-8.04.41-AM-300x300.jpeg 300w, https:\/\/vicerrectorias.utp.edu.co\/viie\/wp-content\/uploads\/sites\/3\/WhatsApp-Image-2024-07-22-at-8.04.41-AM-150x150.jpeg 150w, https:\/\/vicerrectorias.utp.edu.co\/viie\/wp-content\/uploads\/sites\/3\/WhatsApp-Image-2024-07-22-at-8.04.41-AM-768x768.jpeg 768w, https:\/\/vicerrectorias.utp.edu.co\/viie\/wp-content\/uploads\/sites\/3\/WhatsApp-Image-2024-07-22-at-8.04.41-AM.jpeg 1125w\" sizes=\"auto, (max-width: 1024px) 100vw, 1024px\" \/><\/figure>\n<\/div>\n\n\n<p><span class=\"post-content__span\"> <\/p>\n\n\n\n<p class=\"has-text-align-center has-medium-font-size\">Cualquier duda o inquietud al respecto con gusto ser\u00e1 resuelta por la funcionaria <strong>Juliana <strong>Arias<\/strong> Villegas <\/strong><\/p>\n\n\n\n<p class=\"has-text-align-center has-medium-font-size\">(<a rel=\"noreferrer noopener\" href=\"mailto:innovacionutp@utp.edu.co\" target=\"_blank\">innovacionutp@utp.edu.co<\/a>, 3137309 Ext. 7693)<\/p>\n","protected":false},"excerpt":{"rendered":"<p>La Vicerrector\u00eda de Investigaciones, Innovaci\u00f3n y Extensi\u00f3n, comparte&nbsp;el procedimiento para tramitar la carta de aval para la participaci\u00f3n en las convocatorias del Sistema General de Regal\u00edas. Procedimiento de inscripci\u00f3n y [&#8230;]<\/p>\n","protected":false},"author":16,"featured_media":14811,"comment_status":"closed","ping_status":"","sticky":false,"template":"","format":"standard","meta":{"footnotes":""},"categories":[1],"tags":[],"class_list":["post-14797","post","type-post","status-publish","format-standard","has-post-thumbnail","hentry","category-sin-categoria"],"_links":{"self":[{"href":"https:\/\/vicerrectorias.utp.edu.co\/viie\/wp-json\/wp\/v2\/posts\/14797","targetHints":{"allow":["GET"]}}],"collection":[{"href":"https:\/\/vicerrectorias.utp.edu.co\/viie\/wp-json\/wp\/v2\/posts"}],"about":[{"href":"https:\/\/vicerrectorias.utp.edu.co\/viie\/wp-json\/wp\/v2\/types\/post"}],"author":[{"embeddable":true,"href":"https:\/\/vicerrectorias.utp.edu.co\/viie\/wp-json\/wp\/v2\/users\/16"}],"replies":[{"embeddable":true,"href":"https:\/\/vicerrectorias.utp.edu.co\/viie\/wp-json\/wp\/v2\/comments?post=14797"}],"version-history":[{"count":25,"href":"https:\/\/vicerrectorias.utp.edu.co\/viie\/wp-json\/wp\/v2\/posts\/14797\/revisions"}],"predecessor-version":[{"id":15767,"href":"https:\/\/vicerrectorias.utp.edu.co\/viie\/wp-json\/wp\/v2\/posts\/14797\/revisions\/15767"}],"wp:featuredmedia":[{"embeddable":true,"href":"https:\/\/vicerrectorias.utp.edu.co\/viie\/wp-json\/wp\/v2\/media\/14811"}],"wp:attachment":[{"href":"https:\/\/vicerrectorias.utp.edu.co\/viie\/wp-json\/wp\/v2\/media?parent=14797"}],"wp:term":[{"taxonomy":"category","embeddable":true,"href":"https:\/\/vicerrectorias.utp.edu.co\/viie\/wp-json\/wp\/v2\/categories?post=14797"},{"taxonomy":"post_tag","embeddable":true,"href":"https:\/\/vicerrectorias.utp.edu.co\/viie\/wp-json\/wp\/v2\/tags?post=14797"}],"curies":[{"name":"wp","href":"https:\/\/api.w.org\/{rel}","templated":true}]}}