{"id":14579,"date":"2024-06-24T17:10:59","date_gmt":"2024-06-24T15:10:59","guid":{"rendered":"https:\/\/vicerrectorias.utp.edu.co\/viie\/?p=14579"},"modified":"2024-07-24T00:30:01","modified_gmt":"2024-07-23T22:30:01","slug":"convocatoria-956-ecosistemas-de-ciencia-y-paz-para-la-transformacion-territorial","status":"publish","type":"post","link":"https:\/\/vicerrectorias.utp.edu.co\/viie\/convocatoria-956-ecosistemas-de-ciencia-y-paz-para-la-transformacion-territorial\/","title":{"rendered":"CONVOCATORIA 956: ECOSISTEMAS DE CIENCIA Y PAZ PARA LA TRANSFORMACI\u00d3N TERRITORIAL"},"content":{"rendered":"\n<figure class=\"wp-block-image size-full\"><img loading=\"lazy\" decoding=\"async\" width=\"800\" height=\"800\" src=\"https:\/\/vicerrectorias.utp.edu.co\/viie\/wp-content\/uploads\/sites\/3\/convocatoria-956.jpg\" alt=\"\" class=\"wp-image-14783\" srcset=\"https:\/\/vicerrectorias.utp.edu.co\/viie\/wp-content\/uploads\/sites\/3\/convocatoria-956.jpg 800w, https:\/\/vicerrectorias.utp.edu.co\/viie\/wp-content\/uploads\/sites\/3\/convocatoria-956-300x300.jpg 300w, https:\/\/vicerrectorias.utp.edu.co\/viie\/wp-content\/uploads\/sites\/3\/convocatoria-956-150x150.jpg 150w, https:\/\/vicerrectorias.utp.edu.co\/viie\/wp-content\/uploads\/sites\/3\/convocatoria-956-768x768.jpg 768w\" sizes=\"auto, (max-width: 800px) 100vw, 800px\" \/><\/figure>\n\n\n\n<p><span class=\"post-content__span\"> <\/p>\n\n\n\n<ul class=\"wp-block-list\">\n<li><strong>FECHA M\u00c1XIMA AVAL INSTITUCIONAL:&nbsp;<\/strong>Jueves 8 de agosto de 2024 hasta las 6:00 p.m<\/li>\n\n\n\n<li><strong>INSCRIPCI\u00d3N&nbsp;PLATAFORMA&nbsp;SIGP:<\/strong> <a href=\"https:\/\/plataformasigp.minciencias.gov.co:7003\/FormularioProyectos\/faces\/proyecto\/crear.xhtml?faces-redirect=true\" data-type=\"link\" data-id=\"https:\/\/plataformasigp.minciencias.gov.co:7003\/FormularioProyectos\/faces\/proyecto\/crear.xhtml?faces-redirect=true\"><strong>VER<\/strong><\/a><\/li>\n<\/ul>\n\n\n\n<p><span class=\"post-content__span\"> Las solicitudes de aval se recibir\u00e1n a trav\u00e9s del correo electr\u00f3nico&nbsp;<strong><a href=\"mailto:innovacionutp@utp.edu.co\" target=\"_blank\" rel=\"noreferrer noopener\">innovacionutp@utp.edu.co<\/a>&nbsp;<\/strong>remitiendo reporte del&nbsp;<strong>formulario SIGP<\/strong>,&nbsp;<strong>carta de aval completamente diligenciada&nbsp;<\/strong>(<strong><a href=\"https:\/\/www.minciencias.gov.co\/sites\/default\/files\/upload\/convocatoria\/anexo_1._carta_unificada_de_aval_compromiso_institucional_y_modelo_de_gobernanza_editable_2.docx\" data-type=\"link\" data-id=\"https:\/\/www.minciencias.gov.co\/sites\/default\/files\/upload\/convocatoria\/anexo_1._carta_unificada_de_aval_compromiso_institucional_y_modelo_de_gobernanza_editable_2.docx\">Ver Anexo 1<\/a><\/strong>), acompa\u00f1ada de los anexos requeridos por la convocatoria No 956.&nbsp;<\/p>\n\n\n\n<p><span class=\"post-content__span\"> Para el diligenciamiento del<strong>&nbsp;<a href=\"https:\/\/www.minciencias.gov.co\/sites\/default\/files\/upload\/convocatoria\/anexo_3._experiencia_e_idoneidad_de_las_entidades_que_integran_la_alianza_en_ctei_editable.docx\" data-type=\"link\" data-id=\"https:\/\/www.minciencias.gov.co\/sites\/default\/files\/upload\/convocatoria\/anexo_3._experiencia_e_idoneidad_de_las_entidades_que_integran_la_alianza_en_ctei_editable.docx\">Anexo 3<\/a>.&nbsp;Experiencia e idoneidad de las entidades que integran la alianza en CTeI,&nbsp;<\/strong>&nbsp;se debe remitir la solicitud de informaci\u00f3n al correo electr\u00f3nico<strong>&nbsp;<a href=\"mailto:investigaciones@utp.edu.co\" target=\"_blank\" rel=\"noreferrer noopener\">investigaciones@utp.edu.co<\/a>&nbsp;<\/strong>a m\u00e1s tardar el<strong>&nbsp;6 de agosto<\/strong>.&nbsp;<\/p>\n\n\n\n<p><span class=\"post-content__span\"> Si la propuesta requiere de aval del Comit\u00e9 de \u00c9tica, deber\u00e1 realizar la solicitud antes del&nbsp;<strong>01 de agosto de 2024<\/strong>, de acuerdo al procedimiento establecido que se puede consultar en el siguiente enlace (<a href=\"https:\/\/vicerrectorias.utp.edu.co\/viie\/comite-de-bioetica\/\" data-type=\"link\" data-id=\"https:\/\/vicerrectorias.utp.edu.co\/viie\/comite-de-bioetica\/\"><strong>VER<\/strong><\/a>)&nbsp;<\/p>\n\n\n\n<p><span class=\"post-content__span\"> Es importante tener en cuenta las siguientes consideraciones para&nbsp;<strong>soportar la contrapartida<\/strong>&nbsp;de la Universidad Tecnol\u00f3gica de Pereira<\/p>\n\n\n\n<ul class=\"wp-block-list\">\n<li>Tiempo de dedicaci\u00f3n de docentes de planta y \/o transitorios con una participaci\u00f3n m\u00e1xima de&nbsp;<strong>13 horas a la semana<\/strong>. El valor de la hora indicado por docente debe corresponder al salario base devengado, sin contemplar bonificaciones, asistencias t\u00e9cnicas, est\u00edmulos, extras, etc.&nbsp;<\/li>\n\n\n\n<li>En el caso de los&nbsp;<strong>docentes transitorios<\/strong>&nbsp;que se establecen como contrapartida en especie, es necesario adjuntar una carta del Decano y\/o jefe inmediato donde se establezca que las actividades que desarrollaran en el proyecto est\u00e1n impl\u00edcitas&nbsp;en sus funciones lo que no le constituir\u00e1 una contrataci\u00f3n o pago adicional a la Universidad, ni disminuci\u00f3n de docencia directa.<\/li>\n\n\n\n<li>Para validar el valor de la hora pueden remitir la solicitud al correo electr\u00f3nico&nbsp;&nbsp;<strong><a href=\"mailto:innovacionutp@utp.edu.co\" target=\"_blank\" rel=\"noreferrer noopener\">innovacionutp@utp.edu.co<\/a>&nbsp;<\/strong>indicando nombre completo y n\u00famero de c\u00e9dula del docente de planta \u00f3 transitorio.&nbsp;<\/li>\n\n\n\n<li>Se contempla como aporte en especie el Uso de los equipos, dicho aporte corresponde a la depreciaci\u00f3n de cada elemento, se estima el 10% anual del valor comercial de los equipos (El valor comercial puede comprobarse en el registro de inventario), adicionalmente cada equipo relacionado debe aparecer en el inventario de alguno de los docentes participantes en el proyecto, lo anterior teniendo en cuenta que toda contrapartida debe ser certificable y demostrable. (Ver anexo:&nbsp;<strong><a href=\"https:\/\/vicerrectorias.utp.edu.co\/viie\/wp-content\/uploads\/sites\/3\/Modelo-Contrapartida-equipos.xlsx\" data-type=\"link\" data-id=\"https:\/\/vicerrectorias.utp.edu.co\/viie\/wp-content\/uploads\/sites\/3\/Modelo-Contrapartida-equipos.xlsx\">Modelo contrapartida de equipos<\/a><\/strong>)&nbsp;<\/li>\n\n\n\n<li>El uso de espacios e infraestructura de la Universidad puede cuantificarse como aporte, en este caso debe realizar la solicitud de valoraci\u00f3n a la Oficina de Planeaci\u00f3n quien a trav\u00e9s de una certificaci\u00f3n indica el costo del uso del espacio. La solicitud debe remitirse al Ing. Juli\u00e1n C\u00e1rdenas (<strong><a href=\"mailto:j.cardenas1@utp.edu.co\" target=\"_blank\" rel=\"noreferrer noopener\">j.cardenas1@utp.edu.co<\/a><\/strong>) a m\u00e1s&nbsp;<strong>tardar el 31 de julio&nbsp;<\/strong>(Ver anexo:&nbsp;<strong><a href=\"https:\/\/vicerrectorias.utp.edu.co\/viie\/wp-content\/uploads\/sites\/3\/Modelo-Certificacion-uso-de-espacios.docx\" data-type=\"link\" data-id=\"https:\/\/vicerrectorias.utp.edu.co\/viie\/wp-content\/uploads\/sites\/3\/Modelo-Certificacion-uso-de-espacios.docx\">Modelo certificaci\u00f3n uso de espacios<\/a><\/strong>)&nbsp;<\/li>\n<\/ul>\n\n\n\n<p><span class=\"post-content__span\"> <\/p>\n\n\n\n<p><span class=\"post-content__span\"> <strong>Objetivo:<\/strong><\/p>\n\n\n\n<p><span class=\"post-content__span\"> Conformar un banco de proyectos elegibles por l\u00ednea tem\u00e1tica con el fin de contribuir a la implementaci\u00f3n de las misiones de \u201cBioeconom\u00eda y territorio\u201d, \u201cDerecho humano a la alimentaci\u00f3n\u201d y \u201cCiencia para la paz\u201d a trav\u00e9s de iniciativas de investigaci\u00f3n, desarrollo tecnol\u00f3gico, innovaci\u00f3n y apropiaci\u00f3n social del conocimiento desarrollados por Ecosistemas de Ciencia y Paz, entendidos como alianzas entre actores de la academia, el sector productivo y la sociedad civil.<\/p>\n\n\n\n<p><span class=\"post-content__span\"> <strong>Ejes Tem\u00e1ticos<\/strong><\/p>\n\n\n\n<p><span class=\"post-content__span\"> Bioeconom\u00eda y territorio<\/p>\n\n\n\n<p><span class=\"post-content__span\"> Derecho Humano a la Alimentaci\u00f3n<\/p>\n\n\n\n<p><span class=\"post-content__span\"> Ciencia para la paz<\/p>\n\n\n\n<p><span class=\"post-content__span\"> Sistemas agr\u00edcolas y pesqueros<\/p>\n\n\n\n<p><span class=\"post-content__span\"> Planta de cannabis y hoja de coca<\/p>\n\n\n\n<p><span class=\"post-content__span\"> <strong>Dirigida a:<\/strong><\/p>\n\n\n\n<p><span class=\"post-content__span\"> En el marco del Ecosistema de Ciencia y Paz para la Transformaci\u00f3n Territorial, los proyectos que se postulen a esta convocatoria deber\u00e1n ser presentados a trav\u00e9s de una alianza estrat\u00e9gica conformada por m\u00ednimo:<\/p>\n\n\n\n<p><span class=\"post-content__span\"> Una (1) entidad que actuar\u00e1 en calidad de ejecutora que deber\u00e1 ser:<\/p>\n\n\n\n<p><span class=\"post-content__span\"> \u25cf Una Instituci\u00f3n de Educaci\u00f3n Superior (IES) que cuente con acreditaci\u00f3n institucional expedida por el Ministerio de Educaci\u00f3n Nacional vigente a la fecha de cierre de la convocatoria y que cuente con al menos un (1) grupo de investigaci\u00f3n de categor\u00edas A1, A, B o C, de acuerdo con los resultados de la Convocatoria 894 de 2021 en la l\u00ednea tem\u00e1tica de la convocatoria a la que se postule; o;<\/p>\n\n\n\n<p><span class=\"post-content__span\"> \u25cf El SENA a trav\u00e9s de los Centros de Formaci\u00f3n Profesional Integral y que cuente con al menos un (1) grupo de investigaci\u00f3n de categor\u00edas A1, A, B o C, de acuerdo con los resultados de la Convocatoria 894 de 2021 en la l\u00ednea tem\u00e1tica de la convocatoria a la que se postule.<\/p>\n\n\n\n<p><span class=\"post-content__span\"> Tres (3) entidades en calidad de aliados, as\u00ed:<\/p>\n\n\n\n<p><span class=\"post-content__span\"> \u25cf M\u00ednimo una (1) entidad u organizaci\u00f3n dependiente o aut\u00f3noma reconocida por el Ministerio de Ciencia, Tecnolog\u00eda e Innovaci\u00f3n con reconocimiento vigente a la fecha de cierre de la convocatoria.<\/p>\n\n\n\n<p><span class=\"post-content__span\"> \u25cf M\u00ednimo una (1) entidad del sector productivo con personer\u00eda jur\u00eddica y que se encuentre legalmente constituida con antig\u00fcedad de m\u00ednimo dos (2) a\u00f1os a la fecha de cierre de la convocatoria.<\/p>\n\n\n\n<p><span class=\"post-content__span\"> \u25cf M\u00ednimo una (1) organizaci\u00f3n de base comunitaria con existencia y representaci\u00f3n legal vigente.<\/p>\n\n\n\n<p><span class=\"post-content__span\"> <strong>Notas.<\/strong><\/p>\n\n\n\n<p><span class=\"post-content__span\"> 1. En la conformaci\u00f3n de la alianza se debe reflejar el car\u00e1cter interinstitucional, el compromiso y la participaci\u00f3n en t\u00e9rminos presupuestales, t\u00e9cnicos y operativos. El modelo de gobernanza de la alianza deber\u00e1 presentarse debidamente diligenciado en la Carta unificada de aval, compromiso institucional y modelo de gobernanza (Anexo 1-CARTA UNIFICADA DE AVAL, COMPROMISO INSTITUCIONAL Y MODELO DE GOBERNANZA).<\/p>\n\n\n\n<p><span class=\"post-content__span\"> 2. Las entidades que conforman la alianza no podr\u00e1n tener el mismo NIT.<\/p>\n\n\n\n<p><span class=\"post-content__span\"> 3. No se aceptar\u00e1 m\u00e1s de un proyecto presentado por alianzas integradas por las mismas entidades. En caso de recibir proyectos de alianzas conformadas por las mismas entidades, s\u00f3lo se tendr\u00e1 en cuenta el proyecto que haya sido radicada en primer lugar teniendo en cuenta la fecha y hora de registro en el aplicativo SIGP.<\/p>\n\n\n\n<p><span class=\"post-content__span\"> 4. En un mismo proyecto, las entidades participantes de la alianza no podr\u00e1n ostentar m\u00e1s de un rol.<\/p>\n\n\n\n<p><span class=\"post-content__span\"> 5. Una vez se cumpla con el m\u00ednimo de la alianza, podr\u00e1n participar otros actores en calidad de coejecutores y\/o colaboradores.<\/p>\n\n\n\n<h2 class=\"wp-block-heading\">REQUISITOS (<a href=\"https:\/\/www.minciencias.gov.co\/sites\/default\/files\/upload\/convocatoria\/2._terminos_de_referencia_convocatoria_956-2024-_final.pdf\" data-type=\"link\" data-id=\"https:\/\/www.minciencias.gov.co\/sites\/default\/files\/upload\/convocatoria\/2._terminos_de_referencia_convocatoria_956-2024-_final.pdf\">Ver t\u00e9rminos de referencia<\/a>)<\/h2>\n\n\n\n<h3 class=\"wp-block-heading\">GENERALES<\/h3>\n\n\n\n<p><span class=\"post-content__span\"> 1. Cumplir con las especificaciones del DIRIGIDO A definidos en los presentes t\u00e9rminos de referencia.<br><\/p>\n\n\n\n<p><span class=\"post-content__span\"> 2. Inscribir y finalizar la inscripci\u00f3n del proyecto en el Sistema Integrado de Gesti\u00f3n de Proyectos del Ministerio de Ciencia, Tecnolog\u00eda e Innovaci\u00f3n \u2013 SIGP, a trav\u00e9s del formulario en l\u00ednea disponible en el portal del Ministerio de Ciencia, Tecnolog\u00eda e Innovaci\u00f3n (<a href=\"http:\/\/www.minciencias.gov.co\/\" data-type=\"link\" data-id=\"http:\/\/www.minciencias.gov.co\/\">www.minciencias.gov.co<\/a>). Lo anterior con la informaci\u00f3n descrita en el numeral 11 de los presentes t\u00e9rminos de referencia y <a href=\"https:\/\/www.minciencias.gov.co\/sites\/default\/files\/upload\/convocatoria\/anexo_2._contenido_del_proyecto.pdf\" data-type=\"link\" data-id=\"https:\/\/www.minciencias.gov.co\/sites\/default\/files\/upload\/convocatoria\/anexo_2._contenido_del_proyecto.pdf\">Anexo 2<\/a> &#8211; CONTENIDO DEL PROYECTO.<br><strong>Nota:<\/strong> La entidad ejecutora deber\u00e1 ser quien registre el proyecto en el formulario del SIGP.<br><\/p>\n\n\n\n<p><span class=\"post-content__span\"> 3. Adjuntar carta de aval unificada, compromiso institucional y modelo de gobernanza (<a href=\"https:\/\/www.minciencias.gov.co\/sites\/default\/files\/upload\/convocatoria\/anexo_1._carta_unificada_de_aval_compromiso_institucional_y_modelo_de_gobernanza_editable_2.docx\" data-type=\"link\" data-id=\"https:\/\/www.minciencias.gov.co\/sites\/default\/files\/upload\/convocatoria\/anexo_1._carta_unificada_de_aval_compromiso_institucional_y_modelo_de_gobernanza_editable_2.docx\">Anexo 1<\/a>), debidamente diligenciada y firmada por los representantes legales o su apoderado (adjuntar documento que lo faculte) de las entidades que conforman la alianza, teniendo en cuenta los siguientes lineamientos:<\/p>\n\n\n\n<ul class=\"wp-block-list\">\n<li>Estructura de coordinaci\u00f3n y cooperaci\u00f3n entre las entidades aliadas para el logro de los resultados esperados.<\/li>\n\n\n\n<li>Roles y compromisos de cada entidad aliada.<\/li>\n\n\n\n<li>Instancia de coordinaci\u00f3n t\u00e9cnica para la toma de decisiones, roles y mecanismos de seguimiento y control (Comit\u00e9 T\u00e9cnico de la Alianza).<\/li>\n\n\n\n<li>Acuerdos para la gesti\u00f3n de adquisiciones y transferencia de bienes y servicios entre la entidad ejecutora y las entidades aliadas.<\/li>\n<\/ul>\n\n\n\n<p><span class=\"post-content__span\"> <strong>Nota:<\/strong> Los Centros aut\u00f3nomos y reconocidos por Ministerio de Ciencia, Tecnolog\u00eda e Innovaci\u00f3n que hagan parte de la alianza, no est\u00e1n obligados a realizar aportes de contrapartida de conformidad con el numeral 8.2.2 de la Pol\u00edtica de actores del Sistema Nacional de Ciencia, Tecnolog\u00eda e Innovaci\u00f3n- SNCTI adoptada mediante Resoluci\u00f3n No. 1473 de 2016. El porcentaje total deber\u00e1 ser cubierto en tal caso por las dem\u00e1s entidades que conforman la alianza.<\/p>\n\n\n\n<p><span class=\"post-content__span\"> <br>4. La alianza deber\u00e1 aportar una contrapartida en dinero y\/o especie por un monto m\u00ednimo del 15% del valor solicitado al Ministerio. Esta informaci\u00f3n deber\u00e1 quedar debidamente diligenciada en el <a href=\"https:\/\/www.minciencias.gov.co\/sites\/default\/files\/upload\/convocatoria\/anexo_1._carta_unificada_de_aval_compromiso_institucional_y_modelo_de_gobernanza_editable_2.docx\" data-type=\"link\" data-id=\"https:\/\/www.minciencias.gov.co\/sites\/default\/files\/upload\/convocatoria\/anexo_1._carta_unificada_de_aval_compromiso_institucional_y_modelo_de_gobernanza_editable_2.docx\">Anexo 1<\/a> -CARTA UNIFICADA DE AVAL, COMPROMISO INSTITUCIONAL Y MODELO DE GOBERNANZA.<br><\/p>\n\n\n\n<p><span class=\"post-content__span\"> 5. S\u00ed el proponente y entidades aliadas as\u00ed lo consideran o s\u00ed aplica seg\u00fan el marco normativo vigente, debe presentarse concepto de un comit\u00e9 de \u00e9tica\/bio\u00e9tica, donde se especifique que el Proyecto ha sido revisado y avalado. En caso que ninguna de las instituciones que conforman la Alianza cuente con un comit\u00e9 de \u00e9tica, podr\u00e1n solicitar el concepto ante otra entidad que s\u00ed cuente con uno. Debe anexar a este aval el acto administrativo que soporta la conformaci\u00f3n del Comit\u00e9 de \u00e9tica o de Bio\u00e9tica que lo expide.<\/p>\n\n\n\n<p><span class=\"post-content__span\"> 6. Diligenciar el <a href=\"https:\/\/www.minciencias.gov.co\/sites\/default\/files\/upload\/convocatoria\/anexo_3._experiencia_e_idoneidad_de_las_entidades_que_integran_la_alianza_en_ctei_editable.docx\" data-type=\"link\" data-id=\"https:\/\/www.minciencias.gov.co\/sites\/default\/files\/upload\/convocatoria\/anexo_3._experiencia_e_idoneidad_de_las_entidades_que_integran_la_alianza_en_ctei_editable.docx\">Anexo 3<\/a> \u2013EXPERIENCIA E IDONEIDAD DE LAS ENTIDADES QUE INTEGRAN LA ALIANZA EN CTeI, y adjuntar soportes (certificaci\u00f3n, actas de liquidaci\u00f3n) que permitan verificar que la entidad ejecutora ha participado en calidad de ejecutora o coejecutora de al menos (2) dos proyectos de CTeI en los \u00faltimos diez (10) a\u00f1os, y que cuente con al menos un (1) grupo de investigaci\u00f3n de categor\u00edas A1, A, B o C, seg\u00fan los resultados de la Convocatoria 894 de 2021.<\/p>\n\n\n\n<p><span class=\"post-content__span\"> 7. La entidad ejecutora o sus aliados deber\u00e1n contar con al menos un (1) Grupo de Investigaci\u00f3n reconocido y categorizado en A1, A, B o C por el Ministerio de Ciencia, Tecnolog\u00eda e Innovaci\u00f3n a la fecha de apertura de la convocatoria lo cual deber\u00e1 registrarse en el formulario SIGP y en el <a href=\"https:\/\/www.minciencias.gov.co\/sites\/default\/files\/upload\/convocatoria\/anexo_2._contenido_del_proyecto.pdf\" data-type=\"link\" data-id=\"https:\/\/www.minciencias.gov.co\/sites\/default\/files\/upload\/convocatoria\/anexo_2._contenido_del_proyecto.pdf\">Anexo 2<\/a> -CONTENIDO DEL PROYECTO- numeral 1-Preinscripci\u00f3n del proyecto<br><strong>Nota:<\/strong> Este es un requisito m\u00ednimo no subsanable, por tanto, no se podr\u00e1 modificar el (los) grupos registrado(s) en la plataforma SIGP y <a href=\"https:\/\/www.minciencias.gov.co\/sites\/default\/files\/upload\/convocatoria\/anexo_2._contenido_del_proyecto.pdf\" data-type=\"link\" data-id=\"https:\/\/www.minciencias.gov.co\/sites\/default\/files\/upload\/convocatoria\/anexo_2._contenido_del_proyecto.pdf\">Anexo 2<\/a> -CONTENIDO DEL PROYECTO- una vez cerrada la convocatoria.<\/p>\n\n\n\n<p><span class=\"post-content__span\"> 8. Se debe demostrar que las entidades del sector productivo que participen en el proyecto hayan sido establecidas al menos dos (2) a\u00f1os antes del cierre de la convocatoria. Esto se comprobar\u00e1 mediante el certificado de existencia y representaci\u00f3n legal. Adem\u00e1s, estas entidades no deben estar en proceso de liquidaci\u00f3n, lo cual se verificar\u00e1 a trav\u00e9s de certificados emitidos por contadores o revisores fiscales. La entidad deber\u00e1 adjuntar: certificado de existencia y representaci\u00f3n legal y acta o documento de no estar incursa en proceso de liquidaci\u00f3n.<\/p>\n\n\n\n<p><span class=\"post-content__span\"> 9. Las organizaciones de base comunitaria deber\u00e1n adjuntar una copia actualizada del certificado de C\u00e1mara de Comercio que d\u00e9 raz\u00f3n de su existencia o documento equivalente. En el caso que la organizaci\u00f3n no cuente con un certificado de existencia y representaci\u00f3n legal expedido por una C\u00e1mara de Comercio, deber\u00e1 allegar el certificado de existencia y representaci\u00f3n legal emitido por la Entidad competente o el documento jur\u00eddico con el cual se crea la persona jur\u00eddica, con fecha no mayor a un (1) mes calendario previo a la fecha de cierre de la convocatoria.<\/p>\n\n\n\n<p><span class=\"post-content__span\"> 10. Para los integrantes de la alianza que sean miembros de poblaci\u00f3n negra, afrocolombiana, raizal, palenquera y Rrom, deber\u00e1n anexar el Certificado de Auto Reconocimiento expedido por la Direcci\u00f3n de Asuntos de Comunidades Negras, Afrocolombianas, Raizales y Palenqueras &#8211; NARP y Direcci\u00f3n de Asuntos Ind\u00edgenas, Rrom y Minor\u00edas del Ministerio del Interior. Asimismo para los integrantes que sean miembros de una comunidad ind\u00edgena deber\u00e1n anexar el Certificado del Registro de la Autoridad o Cabildo de las Comunidades y\/o Resguardos Ind\u00edgenas expedido por el Ministerio del Interior, no mayor a 30 d\u00edas calendarios previo a la fecha de postulaci\u00f3n a la presente convocatoria. Los miembros de la alianza que sean v\u00edctimas del conflicto armado deber\u00e1n anexar el Certificado expedido por la Unidad para la Atenci\u00f3n y Reparaci\u00f3n Integral para las V\u00edctimas, con fecha de expedici\u00f3n de m\u00e1ximo 4 a\u00f1os anteriores a la fecha de cierre de la convocatoria.<\/p>\n\n\n\n<p><span class=\"post-content__span\"> <strong>Nota:<\/strong> Si el proyecto involucra la participaci\u00f3n de una (1) o varias comunidades ind\u00edgenas con pr\u00e1cticas, tradiciones, usos y costumbres asociados al uso de la hoja de coca, se deber\u00e1 diligenciar y adjuntar una manifestaci\u00f3n escrita dirigida al Ministerio de Ciencia, Tecnolog\u00eda e Innovaci\u00f3n, expedida por la autoridad ind\u00edgena, indicando su apoyo al proyecto (seg\u00fan <a href=\"https:\/\/www.minciencias.gov.co\/sites\/default\/files\/upload\/convocatoria\/anexo_9._manifestacion_tradiciones_culturales_alrededor_del_uso_de_la_hoja_de_coca_editable.docx\" data-type=\"link\" data-id=\"https:\/\/www.minciencias.gov.co\/sites\/default\/files\/upload\/convocatoria\/anexo_9._manifestacion_tradiciones_culturales_alrededor_del_uso_de_la_hoja_de_coca_editable.docx\">Anexo 9<\/a>-MANIFESTACI\u00d3N TRADICIONES CULTURALES ALREDEDOR DEL USO DE LA HOJA DE COCA).<\/p>\n\n\n\n<h3 class=\"wp-block-heading\">L\u00ednea Tem\u00e1tica 1: Fortalecimiento de sistemas agr\u00edcolas y pesqueros sostenibles \/ sostenibilidad agr\u00edcola y pesquera<br><\/h3>\n\n\n\n<p><span class=\"post-content__span\"> Para participar en esta l\u00ednea tem\u00e1tica, al menos una (1) de las entidades de la alianza deber\u00e1 cumplir los siguientes requisitos:<\/p>\n\n\n\n<p><span class=\"post-content__span\"> <br>1. Certificar experiencia adjuntando certificaci\u00f3n o acta de liquidaci\u00f3n en al menos dos (2) proyectos ejecutados en los \u00faltimos diez (10) a\u00f1os, financiados con cualquier fuente de financiaci\u00f3n. Estos documentos deber\u00e1n contener como m\u00ednimo:<br><strong>i)<\/strong> objeto; <strong>ii)<\/strong> tiempo de duraci\u00f3n; <strong>iii)<\/strong> obligaciones, productos y\/o compromisos; <strong>iv)<\/strong> valor total.<\/p>\n\n\n\n<p><span class=\"post-content__span\"> <br>De esta manera, la entidad proponente o sus aliados deber\u00e1n demostrar experiencia en la gesti\u00f3n y\/o ejecuci\u00f3n de al menos dos (2) proyectos de Ciencia, Tecnolog\u00eda e Innovaci\u00f3n financiados con cualquier fuente de financiaci\u00f3n que involucren o tengan como beneficiarios a organizaciones y\/o comunidades campesinas, desarrollados en los \u00faltimos diez (10) a\u00f1os o demostrar experiencia en la gesti\u00f3n y\/o ejecuci\u00f3n de al menos un (1) proyecto de CTeI aprobado con recursos de la asignaci\u00f3n CTeI del Sistema General de Regal\u00edas (SGR) que involucre o tenga como beneficiario a organizaciones y\/o comunidades campesinas, lo cual deber\u00e1 registrarse en el Anexo 3 (EXPERIENCIA E IDONEIDAD DE LAS ENTIDADES<br>QUE INTEGRAN LA ALIANZA EN CTeI) y adjuntarse en el campo \u201cRequisitos\u201d del SIGP los cuales son obligatorios con la excepci\u00f3n de proyectos cuya informaci\u00f3n repose en el sistema de gesti\u00f3n documental del Ministerio de Ciencia, Tecnolog\u00eda e Innovaci\u00f3n o en la Plataforma SUIFP SGR-CTeI para lo cual ser\u00e1 indispensable identificar su c\u00f3digo SIGP o C\u00f3digo BPIN (seg\u00fan corresponda) y su fuente de financiaci\u00f3n en el Anexo 3.<\/p>\n\n\n\n<h3 class=\"wp-block-heading\"><br>L\u00ednea Tem\u00e1tica 2. Usos alternativos de planta de cannabis y la hoja de coca<\/h3>\n\n\n\n<p><span class=\"post-content__span\"> Para participar en esta l\u00ednea tem\u00e1tica, al menos una (1) de las entidades de la alianza deber\u00e1 cumplir los siguientes requisitos:<\/p>\n\n\n\n<p><span class=\"post-content__span\"> <br>1. Certificar experiencia adjuntando certificaci\u00f3n o acta de liquidaci\u00f3n en al menos un (1) proyecto ejecutado en los \u00faltimos diez (10) a\u00f1os, financiados con cualquier fuente de financiaci\u00f3n. Estos documentos deber\u00e1n contener como m\u00ednimo:<br><strong>i)<\/strong> objeto; <strong>ii)<\/strong> tiempo de duraci\u00f3n; <strong>iii)<\/strong> obligaciones, productos y\/o compromisos; <strong>iv<\/strong>) valor total.<\/p>\n\n\n\n<p><span class=\"post-content__span\"> <br>La entidad proponente o sus aliados deber\u00e1n demostrar experiencia en la gesti\u00f3n y\/o ejecuci\u00f3n de al menos un (1) proyecto de Ciencia, Tecnolog\u00eda e Innovaci\u00f3n financiados con cualquier fuente de financiaci\u00f3n en tem\u00e1ticas de usos alternativos de planta de cannabis y la hoja de coca, desarrollados en los \u00faltimos diez (10) a\u00f1os que involucren o tengan como beneficiarios a organizaciones comunitarias y\/o \u00e9tnicas, lo cual deber\u00e1 registrarse en el Anexo 3 (\u201cEXPERIENCIA E IDONEIDAD DE LAS ENTIDADES QUE INTEGRAN LA ALIANZA EN CTeI\u201d) y adjuntarse en el campo \u201cRequisitos\u201d del SIGP los cuales son obligatorios con la excepci\u00f3n de proyectos cuya informaci\u00f3n repose en el sistema de gesti\u00f3n documental del Ministerio de Ciencia, Tecnolog\u00eda e Innovaci\u00f3n o en la Plataforma SUIFP SGR-CTeI para lo cual ser\u00e1 indispensable identificar su c\u00f3digo SIGP o C\u00f3digo BPIN (seg\u00fan corresponda) y su fuente de financiaci\u00f3n en el Anexo 3.<\/p>\n\n\n\n<p><span class=\"post-content__span\"> 2. S\u00ed el proyecto contempla el uso de cannabis, adjuntar el Registro Nacional de Cultivares Comerciales o registro de fuentes semilleras, expedido por el ICA, de acuerdo a lo establecido en la normatividad vigente (Decreto 811 del 2021, la Resoluci\u00f3n 227 del 2022 y Ley 2204 de 2022 y dem\u00e1s normatividad que regule la materia), para lo cual, deber\u00e1 aportar los documentos que as\u00ed lo acrediten.<\/p>\n\n\n\n<p><span class=\"post-content__span\"> 3. S\u00ed el proyecto contempla el uso de cannabis, adjuntar licencia de cultivo de cannabis no psicoactivo vigente (que incluya la modalidad de investigaci\u00f3n o fines cient\u00edficos) y que no cuente con un proceso sancionatorio en curso (s\u00ed aplica).<\/p>\n\n\n\n<p><span class=\"post-content__span\"> 4. Si el proyecto contempla el uso de hoja de coca, adjuntar la autorizaci\u00f3n para su uso emitida por el Fondo Nacional de Estupefacientes de acuerdo a lo establecido en la Ley 30 de 1986, y en el contexto de las sentencias C-176 de 1994, C-882 de 2011, T-477 de 2012, T-080 de 2017, T-236 de 2017 y T-300 de 2017.<\/p>\n\n\n\n<p><span class=\"post-content__span\"> <strong>Nota:<\/strong> El Ministerio podr\u00e1 solicitar en cualquier momento informaci\u00f3n y documentaci\u00f3n adicional, complementaria o aclaraciones de los documentos entregados.<\/p>\n\n\n\n<h3 class=\"wp-block-heading\"><br>Periodo de ajuste de requisitos establecidos en REQUISITOS: <\/h3>\n\n\n\n<p><span class=\"post-content__span\"> El proceso de ajuste de los requisitos exigidos en el presente documento se tramitar\u00e1 con base en las siguientes reglas:<br>\u25cf En el periodo de ajuste de requisitos no se podr\u00e1 modificar la informaci\u00f3n registrada en el formulario SIGP concerniente a la Entidad ejecutora y el T\u00edtulo del proyecto.<br>\u25cf El ejecutor es responsable de consultar permanentemente que sus documentos hayan quedado registrados correctamente en el aplicativo SIGP antes del cierre de la convocatoria y durante el periodo de ajuste de los requisitos de la convocatoria establecido en el numeral 18-CRONOGRAMA.<br>\u25cf Recuerde que, en el periodo de revisi\u00f3n de requisitos, el Ministerio verificar\u00e1 que los documentos adjuntos presentan la informaci\u00f3n requerida de forma consistente y reportar\u00e1 en la secci\u00f3n de observaciones generales en el SIGP las inconsistencias en la informaci\u00f3n de tal modo que el proponente pueda ajustarla directamente en el aplicativo durante el per\u00edodo de ajuste de requisitos establecido en el numeral 18-CRONOGRAMA.<br>\u25cf Los resultados de la etapa de verificaci\u00f3n de requisitos de la convocatoria pueden ser consultados ingresando al FORMULARIO DE PROYECTOS Y PROGRAMAS, con el usuario y contrase\u00f1a enviados mediante correo electr\u00f3nico al momento de registrar el proyecto en el sistema. Las observaciones se pueden consultar en el m\u00f3dulo \u201cRequisitos\u201d, campo \u201cObservaciones Generales de los Requisitos\u201d (Ampliando el cuadro de observaciones desde la esquina inferior derecha).<br>\u25cf El ejecutor es responsable de garantizar la fiabilidad, coherencia y completitud de la informaci\u00f3n consignada en el formulario SIGP y en los anexos allegados bajo el marco de la presente convocatoria. La informaci\u00f3n que no coincida no ser\u00e1 tenida en cuenta para continuar en el proceso de convocatoria.<br>\u25cf El ejecutor deber\u00e1 tener en cuenta que, al momento de subsanar alg\u00fan documento, el sistema reemplazar\u00e1 el anteriormente cargado, por lo anterior, el proponente deber\u00e1 garantizar que el nuevo documento adjunto sea el requerido<\/p>\n\n\n\n<h2 class=\"wp-block-heading\">CONDICIONES INHABILITANTES.<\/h2>\n\n\n\n<p><span class=\"post-content__span\"> 1. No cumplir con los requisitos y condiciones establecidos en los T\u00e9rminos de Referencia de la convocatoria y sus anexos, o que estos no se subsanen dentro del per\u00edodo de ajuste de requisitos establecidos en el numeral 18-CRONOGRAMA, de la presente convocatoria.<br>2. Que la Alianza se presente con la misma conformaci\u00f3n en m\u00e1s de un proyecto en esta convocatoria. El Ministerio de Ciencia, Tecnolog\u00eda e Innovaci\u00f3n verificar\u00e1 si la Alianza del proyecto presenta m\u00e1s de un proyecto; si eso ocurre solo se tendr\u00e1 en cuenta el primer proyecto presentado.<br>3. Que el proyecto presentado est\u00e9 financiado simult\u00e1neamente con recursos de otra convocatoria del Ministerio de Ciencia, Tecnolog\u00eda e Innovaci\u00f3n, del Sistema General de Regal\u00edas (SGR) u otra entidad del Estado.<br>4. Que la entidad ejecutora o alguno de los aliados se encuentre incurso en una de las causales de inhabilidad, incompatibilidad y prohibiciones establecidas en las leyes vigentes y\/o que tenga alg\u00fan impedimento legal para contratar.<br>5. En caso de que se encuentre alg\u00fan tipo de alteraci\u00f3n a los documentos presentados para participar en la convocatoria, el proyecto ser\u00e1 retirado e inhabilitado del proceso y el Ministerio informar\u00e1 a las instancias administrativas y judiciales sobre esta situaci\u00f3n.<\/p>\n\n\n\n<p><span class=\"post-content__span\"> <br><strong>Notas.<\/strong><\/p>\n\n\n\n<ol class=\"wp-block-list\">\n<li>Si durante el proceso de evaluaci\u00f3n se identifican cualquiera de las condiciones inhabilitantes descritas anteriormente, el par evaluador se pronunciar\u00e1 al respecto para informar al proponente respecto de la inhabilitaci\u00f3n del proyecto.<\/li>\n\n\n\n<li>La verificaci\u00f3n de las condiciones inhabilitantes ser\u00e1 realizada por el Ministerio de Ciencia, Tecnolog\u00eda e Innovaci\u00f3n de forma permanente durante todo el proceso precontractual y contractual.<\/li>\n<\/ol>\n\n\n\n<h2 class=\"wp-block-heading\">CRONOGRAMA<\/h2>\n\n\n\n<figure class=\"wp-block-table\"><table><thead><tr><th>ACTIVIDAD<\/th><th>FECHA L\u00cdMITE<\/th><\/tr><\/thead><tbody><tr><td>1. Apertura de la convocatoria<\/td><td>14 de junio de 2024<\/td><\/tr><tr><td>2. Cierre de la convocatoria<\/td><td>16 de agosto de 2024 hasta las 4:00 pm (hora Colombia)<\/td><\/tr><tr><td>3. Periodo de revisi\u00f3n de requisitos<\/td><td>Del 20 al 26 de agosto de 2024<\/td><\/tr><tr><td>4. Per\u00edodo de subsanaci\u00f3n de requisitos<\/td><td>Del 27 al 30 de agosto de 2024 hasta las 4:00 p.m. (hora Colombia)<\/td><\/tr><tr><td>5. Publicaci\u00f3n del banco preliminar de proyectos elegibles<\/td><td>7 de octubre de 2024<\/td><\/tr><tr><td>6. Per\u00edodo de solicitud de aclaraciones del banco preliminar de elegibles<\/td><td>Del 8 al 10 de octubre de 2024 hasta las 4:00 pm (hora Colombia)<\/td><\/tr><tr><td>7. Respuesta a solicitud de aclaraciones<\/td><td>11 al 17 de octubre de 2024<\/td><\/tr><tr><td>8. Publicaci\u00f3n del banco definitivo de elegibles y financiables<\/td><td>21 de octubre de 2024<\/td><\/tr><\/tbody><\/table><\/figure>\n\n\n\n<p><span class=\"post-content__span\"> Las inscripciones o periodo de subsanaci\u00f3n que se presenten por fuera de las fechas y horas estipuladas se entender\u00e1n como extempor\u00e1neas y por lo tanto no ser\u00e1n tenidas en cuenta para continuar el proceso.<\/p>\n\n\n\n<p><span class=\"post-content__span\"> Cualquier duda o inquietud al respecto se pueden comunicar con la funcionaria Juliana Arias Villegas (<strong>innovacionutp@utp.edu.co<\/strong>, 3137693)&nbsp;<\/p>\n\n\n\n<h2 class=\"wp-block-heading\"><strong>Documentos de la convocatoria<\/strong><\/h2>\n\n\n\n<ul class=\"wp-block-list\">\n<li><strong><a href=\"https:\/\/www.minciencias.gov.co\/sites\/default\/files\/upload\/convocatoria\/2._terminos_de_referencia_convocatoria_956-2024-_final.pdf\" data-type=\"link\" data-id=\"https:\/\/www.minciencias.gov.co\/sites\/default\/files\/upload\/convocatoria\/2._terminos_de_referencia_convocatoria_956-2024-_final.pdf\">TERMINOS DE REFERENCIA<\/a><\/strong><\/li>\n\n\n\n<li><strong><a href=\"https:\/\/www.minciencias.gov.co\/sites\/default\/files\/upload\/convocatoria\/anexo_1._carta_unificada_de_aval_compromiso_institucional_y_modelo_de_gobernanza_editable_2.docx\">Anexo 1. Carta unificada de aval, compromiso institucional y modelo de gobernanza (editable)<\/a><\/strong><\/li>\n\n\n\n<li><strong><a href=\"https:\/\/www.minciencias.gov.co\/sites\/default\/files\/upload\/convocatoria\/anexo_2._contenido_del_proyecto.pdf\">Anexo 2. Contenido del proyecto<\/a><\/strong><\/li>\n\n\n\n<li><a href=\"https:\/\/www.minciencias.gov.co\/sites\/default\/files\/upload\/convocatoria\/anexo_3._experiencia_e_idoneidad_de_las_entidades_que_integran_la_alianza_en_ctei_editable.docx\"><strong>Anexo 3. Experiencia e idoneidad de las entidades que integran la aliande en CTeI (editable)<\/strong><\/a><\/li>\n\n\n\n<li><strong><a href=\"https:\/\/www.minciencias.gov.co\/sites\/default\/files\/upload\/convocatoria\/anexo_4_-_relacion_de_productos_de_ctei_relacionados_con_la_convocatoria.pdf\" data-type=\"link\" data-id=\"https:\/\/www.minciencias.gov.co\/sites\/default\/files\/upload\/convocatoria\/anexo_4_-_relacion_de_productos_de_ctei_relacionados_con_la_convocatoria.pdf\"><\/a><a href=\"https:\/\/www.minciencias.gov.co\/sites\/default\/files\/upload\/convocatoria\/anexo_4._productos_de_ctei_esperados.pdf\">Anexo 4. Productos de CTeI esperados<\/a><\/strong><\/li>\n\n\n\n<li><a href=\"https:\/\/www.minciencias.gov.co\/sites\/default\/files\/upload\/convocatoria\/anexo_5._niveles_de_madurez_tecnologica.pdf\"><strong>Anexo 5. Niveles de madurez tecnol\u00f3gica<\/strong><\/a><\/li>\n\n\n\n<li><a href=\"https:\/\/www.minciencias.gov.co\/sites\/default\/files\/upload\/convocatoria\/anexo_6._lineamientos_para_integrar_el_enfoque_de_apropiacion_social_del_conocimiento.pdf\"><strong>Anexo 6. Lineamientos para integrar el enfoque de apropiaci\u00f3n social del conocimiento<\/strong><\/a><\/li>\n\n\n\n<li><strong><a href=\"https:\/\/www.minciencias.gov.co\/sites\/default\/files\/upload\/convocatoria\/anexo_7._glosario_de_terminos.pdf\" data-type=\"link\" data-id=\"https:\/\/www.minciencias.gov.co\/sites\/default\/files\/upload\/convocatoria\/anexo_7._glosario_de_terminos.pdf\">Anexo 7. Glosario de t\u00e9rminos<\/a><\/strong><\/li>\n\n\n\n<li><a href=\"https:\/\/www.minciencias.gov.co\/sites\/default\/files\/upload\/convocatoria\/anexo_8._lista_de_municipios_pdet_y_zomac.pdf\"><strong>Anexo 8. Lista de municipios PDET y ZOMAC<\/strong><\/a><\/li>\n\n\n\n<li><a href=\"https:\/\/www.minciencias.gov.co\/sites\/default\/files\/upload\/convocatoria\/anexo_9._manifestacion_tradiciones_culturales_alrededor_del_uso_de_la_hoja_de_coca_editable.docx\"><strong>Anexo 9. Manifestaci\u00f3n de tradiciones culturales alrededor del uso de la hoja de coca (editable)<\/strong><\/a><\/li>\n\n\n\n<li><a href=\"https:\/\/www.minciencias.gov.co\/sites\/default\/files\/adenda_no._1_956_-_2024.pdf\"><strong>Adenda No. 01 &#8211; 956<\/strong><\/a><\/li>\n\n\n\n<li><a href=\"https:\/\/vicerrectorias.utp.edu.co\/viie\/wp-content\/uploads\/sites\/3\/actores_reconocidos_junio_-_2024.xlsx\" data-type=\"link\" data-id=\"https:\/\/vicerrectorias.utp.edu.co\/viie\/wp-content\/uploads\/sites\/3\/actores_reconocidos_junio_-_2024.xlsx\"><strong>Anexo 10 &#8211; Actores Reconocidos por el Sistema Nacional de Ciencia, Tecnolog\u00eda e Innovaci\u00f3n (junio 2024)<\/strong><\/a><\/li>\n<\/ul>\n","protected":false},"excerpt":{"rendered":"<p>Las solicitudes de aval se recibir\u00e1n a trav\u00e9s del correo electr\u00f3nico&nbsp;innovacionutp@utp.edu.co&nbsp;remitiendo reporte del&nbsp;formulario SIGP,&nbsp;carta de aval completamente diligenciada&nbsp;(Ver Anexo 1), acompa\u00f1ada de los anexos requeridos por la convocatoria No 956.&nbsp; [&#8230;]<\/p>\n","protected":false},"author":12,"featured_media":0,"comment_status":"closed","ping_status":"","sticky":false,"template":"","format":"standard","meta":{"footnotes":""},"categories":[7],"tags":[],"class_list":["post-14579","post","type-post","status-publish","format-standard","hentry","category-convocatorias"],"_links":{"self":[{"href":"https:\/\/vicerrectorias.utp.edu.co\/viie\/wp-json\/wp\/v2\/posts\/14579","targetHints":{"allow":["GET"]}}],"collection":[{"href":"https:\/\/vicerrectorias.utp.edu.co\/viie\/wp-json\/wp\/v2\/posts"}],"about":[{"href":"https:\/\/vicerrectorias.utp.edu.co\/viie\/wp-json\/wp\/v2\/types\/post"}],"author":[{"embeddable":true,"href":"https:\/\/vicerrectorias.utp.edu.co\/viie\/wp-json\/wp\/v2\/users\/12"}],"replies":[{"embeddable":true,"href":"https:\/\/vicerrectorias.utp.edu.co\/viie\/wp-json\/wp\/v2\/comments?post=14579"}],"version-history":[{"count":14,"href":"https:\/\/vicerrectorias.utp.edu.co\/viie\/wp-json\/wp\/v2\/posts\/14579\/revisions"}],"predecessor-version":[{"id":18473,"href":"https:\/\/vicerrectorias.utp.edu.co\/viie\/wp-json\/wp\/v2\/posts\/14579\/revisions\/18473"}],"wp:attachment":[{"href":"https:\/\/vicerrectorias.utp.edu.co\/viie\/wp-json\/wp\/v2\/media?parent=14579"}],"wp:term":[{"taxonomy":"category","embeddable":true,"href":"https:\/\/vicerrectorias.utp.edu.co\/viie\/wp-json\/wp\/v2\/categories?post=14579"},{"taxonomy":"post_tag","embeddable":true,"href":"https:\/\/vicerrectorias.utp.edu.co\/viie\/wp-json\/wp\/v2\/tags?post=14579"}],"curies":[{"name":"wp","href":"https:\/\/api.w.org\/{rel}","templated":true}]}}