{"id":14013,"date":"2024-05-31T15:27:05","date_gmt":"2024-05-31T13:27:05","guid":{"rendered":"https:\/\/vicerrectorias.utp.edu.co\/viie\/?p=14013"},"modified":"2024-06-24T21:13:05","modified_gmt":"2024-06-24T19:13:05","slug":"lideres-de-acompanamiento-grupos-facultad-de-ciencias-de-la-educacion","status":"publish","type":"post","link":"https:\/\/vicerrectorias.utp.edu.co\/viie\/lideres-de-acompanamiento-grupos-facultad-de-ciencias-de-la-educacion\/","title":{"rendered":"L\u00cdDERES DE ACOMPA\u00d1AMIENTO GRUPOS FACULTAD DE CIENCIAS DE LA EDUCACI\u00d3N"},"content":{"rendered":"\n<div class=\"wp-block-columns is-layout-flex wp-container-core-columns-is-layout-9d6595d7 wp-block-columns-is-layout-flex\">\n<div class=\"wp-block-column is-layout-flow wp-block-column-is-layout-flow\">\n<figure class=\"wp-block-image size-full\"><a href=\"https:\/\/vicerrectorias.utp.edu.co\/viie\/integrantes\/256\/grupo\"><img loading=\"lazy\" decoding=\"async\" width=\"360\" height=\"240\" src=\"https:\/\/vicerrectorias.utp.edu.co\/viie\/wp-content\/uploads\/sites\/3\/ANALISIS-CRITICO-DEL-DISCURSO-MULTIMODAL-ESTUDIOS-Y-APLICACIONES-TRANSVERSALES-EN-AMBITOS-SOCIO-ACADEMICOS-ACDM.png\" alt=\"\" class=\"wp-image-14018\" style=\"aspect-ratio:16\/9;object-fit:cover\" srcset=\"https:\/\/vicerrectorias.utp.edu.co\/viie\/wp-content\/uploads\/sites\/3\/ANALISIS-CRITICO-DEL-DISCURSO-MULTIMODAL-ESTUDIOS-Y-APLICACIONES-TRANSVERSALES-EN-AMBITOS-SOCIO-ACADEMICOS-ACDM.png 360w, https:\/\/vicerrectorias.utp.edu.co\/viie\/wp-content\/uploads\/sites\/3\/ANALISIS-CRITICO-DEL-DISCURSO-MULTIMODAL-ESTUDIOS-Y-APLICACIONES-TRANSVERSALES-EN-AMBITOS-SOCIO-ACADEMICOS-ACDM-300x200.png 300w\" sizes=\"auto, (max-width: 360px) 100vw, 360px\" \/><\/a><\/figure>\n\n\n\n<ul class=\"wp-block-list\">\n<li>Luis Miguel Vargas Valencia<\/li>\n\n\n\n<li><a href=\"http:\/\/procesoeditorial@utp.edu.co\/\">procesoeditorial@utp.edu.co<\/a><\/li>\n<\/ul>\n\n\n\n<div class=\"wp-block-buttons is-content-justification-center is-layout-flex wp-container-core-buttons-is-layout-16018d1d wp-block-buttons-is-layout-flex\">\n<div class=\"wp-block-button has-custom-width wp-block-button__width-75 has-custom-font-size text-light is-style-fill\" style=\"font-size:16px\"><a class=\"wp-block-button__link has-white-color has-text-color has-link-color wp-element-button\" href=\"https:\/\/calendar.app.google\/n5P3rr6TPDRTreqq9\" style=\"border-radius:5px\">Reserva asesor\u00eda aqu\u00ed<\/a><\/div>\n<\/div>\n<\/div>\n\n\n\n<div class=\"wp-block-column is-layout-flow wp-block-column-is-layout-flow\">\n<figure class=\"wp-block-image size-full\"><a href=\"https:\/\/vicerrectorias.utp.edu.co\/viie\/integrantes\/36\/grupo\"><img loading=\"lazy\" decoding=\"async\" width=\"360\" height=\"240\" src=\"https:\/\/vicerrectorias.utp.edu.co\/viie\/wp-content\/uploads\/sites\/3\/COMUNICACION-EDUCATIVA.png\" alt=\"\" class=\"wp-image-14021\" style=\"aspect-ratio:16\/9;object-fit:cover\" srcset=\"https:\/\/vicerrectorias.utp.edu.co\/viie\/wp-content\/uploads\/sites\/3\/COMUNICACION-EDUCATIVA.png 360w, https:\/\/vicerrectorias.utp.edu.co\/viie\/wp-content\/uploads\/sites\/3\/COMUNICACION-EDUCATIVA-300x200.png 300w\" sizes=\"auto, (max-width: 360px) 100vw, 360px\" \/><\/a><\/figure>\n\n\n\n<ul class=\"wp-block-list\">\n<li>Yesica Marcela Rojas Orozco<\/li>\n\n\n\n<li><a href=\"http:\/\/procesoeditorial@utp.edu.co\/\"><\/a><a href=\"mailto:cproyectos@utp.edu.co\" target=\"_blank\" rel=\"noreferrer noopener\">cproyectos@utp.edu.co<\/a><\/li>\n<\/ul>\n\n\n\n<div class=\"wp-block-buttons is-content-justification-center is-layout-flex wp-container-core-buttons-is-layout-16018d1d wp-block-buttons-is-layout-flex\">\n<div class=\"wp-block-button has-custom-width wp-block-button__width-75 has-custom-font-size text-light is-style-fill\" style=\"font-size:16px\"><a class=\"wp-block-button__link has-white-color has-text-color has-link-color wp-element-button\" href=\"https:\/\/calendar.google.com\/calendar\/u\/0\/appointments\/schedules\/AcZssZ1GYNNgYYgDdxgFc1FhzfVs89oXq0Lg8bNOevCm-uY-raLo5sO_FnWMIg6tMK1UxaECqIXAhxPl\" style=\"border-radius:5px\">Reserva asesor\u00eda aqu\u00ed<\/a><\/div>\n<\/div>\n<\/div>\n\n\n\n<div class=\"wp-block-column is-layout-flow wp-block-column-is-layout-flow\">\n<figure class=\"wp-block-image size-full\"><a href=\"https:\/\/vicerrectorias.utp.edu.co\/viie\/integrantes\/291\/grupo\"><img loading=\"lazy\" decoding=\"async\" width=\"360\" height=\"240\" src=\"https:\/\/vicerrectorias.utp.edu.co\/viie\/wp-content\/uploads\/sites\/3\/CRITICA-Y-CREACION.png\" alt=\"\" class=\"wp-image-14023\" style=\"aspect-ratio:16\/9;object-fit:cover\" srcset=\"https:\/\/vicerrectorias.utp.edu.co\/viie\/wp-content\/uploads\/sites\/3\/CRITICA-Y-CREACION.png 360w, https:\/\/vicerrectorias.utp.edu.co\/viie\/wp-content\/uploads\/sites\/3\/CRITICA-Y-CREACION-300x200.png 300w\" sizes=\"auto, (max-width: 360px) 100vw, 360px\" \/><\/a><\/figure>\n\n\n\n<ul class=\"wp-block-list\">\n<li>Jhon Jairo G\u00f3mez Montoya<\/li>\n\n\n\n<li><a href=\"http:\/\/procesoeditorial@utp.edu.co\/\">investigaciones@utp.edu.co<\/a><\/li>\n<\/ul>\n\n\n\n<div class=\"wp-block-buttons is-content-justification-center is-layout-flex wp-container-core-buttons-is-layout-16018d1d wp-block-buttons-is-layout-flex\">\n<div class=\"wp-block-button has-custom-width wp-block-button__width-75 has-custom-font-size text-light is-style-fill\" style=\"font-size:16px\"><a class=\"wp-block-button__link has-white-color has-text-color has-link-color wp-element-button\" href=\"https:\/\/calendar.app.google\/rAXnFQXHfysWDVoh8\" style=\"border-radius:5px\">Reserva asesor\u00eda aqu\u00ed<\/a><\/div>\n<\/div>\n<\/div>\n<\/div>\n\n\n\n<div style=\"height:45px\" aria-hidden=\"true\" class=\"wp-block-spacer\"><\/div>\n\n\n\n<div class=\"wp-block-columns is-layout-flex wp-container-core-columns-is-layout-9d6595d7 wp-block-columns-is-layout-flex\">\n<div class=\"wp-block-column is-layout-flow wp-block-column-is-layout-flow\">\n<figure class=\"wp-block-image size-full\"><a href=\"https:\/\/vicerrectorias.utp.edu.co\/viie\/integrantes\/375\/grupo\"><img loading=\"lazy\" decoding=\"async\" width=\"360\" height=\"240\" src=\"https:\/\/vicerrectorias.utp.edu.co\/viie\/wp-content\/uploads\/sites\/3\/CULTURA-VISUAL.png\" alt=\"\" class=\"wp-image-14026\" style=\"aspect-ratio:16\/9;object-fit:cover\" srcset=\"https:\/\/vicerrectorias.utp.edu.co\/viie\/wp-content\/uploads\/sites\/3\/CULTURA-VISUAL.png 360w, https:\/\/vicerrectorias.utp.edu.co\/viie\/wp-content\/uploads\/sites\/3\/CULTURA-VISUAL-300x200.png 300w\" sizes=\"auto, (max-width: 360px) 100vw, 360px\" \/><\/a><\/figure>\n\n\n\n<ul class=\"wp-block-list\">\n<li>Luis Miguel Vargas Valencia<\/li>\n\n\n\n<li><a href=\"http:\/\/procesoeditorial@utp.edu.co\/\">procesoeditorial@utp.edu.co<\/a><\/li>\n<\/ul>\n\n\n\n<div class=\"wp-block-buttons is-content-justification-center is-layout-flex wp-container-core-buttons-is-layout-16018d1d wp-block-buttons-is-layout-flex\">\n<div class=\"wp-block-button has-custom-width wp-block-button__width-75 has-custom-font-size text-light is-style-fill\" style=\"font-size:16px\"><a class=\"wp-block-button__link has-white-color has-text-color has-link-color wp-element-button\" href=\"https:\/\/calendar.app.google\/n5P3rr6TPDRTreqq9\" style=\"border-radius:5px\">Reserva asesor\u00eda aqu\u00ed<\/a><\/div>\n<\/div>\n<\/div>\n\n\n\n<div class=\"wp-block-column is-layout-flow wp-block-column-is-layout-flow\">\n<figure class=\"wp-block-image size-full\"><a href=\"https:\/\/vicerrectorias.utp.edu.co\/viie\/integrantes\/78\/grupo\"><img loading=\"lazy\" decoding=\"async\" width=\"360\" height=\"240\" src=\"https:\/\/vicerrectorias.utp.edu.co\/viie\/wp-content\/uploads\/sites\/3\/EDUCACION-Y-DESARROLLO-HUMANO.png\" alt=\"\" class=\"wp-image-14028\" style=\"aspect-ratio:16\/9;object-fit:cover\" srcset=\"https:\/\/vicerrectorias.utp.edu.co\/viie\/wp-content\/uploads\/sites\/3\/EDUCACION-Y-DESARROLLO-HUMANO.png 360w, https:\/\/vicerrectorias.utp.edu.co\/viie\/wp-content\/uploads\/sites\/3\/EDUCACION-Y-DESARROLLO-HUMANO-300x200.png 300w\" sizes=\"auto, (max-width: 360px) 100vw, 360px\" \/><\/a><\/figure>\n\n\n\n<ul class=\"wp-block-list\">\n<li>Yesica Marcela Rojas Orozco<\/li>\n\n\n\n<li><a href=\"http:\/\/procesoeditorial@utp.edu.co\/\"><\/a><a href=\"mailto:cproyectos@utp.edu.co\" target=\"_blank\" rel=\"noreferrer noopener\">cproyectos@utp.edu.co<\/a><\/li>\n<\/ul>\n\n\n\n<div class=\"wp-block-buttons is-content-justification-center is-layout-flex wp-container-core-buttons-is-layout-16018d1d wp-block-buttons-is-layout-flex\">\n<div class=\"wp-block-button has-custom-width wp-block-button__width-75 has-custom-font-size text-light is-style-fill\" style=\"font-size:16px\"><a class=\"wp-block-button__link has-white-color has-text-color has-link-color wp-element-button\" href=\"https:\/\/calendar.google.com\/calendar\/u\/0\/appointments\/schedules\/AcZssZ1GYNNgYYgDdxgFc1FhzfVs89oXq0Lg8bNOevCm-uY-raLo5sO_FnWMIg6tMK1UxaECqIXAhxPl\" style=\"border-radius:5px\">Reserva asesor\u00eda aqu\u00ed<\/a><\/div>\n<\/div>\n<\/div>\n\n\n\n<div class=\"wp-block-column is-layout-flow wp-block-column-is-layout-flow\">\n<figure class=\"wp-block-image size-full\"><a href=\"https:\/\/vicerrectorias.utp.edu.co\/viie\/integrantes\/153\/grupo\"><img loading=\"lazy\" decoding=\"async\" width=\"360\" height=\"240\" src=\"https:\/\/vicerrectorias.utp.edu.co\/viie\/wp-content\/uploads\/sites\/3\/EDUCACION-Y-TECNOLOGIA.png\" alt=\"\" class=\"wp-image-14030\" style=\"aspect-ratio:16\/9;object-fit:cover\" srcset=\"https:\/\/vicerrectorias.utp.edu.co\/viie\/wp-content\/uploads\/sites\/3\/EDUCACION-Y-TECNOLOGIA.png 360w, https:\/\/vicerrectorias.utp.edu.co\/viie\/wp-content\/uploads\/sites\/3\/EDUCACION-Y-TECNOLOGIA-300x200.png 300w\" sizes=\"auto, (max-width: 360px) 100vw, 360px\" \/><\/a><\/figure>\n\n\n\n<ul class=\"wp-block-list\">\n<li>Luis Miguel Vargas Valencia<\/li>\n\n\n\n<li><a href=\"http:\/\/procesoeditorial@utp.edu.co\/\">procesoeditorial@utp.edu.co<\/a><\/li>\n<\/ul>\n\n\n\n<div class=\"wp-block-buttons is-content-justification-center is-layout-flex wp-container-core-buttons-is-layout-16018d1d wp-block-buttons-is-layout-flex\">\n<div class=\"wp-block-button has-custom-width wp-block-button__width-75 has-custom-font-size text-light is-style-fill\" style=\"font-size:16px\"><a class=\"wp-block-button__link has-white-color has-text-color has-link-color wp-element-button\" href=\"https:\/\/calendar.app.google\/n5P3rr6TPDRTreqq9\" style=\"border-radius:5px\">Reserva asesor\u00eda aqu\u00ed<\/a><\/div>\n<\/div>\n<\/div>\n<\/div>\n\n\n\n<div style=\"height:45px\" aria-hidden=\"true\" class=\"wp-block-spacer\"><\/div>\n\n\n\n<div class=\"wp-block-columns is-layout-flex wp-container-core-columns-is-layout-9d6595d7 wp-block-columns-is-layout-flex\">\n<div class=\"wp-block-column is-layout-flow wp-block-column-is-layout-flow\">\n<figure class=\"wp-block-image size-full\"><a href=\"https:\/\/vicerrectorias.utp.edu.co\/viie\/integrantes\/370\/grupo\"><img loading=\"lazy\" decoding=\"async\" width=\"360\" height=\"240\" src=\"https:\/\/vicerrectorias.utp.edu.co\/viie\/wp-content\/uploads\/sites\/3\/EDUMEDIA-3.png\" alt=\"\" class=\"wp-image-14033\" style=\"aspect-ratio:16\/9;object-fit:cover\" srcset=\"https:\/\/vicerrectorias.utp.edu.co\/viie\/wp-content\/uploads\/sites\/3\/EDUMEDIA-3.png 360w, https:\/\/vicerrectorias.utp.edu.co\/viie\/wp-content\/uploads\/sites\/3\/EDUMEDIA-3-300x200.png 300w\" sizes=\"auto, (max-width: 360px) 100vw, 360px\" \/><\/a><\/figure>\n\n\n\n<ul class=\"wp-block-list\">\n<li>Luis Miguel Vargas Valencia<\/li>\n\n\n\n<li><a href=\"http:\/\/procesoeditorial@utp.edu.co\/\">procesoeditorial@utp.edu.co<\/a><\/li>\n<\/ul>\n\n\n\n<div class=\"wp-block-buttons is-content-justification-center is-layout-flex wp-container-core-buttons-is-layout-16018d1d wp-block-buttons-is-layout-flex\">\n<div class=\"wp-block-button has-custom-width wp-block-button__width-75 has-custom-font-size text-light is-style-fill\" style=\"font-size:16px\"><a class=\"wp-block-button__link has-white-color has-text-color has-link-color wp-element-button\" href=\"https:\/\/calendar.app.google\/n5P3rr6TPDRTreqq9\" style=\"border-radius:5px\">Reserva asesor\u00eda aqu\u00ed<\/a><\/div>\n<\/div>\n<\/div>\n\n\n\n<div class=\"wp-block-column is-layout-flow wp-block-column-is-layout-flow\">\n<figure class=\"wp-block-image size-full\"><a href=\"https:\/\/vicerrectorias.utp.edu.co\/viie\/integrantes\/39\/grupo\"><img loading=\"lazy\" decoding=\"async\" width=\"360\" height=\"240\" src=\"https:\/\/vicerrectorias.utp.edu.co\/viie\/wp-content\/uploads\/sites\/3\/ESTUDIOS-DEL-LENGUAJE-Y-LA-EDUCACION.png\" alt=\"\" class=\"wp-image-14034\" style=\"aspect-ratio:16\/9;object-fit:cover\" srcset=\"https:\/\/vicerrectorias.utp.edu.co\/viie\/wp-content\/uploads\/sites\/3\/ESTUDIOS-DEL-LENGUAJE-Y-LA-EDUCACION.png 360w, https:\/\/vicerrectorias.utp.edu.co\/viie\/wp-content\/uploads\/sites\/3\/ESTUDIOS-DEL-LENGUAJE-Y-LA-EDUCACION-300x200.png 300w\" sizes=\"auto, (max-width: 360px) 100vw, 360px\" \/><\/a><\/figure>\n\n\n\n<ul class=\"wp-block-list\">\n<li>Yesica Marcela Rojas Orozco<\/li>\n\n\n\n<li><a href=\"http:\/\/procesoeditorial@utp.edu.co\/\"><\/a><a href=\"mailto:cproyectos@utp.edu.co\" target=\"_blank\" rel=\"noreferrer noopener\">cproyectos@utp.edu.co<\/a><\/li>\n<\/ul>\n\n\n\n<div class=\"wp-block-buttons is-content-justification-center is-layout-flex wp-container-core-buttons-is-layout-16018d1d wp-block-buttons-is-layout-flex\">\n<div class=\"wp-block-button has-custom-width wp-block-button__width-75 has-custom-font-size text-light is-style-fill\" style=\"font-size:16px\"><a class=\"wp-block-button__link has-white-color has-text-color has-link-color wp-element-button\" href=\"https:\/\/calendar.google.com\/calendar\/u\/0\/appointments\/schedules\/AcZssZ1GYNNgYYgDdxgFc1FhzfVs89oXq0Lg8bNOevCm-uY-raLo5sO_FnWMIg6tMK1UxaECqIXAhxPl\" style=\"border-radius:5px\">Reserva asesor\u00eda aqu\u00ed<\/a><\/div>\n<\/div>\n<\/div>\n\n\n\n<div class=\"wp-block-column is-layout-flow wp-block-column-is-layout-flow\">\n<figure class=\"wp-block-image size-full\"><a href=\"https:\/\/vicerrectorias.utp.edu.co\/viie\/integrantes\/121\/grupo\"><img loading=\"lazy\" decoding=\"async\" width=\"360\" height=\"240\" src=\"https:\/\/vicerrectorias.utp.edu.co\/viie\/wp-content\/uploads\/sites\/3\/ESTUDIOS-REGIONALES-SOBRE-LITERATURA-Y-CULTURA.png\" alt=\"\" class=\"wp-image-14036\" style=\"aspect-ratio:16\/9;object-fit:cover\" srcset=\"https:\/\/vicerrectorias.utp.edu.co\/viie\/wp-content\/uploads\/sites\/3\/ESTUDIOS-REGIONALES-SOBRE-LITERATURA-Y-CULTURA.png 360w, https:\/\/vicerrectorias.utp.edu.co\/viie\/wp-content\/uploads\/sites\/3\/ESTUDIOS-REGIONALES-SOBRE-LITERATURA-Y-CULTURA-300x200.png 300w\" sizes=\"auto, (max-width: 360px) 100vw, 360px\" \/><\/a><\/figure>\n\n\n\n<ul class=\"wp-block-list\">\n<li>Yesica Marcela Rojas Orozco<\/li>\n\n\n\n<li><a href=\"http:\/\/procesoeditorial@utp.edu.co\/\"><\/a><a href=\"mailto:cproyectos@utp.edu.co\" target=\"_blank\" rel=\"noreferrer noopener\">cproyectos@utp.edu.co<\/a><\/li>\n<\/ul>\n\n\n\n<div class=\"wp-block-buttons is-content-justification-center is-layout-flex wp-container-core-buttons-is-layout-16018d1d wp-block-buttons-is-layout-flex\">\n<div class=\"wp-block-button has-custom-width wp-block-button__width-75 has-custom-font-size text-light is-style-fill\" style=\"font-size:16px\"><a class=\"wp-block-button__link has-white-color has-text-color has-link-color wp-element-button\" href=\"https:\/\/calendar.google.com\/calendar\/u\/0\/appointments\/schedules\/AcZssZ1GYNNgYYgDdxgFc1FhzfVs89oXq0Lg8bNOevCm-uY-raLo5sO_FnWMIg6tMK1UxaECqIXAhxPl\" style=\"border-radius:5px\">Reserva asesor\u00eda aqu\u00ed<\/a><\/div>\n<\/div>\n<\/div>\n<\/div>\n\n\n\n<div style=\"height:45px\" aria-hidden=\"true\" class=\"wp-block-spacer\"><\/div>\n\n\n\n<div class=\"wp-block-columns is-layout-flex wp-container-core-columns-is-layout-9d6595d7 wp-block-columns-is-layout-flex\">\n<div class=\"wp-block-column is-layout-flow wp-block-column-is-layout-flow\">\n<figure class=\"wp-block-image size-full\"><a href=\"https:\/\/vicerrectorias.utp.edu.co\/viie\/integrantes\/196\/grupo\"><img loading=\"lazy\" decoding=\"async\" width=\"360\" height=\"240\" src=\"https:\/\/vicerrectorias.utp.edu.co\/viie\/wp-content\/uploads\/sites\/3\/FILOSOFIA-Y-MEMORIA.png\" alt=\"\" class=\"wp-image-14039\" style=\"aspect-ratio:16\/9;object-fit:cover\" srcset=\"https:\/\/vicerrectorias.utp.edu.co\/viie\/wp-content\/uploads\/sites\/3\/FILOSOFIA-Y-MEMORIA.png 360w, https:\/\/vicerrectorias.utp.edu.co\/viie\/wp-content\/uploads\/sites\/3\/FILOSOFIA-Y-MEMORIA-300x200.png 300w\" sizes=\"auto, (max-width: 360px) 100vw, 360px\" \/><\/a><\/figure>\n\n\n\n<ul class=\"wp-block-list\">\n<li>Javier Mauricio Toro Rinc\u00f3n<\/li>\n\n\n\n<li><a href=\"http:\/\/procesoeditorial@utp.edu.co\/\">investigaciones@utp.edu.co<\/a><\/li>\n<\/ul>\n\n\n\n<div class=\"wp-block-buttons is-content-justification-center is-layout-flex wp-container-core-buttons-is-layout-16018d1d wp-block-buttons-is-layout-flex\">\n<div class=\"wp-block-button has-custom-width wp-block-button__width-75 has-custom-font-size text-light is-style-fill\" style=\"font-size:16px\"><a class=\"wp-block-button__link has-white-color has-text-color has-link-color wp-element-button\" href=\"https:\/\/calendar.google.com\/calendar\/u\/0\/appointments\/schedules\/AcZssZ0nh9i8ATSbwn0mU9Xy978Q71KmMaI86B-npDUSZyzx3gOtMel_zYbGbHEdnzdWVBLH-cfGY6FV\" style=\"border-radius:5px\">Reserva asesor\u00eda aqu\u00ed<\/a><\/div>\n<\/div>\n<\/div>\n\n\n\n<div class=\"wp-block-column is-layout-flow wp-block-column-is-layout-flow\">\n<figure class=\"wp-block-image size-full\"><a href=\"https:\/\/vicerrectorias.utp.edu.co\/viie\/integrantes\/135\/grupo\"><img loading=\"lazy\" decoding=\"async\" width=\"360\" height=\"240\" src=\"https:\/\/vicerrectorias.utp.edu.co\/viie\/wp-content\/uploads\/sites\/3\/GELE.-GRUPO-DE-ESTUDIO-EN-LECTURA-Y-ESCRITURA.png\" alt=\"\" class=\"wp-image-14042\" style=\"aspect-ratio:16\/9;object-fit:cover\" srcset=\"https:\/\/vicerrectorias.utp.edu.co\/viie\/wp-content\/uploads\/sites\/3\/GELE.-GRUPO-DE-ESTUDIO-EN-LECTURA-Y-ESCRITURA.png 360w, https:\/\/vicerrectorias.utp.edu.co\/viie\/wp-content\/uploads\/sites\/3\/GELE.-GRUPO-DE-ESTUDIO-EN-LECTURA-Y-ESCRITURA-300x200.png 300w\" sizes=\"auto, (max-width: 360px) 100vw, 360px\" \/><\/a><\/figure>\n\n\n\n<ul class=\"wp-block-list\">\n<li>Lothar Mattews Garc\u00eda E.<\/li>\n\n\n\n<li><a href=\"http:\/\/procesoeditorial@utp.edu.co\/\"><\/a><a href=\"mailto:cproyectos@utp.edu.co\" target=\"_blank\" rel=\"noreferrer noopener\"><\/a><a href=\"http:\/\/investigaciones@utp.edu.co\/\">investigaciones@utp.edu.co<\/a><\/li>\n<\/ul>\n\n\n\n<div class=\"wp-block-buttons is-content-justification-center is-layout-flex wp-container-core-buttons-is-layout-16018d1d wp-block-buttons-is-layout-flex\">\n<div class=\"wp-block-button has-custom-width wp-block-button__width-75 has-custom-font-size text-light is-style-fill\" style=\"font-size:16px\"><a class=\"wp-block-button__link has-white-color has-text-color has-link-color wp-element-button\" href=\"https:\/\/calendar.app.google\/59bSCW4bgWYUnWLq9\" style=\"border-radius:5px\">Reserva asesor\u00eda aqu\u00ed<\/a><\/div>\n<\/div>\n<\/div>\n\n\n\n<div class=\"wp-block-column is-layout-flow wp-block-column-is-layout-flow\">\n<figure class=\"wp-block-image size-full\"><a href=\"https:\/\/vicerrectorias.utp.edu.co\/viie\/integrantes\/37\/grupo\"><img loading=\"lazy\" decoding=\"async\" width=\"360\" height=\"240\" src=\"https:\/\/vicerrectorias.utp.edu.co\/viie\/wp-content\/uploads\/sites\/3\/GRUPO-DE-INVESTIGACION-EDUCACION-Y-PEDAGOGIA.png\" alt=\"\" class=\"wp-image-14044\" style=\"aspect-ratio:16\/9;object-fit:cover\" srcset=\"https:\/\/vicerrectorias.utp.edu.co\/viie\/wp-content\/uploads\/sites\/3\/GRUPO-DE-INVESTIGACION-EDUCACION-Y-PEDAGOGIA.png 360w, https:\/\/vicerrectorias.utp.edu.co\/viie\/wp-content\/uploads\/sites\/3\/GRUPO-DE-INVESTIGACION-EDUCACION-Y-PEDAGOGIA-300x200.png 300w\" sizes=\"auto, (max-width: 360px) 100vw, 360px\" \/><\/a><\/figure>\n\n\n\n<ul class=\"wp-block-list\">\n<li>Yesica Marcela Rojas Orozco<\/li>\n\n\n\n<li><a href=\"http:\/\/procesoeditorial@utp.edu.co\/\"><\/a><a href=\"mailto:cproyectos@utp.edu.co\" target=\"_blank\" rel=\"noreferrer noopener\">cproyectos@utp.edu.co<\/a><\/li>\n<\/ul>\n\n\n\n<div class=\"wp-block-buttons is-content-justification-center is-layout-flex wp-container-core-buttons-is-layout-16018d1d wp-block-buttons-is-layout-flex\">\n<div class=\"wp-block-button has-custom-width wp-block-button__width-75 has-custom-font-size text-light is-style-fill\" style=\"font-size:16px\"><a class=\"wp-block-button__link has-white-color has-text-color has-link-color wp-element-button\" href=\"https:\/\/calendar.google.com\/calendar\/u\/0\/appointments\/schedules\/AcZssZ1GYNNgYYgDdxgFc1FhzfVs89oXq0Lg8bNOevCm-uY-raLo5sO_FnWMIg6tMK1UxaECqIXAhxPl\" style=\"border-radius:5px\">Reserva asesor\u00eda aqu\u00ed<\/a><\/div>\n<\/div>\n<\/div>\n<\/div>\n\n\n\n<div style=\"height:45px\" aria-hidden=\"true\" class=\"wp-block-spacer\"><\/div>\n\n\n\n<div class=\"wp-block-columns is-layout-flex wp-container-core-columns-is-layout-9d6595d7 wp-block-columns-is-layout-flex\">\n<div class=\"wp-block-column is-layout-flow wp-block-column-is-layout-flow\">\n<figure class=\"wp-block-image size-full\"><a href=\"https:\/\/vicerrectorias.utp.edu.co\/viie\/integrantes\/518\/grupo\"><img loading=\"lazy\" decoding=\"async\" width=\"360\" height=\"240\" src=\"https:\/\/vicerrectorias.utp.edu.co\/viie\/wp-content\/uploads\/sites\/3\/GRUPO-DE-INVESTIGACION-EN-INFORMATICA-TECNOLOGIA-COMUNICACION-Y-EDUCACION-INFOTED.png\" alt=\"\" class=\"wp-image-14067\" style=\"aspect-ratio:16\/9;object-fit:cover\" srcset=\"https:\/\/vicerrectorias.utp.edu.co\/viie\/wp-content\/uploads\/sites\/3\/GRUPO-DE-INVESTIGACION-EN-INFORMATICA-TECNOLOGIA-COMUNICACION-Y-EDUCACION-INFOTED.png 360w, https:\/\/vicerrectorias.utp.edu.co\/viie\/wp-content\/uploads\/sites\/3\/GRUPO-DE-INVESTIGACION-EN-INFORMATICA-TECNOLOGIA-COMUNICACION-Y-EDUCACION-INFOTED-300x200.png 300w\" sizes=\"auto, (max-width: 360px) 100vw, 360px\" \/><\/a><\/figure>\n\n\n\n<ul class=\"wp-block-list\">\n<li>Luis Miguel Vargas Valencia<\/li>\n\n\n\n<li><a href=\"http:\/\/procesoeditorial@utp.edu.co\/\">procesoeditorial@utp.edu.co<\/a><\/li>\n<\/ul>\n\n\n\n<div class=\"wp-block-buttons is-content-justification-center is-layout-flex wp-container-core-buttons-is-layout-16018d1d wp-block-buttons-is-layout-flex\">\n<div class=\"wp-block-button has-custom-width wp-block-button__width-75 has-custom-font-size text-light is-style-fill\" style=\"font-size:16px\"><a class=\"wp-block-button__link has-white-color has-text-color has-link-color wp-element-button\" href=\"https:\/\/calendar.app.google\/n5P3rr6TPDRTreqq9\" style=\"border-radius:5px\">Reserva asesor\u00eda aqu\u00ed<\/a><\/div>\n<\/div>\n<\/div>\n\n\n\n<div class=\"wp-block-column is-layout-flow wp-block-column-is-layout-flow\">\n<figure class=\"wp-block-image size-full\"><a href=\"https:\/\/vicerrectorias.utp.edu.co\/viie\/integrantes\/178\/grupo\"><img loading=\"lazy\" decoding=\"async\" width=\"360\" height=\"240\" src=\"https:\/\/vicerrectorias.utp.edu.co\/viie\/wp-content\/uploads\/sites\/3\/JUEGO-HUMANO.png\" alt=\"\" class=\"wp-image-14069\" style=\"aspect-ratio:16\/9;object-fit:cover\" srcset=\"https:\/\/vicerrectorias.utp.edu.co\/viie\/wp-content\/uploads\/sites\/3\/JUEGO-HUMANO.png 360w, https:\/\/vicerrectorias.utp.edu.co\/viie\/wp-content\/uploads\/sites\/3\/JUEGO-HUMANO-300x200.png 300w\" sizes=\"auto, (max-width: 360px) 100vw, 360px\" \/><\/a><\/figure>\n\n\n\n<ul class=\"wp-block-list\">\n<li>Luis Miguel Vargas Valencia<\/li>\n\n\n\n<li><a href=\"http:\/\/procesoeditorial@utp.edu.co\/\">procesoeditorial@utp.edu.co<\/a><\/li>\n<\/ul>\n\n\n\n<div class=\"wp-block-buttons is-content-justification-center is-layout-flex wp-container-core-buttons-is-layout-16018d1d wp-block-buttons-is-layout-flex\">\n<div class=\"wp-block-button has-custom-width wp-block-button__width-75 has-custom-font-size text-light is-style-fill\" style=\"font-size:16px\"><a class=\"wp-block-button__link has-white-color has-text-color has-link-color wp-element-button\" href=\"https:\/\/calendar.app.google\/n5P3rr6TPDRTreqq9\" style=\"border-radius:5px\">Reserva asesor\u00eda aqu\u00ed<\/a><\/div>\n<\/div>\n<\/div>\n\n\n\n<div class=\"wp-block-column is-layout-flow wp-block-column-is-layout-flow\">\n<figure class=\"wp-block-image size-full\"><a href=\"https:\/\/vicerrectorias.utp.edu.co\/viie\/integrantes\/214\/grupo\"><img loading=\"lazy\" decoding=\"async\" width=\"360\" height=\"240\" src=\"https:\/\/vicerrectorias.utp.edu.co\/viie\/wp-content\/uploads\/sites\/3\/MOVILIDAD-HUMANA.png\" alt=\"\" class=\"wp-image-14071\" style=\"aspect-ratio:16\/9;object-fit:cover\" srcset=\"https:\/\/vicerrectorias.utp.edu.co\/viie\/wp-content\/uploads\/sites\/3\/MOVILIDAD-HUMANA.png 360w, https:\/\/vicerrectorias.utp.edu.co\/viie\/wp-content\/uploads\/sites\/3\/MOVILIDAD-HUMANA-300x200.png 300w\" sizes=\"auto, (max-width: 360px) 100vw, 360px\" \/><\/a><\/figure>\n\n\n\n<ul class=\"wp-block-list\">\n<li>Luis Miguel Vargas Valencia<\/li>\n\n\n\n<li><a href=\"http:\/\/procesoeditorial@utp.edu.co\/\">procesoeditorial@utp.edu.co<\/a><\/li>\n<\/ul>\n\n\n\n<div class=\"wp-block-buttons is-content-justification-center is-layout-flex wp-container-core-buttons-is-layout-16018d1d wp-block-buttons-is-layout-flex\">\n<div class=\"wp-block-button has-custom-width wp-block-button__width-75 has-custom-font-size text-light is-style-fill\" style=\"font-size:16px\"><a class=\"wp-block-button__link has-white-color has-text-color has-link-color wp-element-button\" href=\"https:\/\/calendar.app.google\/n5P3rr6TPDRTreqq9\" style=\"border-radius:5px\">Reserva asesor\u00eda aqu\u00ed<\/a><\/div>\n<\/div>\n<\/div>\n<\/div>\n\n\n\n<div style=\"height:45px\" aria-hidden=\"true\" class=\"wp-block-spacer\"><\/div>\n\n\n\n<div class=\"wp-block-columns is-layout-flex wp-container-core-columns-is-layout-9d6595d7 wp-block-columns-is-layout-flex\">\n<div class=\"wp-block-column is-layout-flow wp-block-column-is-layout-flow\">\n<figure class=\"wp-block-image size-full\"><a href=\"https:\/\/vicerrectorias.utp.edu.co\/viie\/integrantes\/38\/grupo\"><img loading=\"lazy\" decoding=\"async\" width=\"360\" height=\"240\" src=\"https:\/\/vicerrectorias.utp.edu.co\/viie\/wp-content\/uploads\/sites\/3\/POLITICAS-SOCIABILIDADES-Y-REPRESENTACIONES-HISTORICO-EDUCATIVAS.png\" alt=\"\" class=\"wp-image-14073\" srcset=\"https:\/\/vicerrectorias.utp.edu.co\/viie\/wp-content\/uploads\/sites\/3\/POLITICAS-SOCIABILIDADES-Y-REPRESENTACIONES-HISTORICO-EDUCATIVAS.png 360w, https:\/\/vicerrectorias.utp.edu.co\/viie\/wp-content\/uploads\/sites\/3\/POLITICAS-SOCIABILIDADES-Y-REPRESENTACIONES-HISTORICO-EDUCATIVAS-300x200.png 300w\" sizes=\"auto, (max-width: 360px) 100vw, 360px\" \/><\/a><\/figure>\n\n\n\n<ul class=\"wp-block-list\">\n<li>Yesica Marcela Rojas Orozco<\/li>\n\n\n\n<li><a href=\"http:\/\/procesoeditorial@utp.edu.co\/\"><\/a><a href=\"mailto:cproyectos@utp.edu.co\" target=\"_blank\" rel=\"noreferrer noopener\">cproyectos@utp.edu.co<\/a><\/li>\n<\/ul>\n\n\n\n<div class=\"wp-block-buttons is-content-justification-center is-layout-flex wp-container-core-buttons-is-layout-16018d1d wp-block-buttons-is-layout-flex\">\n<div class=\"wp-block-button has-custom-width wp-block-button__width-75 has-custom-font-size text-light is-style-fill\" style=\"font-size:16px\"><a class=\"wp-block-button__link has-white-color has-text-color has-link-color wp-element-button\" href=\"https:\/\/calendar.google.com\/calendar\/u\/0\/appointments\/schedules\/AcZssZ1GYNNgYYgDdxgFc1FhzfVs89oXq0Lg8bNOevCm-uY-raLo5sO_FnWMIg6tMK1UxaECqIXAhxPl\" style=\"border-radius:5px\">Reserva asesor\u00eda aqu\u00ed<\/a><\/div>\n<\/div>\n<\/div>\n\n\n\n<div class=\"wp-block-column is-layout-flow wp-block-column-is-layout-flow\">\n<figure class=\"wp-block-image size-full\"><a href=\"https:\/\/vicerrectorias.utp.edu.co\/viie\/integrantes\/132\/grupo\"><img loading=\"lazy\" decoding=\"async\" width=\"360\" height=\"240\" src=\"https:\/\/vicerrectorias.utp.edu.co\/viie\/wp-content\/uploads\/sites\/3\/TERRITORIO-EDUCACION-Y-SOCIEDAD.png\" alt=\"\" class=\"wp-image-14075\" srcset=\"https:\/\/vicerrectorias.utp.edu.co\/viie\/wp-content\/uploads\/sites\/3\/TERRITORIO-EDUCACION-Y-SOCIEDAD.png 360w, https:\/\/vicerrectorias.utp.edu.co\/viie\/wp-content\/uploads\/sites\/3\/TERRITORIO-EDUCACION-Y-SOCIEDAD-300x200.png 300w\" sizes=\"auto, (max-width: 360px) 100vw, 360px\" \/><\/a><\/figure>\n\n\n\n<ul class=\"wp-block-list\">\n<li>Jhon Jairo G\u00f3mez Montoya<\/li>\n\n\n\n<li><a href=\"http:\/\/procesoeditorial@utp.edu.co\/\">investigaciones@utp.edu.co<\/a><\/li>\n<\/ul>\n\n\n\n<div class=\"wp-block-buttons is-content-justification-center is-layout-flex wp-container-core-buttons-is-layout-16018d1d wp-block-buttons-is-layout-flex\">\n<div class=\"wp-block-button has-custom-width wp-block-button__width-75 has-custom-font-size text-light is-style-fill\" style=\"font-size:16px\"><a class=\"wp-block-button__link has-white-color has-text-color has-link-color wp-element-button\" href=\"https:\/\/calendar.app.google\/rAXnFQXHfysWDVoh8\" style=\"border-radius:5px\">Reserva asesor\u00eda aqu\u00ed<\/a><\/div>\n<\/div>\n<\/div>\n\n\n\n<div class=\"wp-block-column is-layout-flow wp-block-column-is-layout-flow\"><\/div>\n<\/div>\n\n\n\n<div style=\"height:45px\" aria-hidden=\"true\" class=\"wp-block-spacer\"><\/div>\n\n\n\n<figure class=\"wp-block-image size-full\"><a href=\"https:\/\/vicerrectorias.utp.edu.co\/viie\/wp-content\/uploads\/sites\/3\/Educacion-1.pdf\"><img loading=\"lazy\" decoding=\"async\" width=\"800\" height=\"150\" src=\"https:\/\/vicerrectorias.utp.edu.co\/viie\/wp-content\/uploads\/sites\/3\/Facultades-4.png\" alt=\"\" class=\"wp-image-14630\" srcset=\"https:\/\/vicerrectorias.utp.edu.co\/viie\/wp-content\/uploads\/sites\/3\/Facultades-4.png 800w, https:\/\/vicerrectorias.utp.edu.co\/viie\/wp-content\/uploads\/sites\/3\/Facultades-4-300x56.png 300w, https:\/\/vicerrectorias.utp.edu.co\/viie\/wp-content\/uploads\/sites\/3\/Facultades-4-768x144.png 768w\" sizes=\"auto, (max-width: 800px) 100vw, 800px\" \/><\/a><\/figure>\n","protected":false},"excerpt":{"rendered":"","protected":false},"author":12,"featured_media":0,"comment_status":"closed","ping_status":"","sticky":false,"template":"","format":"standard","meta":{"footnotes":""},"categories":[32],"tags":[],"class_list":["post-14013","post","type-post","status-publish","format-standard","hentry","category-acompanamiento-grupos"],"_links":{"self":[{"href":"https:\/\/vicerrectorias.utp.edu.co\/viie\/wp-json\/wp\/v2\/posts\/14013","targetHints":{"allow":["GET"]}}],"collection":[{"href":"https:\/\/vicerrectorias.utp.edu.co\/viie\/wp-json\/wp\/v2\/posts"}],"about":[{"href":"https:\/\/vicerrectorias.utp.edu.co\/viie\/wp-json\/wp\/v2\/types\/post"}],"author":[{"embeddable":true,"href":"https:\/\/vicerrectorias.utp.edu.co\/viie\/wp-json\/wp\/v2\/users\/12"}],"replies":[{"embeddable":true,"href":"https:\/\/vicerrectorias.utp.edu.co\/viie\/wp-json\/wp\/v2\/comments?post=14013"}],"version-history":[{"count":27,"href":"https:\/\/vicerrectorias.utp.edu.co\/viie\/wp-json\/wp\/v2\/posts\/14013\/revisions"}],"predecessor-version":[{"id":14631,"href":"https:\/\/vicerrectorias.utp.edu.co\/viie\/wp-json\/wp\/v2\/posts\/14013\/revisions\/14631"}],"wp:attachment":[{"href":"https:\/\/vicerrectorias.utp.edu.co\/viie\/wp-json\/wp\/v2\/media?parent=14013"}],"wp:term":[{"taxonomy":"category","embeddable":true,"href":"https:\/\/vicerrectorias.utp.edu.co\/viie\/wp-json\/wp\/v2\/categories?post=14013"},{"taxonomy":"post_tag","embeddable":true,"href":"https:\/\/vicerrectorias.utp.edu.co\/viie\/wp-json\/wp\/v2\/tags?post=14013"}],"curies":[{"name":"wp","href":"https:\/\/api.w.org\/{rel}","templated":true}]}}