{"id":13313,"date":"2024-05-09T18:42:43","date_gmt":"2024-05-09T16:42:43","guid":{"rendered":"https:\/\/vicerrectorias.utp.edu.co\/viie\/?p=13313"},"modified":"2024-06-24T16:49:17","modified_gmt":"2024-06-24T14:49:17","slug":"convocatoria-951-fortalecimiento-del-conocimiento-geocientifico-y-tecnologico-de-las-fuentes-no-convencionales-de-energia-y-la-captura-almacenamiento-y-uso-de-co2","status":"publish","type":"post","link":"https:\/\/vicerrectorias.utp.edu.co\/viie\/convocatoria-951-fortalecimiento-del-conocimiento-geocientifico-y-tecnologico-de-las-fuentes-no-convencionales-de-energia-y-la-captura-almacenamiento-y-uso-de-co2\/","title":{"rendered":"CONVOCATORIA 951: FORTALECIMIENTO DEL CONOCIMIENTO GEOCIENT\u00cdFICO Y TECNOL\u00d3GICO DE LAS FUENTES NO CONVENCIONALES DE ENERG\u00cdA Y LA CAPTURA, ALMACENAMIENTO Y USO DE CO2"},"content":{"rendered":"\n<p><span class=\"post-content__span\"> <strong>Objetivo:<\/strong><\/p>\n\n\n\n<p><span class=\"post-content__span\"> Fortalecer el desarrollo del sector energ\u00e9tico colombiano a trav\u00e9s de la financiaci\u00f3n de proyectos de I+D+i que contribuyan a la generaci\u00f3n de nuevo conocimiento geocient\u00edfico y tecnol\u00f3gico en las Fuentes No Convencionales de Energ\u00eda (FNCE) delegadas a la Agencia Nacional de Hidrocarburos, tales como energ\u00eda geot\u00e9rmica, e\u00f3lica e hidr\u00f3geno, y la captura, almacenamiento y uso de di\u00f3xido de carbono.<\/p>\n\n\n\n<p><span class=\"post-content__span\"> <strong>L\u00edneas tem\u00e1ticas:<\/strong><\/p>\n\n\n\n<p><span class=\"post-content__span\"> 1. Investigaciones y estudios prospectivos en Fuentes No Convencionales de Energ\u00eda &#8211; FNCE delegadas a la ANH por el Ministerio de Minas y Energ\u00eda \u2013 MME<\/p>\n\n\n\n<p><span class=\"post-content__span\"> 2. Evaluaci\u00f3n del potencial en Fuentes No Convencionales de Energ\u00eda &#8211; FNCE asociado a Hidr\u00f3geno en el territorio colombiano.<\/p>\n\n\n\n<p><span class=\"post-content__span\"> 3. Evaluaci\u00f3n de recursos en Fuentes No Convencionales de Energ\u00eda &#8211; FNCE asociado a geotermia en zonas de inter\u00e9s.<\/p>\n\n\n\n<p><span class=\"post-content__span\"> 4. Investigaci\u00f3n, caracterizaci\u00f3n y evaluaci\u00f3n de los procesos de captura, uso y almacenamiento de CO2 &#8211; CCUS.<\/p>\n\n\n\n<p><span class=\"post-content__span\"> 5. Innovaci\u00f3n y utilizaci\u00f3n de nuevas tecnolog\u00edas para el desarrollo de Fuentes No Convencionales de Energ\u00eda &#8211; FNCE delegadas a la ANH tales como el an\u00e1lisis de datos, inteligencia artificial y\/o machine learning entre otras.<\/p>\n\n\n\n<p><span class=\"post-content__span\"> <strong>Dirigida a:<\/strong><\/p>\n\n\n\n<p><span class=\"post-content__span\"> Alianzas estrat\u00e9gicas conformadas por una entidad del SNCTI que cuente con un grupo de investigaci\u00f3n, desarrollo tecnol\u00f3gico e innovaci\u00f3n categorizado por el MINISTERIO al cierre de esta convocatoria, y con m\u00ednimo alguno de los siguientes actores del SNCTI, todos con experiencia comprobada en la l\u00ednea tem\u00e1tica a la cual se presentan:<\/p>\n\n\n\n<p><span class=\"post-content__span\"> \u2022&nbsp;&nbsp;&nbsp;&nbsp;&nbsp;&nbsp;&nbsp;&nbsp;&nbsp;&nbsp; Otro(s) grupo(s) de Investigaci\u00f3n, Desarrollo Tecnol\u00f3gico e Innovaci\u00f3n categorizado(s) por el Ministerio de Ciencia, Tecnolog\u00eda e Innovaci\u00f3n al cierre de esta convocatoria y que se encuentre(n) adscrito(s) a una(s) entidad(es) legalmente constituida(s) en Colombia.<\/p>\n\n\n\n<p><span class=\"post-content__span\"> \u2022&nbsp;&nbsp;&nbsp;&nbsp;&nbsp;&nbsp;&nbsp;&nbsp;&nbsp;&nbsp; Otros actores del SNCTI, entidades legalmente constituidas y que tengan experiencia comprobada en la l\u00ednea tem\u00e1tica a la cual se presentan. Entre los actores del SNCTI se incluyen: Instituciones de Educaci\u00f3n Superior (IES), Unidades Empresariales de I+D+i reconocidas, Empresas (personas jur\u00eddicas), Centros e Institutos de Investigaci\u00f3n (CI) reconocidos, Centros de Desarrollo Tecnol\u00f3gico (CDT) reconocidos, Centros de Innovaci\u00f3n y Productividad (CIP) reconocidos, Incubadoras de Empresa de Base Tecnol\u00f3gica (IEBT) reconocidas, entidades del sector productivo o de servicios, entidades estatales, no gubernamentales y sociedad civil organizada.<\/p>\n\n\n\n<h2 class=\"wp-block-heading\"><strong>REQUISITOS<\/strong> <strong><a href=\"https:\/\/www.minciencias.gov.co\/sites\/default\/files\/upload\/convocatoria\/trminos_de_referencia_convocatoria_fuente_no_convencionales_energa_-_anh_2024_fdo.pdf\" data-type=\"link\" data-id=\"https:\/\/www.minciencias.gov.co\/sites\/default\/files\/upload\/convocatoria\/trminos_de_referencia_convocatoria_fuente_no_convencionales_energa_-_anh_2024_fdo.pdf\">(Ver t\u00e9rminos de referencia)<\/a><\/strong><\/h2>\n\n\n\n<p><span class=\"post-content__span\"> 1. Cumplir con el DIRIGIDO A.<\/p>\n\n\n\n<p><span class=\"post-content__span\"> 2. Inscribir la propuesta completa del proyecto de I+D+i en el Sistema Integrado de Gesti\u00f3n de Proyectos-SIGP teniendo en cuenta las fechas establecidas en el cronograma de la convocatoria, y seleccionando solo una de las l\u00edneas tem\u00e1ticas definidas en el numeral 4. \u201cL\u00cdNEAS TEM\u00c1TICAS\u201d de los presentes T\u00e9rminos de Referencia. El formulario del proyecto diligenciado en el SIGP deber\u00e1 contener la informaci\u00f3n requerida en el ANEXO 3 \u2013 DESCRIPCI\u00d3N DEL CONTENIDO DE LA PROPUESTA.<\/p>\n\n\n\n<p><span class=\"post-content__span\"> 3. Presentar carta de aval y compromiso institucional unificada debidamente diligenciada y firmada por los representantes legales o apoderados de todas las entidades que participen en la propuesta. Para acreditar este requisito, se debe adjuntar el ANEXO 2 &#8211; CARTA DE AVAL Y COMPROMISO INSTITUCIONAL UNIFICADA. En el caso de apoderado(s), deber\u00e1n anexarse el\/los documento(s) que acrediten y faculten en el mismo archivo.<\/p>\n\n\n\n<p><span class=\"post-content__span\"> A su vez, el modelo de gobernanza de la alianza deber\u00e1 presentarse debidamente diligenciado en la carta de aval. Las entidades que hagan parte de la Alianza deber\u00e1n comprometer conjuntamente una contrapartida en dinero y\/o especie por un monto m\u00ednimo del 10% del valor total del proyecto, \u00e9sta debe quedar definida y soportada en el Sistema Integrado de Gesti\u00f3n de Proyectos \u2013SIGP, y de acuerdo con lo consignado en el ANEXO 2 &#8211; CARTA DE AVAL Y COMPROMISO INSTITUCIONAL UNIFICADA de los t\u00e9rminos de referencia.<\/p>\n\n\n\n<p><span class=\"post-content__span\"> <strong>Nota:<\/strong> Los Centros aut\u00f3nomos y reconocidos por EL MINISTERIO que hagan parte de la alianza, no est\u00e1n obligados a realizar aportes de contrapartida de conformidad con el numeral 8.2.2 de la Pol\u00edtica de actores del Sistema Nacional de Ciencia, Tecnolog\u00eda e Innovaci\u00f3n- SNCTI adoptada mediante Resoluci\u00f3n No. 1473 de 2016. El porcentaje total deber\u00e1 ser cubierto en tal caso por las dem\u00e1s entidades que conforman la alianza.<\/p>\n\n\n\n<p><span class=\"post-content__span\"> 4. Presentar concepto de un comit\u00e9 de \u00e9tica\/bio\u00e9tica, cuando aplique, donde se especifique que la propuesta ha sido revisada y avalada. En caso de que ninguna de las instituciones que conforman la Alianza cuenten con un comit\u00e9 de \u00e9tica, podr\u00e1 solicitar el concepto ante otra entidad que s\u00ed cuente con uno. Debe anexar a este aval, el acto administrativo que soporta la conformaci\u00f3n del Comit\u00e9 de \u00e9tica o de Bio\u00e9tica que lo expide.<\/p>\n\n\n\n<p><span class=\"post-content__span\"> 5. El investigador principal debe estar adscrito a la entidad ejecutora y al grupo de investigaci\u00f3n, desarrollo tecnol\u00f3gico o de innovaci\u00f3n que lidere el proyecto y solo podr\u00e1 participar con este rol en un proyecto de la presente convocatoria.<\/p>\n\n\n\n<p><span class=\"post-content__span\"> 6. Presentar el ANEXO 4 &#8211; RELACI\u00d3N DE PRODUCTOS DE CTeI RELACIONADOS CON LA CONVOCATORIA, debidamente diligenciado, firmado y con los respectivos soportes para verificaci\u00f3n, tanto para el investigador principal, como para el Grupo de Investigaci\u00f3n, Desarrollo Tecnol\u00f3gico e Innovaci\u00f3n proponente y el (los) aliado(s), con el objetivo de verificar experiencia en la l\u00ednea tem\u00e1tica a la cual aplica. El investigador principal debe tener experiencia comprobada de m\u00ednimo un (1) producto registrado en su CvLAC a la fecha de apertura de la convocatoria y que est\u00e9 relacionado directamente con la l\u00ednea tem\u00e1tica a la cual se presenta.<\/p>\n\n\n\n<p><span class=\"post-content__span\"> 7. La informaci\u00f3n de identificaci\u00f3n, roles y responsabilidades de todos los integrantes que participen en el proyecto, deber\u00e1 quedar claramente estipulada en el formulario diligenciado a trav\u00e9s del SIGP. Todo el personal cient\u00edfico debe crear o actualizar su CvLAC. Para los casos en los que no se encuentren definidas las personas para perfiles espec\u00edficos en la propuesta, una vez estas sean seleccionadas, el Investigador Principal deber\u00e1 asegurarse de la creaci\u00f3n o actualizaci\u00f3n de sus CvLACs u hoja de vida. Si se incorporan en la propuesta investigadores internacionales, se deber\u00e1n incluir, en idioma espa\u00f1ol, sus hojas de vida dentro de la documentaci\u00f3n a presentar con la propuesta, en caso de que no tengan creado su CvLAC.<\/p>\n\n\n\n<p><span class=\"post-content__span\"> 8. Presentar el ANEXO 5 \u2013 PLAN DETALLADO DE TRABAJO Y PROYECCI\u00d3N PRESUPUESTAL debidamente diligenciado con la planeaci\u00f3n t\u00e9cnica y financiera de ejecuci\u00f3n del proyecto.<\/p>\n\n\n\n<p><span class=\"post-content__span\"> Notas: 1. El MINISTERIO podr\u00e1 solicitar en cualquier momento, informaci\u00f3n y documentaci\u00f3n adicional o aclaraciones sobre los requisitos, cuando aplique. 2. Se aceptar\u00e1 que en la \u201cCarta de aval y compromiso institucional unificada\u201d (Anexo 2) las firmas de los representantes legales o apoderados vengan en hojas diferentes. No obstante, estas hojas con las firmas deber\u00e1n estar contenidas en un \u00fanico archivo pdf. 3. El MINISTERIO con el fin de dar cumplimiento con lo indicado en el numeral \u201c5. Transparencia. Las instituciones, programas, proyectos y personas objeto de apoyo, se podr\u00e1n seleccionar mediante convocatorias p\u00fablicas, basadas en criterios de m\u00e9rito y calidad\u201d del art\u00edculo 4 de la Ley 1286 de 2009 y de garantizar los principios del m\u00e9rito y la calidad, establece una etapa de subsanaci\u00f3n de requisitos, que se realizar\u00e1 en el periodo se\u00f1alado en el numeral 16. CRONOGRAMA. 4. Tener en cuenta que en el caso de que el proyecto sea financiado, la ejecuci\u00f3n, seguimiento, supervisi\u00f3n y liquidaci\u00f3n del proyecto se ce\u00f1ir\u00e1 por lo registrado en el ANEXO 5 \u2013 PLAN DETALLADO DE TRABAJO Y PROYECCI\u00d3N PRESUPUESTAL<\/p>\n\n\n\n<h2 class=\"wp-block-heading\">CONDICIONES INHABILITANTES.<\/h2>\n\n\n\n<p><span class=\"post-content__span\"> Son todas aquellas condiciones de modo, tiempo y lugar, objetivas, antecedentes o concomitantes, predicables del aspirante inscrito en la convocatoria o del Proyecto I+D+i sometido a consideraci\u00f3n del MINISTERIO que impiden la continuidad de su participaci\u00f3n en el proceso de selecci\u00f3n, o que, habiendo obtenido el beneficio de que se trate, le hacen imposible disfrutarlo.<\/p>\n\n\n\n<p><span class=\"post-content__span\"> 1. Que la propuesta tenga el mismo investigador principal de otra propuesta postulada en esta convocatoria. En caso de que esto ocurra, se tendr\u00e1 en cuenta solamente la primera que haya sido debidamente radicada en la plataforma SIGP.<\/p>\n\n\n\n<p><span class=\"post-content__span\"> 2. Que la propuesta presentada haya sido, est\u00e9 siendo o vaya a ser financiada total o parcialmente y\/o de manera simult\u00e1neamente por otra convocatoria o con recursos de EL MINISTERIO, la ANH u otras entidades del Estado. Los proponentes deben declarar el cumplimiento de esta condici\u00f3n, a trav\u00e9s de la firma de la Carta de Aval y Compromiso Institucional unificada (Anexo 2).<\/p>\n\n\n\n<p><span class=\"post-content__span\"> 3. No cumplir con los requisitos legales para la suscripci\u00f3n del contrato de financiamiento en la modalidad de recuperaci\u00f3n contingente, en caso de ser beneficiado por la presente convocatoria.<\/p>\n\n\n\n<p><span class=\"post-content__span\"> 4. Estar incurso en alguna de las causales de inhabilidad e incompatibilidad y que no se encuentre apto para contratar de acuerdo con lo establecido en la Constituci\u00f3n, en la Ley y Reglamentos. Las inhabilidades son de orden Constitucional y legal, el art\u00edculo 126 de la Constituci\u00f3n Nacional establece inhabilidades para los grados de parentesco y en la ley encontramos las inhabilidades contempladas en el Art\u00edculo 8 (Inhabilidades e incompatibilidades para contratar) de la Ley 80 de 1993. Disposiciones especiales como los art\u00edculos 5 y 90 de la Ley 1474 de 2011 y el art\u00edculo 71 de la Ley 1952 de 2019, el C\u00f3digo General Disciplinario contempla otras causales de inhabilidad, la Ley 2097 de 2021, entre otras normas. Las inhabilidades e incompatibilidades est\u00e1n establecidas para asegurar los intereses p\u00fablicos y proteger la transparencia, objetividad e imparcialidad en las relaciones entre el Estado y los particulares.<\/p>\n\n\n\n<p><span class=\"post-content__span\"> As\u00ed como la verificaci\u00f3n en listas restrictivas, incluyendo el an\u00e1lisis correspondiente frente al posible relacionamiento con sujetos sancionados internacionalmente o que se encuentren bajo alg\u00fan cuestionamiento de orden \u00e9tico, debidamente demostrado.<\/p>\n\n\n\n<p><span class=\"post-content__span\"> 5. Alterar alguno de los documentos solicitados en la secci\u00f3n de requisitos.<\/p>\n\n\n\n<p><span class=\"post-content__span\"> 6. No cumplir con los requisitos y lineamientos establecidos en los T\u00e9rminos de Referencia de la convocatoria y sus anexos, o que estos no se subsanen dentro de los plazos establecidos en el Cronograma de la presente Convocatoria.<\/p>\n\n\n\n<p><span class=\"post-content__span\"> 7. El proyecto no se relacione con la l\u00ednea tem\u00e1tica a la cual se est\u00e1 presentando.<\/p>\n\n\n\n<p><span class=\"post-content__span\"> Notas:<\/p>\n\n\n\n<p><span class=\"post-content__span\"> 1. En el caso de presentarse alguna de las condiciones inhabilitantes anteriormente mencionadas, la propuesta no pasar\u00e1 a proceso de evaluaci\u00f3n, o podr\u00e1 negarse la financiaci\u00f3n si ha sido seleccionado como elegible y\/o financiable. 2. Si se encuentran inconsistencias entre los documentos o la informaci\u00f3n aportada a EL MINISTERIO, la propuesta ser\u00e1 inhabilitada en cualquier momento.<\/p>\n\n\n\n<h2 class=\"wp-block-heading\">CRONOGRAMA<\/h2>\n\n\n\n<figure class=\"wp-block-table\"><table><thead><tr><th>ACTIVIDAD<\/th><th>FECHA L\u00cdMITE<\/th><\/tr><\/thead><tbody><tr><td>1. Apertura de la convocatoria<\/td><td>30 de abril de 2024<\/td><\/tr><tr><td>2. Cierre de la convocatoria<\/td><td>03 de julio de 2024 hasta las 5:00 pm (hora colombiana)<\/td><\/tr><tr><td>3. Periodo de revisi\u00f3n de requisitos<\/td><td>Desde el 04 al 17 de julio de 2024<\/td><\/tr><tr><td>4. Per\u00edodo de subsanaci\u00f3n de requisitos<\/td><td>Desde el 18 al 19 de julio de 2024<\/td><\/tr><tr><td>5. Publicaci\u00f3n del banco preliminar de proyectos elegibles<\/td><td>18 de septiembre de 2024<\/td><\/tr><tr><td>6. Per\u00edodo de solicitud de aclaraciones del banco preliminar de elegibles<\/td><td>Desde el 19 al 20 de septiembre de 2024 hasta las 4:00 pm (hora colombiana)<\/td><\/tr><tr><td>7. Respuesta a solicitud de aclaraciones<\/td><td>Desde el 23 de septiembre al 11 de octubre de 2024<\/td><\/tr><tr><td>8. Publicaci\u00f3n del banco definitivo de proyectos elegibles y financiables<\/td><td>24 de octubre de 2024<\/td><\/tr><\/tbody><\/table><\/figure>\n\n\n\n<h2 class=\"wp-block-heading\"><\/h2>\n\n\n\n<ul class=\"wp-block-list\">\n<li><strong>FECHA M\u00c1XIMA AVAL INSTITUCIONAL:&nbsp;<\/strong>Lunes 24 de junio de 2024 hasta las 6:00 p.m<\/li>\n\n\n\n<li><strong>PROCEDIMIENTO SOLICITUD DE AVAL INSTITUCIONAL:&nbsp;<\/strong><a href=\"https:\/\/vicerrectorias.utp.edu.co\/viie\/sin-categoria\/solicitud-aval-institucional-para-la-participacion-en-convocatorias-externas-de-investigacion\/\">\u200b<strong>VER<\/strong><\/a><\/li>\n\n\n\n<li><strong>INSCRIPCI\u00d3N&nbsp;PLATAFORMA&nbsp;SIGP:<\/strong> <a href=\"https:\/\/plataformasigp.minciencias.gov.co:7003\/FormularioProyectos\/faces\/proyecto\/crear.xhtml?faces-redirect=true\" data-type=\"link\" data-id=\"https:\/\/plataformasigp.minciencias.gov.co:7003\/FormularioProyectos\/faces\/proyecto\/crear.xhtml?faces-redirect=true\"><strong>VER<\/strong><\/a><\/li>\n<\/ul>\n\n\n\n<p><span class=\"post-content__span\"> Tener en cuenta la siguiente informaci\u00f3n para el c\u00e1lculo de contrapartida en especie:&nbsp;<\/p>\n\n\n\n<p><span class=\"post-content__span\"> Solo podr\u00e1 ser registrada como contrapartida, lo relacionado en especie:&nbsp;<\/p>\n\n\n\n<p><span class=\"post-content__span\"> \u2013 Tiempo de dedicaci\u00f3n de los docentes de planta o transitorios UTP que participen en el proyecto.&nbsp; (Valor de la hora: Sueldo b\u00e1sico *1,52\/160)&nbsp;<br>\u2013 Uso de Equipos: Se calcula el 10% del valor del equipo en inventario, por lo que deber\u00e1n anexar los soportes correspondientes al reporte de inventario.&nbsp;<br>\u2013 Uso de Espacios: Con base en la certificaci\u00f3n generada por la oficina de planeaci\u00f3n. Deben solicitar la certificaci\u00f3n de espacio a Juli\u00e1n Andr\u00e9s C\u00e1rdenas Morales (<a href=\"mailto:j.cardenas1@utp.edu.co\" target=\"_blank\" rel=\"noreferrer noopener\"><strong>j.cardenas1@utp.edu.co<\/strong><\/a>)&nbsp;<strong>(<a href=\"https:\/\/media2.utp.edu.co\/archivos\/0%20certificado%20base%20.docx\">VER<\/a>)<\/strong><\/p>\n\n\n\n<p><span class=\"post-content__span\"> Si la propuesta requiere de aval del comit\u00e9 de bio\u00e9tica, deber\u00e1 realizar la solicitud antes del 13 de junio de 2024, seg\u00fan el procedimiento establecido para dicho fin que se puede consultar en el siguiente link:&nbsp;<strong><a href=\"https:\/\/vicerrectorias.utp.edu.co\/viie\/comite-de-bioetica\/\" target=\"_blank\" rel=\"noreferrer noopener\">VER&nbsp;<\/a>.<\/strong>&nbsp;<\/p>\n\n\n\n<p><span class=\"post-content__span\"> Cualquier duda o inquietud al respecto se pueden comunicar con la funcionaria Yesica Marcela Rojas Orozco (<a href=\"mailto:investigaciones@utp.edu.co\" target=\"_blank\" rel=\"noreferrer noopener\"><strong>investigaciones@utp.edu.co<\/strong><\/a>, 3137309)&nbsp;<\/p>\n\n\n\n<h2 class=\"wp-block-heading\"><strong>Documentos de la convocatoria<\/strong><\/h2>\n\n\n\n<ul class=\"wp-block-list\">\n<li><strong><a href=\"https:\/\/www.minciencias.gov.co\/sites\/default\/files\/upload\/convocatoria\/trminos_de_referencia_convocatoria_fuente_no_convencionales_energa_-_anh_2024_fdo.pdf\" data-type=\"link\" data-id=\"https:\/\/www.minciencias.gov.co\/sites\/default\/files\/upload\/convocatoria\/trminos_de_referencia_convocatoria_fuente_no_convencionales_energa_-_anh_2024_fdo.pdf\">TERMINOS DE REFERENCIA<\/a><\/strong><\/li>\n\n\n\n<li><a href=\"https:\/\/vicerrectorias.utp.edu.co\/viie\/wp-content\/uploads\/sites\/3\/anexo_2_-_carta_de_aval_y_compromiso_institucional_unificada.doc\" data-type=\"link\" data-id=\"https:\/\/vicerrectorias.utp.edu.co\/viie\/wp-content\/uploads\/sites\/3\/anexo_2_-_carta_de_aval_y_compromiso_institucional_unificada.doc\"><strong>ANEXO 2:&nbsp;CARTA DE AVAL DE LA PROPUESTA&nbsp;EDITABLE<\/strong><\/a><\/li>\n\n\n\n<li><strong><a href=\"https:\/\/www.minciencias.gov.co\/sites\/default\/files\/upload\/convocatoria\/anexo_3_-_descripcion_del_contenido_de_la_propuesta.pdf\" data-type=\"link\" data-id=\"https:\/\/www.minciencias.gov.co\/sites\/default\/files\/upload\/convocatoria\/anexo_3_-_descripcion_del_contenido_de_la_propuesta.pdf\">ANEXO 3:&nbsp;DESCRIPCI\u00d3N DEL CONTENIDO DE LA PROPUESTA<\/a><\/strong><\/li>\n\n\n\n<li><strong><a href=\"https:\/\/www.minciencias.gov.co\/sites\/default\/files\/upload\/convocatoria\/anexo_4_-_relacion_de_productos_de_ctei_relacionados_con_la_convocatoria.pdf\" data-type=\"link\" data-id=\"https:\/\/www.minciencias.gov.co\/sites\/default\/files\/upload\/convocatoria\/anexo_4_-_relacion_de_productos_de_ctei_relacionados_con_la_convocatoria.pdf\">ANEXO 4:&nbsp;RELACI\u00d3N DE PRODUCTOS DE CTEI RELACIONADOS CON LA CONVOCATORIA<\/a><\/strong><\/li>\n\n\n\n<li><a href=\"https:\/\/media2.utp.edu.co\/archivos\/0%20certificado%20base%20.docx\"><strong>ANEXO 5:&nbsp;CERTIFICADO DE ESPACIOS<\/strong><\/a><\/li>\n\n\n\n<li><a href=\"https:\/\/media2.utp.edu.co\/archivos\/1.%20contrapartida%20infraestructura%20UTP%20suelos%20sanos.pdf\"><strong>ANEXO 6:&nbsp;CERTIFICADO EXPEDIDO.&nbsp;GUIA PARA DILIGENCIAR ANEXO 5<\/strong><\/a><\/li>\n<\/ul>\n","protected":false},"excerpt":{"rendered":"<p>Objetivo: Fortalecer el desarrollo del sector energ\u00e9tico colombiano a trav\u00e9s de la financiaci\u00f3n de proyectos de I+D+i que contribuyan a la generaci\u00f3n de nuevo conocimiento geocient\u00edfico y tecnol\u00f3gico en las [&#8230;]<\/p>\n","protected":false},"author":12,"featured_media":0,"comment_status":"closed","ping_status":"","sticky":false,"template":"","format":"standard","meta":{"footnotes":""},"categories":[7],"tags":[],"class_list":["post-13313","post","type-post","status-publish","format-standard","hentry","category-convocatorias"],"_links":{"self":[{"href":"https:\/\/vicerrectorias.utp.edu.co\/viie\/wp-json\/wp\/v2\/posts\/13313","targetHints":{"allow":["GET"]}}],"collection":[{"href":"https:\/\/vicerrectorias.utp.edu.co\/viie\/wp-json\/wp\/v2\/posts"}],"about":[{"href":"https:\/\/vicerrectorias.utp.edu.co\/viie\/wp-json\/wp\/v2\/types\/post"}],"author":[{"embeddable":true,"href":"https:\/\/vicerrectorias.utp.edu.co\/viie\/wp-json\/wp\/v2\/users\/12"}],"replies":[{"embeddable":true,"href":"https:\/\/vicerrectorias.utp.edu.co\/viie\/wp-json\/wp\/v2\/comments?post=13313"}],"version-history":[{"count":16,"href":"https:\/\/vicerrectorias.utp.edu.co\/viie\/wp-json\/wp\/v2\/posts\/13313\/revisions"}],"predecessor-version":[{"id":20803,"href":"https:\/\/vicerrectorias.utp.edu.co\/viie\/wp-json\/wp\/v2\/posts\/13313\/revisions\/20803"}],"wp:attachment":[{"href":"https:\/\/vicerrectorias.utp.edu.co\/viie\/wp-json\/wp\/v2\/media?parent=13313"}],"wp:term":[{"taxonomy":"category","embeddable":true,"href":"https:\/\/vicerrectorias.utp.edu.co\/viie\/wp-json\/wp\/v2\/categories?post=13313"},{"taxonomy":"post_tag","embeddable":true,"href":"https:\/\/vicerrectorias.utp.edu.co\/viie\/wp-json\/wp\/v2\/tags?post=13313"}],"curies":[{"name":"wp","href":"https:\/\/api.w.org\/{rel}","templated":true}]}}