{"id":13046,"date":"2024-03-19T17:26:08","date_gmt":"2024-03-19T16:26:08","guid":{"rendered":"https:\/\/vicerrectorias.utp.edu.co\/viie\/?p=13046"},"modified":"2024-04-15T16:47:25","modified_gmt":"2024-04-15T14:47:25","slug":"la-universidad-tecnologica-de-pereira-la-vicerrectoria-de-investigaciones-innovacion-y-extension-y-la-facultad-ciencias-de-la-educacion","status":"publish","type":"post","link":"https:\/\/vicerrectorias.utp.edu.co\/viie\/la-universidad-tecnologica-de-pereira-la-vicerrectoria-de-investigaciones-innovacion-y-extension-y-la-facultad-ciencias-de-la-educacion\/","title":{"rendered":"TERCERA JORNADA DE APROPIACI\u00d3N SOCIAL DEL CONOCIMIENTO DE LA FACULTAD DE CIENCIAS DE LA EDUCACI\u00d3N"},"content":{"rendered":"\n<h2 class=\"wp-block-heading has-text-align-center\"><strong>LA UNIVERSIDAD TECNOL\u00d3GICA DE PEREIRA, LA VICERRECTOR\u00cdA DE INVESTIGACIONES, INNOVACI\u00d3N Y EXTENSI\u00d3N Y LA FACULTAD CIENCIAS DE LA EDUCACI\u00d3N<\/strong><\/h2>\n\n\n\n<figure class=\"wp-block-image size-large\"><img loading=\"lazy\" decoding=\"async\" width=\"1024\" height=\"1024\" src=\"https:\/\/vicerrectorias.utp.edu.co\/viie\/wp-content\/uploads\/sites\/3\/JASC-Educacion-1024x1024.jpg\" alt=\"\" class=\"wp-image-13122\" srcset=\"https:\/\/vicerrectorias.utp.edu.co\/viie\/wp-content\/uploads\/sites\/3\/JASC-Educacion-1024x1024.jpg 1024w, https:\/\/vicerrectorias.utp.edu.co\/viie\/wp-content\/uploads\/sites\/3\/JASC-Educacion-300x300.jpg 300w, https:\/\/vicerrectorias.utp.edu.co\/viie\/wp-content\/uploads\/sites\/3\/JASC-Educacion-150x150.jpg 150w, https:\/\/vicerrectorias.utp.edu.co\/viie\/wp-content\/uploads\/sites\/3\/JASC-Educacion-768x768.jpg 768w, https:\/\/vicerrectorias.utp.edu.co\/viie\/wp-content\/uploads\/sites\/3\/JASC-Educacion.jpg 1080w\" sizes=\"auto, (max-width: 1024px) 100vw, 1024px\" \/><\/figure>\n\n\n\n<p><span class=\"post-content__span\"> <\/p>\n\n\n\n<h2 class=\"wp-block-heading has-text-align-center\"><strong>LOS INVITA A PARTICIPAR:<\/strong><\/h2>\n\n\n\n<p><span class=\"post-content__span\"> En la Tercera Jornada de Apropiaci\u00f3n Social del Conocimiento de la Facultad de Ciencias de la&nbsp; Educaci\u00f3n, la cual se llevar\u00e1 a cabo el d\u00eda 8 de mayo de 2024.<\/p>\n\n\n\n<p><span class=\"post-content__span\"> <strong>OBJETIVO: <\/strong>La Tercera Jornada de Apropiaci\u00f3n Social del Conocimiento de la Facultad de Ciencias de la Educaci\u00f3n, tiene como objetivo socializar los resultados de proyectos de investigaci\u00f3n, generando comprensi\u00f3n e intervenci\u00f3n de las relaciones entre ciencia, tecnolog\u00eda y sociedad, construido a partir de la participaci\u00f3n activa de los diversos grupos sociales que generan conocimiento.<\/p>\n\n\n\n<p><span class=\"post-content__span\"> <strong>DIRIGIDO A: <\/strong>Docentes y estudiantes vinculados a la Facultad de Ciencias de la Educaci\u00f3n.<\/p>\n\n\n\n<ol class=\"wp-block-list\" type=\"1\" start=\"1\">\n<li><strong>MODALIDADES DE PARTICIPACI\u00d3N<\/strong><\/li>\n<\/ol>\n\n\n\n<ul class=\"wp-block-list\">\n<li><strong>Grupos de Investigaci\u00f3n: <\/strong>Los docentes vinculados a los grupos de investigaci\u00f3n de la Universidad Tecnol\u00f3gica de Pereira podr\u00e1n participar en la jornada con:<\/li>\n<\/ul>\n\n\n\n<p><span class=\"post-content__span\"> a) Proyectos resultado de investigaci\u00f3n inscritos en la Vicerrector\u00eda de Investigaciones, Innovaci\u00f3n y Extensi\u00f3n, concluidos en el per\u00edodo comprendido del 01 de enero de 2019 al 31 de enero del 2024.<\/p>\n\n\n\n<p><span class=\"post-content__span\"> b) Proyectos de investigaci\u00f3n inscritos en la Vicerrector\u00eda de Investigaciones, Innovaci\u00f3n y Extensi\u00f3n, en estado de ejecuci\u00f3n y que se encuentren pendientes de presentar el informe final (o que se encuentre m\u00e1ximo a seis meses de esta fecha).<\/p>\n\n\n\n<p><span class=\"post-content__span\"> c) Proyectos de extensi\u00f3n solidaria inscritos en la Vicerrector\u00eda de Investigaciones, Innovaci\u00f3n y Extensi\u00f3n, concluidos en el periodo comprendido del 01 de enero de 2019 al 31 de enero del 2024.<\/p>\n\n\n\n<ul class=\"wp-block-list\">\n<li><strong>Trabajos de Grado<\/strong>: Proyectos de grado de pregrado, especializaci\u00f3n, maestr\u00eda o doctorado registrado en el CVLAC, el cual deber\u00e1 anexar el certificado del programa acad\u00e9mico correspondiente, concluidos en el per\u00edodo comprendido del 01 de enero de 2019 al 01 de enero del 2024. <strong>NOTA: En este \u00faltimo caso, tambi\u00e9n podr\u00e1 ser ponente el estudiante que desarroll\u00f3 el trabajo de grado.<\/strong><\/li>\n<\/ul>\n\n\n\n<p><span class=\"post-content__span\"> Los docentes que cumplan lo anterior podr\u00e1n participar en modalidad de <strong>P\u00d3STER<\/strong> la cual consiste en una presentaci\u00f3n oral con apoyo de p\u00f3ster. (Los costos de elaboraci\u00f3n del p\u00f3ster deber\u00e1n ser asumidos por los ponentes.) M\u00e1ximo dos (2) ponentes por proyecto.<\/p>\n\n\n\n<ul class=\"wp-block-list\">\n<li><strong>Semillero de Investigaci\u00f3n: <\/strong>Los estudiantes vinculados o tutor del semillero de investigaci\u00f3n podr\u00e1n participar en modalidad de&nbsp; <strong>P\u00d3STER, <\/strong>la cual consiste en una presentaci\u00f3n oral con apoyo de p\u00f3ster donde se expondr\u00e1 la informaci\u00f3n general del semillero de investigaci\u00f3n. (Los costos de elaboraci\u00f3n del p\u00f3ster deber\u00e1n ser asumidos por los ponentes) M\u00e1ximo dos (2) ponentes por p\u00f3ster.<\/li>\n<\/ul>\n\n\n\n<ul class=\"wp-block-list\">\n<li><strong>Programa ONDAS<\/strong>: En esta jornada se contar\u00e1 con la participaci\u00f3n de los estudiantes vinculados al programa ondas &#8211; \u00c1rea metropolitana (Risaralda)<\/li>\n<\/ul>\n\n\n\n<p><span class=\"post-content__span\"> <strong>IMPORTANTE:<\/strong> Los proyectos propuestos para participar en la 3ra Jornada de Apropiaci\u00f3n Social del Conocimiento de la Facultada de Ciencias de la Educaci\u00f3n deben ir af\u00edn con el tema <strong>\u201cCiclo formativo: Conectando saberes en la investigaci\u00f3n formativa\u201d<\/strong> y ser\u00e1n sometidos a evaluaci\u00f3n por parte de la facultad.<\/p>\n\n\n\n<ol class=\"wp-block-list\" type=\"1\" start=\"2\">\n<li><strong>FORMATOS DE PRESENTACI\u00d3N P\u00d3STER <\/strong><strong><\/strong><\/li>\n<\/ol>\n\n\n\n<p><span class=\"post-content__span\"> <strong>2.1<\/strong> <strong>P\u00d3STER DE PROYECTO DE INVESTIGACI\u00d3N \/ TRABAJOS DE GRADO<\/strong><\/p>\n\n\n\n<p><span class=\"post-content__span\"> Dimensiones: 70 cm de ancho x 1 m de alto&nbsp;<\/p>\n\n\n\n<ul class=\"wp-block-list\">\n<li>T\u00edtulo del proyecto.<\/li>\n\n\n\n<li>Autor (es), nombre y correo electr\u00f3nico.<\/li>\n\n\n\n<li>Resumen.<\/li>\n\n\n\n<li>Palabras Claves.<\/li>\n\n\n\n<li>Problema de Investigaci\u00f3n.<\/li>\n\n\n\n<li>Justificaci\u00f3n: Relevancia, pertinencia e impacto del proyecto de investigaci\u00f3n).<\/li>\n\n\n\n<li>Objetivos: Objetivo general y objetivos espec\u00edficos coherentes con el t\u00edtulo y el planteamiento de su investigaci\u00f3n.<\/li>\n\n\n\n<li>Referente te\u00f3rico: Abordaje breve de los principales aspectos te\u00f3ricos que respaldan la investigaci\u00f3n; conceptos, leyes, principios, fundamentos, etc.<\/li>\n\n\n\n<li>Metodolog\u00eda: Enfoque y tipo de investigaci\u00f3n (presentaci\u00f3n del tipo de investigaci\u00f3n, dise\u00f1o de investigaci\u00f3n, poblaci\u00f3n-muestra, t\u00e9cnicas de recolecci\u00f3n de datos).<\/li>\n\n\n\n<li>Resultados obtenidos: Descripci\u00f3n de los datos recolectados: si es Ponencia de Investigaci\u00f3n terminada indique resultados finales.<\/li>\n\n\n\n<li>Conclusiones: Descripci\u00f3n precisa de los aspectos m\u00e1s relevantes obtenidos en la investigaci\u00f3n.<\/li>\n\n\n\n<li>Bibliograf\u00eda: presentaci\u00f3n de las fuentes bibliogr\u00e1ficas que sirvieron de apoyo para la construcci\u00f3n y desarrollo de la investigaci\u00f3n.<\/li>\n<\/ul>\n\n\n\n<p><span class=\"post-content__span\"> <strong>2.2<\/strong> <strong>P\u00d3STER DE PROYECTO DE EXTENSI\u00d3N SOLIDARIA<\/strong><\/p>\n\n\n\n<p><span class=\"post-content__span\"> Dimensiones: 70 cm de ancho x 1 m de alto&nbsp;<\/p>\n\n\n\n<ul class=\"wp-block-list\">\n<li>Nombre del proyecto.<\/li>\n\n\n\n<li>Responsable&nbsp; (es), nombre y correo electr\u00f3nico.<\/li>\n\n\n\n<li>Descripci\u00f3n del proyecto.<\/li>\n\n\n\n<li>Planteamiento del problema.<\/li>\n\n\n\n<li>Justificaci\u00f3n: Relevancia, pertinencia e impacto del proyecto.&nbsp;<\/li>\n\n\n\n<li>Objetivos: Objetivo general y objetivos espec\u00edficos coherentes con el t\u00edtulo y el planteamiento de su proyecto.<\/li>\n\n\n\n<li>Metodolog\u00eda: Enfoque y tipo de proyecto<\/li>\n\n\n\n<li>Resultados obtenidos: Descripci\u00f3n de los datos recolectados: si son proyectos concluidos indique resultados finales.<\/li>\n\n\n\n<li>Poblaci\u00f3n Beneficiada:<\/li>\n\n\n\n<li>Conclusiones: Descripci\u00f3n precisa de los aspectos m\u00e1s relevantes que se obtuvieron&nbsp; del proceso.<\/li>\n<\/ul>\n\n\n\n<p><span class=\"post-content__span\"> <strong>2.3 P\u00d3STER DE SEMILLERO DE INVESTIGACI\u00d3N<\/strong><\/p>\n\n\n\n<p><span class=\"post-content__span\"> Dimensiones: 70 cm de ancho x 1 m de alto&nbsp;<\/p>\n\n\n\n<ul class=\"wp-block-list\">\n<li>Logo del semillero (Si aplica).<\/li>\n\n\n\n<li>Nombre del Semillero de Investigaci\u00f3n.<\/li>\n\n\n\n<li>Grupo de Investigaci\u00f3n al cual est\u00e1 adscrito.<\/li>\n\n\n\n<li>Objetivo del Semillero de Investigaci\u00f3n.<\/li>\n\n\n\n<li>L\u00edneas de Investigaci\u00f3n del Semillero.<\/li>\n\n\n\n<li>Productos (Si aplica).<\/li>\n<\/ul>\n\n\n\n<p><span class=\"post-content__span\"> <strong>IMPORTANTE: <\/strong>Los p\u00f3ster de los proyectos de Investigaci\u00f3n, Extensi\u00f3n y Semilleros&nbsp; que sean aprobados deber\u00e1n entregarse a m\u00e1s tardar el <strong>6 de mayo<\/strong> en la oficina de la Vicerrector\u00eda de Investigaciones, Innovaci\u00f3n y Extensi\u00f3n 15C &#8211; S105<\/p>\n\n\n\n<ol class=\"wp-block-list\" type=\"1\" start=\"3\">\n<li><strong>PRODUCTOS DEL EVENTO<\/strong><\/li>\n<\/ol>\n\n\n\n<p><span class=\"post-content__span\"> Como productos de esta jornada se podr\u00e1n obtener los siguientes:<\/p>\n\n\n\n<ul class=\"wp-block-list\">\n<li><strong>CERTIFICADO COMO PONENTE: <\/strong>Se le otorgar\u00e1 una constancia de participaci\u00f3n como ponente en la modalidad respectiva.<\/li>\n<\/ul>\n\n\n\n<ul class=\"wp-block-list\">\n<li><strong>CAP\u00cdTULO DE LIBRO RESULTADO DE INVESTIGACI\u00d3N: <\/strong>Se realizar\u00e1 la edici\u00f3n de un libro resultado de investigaci\u00f3n el cual estar\u00e1 conformado cap\u00edtulos de libro realizados por docentes, para lo cual se deber\u00e1n cumplir los siguientes requisitos: <strong><\/strong><\/li>\n<\/ul>\n\n\n\n<p><span class=\"post-content__span\"> <strong>a) <\/strong>Cada cap\u00edtulo del libro debe ser resultado de:<\/p>\n\n\n\n<ul class=\"wp-block-list\">\n<li>Un proyecto de investigaci\u00f3n registrado en la Vicerrector\u00eda de Investigaciones, Innovaci\u00f3n y Extensi\u00f3n que se encuentre finalizado en los \u00faltimos tres a\u00f1os, o en estado de ejecuci\u00f3n y que se encuentren pendientes de presentar el informe final (o que se encuentre m\u00e1ximo a seis meses de esta fecha).<\/li>\n<\/ul>\n\n\n\n<p><span class=\"post-content__span\"> <strong>b) <\/strong>Cada cap\u00edtulo podr\u00e1 tener un m\u00e1ximo de dos (2) autores.<\/p>\n\n\n\n<p><span class=\"post-content__span\"> <strong>c) <\/strong>Todos los autores del cap\u00edtulo de libro deben estar vinculados en el proyecto de investigaci\u00f3n institucional (Inscrito en la Vicerrector\u00eda de Investigaciones, Innovaci\u00f3n y Extensi\u00f3n).<\/p>\n\n\n\n<p><span class=\"post-content__span\"> <strong>d)<\/strong> Si alguno de los autores no se encuentra vinculado en el proyecto de investigaci\u00f3n, puede solicitar su inscripci\u00f3n, esto solo cuando el proyecto se encuentre en ejecuci\u00f3n y debe ser previo a la solicitud de publicaci\u00f3n del cap\u00edtulo.<\/p>\n\n\n\n<ol class=\"wp-block-list\" type=\"1\" start=\"4\">\n<li><strong>PROCESO DE INSCRIPCI\u00d3N<\/strong><\/li>\n<\/ol>\n\n\n\n<p><span class=\"post-content__span\"> Para la inscripci\u00f3n a la Tercera Jornada de Apropiaci\u00f3n Social del Conocimiento de la Facultad de Ciencias de la Educaci\u00f3n se deber\u00e1 diligenciar el siguiente formulario: <a href=\"https:\/\/forms.gle\/acuBs6ewgMEr5nMD9\"><strong>LINK<\/strong><\/a><\/p>\n\n\n\n<p><span class=\"post-content__span\"> <strong>ANEXOS PARA LA PARTICIPACI\u00d3N CON CAP\u00cdTULO DE LIBRO:<\/strong><\/p>\n\n\n\n<ul class=\"wp-block-list\">\n<li>Formato de cap\u00edtulo de libro para memorias del evento (<a href=\"https:\/\/vicerrectorias.utp.edu.co\/viie\/wp-content\/uploads\/sites\/3\/Anexo2.FormatoMemoriasESP.docx\" data-type=\"link\" data-id=\"https:\/\/vicerrectorias.utp.edu.co\/viie\/wp-content\/uploads\/sites\/3\/Anexo2.FormatoMemoriasESP.docx\"><strong>Anexo 2<\/strong><\/a>), si aplica.<\/li>\n\n\n\n<li>Formato de autorizaci\u00f3n de memorias (<a href=\"https:\/\/vicerrectorias.utp.edu.co\/viie\/wp-content\/uploads\/sites\/3\/Anexo-3.-AUTORIZACION-MEMORIAS.docx\" data-type=\"link\" data-id=\"https:\/\/vicerrectorias.utp.edu.co\/viie\/wp-content\/uploads\/sites\/3\/Anexo-3.-AUTORIZACION-MEMORIAS.docx\"><strong>Anexo 3<\/strong><\/a>), si aplica.<\/li>\n<\/ul>\n\n\n\n<ol class=\"wp-block-list\" type=\"1\" start=\"5\">\n<li><strong>PROCESO DE EVALUACI\u00d3N<\/strong><\/li>\n<\/ol>\n\n\n\n<p><span class=\"post-content__span\"> Se realizar\u00e1 la revisi\u00f3n de las postulaciones y se validar\u00e1 lo siguiente:<\/p>\n\n\n\n<ol class=\"wp-block-list\" type=\"a\">\n<li>Cumplimiento de los requisitos establecidos en las modalidades de participaci\u00f3n.<\/li>\n\n\n\n<li>Validaci\u00f3n que el proyecto no haya sido presentado en ninguna de las jornadas anteriores<\/li>\n\n\n\n<li>Afinidad con el tema <strong>\u201cCiclo formativo: Conectando saberes en la investigaci\u00f3n formativa\u201d<\/strong><\/li>\n<\/ol>\n\n\n\n<ol class=\"wp-block-list\" type=\"1\" start=\"6\">\n<li><strong>CRONOGRAMA DE INSCRIPCI\u00d3N<\/strong><\/li>\n<\/ol>\n\n\n\n<p class=\"has-text-align-center\"><span class=\"post-content__span\"> <strong>PONENTES:<\/strong><\/p>\n\n\n\n<figure class=\"wp-block-table\"><table><thead><tr><th>ACTIVIDAD<\/th><th>FECHAS<\/th><\/tr><\/thead><tbody><tr><td>1. Apertura y difusi\u00f3n de la convocatoria<\/td><td>Desde 19 de marzo de 2024<\/td><\/tr><tr><td>2. Recepci\u00f3n de iniciativas de participaci\u00f3n,<\/td><td>Hasta 15 de abril de 2024<\/td><\/tr><tr><td>3. Proceso de revisi\u00f3n, validaci\u00f3n y evaluaci\u00f3n de iniciativas.<\/td><td>Del 15 al 18 de abril&nbsp; de 2024<\/td><\/tr><tr><td>4. Publicaci\u00f3n de resultados<\/td><td>19 de abril de 2024<\/td><\/tr><tr><td>5. Recepci\u00f3n de p\u00f3ster en oficina 15C-S105<\/td><td>Hasta el 6 de mayo de 2024<\/td><\/tr><tr><td>6. Tercera Jornada de Apropiaci\u00f3n Social del Conocimiento<\/td><td>8 de mayo de 2024<\/td><\/tr><tr><td>7. Recepci\u00f3n de memorias y autorizaci\u00f3n de publicaci\u00f3n<\/td><td>Del 9 al 17 de mayo de 2024<\/td><\/tr><\/tbody><\/table><\/figure>\n\n\n\n<p class=\"has-text-align-center\"><span class=\"post-content__span\"> <a><\/a><strong>ASISTENTES<\/strong><\/p>\n\n\n\n<figure class=\"wp-block-table\"><table><thead><tr><th>CRONOGRAMA<\/th><th>FECHAS<\/th><\/tr><\/thead><tbody><tr><td>1. Registro de asistentes<\/td><td>Hasta el 7 de mayo de 2024<\/td><\/tr><tr><td>2. Tercera Jornada de Apropiaci\u00f3n Social del Conocimiento<\/td><td>8 de mayo 2024<\/td><\/tr><\/tbody><\/table><\/figure>\n\n\n\n<p><span class=\"post-content__span\"> <\/p>\n\n\n\n<p><span class=\"post-content__span\"> Se otorgar\u00e1 certificado de asistencia. Formulario de Inscripci\u00f3n: <a href=\"https:\/\/forms.gle\/FJAz7FcZ46YmkPd56\"><strong>LINK<\/strong><\/a><\/p>\n\n\n\n<p><span class=\"post-content__span\"> <strong>M\u00c1S INFORMACI\u00d3N<\/strong><\/p>\n\n\n\n<p><span class=\"post-content__span\"> <strong>Lothar Mattews Garc\u00eda Escobar<\/strong><\/p>\n\n\n\n<p><span class=\"post-content__span\"> <strong>Angeline Dahab Ahcar Vanegas<\/strong><\/p>\n\n\n\n<p><span class=\"post-content__span\"> Vicerrector\u00eda de Investigaciones, Innovaci\u00f3n y Extensi\u00f3n<\/p>\n\n\n\n<p><span class=\"post-content__span\"> Extensi\u00f3n: 7789 &#8211; 7450<\/p>\n\n\n\n<p><span class=\"post-content__span\"> Email: <a href=\"mailto:investigaciones@utp.edu.co\">investigaciones@utp.edu.co<\/a><\/p>\n","protected":false},"excerpt":{"rendered":"<p>LA UNIVERSIDAD TECNOL\u00d3GICA DE PEREIRA, LA VICERRECTOR\u00cdA DE INVESTIGACIONES, INNOVACI\u00d3N Y EXTENSI\u00d3N Y LA FACULTAD CIENCIAS DE LA EDUCACI\u00d3N LOS INVITA A PARTICIPAR: En la Tercera Jornada de Apropiaci\u00f3n Social [&#8230;]<\/p>\n","protected":false},"author":12,"featured_media":0,"comment_status":"closed","ping_status":"closed","sticky":false,"template":"","format":"standard","meta":{"footnotes":""},"categories":[7],"tags":[],"class_list":["post-13046","post","type-post","status-publish","format-standard","hentry","category-convocatorias"],"_links":{"self":[{"href":"https:\/\/vicerrectorias.utp.edu.co\/viie\/wp-json\/wp\/v2\/posts\/13046","targetHints":{"allow":["GET"]}}],"collection":[{"href":"https:\/\/vicerrectorias.utp.edu.co\/viie\/wp-json\/wp\/v2\/posts"}],"about":[{"href":"https:\/\/vicerrectorias.utp.edu.co\/viie\/wp-json\/wp\/v2\/types\/post"}],"author":[{"embeddable":true,"href":"https:\/\/vicerrectorias.utp.edu.co\/viie\/wp-json\/wp\/v2\/users\/12"}],"replies":[{"embeddable":true,"href":"https:\/\/vicerrectorias.utp.edu.co\/viie\/wp-json\/wp\/v2\/comments?post=13046"}],"version-history":[{"count":14,"href":"https:\/\/vicerrectorias.utp.edu.co\/viie\/wp-json\/wp\/v2\/posts\/13046\/revisions"}],"predecessor-version":[{"id":13123,"href":"https:\/\/vicerrectorias.utp.edu.co\/viie\/wp-json\/wp\/v2\/posts\/13046\/revisions\/13123"}],"wp:attachment":[{"href":"https:\/\/vicerrectorias.utp.edu.co\/viie\/wp-json\/wp\/v2\/media?parent=13046"}],"wp:term":[{"taxonomy":"category","embeddable":true,"href":"https:\/\/vicerrectorias.utp.edu.co\/viie\/wp-json\/wp\/v2\/categories?post=13046"},{"taxonomy":"post_tag","embeddable":true,"href":"https:\/\/vicerrectorias.utp.edu.co\/viie\/wp-json\/wp\/v2\/tags?post=13046"}],"curies":[{"name":"wp","href":"https:\/\/api.w.org\/{rel}","templated":true}]}}