{"id":1301,"date":"2017-05-25T17:40:53","date_gmt":"2023-12-01T14:53:00","guid":{"rendered":""},"modified":"2023-07-11T19:31:05","modified_gmt":"2023-12-01T14:53:00","slug":"artes-arquitectura-y-diseno","status":"publish","type":"post","link":"https:\/\/vicerrectorias.utp.edu.co\/viie\/artes-arquitectura-y-diseno\/","title":{"rendered":"Artes, Arquitectura y Dise\u00f1o"},"content":{"rendered":"\n<p><span class=\"post-content__span\"> Artes, Arquitectura y Dise\u00f1o<\/p>\n\n\n\n<p><span class=\"post-content__span\"> <a rel=\"nofollow\" href=\"https:\/\/vicerrectorias.utp.edu.co\/viie\/wp-content\/uploads\/sites\/3\/POSTER%20-%20SEMILLERO%20ESTETICA%2C%20ARTESANIA%20E%20INNOVACION.pdf\">DISE\u00d1O DE PRODUCTOS A PARTIR DE LA T\u00c9CNICA DE LA CESTER\u00cdA CON EL USO DE DIFERENTES MATERIALES.<\/a><\/p>\n\n\n\n<p><span class=\"post-content__span\"> <a rel=\"nofollow\" href=\"https:\/\/vicerrectorias.utp.edu.co\/viie\/wp-content\/uploads\/sites\/3\/POSTER%20-%20ESTETICA%2C%20ARTESANIA%20Y%20DISE%C3%91O.pdf\">EXPERIMENTACI\u00d3N DEL TETRA PACK RECICLADO PARA EL DISE\u00d1O DE PRODUCTOS, QUE PERMITAN ALARGAR EL CICLO DE VIDA DEL MATERIAL.<\/a><\/p>\n\n\n\n<p><span class=\"post-content__span\"> <a rel=\"nofollow\" href=\"https:\/\/vicerrectorias.utp.edu.co\/viie\/wp-content\/uploads\/sites\/3\/PONENCIA%20-%20INTELIGENCIA%20TERRITORIAL%2C%20VIVIENDA%20Y%20PATRIMONIO.pdf\">INTELIGENCIA TERRITORIAL, VIVIENDA Y PATRIMONIO EN EL CENTRO DE PEREIRA.<\/a><\/p>\n\n\n\n<p><span class=\"post-content__span\"> <a rel=\"nofollow\" href=\"https:\/\/vicerrectorias.utp.edu.co\/viie\/wp-content\/uploads\/sites\/3\/PONENCIA%20-%20SEMILLERO%20DE%20DISE%C3%91O%20Y%20TECNOLOGIA.pdf\">INTERVENCI\u00d3N DEL DISE\u00d1O INDUSTRIAL EN SOLUCIONES PARA LA TRANSFORMACI\u00d3N PRODUCTIVA EN LA INDUSTRIA (PTP &#8211; CINDETEMM).<\/a><\/p>\n\n\n\n<p><span class=\"post-content__span\"> <a rel=\"nofollow\" href=\"https:\/\/vicerrectorias.utp.edu.co\/viie\/wp-content\/uploads\/sites\/3\/PONENCIA%20-%20INTELIGENCIA%20TERRITORIAL%2C%20VIVIENDA%20Y%20PATRIMONIO%20II.pdf\">LA VIVIENDA P\u00daBLICA EN PEREIRA 1940 \u2013 2015.<\/a><\/p>\n\n\n\n<p><span class=\"post-content__span\"> <a rel=\"nofollow\" href=\"https:\/\/vicerrectorias.utp.edu.co\/viie\/wp-content\/uploads\/sites\/3\/POSTER%20-%20ESTETICA%2C%20ARTESANIA%20Y%20DISE%C3%91O%20I.pdf\">NUEVA APLICACI\u00d3N PARA LOS DESECHOS S\u00d3LIDOS DE LA PRODUCCI\u00d3N DE CUERO EN LA CURTIEMBRE INVERSIONES J&amp;D.<\/a><\/p>\n","protected":false},"excerpt":{"rendered":"<p>Artes, Arquitectura y Dise\u00f1o DISE\u00d1O DE PRODUCTOS A PARTIR DE LA T\u00c9CNICA DE LA CESTER\u00cdA CON EL USO DE DIFERENTES MATERIALES. EXPERIMENTACI\u00d3N DEL TETRA PACK RECICLADO PARA EL DISE\u00d1O DE [&#8230;]<\/p>\n","protected":false},"author":0,"featured_media":0,"comment_status":"closed","ping_status":"closed","sticky":false,"template":"","format":"standard","meta":{"footnotes":""},"categories":[1],"tags":[],"class_list":["post-1301","post","type-post","status-publish","format-standard","hentry","category-sin-categoria"],"_links":{"self":[{"href":"https:\/\/vicerrectorias.utp.edu.co\/viie\/wp-json\/wp\/v2\/posts\/1301","targetHints":{"allow":["GET"]}}],"collection":[{"href":"https:\/\/vicerrectorias.utp.edu.co\/viie\/wp-json\/wp\/v2\/posts"}],"about":[{"href":"https:\/\/vicerrectorias.utp.edu.co\/viie\/wp-json\/wp\/v2\/types\/post"}],"replies":[{"embeddable":true,"href":"https:\/\/vicerrectorias.utp.edu.co\/viie\/wp-json\/wp\/v2\/comments?post=1301"}],"version-history":[{"count":1,"href":"https:\/\/vicerrectorias.utp.edu.co\/viie\/wp-json\/wp\/v2\/posts\/1301\/revisions"}],"predecessor-version":[{"id":6230,"href":"https:\/\/vicerrectorias.utp.edu.co\/viie\/wp-json\/wp\/v2\/posts\/1301\/revisions\/6230"}],"wp:attachment":[{"href":"https:\/\/vicerrectorias.utp.edu.co\/viie\/wp-json\/wp\/v2\/media?parent=1301"}],"wp:term":[{"taxonomy":"category","embeddable":true,"href":"https:\/\/vicerrectorias.utp.edu.co\/viie\/wp-json\/wp\/v2\/categories?post=1301"},{"taxonomy":"post_tag","embeddable":true,"href":"https:\/\/vicerrectorias.utp.edu.co\/viie\/wp-json\/wp\/v2\/tags?post=1301"}],"curies":[{"name":"wp","href":"https:\/\/api.w.org\/{rel}","templated":true}]}}