{"id":12259,"date":"2024-02-16T23:50:39","date_gmt":"2024-02-16T22:50:39","guid":{"rendered":"https:\/\/vicerrectorias.utp.edu.co\/viie\/?p=12259"},"modified":"2024-06-20T17:01:59","modified_gmt":"2024-06-20T15:01:59","slug":"convocatoria-948-orquideas-mujeres-en-la-ciencia-2024","status":"publish","type":"post","link":"https:\/\/vicerrectorias.utp.edu.co\/viie\/convocatoria-948-orquideas-mujeres-en-la-ciencia-2024\/","title":{"rendered":"CONVOCATORIA 948 ORQU\u00cdDEAS: MUJERES EN LA CIENCIA 2024"},"content":{"rendered":"\n<figure class=\"wp-block-table\"><table><thead><tr><th class=\"has-text-align-center\" data-align=\"center\">Actividad<\/th><th class=\"has-text-align-center\" data-align=\"center\"><strong>Fecha<\/strong><\/th><th class=\"has-text-align-center\" data-align=\"center\"><strong>Documentos<\/strong><\/th><\/tr><\/thead><tbody><tr><td class=\"has-text-align-center\" data-align=\"center\">Modificaciones<\/td><td class=\"has-text-align-center\" data-align=\"center\">mi\u00e9rcoles 19 junio 2024<\/td><td class=\"has-text-align-center\" data-align=\"center\"><img decoding=\"async\" src=\"https:\/\/www.minciencias.gov.co\/modules\/file\/icons\/application-pdf.png\" alt=\"PDF\"><a href=\"https:\/\/www.minciencias.gov.co\/sites\/default\/files\/19-06-24-_adenda_1_convocatoria_948_de_2024_firmada.pdf\">Adenda 1 &#8211; convocatoria 948 2024<\/a><\/td><\/tr><\/tbody><\/table><\/figure>\n\n\n\n<figure class=\"wp-block-image size-full\"><img loading=\"lazy\" decoding=\"async\" width=\"1024\" height=\"576\" src=\"https:\/\/vicerrectorias.utp.edu.co\/viie\/wp-content\/uploads\/sites\/3\/KV_Orquideas_Pantalla-1024x576-1.jpeg\" alt=\"\" class=\"wp-image-12413\" srcset=\"https:\/\/vicerrectorias.utp.edu.co\/viie\/wp-content\/uploads\/sites\/3\/KV_Orquideas_Pantalla-1024x576-1.jpeg 1024w, https:\/\/vicerrectorias.utp.edu.co\/viie\/wp-content\/uploads\/sites\/3\/KV_Orquideas_Pantalla-1024x576-1-300x169.jpeg 300w, https:\/\/vicerrectorias.utp.edu.co\/viie\/wp-content\/uploads\/sites\/3\/KV_Orquideas_Pantalla-1024x576-1-768x432.jpeg 768w\" sizes=\"auto, (max-width: 1024px) 100vw, 1024px\" \/><\/figure>\n\n\n\n<p><span class=\"post-content__span\"> <strong>Objetivo:<\/strong><\/p>\n\n\n\n<p><span class=\"post-content__span\"> Conformar un listado de propuestas elegibles con un Eje Nacional y un Eje Pac\u00edfico, para la selecci\u00f3n de proyectos de investigaci\u00f3n, desarrollo tecnol\u00f3gico, y\/o innovaci\u00f3n, que sean realizados como una estancia postdoctoral, que contribuya al desarrollo de las rutas de innovaci\u00f3n planteadas en las Misiones: \u201cBioeconom\u00eda y Territorio\u201d, \u201cDerecho Humano a la Alimentaci\u00f3n\u201d y \u201cCiencia para la Paz\u201d, en el marco de la Pol\u00edtica de Investigaci\u00f3n e Innovaci\u00f3n Orientada por Misiones. Lo anterior, mediante la vinculaci\u00f3n de una Doctora colombiana a una entidad del Sistema Nacional de Ciencia, Tecnolog\u00eda e Innovaci\u00f3n; que a su vez, vincule a una Joven Investigadora e Innovadora colombiana, en calidad de estudiante de pregrado o reci\u00e9n graduada de un programa t\u00e9cnico, tecnol\u00f3gico o profesional.<\/p>\n\n\n\n<p><span class=\"post-content__span\"> Las Misiones y Ruta de Innovaci\u00f3n de la presente convocatoria son las siguientes:<br><br><strong>1. Bioeconom\u00eda y Territorio:<\/strong><\/p>\n\n\n\n<ul class=\"wp-block-list\">\n<li>Alimentos y bebidas funcionales.<\/li>\n\n\n\n<li>Cosmec\u00e9utica y cosm\u00e9tica natural.<\/li>\n\n\n\n<li>Fitomedicamentos.<\/li>\n\n\n\n<li>Bioinsumos agropecuarios.<\/li>\n\n\n\n<li>Biorremediaci\u00f3n.<\/li>\n\n\n\n<li>Biopol\u00edmeros.<\/li>\n\n\n\n<li>Biorrefiner\u00edas.<\/li>\n\n\n\n<li>Ciencia, tecnolog\u00eda e innovaci\u00f3n aplicada al turismo de naturaleza.<\/li>\n<\/ul>\n\n\n\n<p><span class=\"post-content__span\"> <strong>2. Derecho Humano a la Alimentaci\u00f3n:<\/strong><\/p>\n\n\n\n<ul class=\"wp-block-list\">\n<li><strong>Gobernanza alimentaria.<\/strong><\/li>\n\n\n\n<li>Programa de CTeI para el fortalecimiento de Pr\u00e1cticas Agroecol\u00f3gicas y otros modelos agroalimentarios tradicionales y sostenibles implementados por organizaciones de econom\u00eda Agropecuaria, Campesina, Familiar, \u00c9tnica y Comunitaria (ACFEC).<\/li>\n\n\n\n<li>Programa de CTeI para el fortalecimiento de la Multifuncionalidad de organizaciones de econom\u00eda Agropecuaria, Campesina, Familiar, \u00c9tnica y Comunitaria (ACFEC).<\/li>\n\n\n\n<li>Programa de CTeI para la recuperaci\u00f3n y fortalecimiento de la Agrobiodiversidad y Alimentaci\u00f3n Adecuada.<\/li>\n<\/ul>\n\n\n\n<p><span class=\"post-content__span\"> <strong>3. Ciencia para la Paz:<\/strong><\/p>\n\n\n\n<ul class=\"wp-block-list\">\n<li>Fortalecer la Gobernanza territorial para la sostenibilidad de la paz.<\/li>\n\n\n\n<li>Reconocer y recuperar conocimientos ancestrales para la construcci\u00f3n de la justicia ambiental, social y econ\u00f3mica.<\/li>\n\n\n\n<li>Promover la producci\u00f3n y la apropiaci\u00f3n social de nuevos conocimientos, tecnolog\u00edas e innovaciones para la garant\u00eda de los derechos humanos.<\/li>\n\n\n\n<li>Propiciar nuevas Ciudadan\u00edas y la Cultura de Paz que garanticen la reconstrucci\u00f3n del tejido social de comunidades en las diversas regiones y territorios del pa\u00eds.<\/li>\n<\/ul>\n\n\n\n<p><span class=\"post-content__span\"> <strong>Dirigida a:<\/strong><\/p>\n\n\n\n<p><span class=\"post-content__span\"> Alianza entre una entidad del Sistema Nacional de Ciencia, Tecnolog\u00eda e Innovaci\u00f3n y una profesional colombiana con t\u00edtulo de doctorado; que vincule una joven investigadora e innovadora colombiana para el desarrollo de un proyecto de investigaci\u00f3n, desarrollo tecnol\u00f3gico y\/o innovaci\u00f3n, realizado como estancia postdoctoral, que contribuya al desarrollo de las rutas de innovaci\u00f3n planteadas en las Misiones: \u201cBioeconom\u00eda y Territorio\u201d, \u201cDerecho Humano a la Alimentaci\u00f3n\u201d y \u201cCiencia para la Paz\u201d, en el marco de la Pol\u00edtica de Investigaci\u00f3n e Innovaci\u00f3n Orientada por Misiones del Ministerio de Ciencia, Tecnolog\u00eda e Innovaci\u00f3n.<\/p>\n\n\n\n<p><span class=\"post-content__span\"> <strong>Requisitos <a href=\"https:\/\/www.minciencias.gov.co\/sites\/default\/files\/upload\/convocatoria\/1._terminos_de_referencia_de_la_convocatoria_orquideas_mujeres_en_la_ciencia_2024-_firmado.pdf\" data-type=\"link\" data-id=\"https:\/\/www.minciencias.gov.co\/sites\/default\/files\/upload\/convocatoria\/1._terminos_de_referencia_de_la_convocatoria_orquideas_mujeres_en_la_ciencia_2024-_firmado.pdf\">(Ver t\u00e9rminos de referencia)<\/a><\/strong><\/p>\n\n\n\n<ul class=\"wp-block-list\">\n<li>Para participar en la convocatoria la alianza debe elegir en primer lugar el Eje por el que desea participar en el SIGP: <strong>Eje Nacional<\/strong> o <strong>Eje Pac\u00edfico<\/strong>. A continuaci\u00f3n se especifican los requisitos que se deben cumplir en cada caso:<\/li>\n\n\n\n<li><strong>Eje Nacional<\/strong>\n\n\n\n\n\n\n\n\n\n\n\n\n\n\n\n\n\n\n\n\n\n\n\n\n<ul class=\"wp-block-list\">\n<li><strong>Para la Entidad del Sistema Nacional de Ciencia, Tecnolog\u00eda e Innovaci\u00f3n que integra la alianza:<\/strong>\n<ul class=\"wp-block-list\">\n<li>Cumplir con el \u201cDirigido a\u201d de la presente convocatoria.<\/li>\n\n\n\n<li>Inscribir y finalizar la inscripci\u00f3n de la propuesta de proyecto en el Sistema Integrado de Gesti\u00f3n de Proyectos del Ministerio de Ciencia, Tecnolog\u00eda e Innovaci\u00f3n \u2013 SIGP, a trav\u00e9s del formulario en l\u00ednea disponible en el portal del Ministerio de Ciencia, Tecnolog\u00eda e Innovaci\u00f3n (<a href=\"http:\/\/www.minciencias.gov.co\" data-type=\"link\" data-id=\"www.minciencias.gov.co\">www.minciencias.gov.co<\/a>).<\/li>\n\n\n\n<li>Adjuntar el Anexo No. 1 \u201cCarta Unificada de Aval y Compromiso Institucional\u201d, debidamente diligenciado y suscrito tanto por el representante legal o delegado de la Entidad del Sistema Nacional de Ciencia, Tecnolog\u00eda e Innovaci\u00f3n que integra la alianza, como por la Doctora que realizar\u00e1 la estancia posdoctoral de investigaci\u00f3n, desarrollo tecnol\u00f3gico y\/o innovaci\u00f3n, y la joven investigadora e innovadora. En el caso de apoderado(s) o delegado(s), de manera obligatoria deber\u00e1 anexar a cada una de las propuestas presentadas el documento que lo faculte para la representaci\u00f3n legal de la entidad, no anexar este documento ser\u00e1 causal de rechazo de la propuesta. <\/li>\n\n\n\n<li>La carta de aval debe especificar el aporte de contrapartida en especie y\/o dinero de al menos el 3% sobre el valor total financiado por el Ministerio de acuerdo con los rubros definidos en el Numeral 8 \u201cDuraci\u00f3n y Financiaci\u00f3n\u201d. En los casos en los cuales la Entidad del Sistema Nacional de Ciencia, Tecnolog\u00eda e Innovaci\u00f3n que integra la alianza, quiera otorgar recursos adicionales para la financiaci\u00f3n de la Joven Investigadora e Innovadora y\/o la Doctora, podr\u00e1 hacerlo e informar como contrapartida en dinero o especie en la carta de aval y compromiso institucional. En el caso que participen en la alianza Centros Aut\u00f3nomos, con reconocimiento del Ministerio, estos no est\u00e1n obligados a realizar aportes de contrapartida, de conformidad con la Resoluci\u00f3n 1473 de 2016 que adopta la Pol\u00edtica de Actores del Sistema Nacional de Ciencia, Tecnolog\u00eda e Innovaci\u00f3n &#8211; SNCTI, seg\u00fan numeral 8.2.2.<\/li>\n\n\n\n<li>En caso de que la alianza que presenta la propuesta de proyecto de investigaci\u00f3n, desarrollo tecnol\u00f3gico y\/o innovaci\u00f3n, considere que se utilizar\u00e1 alg\u00fan recurso vivo, agentes o muestras biol\u00f3gicas; o datos personales, entrevistas o encuestas; que representen alg\u00fan riesgo sobre la vida, el ambiente o los derechos humanos, se debe presentar concepto de un comit\u00e9 de \u00e9tica\/bio\u00e9tica, cuando aplique, donde se especifique que la propuesta ha sido revisada y avalada. En caso de que la entidad no cuente con un comit\u00e9 de \u00e9tica, podr\u00e1 solicitar el concepto ante otra entidad que s\u00ed cuente con uno. Debe anexar a este aval, el acto administrativo que soporta la conformaci\u00f3n del Comit\u00e9 de \u00e9tica o de Bio\u00e9tica que lo expide. Asimismo, cuando aplique, se deber\u00e1n presentar las evidencias del tr\u00e1mite o la existencia de permisos y licencias ambientales necesarios para la ejecuci\u00f3n de la propuesta, de acuerdo con la normatividad colombiana vigente. Para verificar este requisito, se validar\u00e1 el numeral 6 \u201cAspectos \u00e9ticos\u201d en el Anexo No. 1 \u201cCarta Unificada de Aval y Compromiso Institucional\u201d. En caso de no cumplir con este requisito, la propuesta ser\u00e1 rechazada.<\/li>\n\n\n\n<li>Adjuntar el Anexo No. 3 Perfil de las Mujeres Cient\u00edficas a Vincular en la Propuesta del Proyecto\u201d completamente diligenciado. En caso de no cumplir con este requisito, la propuesta ser\u00e1 rechazada.<\/li>\n\n\n\n<li>La Entidad del Sistema Nacional de Ciencia, Tecnolog\u00eda e Innovaci\u00f3n que integra la alianza deber\u00e1 estar legalmente constituida en Colombia con al menos doce (12) meses previos de la fecha de cierre de la convocatoria, informaci\u00f3n que se verificar\u00e1 con el Registro \u00danico Empresarial (RUES). Las entidades que no est\u00e9n registradas en el RUES, deber\u00e1n adjuntar: certificado de existencia y representaci\u00f3n legal expedido por la autoridad competente o por el Ministerio de Educaci\u00f3n Nacional, con fecha de expedici\u00f3n, no mayor a 3 meses al cierre de la convocatoria. En caso de no cumplir con este requisito, la propuesta ser\u00e1 rechazada.<\/li>\n\n\n\n<li>Adjuntar el Anexo No. 5 \u201cExperiencia e idoneidad de la entidad del Sistema Nacional de Ciencia, Tecnolog\u00eda e Innovaci\u00f3n que integra la alianza\u201d debidamente diligenciado y los soportes que sustentan la experiencia. La entidad deber\u00e1 cumplir al menos con uno de los siguientes \u00edtems: i) Un (1) proyecto relacionado con la Misi\u00f3n de la Pol\u00edtica de Investigaci\u00f3n e Innovaci\u00f3n, que haya elegido para el desarrollo de la propuesta de proyecto presentada a la convocatoria, ejecutado o en ejecuci\u00f3n durante los \u00faltimos siete (7) a\u00f1os, previos al cierre de la convocatoria; o ii) Un (1) proyecto de investigaci\u00f3n, desarrollo tecnol\u00f3gico y\/o innovaci\u00f3n ejecutado o en ejecuci\u00f3n durante los \u00faltimos siete (7) a\u00f1os, previos al cierre de la convocatoria.<\/li>\n\n\n\n<li>Para acreditar cualquiera de estos \u00edtems la entidad deber\u00e1 presentar: i ) contrato suscrito o ii) acta de liquidaci\u00f3n del mismo que den cuenta de la experiencia relacionada. En caso de no cumplir con este requisito, la propuesta ser\u00e1 rechazada.<br><\/li>\n<\/ul>\n<\/li>\n<\/ul>\n\n\n\n<ul class=\"wp-block-list\">\n<li><strong>Para la Doctora<\/strong><\/li>\n<\/ul>\n\n\n\n<ul class=\"wp-block-list\">\n<li>La doctora debe tener su CvLAC registrado y\/o actualizado, para realizar el registro en el Sistema Integrado de Gesti\u00f3n de Proyectos (SIGP).\n<ul class=\"wp-block-list\">\n<li><strong>Ser ciudadana colombiana y que en su documento de identidad se registre sexo femenino a la fecha de apertura de la convocatoria.<\/strong> Adjuntar copia de la c\u00e9dula de ciudadan\u00eda legible por ambas caras. No cumplir este requisito ser\u00e1 causal de rechazo de la propuesta.<\/li>\n\n\n\n<li><strong>Contar con t\u00edtulo de doctorado. <\/strong>Para acreditar este requisito, se requiere adjuntar copia del t\u00edtulo o acta de grado. Para aquellos casos donde a\u00fan no se cuente con el t\u00edtulo o acta, se deber\u00e1 anexar certificaci\u00f3n expedida por la Instituci\u00f3n de Educaci\u00f3n Superior (IES), donde conste expresamente que ya ha sido sustentada y aprobada la tesis y que solo falta la ceremonia de grado o la expedici\u00f3n del respectivo t\u00edtulo. En caso de que el t\u00edtulo se haya obtenido en el exterior, no es necesario presentar su convalidaci\u00f3n. En caso de no cumplir con este requisito, la propuesta ser\u00e1 rechazada.<\/li>\n\n\n\n<li><strong>Enfoque diferencial y\/o interseccional:<\/strong> Este requisito es opcional y no es de car\u00e1cter inhabilitante. Aquellas Doctoras que pertenezcan a poblaci\u00f3n con enfoque diferencial y\/o interseccional en alguna de las categor\u00edas que se especifican en la Tabla No. 1 \u201cCategor\u00edas de enfoque diferencial e interseccional para las DOCTORAS Y J\u00d3VENES INVESTIGADORAS\u201d, deber\u00e1n adjuntar la documentaci\u00f3n que se especifica en la columna \u201cDescripci\u00f3n\u201d de la Tabla No. 1, para poder optar por los puntos correspondientes al enfoque diferencial o enfoque interseccional, por raz\u00f3n de sus caracter\u00edsticas particulares.<br><\/li>\n<\/ul>\n<\/li>\n<\/ul>\n\n\n\n<ul class=\"wp-block-list\">\n<li><strong>Para la Joven Investigadora e Innovadora<\/strong><\/li>\n\n\n\n<li>La joven investigadora debe tener su CvLAC registrado y\/o actualizado, para realizar el registro en el Sistema Integrado de Gesti\u00f3n de Proyectos (SIGP).\n<ul class=\"wp-block-list\">\n<li><strong>Ser ciudadana colombiana y que en su documento de identidad se registre sexo femenino a la fecha de apertura de la convocatoria y tener m\u00e1ximo 28 a\u00f1os de edad cumplidos al 31 de diciembre de 2024.<\/strong> Para acreditar este requisito adjuntar copia legible de la c\u00e9dula de ciudadan\u00eda por ambas caras. En caso de no cumplir con este requisito, la propuesta ser\u00e1 rechazada.<\/li>\n\n\n\n<li><strong>Estado Acad\u00e9mico:<\/strong> La Joven Investigadora e Innovadora en calidad de estudiante de pregrado debe haber cursado m\u00ednimo el 80% de los cr\u00e9ditos acad\u00e9micos. Para acreditar este requisito deben adjuntar certificado expedido por la Instituci\u00f3n de formaci\u00f3n a la que se encuentra vinculada, en el que se indiquen los cr\u00e9ditos acad\u00e9micos cursados al momento de su postulaci\u00f3n y el total de estos en el programa de formaci\u00f3n en el que se encuentra vinculada. Se aceptar\u00e1n los documentos electr\u00f3nicos expedidos por las Instituciones de formaci\u00f3n. NO se aceptan capturas de pantalla de sistemas de informaci\u00f3n de las Instituciones de Educaci\u00f3n. En caso de no cumplir con las especificaciones anteriormente mencionadas, ser\u00e1 causal de rechazo. Las J\u00f3venes Investigadoras e Innovadoras en calidad de reci\u00e9n graduadas de programas t\u00e9cnicos, tecnol\u00f3gicos o profesionales (pregrado), deber\u00e1n adjuntar su diploma y\/o acta de grado de m\u00e1ximo 3 a\u00f1os antes de la fecha de cierre de la convocatoria, o certificado donde se indique que ha culminado sus estudios y requisitos necesarios para la obtenci\u00f3n del t\u00edtulo. Debe adjuntar uno de los siguientes documentos: (i) copia del diploma y\/o acta de grado, o (ii) certificado donde se indique que ha culminado sus estudios y requisitos necesarios para la obtenci\u00f3n del t\u00edtulo. En caso de no cumplir con este requisito, la propuesta ser\u00e1 causal de rechazo.<\/li>\n\n\n\n<li><strong>Enfoque diferencial y\/o interseccional:<\/strong> Este requisito es opcional y no es de car\u00e1cter inhabilitante. Aquellas j\u00f3venes que pertenezcan a poblaci\u00f3n con enfoque diferencial y\/o interseccional en alguna de las categor\u00edas que se especifica en en la Tabla No. 1 \u201cCategor\u00edas de enfoque diferencial e interseccional para las DOCTORAS Y J\u00d3VENES INVESTIGADORAS\u201d, deber\u00e1n adjuntar en el SIGP la documentaci\u00f3n que se especifica en la columna \u201cDescripci\u00f3n\u201d de la Tabla No. 1, para poder optar por los puntos correspondientes al enfoque diferencial o enfoque interseccional, por raz\u00f3n de sus caracter\u00edsticas particulares.<\/li>\n<\/ul>\n<\/li>\n<\/ul>\n<\/li>\n<\/ul>\n\n\n\n<ul class=\"wp-block-list\">\n<li><strong>Eje Pac\u00edfico<\/strong>\n<ul class=\"wp-block-list\">\n<li><strong>Cumplir con todos los requisitos establecidos en el numeral Eje Nacional<\/strong> para la entidad del SNCTI que integra la alianza, la Doctora, y la joven investigadora e innovadora<\/li>\n\n\n\n<li><strong>Lugar de nacimiento de la doctora o la joven investigadora:<\/strong> al menos 1 de las 2 mujeres (Doctora o Joven) que integran la alianza debe tener registrado como lugar de nacimiento en el documento de identificaci\u00f3n alguno de los siguientes departamentos: Choc\u00f3, Valle del Cauca, Cauca o Nari\u00f1o.<\/li>\n\n\n\n<li>En el Anexo No. 1 \u201cCarta de aval y Compromiso Institucional\u201d, en el numeral 2 <strong>Eje al que se inscribe la alianza<\/strong>, deber\u00e1 marcar con una \u201cX\u201d la l\u00ednea correspondiente al Eje Pac\u00edfico, y diligenciar debidamente la tabla del numeral indicado.<\/li>\n\n\n\n<li>Tenga en cuenta que la opci\u00f3n marcada en el Anexo No. 1 debe corresponder a la opci\u00f3n marcada directamente en el SIGP sobre el eje de participaci\u00f3n (Nacional o Pac\u00edfico). En caso de que la informaci\u00f3n del documento no coincida con la informaci\u00f3n reportada en el SIGP y no se subsane en los tiempos y condiciones establecidos, se considerar\u00e1 que la propuesta no cumple los requisitos de participaci\u00f3n<\/li>\n<\/ul>\n<\/li>\n<\/ul>\n\n\n\n<p><span class=\"post-content__span\"> <strong>Notas:<\/strong><\/p>\n\n\n\n<ol class=\"wp-block-list\">\n<li>Si alguno de los documentos mencionados previamente est\u00e1 en un idioma diferente al espa\u00f1ol, es obligatorio adjuntar la traducci\u00f3n oficial al espa\u00f1ol. Se deber\u00e1n anexar los dos documentos (original y traducido) en un \u00fanico PDF de acuerdo con la descripci\u00f3n de los requisitos.<\/li>\n\n\n\n<li>El Ministerio podr\u00e1 solicitar en cualquier momento informaci\u00f3n y documentaci\u00f3n adicional, complementaria o aclaraciones de los documentos entregados en la plataforma SIGP.<\/li>\n<\/ol>\n\n\n\n<p><span class=\"post-content__span\"> <\/p>\n\n\n\n<h3 class=\"wp-block-heading\"><strong>Condiciones Inhabilitantes&nbsp;<\/strong><\/h3>\n\n\n\n<p><span class=\"post-content__span\"> Son todas aquellas condiciones de modo, tiempo y lugar, objetivas o subjetivas, antecedentes o concomitantes, predicables del aspirante inscrito en la Convocatoria o de la propuesta sometida a consideraci\u00f3n del Ministerio de Ciencia, Tecnolog\u00eda e Innovaci\u00f3n que impiden la continuidad de su participaci\u00f3n en el proceso de selecci\u00f3n, o que, habiendo obtenido el beneficio de que se trate, le hacen imposible disfrutarlo. A continuaci\u00f3n se especifican las condiciones inhabilitantes para la presente convocatoria:<\/p>\n\n\n\n<p><span class=\"post-content__span\"> <strong>De la propuesta<\/strong><\/p>\n\n\n\n<ul class=\"wp-block-list\">\n<li>Incumplir con los requisitos y lineamientos establecidos en los t\u00e9rminos de referencia de la convocatoria o que estos no se subsanen dentro de los plazos establecidos.<\/li>\n\n\n\n<li>Incumplir con los requisitos legales para la suscripci\u00f3n del contrato de financiamiento de recuperaci\u00f3n contingente, en el caso que la convocatoria cuente con recursos para su financiaci\u00f3n y de ser beneficiado por la presente convocatoria.<\/li>\n\n\n\n<li>Alterar alguno de los documentos presentados para participar en la convocatoria. En caso de que se encuentre algu\u0301n tipo de alteraci\u00f3n a los documentos presentados para participar en la convocatoria, la propuesta sera\u0301 retirada del proceso de selecci\u00f3n y el Ministerio informara\u0301 a las instancias administrativas y judiciales sobre dicha situaci\u00f3n.<\/li>\n\n\n\n<li>Propuestas que ya cuenten con financiaci\u00f3n, sea con recursos del Ministerio de Ciencia, Tecnolog\u00eda e Innovaci\u00f3n, del Sistema General de Regal\u00edas (SGR), o con financiaci\u00f3n de otras entidades del Estado.<\/li>\n\n\n\n<li>Propuestas en las que participe una misma Doctora, as\u00ed hayan sido presentadas por diferentes alianzas y para diferentes Ejes (Nacional y\/o Pac\u00edfico).<\/li>\n\n\n\n<li>Propuestas en las que participe una misma Joven investigadora e innovadora, as\u00ed hayan sido presentadas por diferentes alianzas y para diferentes Ejes (Nacional y\/o Pac\u00edfico).<\/li>\n\n\n\n<li>Propuestas en las que la doctora tenga vinculaci\u00f3n laboral previa con la Entidad del Sistema Nacional de Ciencia, Tecnolog\u00eda, e Innovaci\u00f3n que integra la alianza, a la fecha de apertura de la presente convocatoria. Se permitir\u00e1 la participaci\u00f3n de doctoras vinculadas como profesoras de hora c\u00e1tedra y ocasional en cualquier modalidad contractual.<\/li>\n\n\n\n<li>Propuestas en las que la doctora sea la representante legal de la Entidad del Sistema Nacional de Ciencia, Tecnolog\u00eda, e Innovaci\u00f3n que integra la alianza.<\/li>\n<\/ul>\n\n\n\n<p><span class=\"post-content__span\"> <strong>De la alianza que presenta la propuesta y sus integrantes<\/strong><\/p>\n\n\n\n<ul class=\"wp-block-list\">\n<li>Que alguno de los integrantes de la alianza (Entidad del SNCTI, Doctora y\/o Joven investigadora e innovadora) est\u00e9 incurso en alguna de las causales de inhabilidad e incompatibilidad y que no se encuentre apta para contratar de acuerdo con lo establecido en la Constituci\u00f3n, en la Ley y Reglamentos en cualquier etapa del proceso: precontractual, contractual o post contractual.<\/li>\n\n\n\n<li>Las inhabilidades son de orden Constitucional y legal, el art\u00edculo 126 de la Constituci\u00f3n Nacional establece inhabilidades para los grados de parentesco y en la ley encontramos las inhabilidades contempladas en el Art\u00edculo 8 (Inhabilidades e incompatibilidades para contratar) de la Ley 80 de 1993. Disposiciones especiales de la Ley 1474 de 2011 respecto al r\u00e9gimen de inhabilidades y el art\u00edculo 71 de la Ley 1952 de 2019 el C\u00f3digo General Disciplinario contempla otras causales de inhabilidad, entre otras normas. Las inhabilidades e incompatibilidades est\u00e1n establecidas para asegurar los intereses p\u00fablicos y proteger la transparencia, objetividad e imparcialidad en las relaciones entre el Estado y los particulares.<\/li>\n<\/ul>\n\n\n\n<p><span class=\"post-content__span\"> <\/p>\n\n\n\n<p><span class=\"post-content__span\"> <strong>De la Doctora:<\/strong><\/p>\n\n\n\n<ul class=\"wp-block-list\">\n<li>Ser beneficiaria de manera simult\u00e1nea de convocatorias financiadas o cofinanciadas por el Ministerio, en su participaci\u00f3n como Investigadora, Coinvestigadora, Doctora o estancia postdoctoral.<\/li>\n\n\n\n<li>Haber sido declarada en incumplimiento en cualquiera de los mecanismos operados por el Ministerio en los \u00faltimos 5 a\u00f1os al cierre de la convocatoria.<\/li>\n\n\n\n<li>Haber quedado como financiable de la convocatoria No. 934 \u201cEstancias Postdoctorales Orientadas por Misiones\u201d, o de la Convocatoria No. 935 \u201cPrograma Orqu\u00eddeas, Mujeres en la Ciencia: Agentes para la Paz\u201d, al cierre de la presente convocatoria.<\/li>\n<\/ul>\n\n\n\n<p><span class=\"post-content__span\"> <\/p>\n\n\n\n<p><span class=\"post-content__span\"> <strong>De la Joven Investigadora e Innovadora:<\/strong><\/p>\n\n\n\n<ul class=\"wp-block-list\">\n<li>Ser beneficiaria de manera simult\u00e1nea de convocatorias financiadas o cofinanciadas por el Ministerio, en su participaci\u00f3n como Joven Investigadora e Innovadora.<\/li>\n\n\n\n<li>Haber recibido financiaci\u00f3n del Programa J\u00f3venes Investigadores e Innovadores por dos o m\u00e1s becas pasant\u00edas o pasant\u00edas de investigaci\u00f3n.<\/li>\n\n\n\n<li>Haber quedado en los bancos de financiables de la convocatoria No. 935 \u201cPrograma Orqu\u00eddeas, Mujeres en la Ciencia: Agentes para la Paz.<\/li>\n<\/ul>\n\n\n\n<h3 class=\"wp-block-heading\"><strong>CRONOGRAMA<\/strong><\/h3>\n\n\n\n<div class=\"wp-block-group\"><div class=\"wp-block-group__inner-container is-layout-constrained wp-block-group-is-layout-constrained\">\n<div class=\"wp-block-columns is-layout-flex wp-container-core-columns-is-layout-9d6595d7 wp-block-columns-is-layout-flex\">\n<div class=\"wp-block-column is-layout-flow wp-block-column-is-layout-flow\" style=\"flex-basis:100%\">\n<figure class=\"wp-block-table table is-style-regular\"><table><thead><tr><th>ACTIVIDAD<\/th><th>FECHA L\u00cdMITE<\/th><\/tr><\/thead><tbody><tr><td>1. Apertura de la convocatoria<\/td><td>12 de febrero 2024<\/td><\/tr><tr><td>2. Cierre de la convocatoria<\/td><td>12 de abril de 2024 hasta las 4:00 pm (Hora<br>colombiana)<\/td><\/tr><tr><td>3. Periodo de revisi\u00f3n de requisitos<\/td><td>Desde el 15 de abril hasta el 22 de abril de 2024<\/td><\/tr><tr><td>4. Per\u00edodo de subsanaci\u00f3n de requisitos<\/td><td>Desde el 23 de abril hasta el 25 de abril de 2024 hasta las 4:00 pm (Hora Colombiana)<\/td><\/tr><tr><td><strong>5. Publicaci\u00f3n del listado preliminar de elegibles &#8211; Eje Nacional y Eje Pacifico<\/strong><\/td><td><strong>9 de julio de 2024<\/strong><\/td><\/tr><tr><td><strong>6. Per\u00edodo de solicitud de aclaraciones del listado preliminar de elegibles &#8211; Eje Nacional y Eje Pacifico<\/strong><\/td><td><strong>Desde el 10 al 12 de julio de 2024 hasta las 3:00 pm (Hora Colombiana)<\/strong><\/td><\/tr><tr><td><strong>7. Respuesta a solicitud de aclaraciones<\/strong><\/td><td><strong>Desde el 15 al 17 julio de 2024<\/strong><\/td><\/tr><tr><td><strong>8. Publicaci\u00f3n del listado definitivo de elegibles &#8211; Eje Nacional y Eje Pacifico<\/strong><\/td><td><strong>31 de julio de 2024<\/strong><\/td><\/tr><\/tbody><\/table><\/figure>\n<\/div>\n<\/div>\n<\/div><\/div>\n\n\n\n<h3 class=\"wp-block-heading\"><strong>Procedimiento interno para postulaci\u00f3n<\/strong><\/h3>\n\n\n\n<p><span class=\"post-content__span\"> El director del grupo de investigaci\u00f3n que postular\u00e1 la doctora y la joven investigadora deber\u00e1 enviar la solicitud de carta de aval al correo&nbsp;<a rel=\"noreferrer noopener\" href=\"mailto:investigaciones@utp.edu.co\" target=\"_blank\">investigaciones@utp.edu.co<\/a>&nbsp;antes del jueves 04 de abril de 2024, anexando los siguientes documentos:&nbsp;<\/p>\n\n\n\n<p><span class=\"post-content__span\"> 1. Reporte de registro del proyecto en el SIGP.<\/p>\n\n\n\n<p><span class=\"post-content__span\"> <strong>2. Documentaci\u00f3n joven investigadora:&nbsp;<\/strong><\/p>\n\n\n\n<p><span class=\"post-content__span\"> &#8211; Copia legible de la c\u00e9dula de ciudadan\u00eda por ambas caras.<\/p>\n\n\n\n<p><span class=\"post-content__span\"> &#8211; Certificado expedido por la Instituci\u00f3n de formaci\u00f3n a la que se encuentra vinculada, en el que se indiquen los cr\u00e9ditos acad\u00e9micos cursados al momento de su postulaci\u00f3n y el total de estos en el programa de formaci\u00f3n en el que se encuentra vinculada. Se aceptar\u00e1n los documentos electr\u00f3nicos expedidos y descargados a trav\u00e9s de los sistemas de informaci\u00f3n de las Instituciones de formaci\u00f3n para la aplicaci\u00f3n, sin embargo, se exigir\u00e1n los oficiales al momento de la contrataci\u00f3n en caso de resultar beneficiaria.<\/p>\n\n\n\n<p><span class=\"post-content__span\"> &#8211; Copia del diploma o acta de grado, certificado o documento equivalente de la Instituci\u00f3n de formaci\u00f3n, donde se indique que ha culminado sus estudios y que solo se encuentra pendiente de obtener el t\u00edtulo profesional<\/p>\n\n\n\n<p><span class=\"post-content__span\"> <strong>3. Documentos doctora:&nbsp;<\/strong><\/p>\n\n\n\n<p><span class=\"post-content__span\"> &#8211; Copia de la c\u00e9dula de ciudadan\u00eda legible por ambas caras.<\/p>\n\n\n\n<p><span class=\"post-content__span\"> &#8211; Copia del t\u00edtulo o acta de grado. Para aquellos casos donde a\u00fan no se cuente con el t\u00edtulo o acta, se deber\u00e1 anexar certificaci\u00f3n expedida por la autoridad competente de la universidad, donde conste expresamente que ya ha sido sustentada y aprobada la tesis y que solo falta la ceremonia de grado o la expedici\u00f3n del respectivo t\u00edtulo. No es necesario presentar la convalidaci\u00f3n del t\u00edtulo.<\/p>\n\n\n\n<p><span class=\"post-content__span\"> 4. Carta de aval previamente diligenciada.&nbsp;<\/p>\n\n\n\n<p><span class=\"post-content__span\"> 5. Tener en cuenta la siguiente informaci\u00f3n para el c\u00e1lculo de contrapartida en especie:&nbsp;Solo podr\u00e1 ser registrada como contrapartida, lo relacionado en especie:&nbsp;<\/p>\n\n\n\n<p><span class=\"post-content__span\"> &#8211; Tiempo de dedicaci\u00f3n del director del grupo de investigaci\u00f3n UTP.&nbsp; (Valor de la hora: Sueldo b\u00e1sico *1,52\/160)&nbsp;<br>&#8211; Uso de Equipos: Se calcula el 10% del valor del equipo en inventario, por lo que deber\u00e1n anexar los soportes correspondientes al reporte de inventario.&nbsp;<br>&#8211; Uso de Espacios: Con base en la certificaci\u00f3n generada por la oficina de planeaci\u00f3n. Deben solicitar la certificaci\u00f3n de espacio a Juli\u00e1n Andr\u00e9s C\u00e1rdenas Morales (<a rel=\"noreferrer noopener\" href=\"mailto:j.cardenas1@utp.edu.co\" target=\"_blank\">j.cardenas1@utp.edu.co<\/a>) <strong>(<a href=\"https:\/\/media2.utp.edu.co\/archivos\/0%20certificado%20base%20.docx\" data-type=\"link\" data-id=\"https:\/\/media2.utp.edu.co\/archivos\/0%20certificado%20base%20.docx\">VER<\/a>)<\/strong><\/p>\n\n\n\n<p><span class=\"post-content__span\"> 6. Si la propuesta requiere de aval del comit\u00e9 de bio\u00e9tica, deber\u00e1 realizar la solicitud antes del 14 de marzo de 2024, seg\u00fan el procedimiento establecido para dicho fin que se puede consultar en el siguiente link:&nbsp;<strong><a rel=\"noreferrer noopener\" href=\"https:\/\/vicerrectorias.utp.edu.co\/viie\/comite-de-bioetica\/\" data-type=\"link\" data-id=\"https:\/\/vicerrectorias.utp.edu.co\/viie\/comite-de-bioetica\/\" target=\"_blank\">VER&nbsp;<\/a>.<\/strong> (Cualquier duda o inquietud podr\u00e1 ser consulta a trav\u00e9s del correo&nbsp;<a rel=\"noreferrer noopener\" href=\"mailto:comitedebioetica@utp.edu.co\" target=\"_blank\">comitedebioetica@utp.edu.co<\/a>&nbsp;o al 3137450)<\/p>\n\n\n\n<p><span class=\"post-content__span\"> <strong>NOTA: Solo podr\u00e1 ser registrada como contrapartida, lo relacionado en especie:&nbsp;<\/strong><\/p>\n\n\n\n<p><span class=\"post-content__span\"> <strong>&nbsp;<br>&#8211; Tiempo de dedicaci\u00f3n del director del grupo de investigaci\u00f3n UTP.&nbsp;<br>&#8211; Uso de Equipos: Se calcula el 10% del valor del equipo en inventario, por lo que deber\u00e1n anexar los soportes correspondientes al reporte de inventario.&nbsp;<br>&#8211; Uso de Espacios: Con base en la certificaci\u00f3n generada por la oficina de planeaci\u00f3n. Deben solicitar la certificaci\u00f3n de espacio a Juli\u00e1n Andr\u00e9s C\u00e1rdenas Morales (<\/strong><a href=\"mailto:j.cardenas1@utp.edu.co\">j.cardenas1@utp.edu.co<\/a><strong>)<\/strong><\/p>\n\n\n\n<p><span class=\"post-content__span\"> Cualquier duda o inquietud al respecto se pueden comunicar con la funcionaria Yesica Marcela Rojas Orozco (<a href=\"mailto:investigaciones@utp.edu.co\" target=\"_blank\" rel=\"noreferrer noopener\">investigaciones@utp.edu.co<\/a>, 3137309)&nbsp;<\/p>\n\n\n\n<h3 class=\"wp-block-heading\"><strong>Documentos de la convocatoria<\/strong><\/h3>\n\n\n\n<ul class=\"wp-block-list\">\n<li><strong><a href=\"https:\/\/www.minciencias.gov.co\/sites\/default\/files\/upload\/convocatoria\/1._terminos_de_referencia_de_la_convocatoria_orquideas_mujeres_en_la_ciencia_2024-_firmado.pdf\" data-type=\"link\" data-id=\"https:\/\/www.minciencias.gov.co\/sites\/default\/files\/upload\/convocatoria\/1._terminos_de_referencia_de_la_convocatoria_orquideas_mujeres_en_la_ciencia_2024-_firmado.pdf\">TERMINOS DE REFERENCIA<\/a><\/strong><\/li>\n\n\n\n<li><a href=\"https:\/\/www.minciencias.gov.co\/sites\/default\/files\/upload\/convocatoria\/2._anexo_no._1_carta_unificada_de_aval_y_compromiso_institucional.pdf\" data-type=\"link\" data-id=\"https:\/\/www.minciencias.gov.co\/sites\/default\/files\/upload\/convocatoria\/2._anexo_no._1_carta_unificada_de_aval_y_compromiso_institucional.pdf\"><strong>ANEXO 2:&nbsp;<\/strong>CARTA DE AVAL DE LA PROPUESTA PDF<\/a><\/li>\n\n\n\n<li><a href=\"https:\/\/www.minciencias.gov.co\/sites\/default\/files\/upload\/convocatoria\/2.1_anexo_no._1_carta_unificada_de_aval_y_compromiso_institucional._version_editable.docx\" data-type=\"link\" data-id=\"https:\/\/www.minciencias.gov.co\/sites\/default\/files\/upload\/convocatoria\/2.1_anexo_no._1_carta_unificada_de_aval_y_compromiso_institucional._version_editable.docx\"><strong>ANEXO 3:&nbsp;<\/strong>CARTA DE AVAL DE LA PROPUESTA&nbsp;EDITABLE<\/a><\/li>\n\n\n\n<li><a href=\"https:\/\/www.minciencias.gov.co\/sites\/default\/files\/upload\/convocatoria\/5._anexo_no._4_descripcion_de_los_productos_esperados.docx.pdf\" data-type=\"link\" data-id=\"https:\/\/www.minciencias.gov.co\/sites\/default\/files\/upload\/convocatoria\/5._anexo_no._4_descripcion_de_los_productos_esperados.docx.pdf\"><strong>ANEXO 4:&nbsp;<\/strong>DESCRIPCI\u00d3N DE PRODUCTOS ESPERADOS<\/a><\/li>\n\n\n\n<li><a href=\"https:\/\/media2.utp.edu.co\/archivos\/0%20certificado%20base%20.docx\"><strong>ANEXO 5:&nbsp;<\/strong><\/a><a href=\"https:\/\/media2.utp.edu.co\/archivos\/0%20certificado%20base%20.docx\">CERTIFICADO DE ESPACIOS<\/a><\/li>\n\n\n\n<li><a href=\"https:\/\/media2.utp.edu.co\/archivos\/1.%20contrapartida%20infraestructura%20UTP%20suelos%20sanos.pdf\"><strong>ANEXO 6:&nbsp;<\/strong>CERTIFICADO EXPEDIDO.&nbsp;GUIA PARA DILIGENCIAR ANEXO 5<\/a><\/li>\n<\/ul>\n","protected":false},"excerpt":{"rendered":"<p>Actividad Fecha Documentos Modificaciones mi\u00e9rcoles 19 junio 2024 Adenda 1 &#8211; convocatoria 948 2024 Objetivo: Conformar un listado de propuestas elegibles con un Eje Nacional y un Eje Pac\u00edfico, para [&#8230;]<\/p>\n","protected":false},"author":12,"featured_media":0,"comment_status":"closed","ping_status":"closed","sticky":false,"template":"","format":"standard","meta":{"footnotes":""},"categories":[7],"tags":[],"class_list":["post-12259","post","type-post","status-publish","format-standard","hentry","category-convocatorias"],"_links":{"self":[{"href":"https:\/\/vicerrectorias.utp.edu.co\/viie\/wp-json\/wp\/v2\/posts\/12259","targetHints":{"allow":["GET"]}}],"collection":[{"href":"https:\/\/vicerrectorias.utp.edu.co\/viie\/wp-json\/wp\/v2\/posts"}],"about":[{"href":"https:\/\/vicerrectorias.utp.edu.co\/viie\/wp-json\/wp\/v2\/types\/post"}],"author":[{"embeddable":true,"href":"https:\/\/vicerrectorias.utp.edu.co\/viie\/wp-json\/wp\/v2\/users\/12"}],"replies":[{"embeddable":true,"href":"https:\/\/vicerrectorias.utp.edu.co\/viie\/wp-json\/wp\/v2\/comments?post=12259"}],"version-history":[{"count":25,"href":"https:\/\/vicerrectorias.utp.edu.co\/viie\/wp-json\/wp\/v2\/posts\/12259\/revisions"}],"predecessor-version":[{"id":14484,"href":"https:\/\/vicerrectorias.utp.edu.co\/viie\/wp-json\/wp\/v2\/posts\/12259\/revisions\/14484"}],"wp:attachment":[{"href":"https:\/\/vicerrectorias.utp.edu.co\/viie\/wp-json\/wp\/v2\/media?parent=12259"}],"wp:term":[{"taxonomy":"category","embeddable":true,"href":"https:\/\/vicerrectorias.utp.edu.co\/viie\/wp-json\/wp\/v2\/categories?post=12259"},{"taxonomy":"post_tag","embeddable":true,"href":"https:\/\/vicerrectorias.utp.edu.co\/viie\/wp-json\/wp\/v2\/tags?post=12259"}],"curies":[{"name":"wp","href":"https:\/\/api.w.org\/{rel}","templated":true}]}}