{"id":11362,"date":"2023-10-31T12:27:08","date_gmt":"2023-10-31T11:27:08","guid":{"rendered":"https:\/\/vicerrectorias.utp.edu.co\/viie\/?p=11362"},"modified":"2023-11-23T22:01:11","modified_gmt":"2023-11-23T21:01:11","slug":"convocatoria-vinculacion-de-estudiantes-en-practica-laboral-en-el-marco-del-programa-estado-joven-12a-generacion-del-mintrabajo-1er-semestre-2024","status":"publish","type":"post","link":"https:\/\/vicerrectorias.utp.edu.co\/viie\/convocatoria-vinculacion-de-estudiantes-en-practica-laboral-en-el-marco-del-programa-estado-joven-12a-generacion-del-mintrabajo-1er-semestre-2024\/","title":{"rendered":"CONVOCATORIA VINCULACI\u00d3N DE ESTUDIANTES EN PR\u00c1CTICA LABORAL EN EL MARCO DEL PROGRAMA ESTADO J\u00d3VEN 12\u00aa GENERACI\u00d3N DEL MINTRABAJO \u2013 1er SEMESTRE 2024"},"content":{"rendered":"\n<h3 class=\"wp-block-heading\"><strong>CONVOCATORIA PARA LA VINCULACI\u00d3N DE ESTUDIANTES EN PR\u00c1CTICA LABORAL EN EL MARCO DEL PROGRAMA ESTADO J\u00d3VEN 12\u00aa GENERACI\u00d3N DEL MINISTERIO DEL TRABAJO \u2013 PRIMER SEMESTRE DE 2024<\/strong><\/h3>\n\n\n\n<p><span class=\"post-content__span\"> La Universidad Tecnol\u00f3gica de Pereira, a trav\u00e9s de la Vicerrector\u00eda de Investigaciones, Innovaci\u00f3n y Extensi\u00f3n, realiza la convocatoria interna<strong>&nbsp;dirigida a dependencias administrativas y facultades de la Universidad, para postularse como plazas de pr\u00e1ctica<\/strong>&nbsp;laboral para el primer semestre de 2024 en el marco del programa Estado Joven 12\u00aa generaci\u00f3n del Ministerio de Trabajo.<\/p>\n\n\n\n<p><span class=\"post-content__span\"> <strong>OBJETIVO:&nbsp;<\/strong>Seleccionar 10 plazas de pr\u00e1ctica laboral o vacantes para postulaci\u00f3n a la convocatoria; que posibilite la asignaci\u00f3n de estudiantes para la realizaci\u00f3n de pr\u00e1cticas laborales, que permitan apoyar el desarrollo de las actividades propias de la Instituci\u00f3n y contribuir al proceso formativo de los estudiantes.<\/p>\n\n\n\n<p><span class=\"post-content__span\"> <strong>DIRIGIDO A:&nbsp;<\/strong>La presente convocatoria se encuentra dirigida a todas las dependencias administrativas y facultades de la Universidad Tecnol\u00f3gica de Pereira.<\/p>\n\n\n\n<p><span class=\"post-content__span\"> <strong>FECHA DE CIERRE:&nbsp;<\/strong>Mi\u00e9rcoles 18 de octubre de 2023 a las 06:00 p.m.<\/p>\n\n\n\n<ul class=\"wp-block-list\">\n<li>Anexo 1:&nbsp;<a href=\"https:\/\/vicerrectorias.utp.edu.co\/viie\/wp-content\/uploads\/sites\/3\/CONVOCATORIA%20PLAZAS%20ESTADO%20JOVEN%202024-1%20-%20T%C3%A9rminos%20de%20Referencia.pdf\">T\u00e9rminos de referencia<\/a><\/li>\n\n\n\n<li>Anexo 2:\u00a0<a href=\"https:\/\/vicerrectorias.utp.edu.co\/viie\/wp-content\/uploads\/sites\/3\/Anexo%202.%20FICHA%20DE%20REGISTRO%20DE%20LAS%20PLAZAS%20DE%20PR%C3%81CTICA.docx\">Ficha de registro de plazas de pr\u00e1ctica<\/a><\/li>\n\n\n\n<li>Anexo 3:\u00a0<a href=\"https:\/\/vicerrectorias.utp.edu.co\/viie\/wp-content\/uploads\/sites\/3\/Anexo%203.%20Terminos_de_referencia_de_la_12a_convocatoria_entidades_estado_joven.pdf\">T\u00e9rminos de referencia Estado Joven<\/a><\/li>\n\n\n\n<li>Anexo 4:\u00a0<a href=\"https:\/\/vicerrectorias.utp.edu.co\/viie\/wp-content\/uploads\/sites\/3\/RESULTADOS%20SELECCI%C3%93N%20PLAZAS%20DE%20PR%C3%81CTICA%20ESTADO%20JOVEN%202024-1.pdf\">Resultados Proceso de Selecci\u00f3n<\/a><\/li>\n<\/ul>\n\n\n\n<figure class=\"wp-block-image size-large\"><img decoding=\"async\" src=\"https:\/\/vicerrectorias.utp.edu.co\/viie\/wp-content\/uploads\/sites\/3\/Convocatoria%20Plazas%20Estado%20Joven%202024-1_P%C3%A1gina%20Web.jpg\" alt=\"\"\/><\/figure>\n","protected":false},"excerpt":{"rendered":"<p>CONVOCATORIA PARA LA VINCULACI\u00d3N DE ESTUDIANTES EN PR\u00c1CTICA LABORAL EN EL MARCO DEL PROGRAMA ESTADO J\u00d3VEN 12\u00aa GENERACI\u00d3N DEL MINISTERIO DEL TRABAJO \u2013 PRIMER SEMESTRE DE 2024 La Universidad Tecnol\u00f3gica [&#8230;]<\/p>\n","protected":false},"author":1,"featured_media":11302,"comment_status":"closed","ping_status":"closed","sticky":false,"template":"","format":"standard","meta":{"footnotes":""},"categories":[7],"tags":[],"class_list":["post-11362","post","type-post","status-publish","format-standard","has-post-thumbnail","hentry","category-convocatorias"],"_links":{"self":[{"href":"https:\/\/vicerrectorias.utp.edu.co\/viie\/wp-json\/wp\/v2\/posts\/11362","targetHints":{"allow":["GET"]}}],"collection":[{"href":"https:\/\/vicerrectorias.utp.edu.co\/viie\/wp-json\/wp\/v2\/posts"}],"about":[{"href":"https:\/\/vicerrectorias.utp.edu.co\/viie\/wp-json\/wp\/v2\/types\/post"}],"author":[{"embeddable":true,"href":"https:\/\/vicerrectorias.utp.edu.co\/viie\/wp-json\/wp\/v2\/users\/1"}],"replies":[{"embeddable":true,"href":"https:\/\/vicerrectorias.utp.edu.co\/viie\/wp-json\/wp\/v2\/comments?post=11362"}],"version-history":[{"count":3,"href":"https:\/\/vicerrectorias.utp.edu.co\/viie\/wp-json\/wp\/v2\/posts\/11362\/revisions"}],"predecessor-version":[{"id":11436,"href":"https:\/\/vicerrectorias.utp.edu.co\/viie\/wp-json\/wp\/v2\/posts\/11362\/revisions\/11436"}],"wp:featuredmedia":[{"embeddable":true,"href":"https:\/\/vicerrectorias.utp.edu.co\/viie\/wp-json\/wp\/v2\/media\/11302"}],"wp:attachment":[{"href":"https:\/\/vicerrectorias.utp.edu.co\/viie\/wp-json\/wp\/v2\/media?parent=11362"}],"wp:term":[{"taxonomy":"category","embeddable":true,"href":"https:\/\/vicerrectorias.utp.edu.co\/viie\/wp-json\/wp\/v2\/categories?post=11362"},{"taxonomy":"post_tag","embeddable":true,"href":"https:\/\/vicerrectorias.utp.edu.co\/viie\/wp-json\/wp\/v2\/tags?post=11362"}],"curies":[{"name":"wp","href":"https:\/\/api.w.org\/{rel}","templated":true}]}}