{"id":99,"date":"2017-02-21T08:28:02","date_gmt":"2017-02-21T07:28:02","guid":{"rendered":""},"modified":"2024-08-15T15:52:50","modified_gmt":"2024-08-15T13:52:50","slug":"cambio-de-fechas","status":"publish","type":"post","link":"https:\/\/vicerrectorias.utp.edu.co\/responsabilidad-social\/cambio-de-fechas\/","title":{"rendered":"CAMBIO DE FECHAS"},"content":{"rendered":"\n<p><span class=\"post-content__span\"> <strong>En consideraci\u00f3n al cambio de plataforma&nbsp;el sistema para la realizaci\u00f3n de solicitudes para apoyos socio-econ\u00f3micos estuvo fuera de l\u00ednea durante el fin de semana. He recibido informaci\u00f3n de la Divisi\u00f3n de Sistemas seg\u00fan la cual el sistema ya esta estable.&nbsp;<\/strong><\/p>\n\n\n\n<p><span class=\"post-content__span\"> <strong>Por todo lo anterior es conveniente ampliar el plazo de solicitudes de la siguiente manera;<\/strong><\/p>\n\n\n\n<p><span class=\"post-content__span\"> <strong>Solicitudes de reliquidaci\u00f3n de matr\u00edcula cuyo plazo era el 12 de Julio tiene como nueva fecha de cierre el martes 16 de Julio.<\/strong><\/p>\n\n\n\n<p><span class=\"post-content__span\"> <strong>Solicitudes de otros apoyos cuyo plazo era el 05 de Julio tiene como nueva fecha de cierre el martes 09 de Julio.<\/strong><\/p>\n","protected":false},"excerpt":{"rendered":"<p>En consideraci\u00f3n al cambio de plataforma&nbsp;el sistema para la realizaci\u00f3n de solicitudes para apoyos socio-econ\u00f3micos estuvo fuera de l\u00ednea durante [&hellip;]<\/p>\n","protected":false},"author":0,"featured_media":60021,"comment_status":"closed","ping_status":"closed","sticky":false,"template":"","format":"standard","meta":{"footnotes":""},"categories":[3],"tags":[],"class_list":["post-99","post","type-post","status-publish","format-standard","has-post-thumbnail","hentry","category-noticias"],"_links":{"self":[{"href":"https:\/\/vicerrectorias.utp.edu.co\/responsabilidad-social\/wp-json\/wp\/v2\/posts\/99","targetHints":{"allow":["GET"]}}],"collection":[{"href":"https:\/\/vicerrectorias.utp.edu.co\/responsabilidad-social\/wp-json\/wp\/v2\/posts"}],"about":[{"href":"https:\/\/vicerrectorias.utp.edu.co\/responsabilidad-social\/wp-json\/wp\/v2\/types\/post"}],"replies":[{"embeddable":true,"href":"https:\/\/vicerrectorias.utp.edu.co\/responsabilidad-social\/wp-json\/wp\/v2\/comments?post=99"}],"version-history":[{"count":1,"href":"https:\/\/vicerrectorias.utp.edu.co\/responsabilidad-social\/wp-json\/wp\/v2\/posts\/99\/revisions"}],"predecessor-version":[{"id":9332,"href":"https:\/\/vicerrectorias.utp.edu.co\/responsabilidad-social\/wp-json\/wp\/v2\/posts\/99\/revisions\/9332"}],"wp:featuredmedia":[{"embeddable":true,"href":"https:\/\/vicerrectorias.utp.edu.co\/responsabilidad-social\/wp-json\/wp\/v2\/media\/60021"}],"wp:attachment":[{"href":"https:\/\/vicerrectorias.utp.edu.co\/responsabilidad-social\/wp-json\/wp\/v2\/media?parent=99"}],"wp:term":[{"taxonomy":"category","embeddable":true,"href":"https:\/\/vicerrectorias.utp.edu.co\/responsabilidad-social\/wp-json\/wp\/v2\/categories?post=99"},{"taxonomy":"post_tag","embeddable":true,"href":"https:\/\/vicerrectorias.utp.edu.co\/responsabilidad-social\/wp-json\/wp\/v2\/tags?post=99"}],"curies":[{"name":"wp","href":"https:\/\/api.w.org\/{rel}","templated":true}]}}