{"id":93,"date":"2013-06-14T12:34:22","date_gmt":"2013-06-14T10:34:22","guid":{"rendered":""},"modified":"2024-08-15T15:53:12","modified_gmt":"2024-08-15T13:53:12","slug":"bases-convocatoria-revista-subculturas","status":"publish","type":"post","link":"https:\/\/vicerrectorias.utp.edu.co\/responsabilidad-social\/bases-convocatoria-revista-subculturas\/","title":{"rendered":"BASES CONVOCATORIA revista subCULTURAS"},"content":{"rendered":"\n<figure class=\"wp-block-image\"><img decoding=\"async\" src=\"https:\/\/vicerrectorias.utp.edu.co\/responsabilidad-social\/wp-content\/uploads\/sites\/12\/0.jpg\" alt=\"\"\/><\/figure>\n\n\n\n<p><span class=\"post-content__span\"> La revista subCULTURAS, editorial oficial del Festival internacional Convivencia Rock y en alianza con la Secretar\u00eda &nbsp;de Desarrollo Social y la Oficina de Juventudes de la Alcald\u00eda de Pereira , informa que a partir del d\u00eda lunes 10 de Junio y hasta el d\u00eda lunes 24 de junio estar\u00e1 abierta la convocatoria para participar en la cuarta edici\u00f3n de la mencionada publicaci\u00f3n. Los art\u00edculos, los artistas , las bandas y los agentes culturales en general, tendr\u00e1n la posibilidad de ser reproducidos en 3.000 ejemplares impresos que se entregar\u00e1n en el marco del Festival Convivencia Rock 2013 los d\u00edas 19, 20 y 21 de Julio en el parque Olaya Herrera.<\/p>\n\n\n\n<p><span class=\"post-content__span\"> Ac\u00e1 las bases para la participaci\u00f3n:<a rel=\"nofollow\" href=\"https:\/\/vicerrectorias.utp.edu.co\/responsabilidad-social\/wp-content\/uploads\/sites\/12\/Bases_subCULTURAS_4ta_edicion.pdf\">Bases_subCULTURAS_4ta_edicion.pdf<\/a><\/p>\n\n\n\n<p><span class=\"post-content__span\"> Ac\u00e1 lel formulario: <a rel=\"nofollow\" href=\"https:\/\/vicerrectorias.utp.edu.co\/responsabilidad-social\/wp-content\/uploads\/sites\/12\/Formulario-revista_subCULTURAS_4ta_edicion.docx\">Formulario-revista_subCULTURAS_4ta_edicion.docx<\/a><\/p>\n\n\n\n<p><span class=\"post-content__span\"> <a rel=\"nofollow\" href=\"https:\/\/vicerrectorias.utp.edu.co\/responsabilidad-social\/wp-content\/uploads\/sites\/12\/Bases-revista_subCULTURAS.pdf\"><\/a><\/p>\n","protected":false},"excerpt":{"rendered":"<p>La revista subCULTURAS, editorial oficial del Festival internacional Convivencia Rock y en alianza con la Secretar\u00eda &nbsp;de Desarrollo Social y [&hellip;]<\/p>\n","protected":false},"author":0,"featured_media":60020,"comment_status":"closed","ping_status":"closed","sticky":false,"template":"","format":"standard","meta":{"footnotes":""},"categories":[3],"tags":[],"class_list":["post-93","post","type-post","status-publish","format-standard","has-post-thumbnail","hentry","category-noticias"],"_links":{"self":[{"href":"https:\/\/vicerrectorias.utp.edu.co\/responsabilidad-social\/wp-json\/wp\/v2\/posts\/93","targetHints":{"allow":["GET"]}}],"collection":[{"href":"https:\/\/vicerrectorias.utp.edu.co\/responsabilidad-social\/wp-json\/wp\/v2\/posts"}],"about":[{"href":"https:\/\/vicerrectorias.utp.edu.co\/responsabilidad-social\/wp-json\/wp\/v2\/types\/post"}],"replies":[{"embeddable":true,"href":"https:\/\/vicerrectorias.utp.edu.co\/responsabilidad-social\/wp-json\/wp\/v2\/comments?post=93"}],"version-history":[{"count":1,"href":"https:\/\/vicerrectorias.utp.edu.co\/responsabilidad-social\/wp-json\/wp\/v2\/posts\/93\/revisions"}],"predecessor-version":[{"id":9844,"href":"https:\/\/vicerrectorias.utp.edu.co\/responsabilidad-social\/wp-json\/wp\/v2\/posts\/93\/revisions\/9844"}],"wp:featuredmedia":[{"embeddable":true,"href":"https:\/\/vicerrectorias.utp.edu.co\/responsabilidad-social\/wp-json\/wp\/v2\/media\/60020"}],"wp:attachment":[{"href":"https:\/\/vicerrectorias.utp.edu.co\/responsabilidad-social\/wp-json\/wp\/v2\/media?parent=93"}],"wp:term":[{"taxonomy":"category","embeddable":true,"href":"https:\/\/vicerrectorias.utp.edu.co\/responsabilidad-social\/wp-json\/wp\/v2\/categories?post=93"},{"taxonomy":"post_tag","embeddable":true,"href":"https:\/\/vicerrectorias.utp.edu.co\/responsabilidad-social\/wp-json\/wp\/v2\/tags?post=93"}],"curies":[{"name":"wp","href":"https:\/\/api.w.org\/{rel}","templated":true}]}}