{"id":8751,"date":"2023-12-01T12:13:00","date_gmt":"2023-12-01T11:13:00","guid":{"rendered":""},"modified":"2024-08-16T10:23:18","modified_gmt":"2024-08-16T08:23:18","slug":"curso-de-atencion-a-la-comunidad-en-condicion-de-d","status":"publish","type":"post","link":"https:\/\/vicerrectorias.utp.edu.co\/responsabilidad-social\/curso-de-atencion-a-la-comunidad-en-condicion-de-d\/","title":{"rendered":"Curso de Atenci\u00f3n a la comunidad en condici\u00f3n de d"},"content":{"rendered":"\n<p><span class=\"post-content__span\"> <span>INCLUSI\u00d3N<\/span><\/p>\n\n\n<div class=\"wp-block-image\">\n<figure class=\"aligncenter size-full is-resized\"><img loading=\"lazy\" decoding=\"async\" width=\"6000\" height=\"4000\" src=\"https:\/\/vicerrectorias.utp.edu.co\/responsabilidad-social\/wp-content\/uploads\/sites\/12\/DSC01032.jpeg\" alt=\"\" class=\"wp-image-60910\" style=\"width:665px;height:auto\"\/><\/figure>\n<\/div>\n\n\n<p><span class=\"post-content__span\"> <span>Como parte del avance a la pol\u00edtica de inclusi\u00f3n con enfoque en discapacidad&nbsp; y los procesos de formaci\u00f3n integral de la UTP, el 30 de noviembre del 2023, se desarroll\u00f3 la clausura del curso en atenci\u00f3n a la comunidad en condici\u00f3n de discapacidad con una intensidad de 40 horas. Para la Vicerrector\u00eda Acad\u00e9mica, la Vicerrector\u00eda de Responsabilidad Social y Bienestar universitario y la Facultad de Ciencias B\u00e1sicas fue un honor celebrar este logro colectivo y reconociendo el arduo trabajo y compromiso que cada uno ha demostrado a lo largo de este per\u00edodo.<\/span><\/p>\n\n\n\n<p><span class=\"post-content__span\"> \n<span>Este proceso inicio en el mes de agosto, donde los participantes adquirieron conocimientos valiosos, desarrollo de habilidades especializadas y, lo m\u00e1s importante, han cultivado la empat\u00eda y la comprensi\u00f3n hacia aquellos que enfrentan desaf\u00edos particulares en su vida diaria, tambi\u00e9n han sido testigos de c\u00f3mo la atenci\u00f3n adecuada puede marcar la diferencia y abrir puertas a un mundo de posibilidades para quienes m\u00e1s lo necesitan.<\/span><\/p>\n\n\n\n<p><span class=\"post-content__span\"> \n<span>Este curso no solo ha sido una oportunidad para adquirir conocimientos t\u00e9cnicos, sino tambi\u00e9n para explorar y comprender la diversidad que enriquece nuestra sociedad. Han aprendido a ver m\u00e1s all\u00e1 de las limitaciones y a enfocarse en las habilidades y capacidades \u00fanicas de cada individuo.<\/span><\/p>\n\n\n\n<p><span class=\"post-content__span\"> \n<span>Las 33 personas que culminaron el curso no solo alcanzaron un \u00e9xito a nivel personal, sino tambi\u00e9n al bienestar de la comunidad en general, asumido la responsabilidad de ser agentes de cambio, promoviendo la inclusi\u00f3n y derribando barreras que limitan el pleno desarrollo de las personas con discapacidad.<\/span><\/p>\n\n\n\n<p><span class=\"post-content__span\"> \n<span>El llamado es a multiplicar este tipo de procesos en los programas acad\u00e9micos y dem\u00e1s dependencias de la Universidad, a todos los docentes y administrativos para que se animen a iniciar esta aventura de aprendizaje y as\u00ed se sumen a contribuir por una educaci\u00f3n superior inclusiva.<\/span><\/p>\n\n\n\n<p><span class=\"post-content__span\"> \n<span>Este es solo el comienzo de un viaje continuo, donde cada uno tiene la capacidad y la responsabilidad de marcar la diferencia en la vida de quienes les rodean.<\/span><\/p>\n\n\n\n<p><span class=\"post-content__span\"> \n<span>En nombre de la Vicerrector\u00eda Acad\u00e9mica, la Vicerrector\u00eda de Responsabilidad Social y Bienestar universitario y la Facultad de Ciencias B\u00e1sicas, les agradezco sinceramente, a los participantes al curso su compromiso y les felicita por este logro.<\/span><\/p>\n\n\n\n<p><span class=\"post-content__span\"> \n<span><strong>\u00a1Felicidades a todos y cada uno de ustedes!<\/strong><\/span><\/p>\n\n\n<div class=\"wp-block-image\">\n<figure class=\"aligncenter size-full is-resized\"><img loading=\"lazy\" decoding=\"async\" width=\"6000\" height=\"4000\" src=\"https:\/\/vicerrectorias.utp.edu.co\/responsabilidad-social\/wp-content\/uploads\/sites\/12\/DSC01049.jpeg\" alt=\"\" class=\"wp-image-60911\" style=\"width:572px;height:auto\"\/><\/figure>\n<\/div>","protected":false},"excerpt":{"rendered":"<p>INCLUSI\u00d3N Como parte del avance a la pol\u00edtica de inclusi\u00f3n con enfoque en discapacidad&nbsp; y los procesos de formaci\u00f3n integral [&hellip;]<\/p>\n","protected":false},"author":0,"featured_media":60693,"comment_status":"closed","ping_status":"closed","sticky":false,"template":"","format":"standard","meta":{"footnotes":""},"categories":[3],"tags":[],"class_list":["post-8751","post","type-post","status-publish","format-standard","has-post-thumbnail","hentry","category-noticias"],"_links":{"self":[{"href":"https:\/\/vicerrectorias.utp.edu.co\/responsabilidad-social\/wp-json\/wp\/v2\/posts\/8751","targetHints":{"allow":["GET"]}}],"collection":[{"href":"https:\/\/vicerrectorias.utp.edu.co\/responsabilidad-social\/wp-json\/wp\/v2\/posts"}],"about":[{"href":"https:\/\/vicerrectorias.utp.edu.co\/responsabilidad-social\/wp-json\/wp\/v2\/types\/post"}],"replies":[{"embeddable":true,"href":"https:\/\/vicerrectorias.utp.edu.co\/responsabilidad-social\/wp-json\/wp\/v2\/comments?post=8751"}],"version-history":[{"count":3,"href":"https:\/\/vicerrectorias.utp.edu.co\/responsabilidad-social\/wp-json\/wp\/v2\/posts\/8751\/revisions"}],"predecessor-version":[{"id":60913,"href":"https:\/\/vicerrectorias.utp.edu.co\/responsabilidad-social\/wp-json\/wp\/v2\/posts\/8751\/revisions\/60913"}],"wp:featuredmedia":[{"embeddable":true,"href":"https:\/\/vicerrectorias.utp.edu.co\/responsabilidad-social\/wp-json\/wp\/v2\/media\/60693"}],"wp:attachment":[{"href":"https:\/\/vicerrectorias.utp.edu.co\/responsabilidad-social\/wp-json\/wp\/v2\/media?parent=8751"}],"wp:term":[{"taxonomy":"category","embeddable":true,"href":"https:\/\/vicerrectorias.utp.edu.co\/responsabilidad-social\/wp-json\/wp\/v2\/categories?post=8751"},{"taxonomy":"post_tag","embeddable":true,"href":"https:\/\/vicerrectorias.utp.edu.co\/responsabilidad-social\/wp-json\/wp\/v2\/tags?post=8751"}],"curies":[{"name":"wp","href":"https:\/\/api.w.org\/{rel}","templated":true}]}}