{"id":8701,"date":"2023-05-24T11:56:05","date_gmt":"2023-05-24T09:56:05","guid":{"rendered":""},"modified":"2024-08-15T15:52:27","modified_gmt":"2024-08-15T13:52:27","slug":"bono-de-alimentacion-contingencia","status":"publish","type":"post","link":"https:\/\/vicerrectorias.utp.edu.co\/responsabilidad-social\/bono-de-alimentacion-contingencia\/","title":{"rendered":"BONO DE ALIMENTACI\u00d3N &#8211; CONTINGENCIA"},"content":{"rendered":"\n<figure class=\"wp-block-image\"><img decoding=\"async\" src=\"https:\/\/media2.utp.edu.co\/imagenes\/145697818_3659767537469076_1611819830196221455_n.jpeg\" alt=\"\"\/><\/figure>\n\n\n\n<p><span class=\"post-content__span\"> <span>En la Universidad Tecnol\u00f3gica de Pereira estamos tomando acciones para mitigar las dificultades en la entrega de los apoyos alimenticios en nuestro campus universitario, la cual se ocasion\u00f3 por el desabastecimiento regional de gas natural.<\/span><\/p>\n\n\n\n<p><span class=\"post-content__span\"> <span>Estamos adaptando nuestros procesos de acompa\u00f1amiento para poder entregar el bono de alimentaci\u00f3n por medio de consignaciones de dinero a las cuentas bancarias de los estudiantes apoyados, seg\u00fan la cantidad de raciones planificadas para el semestre.&nbsp;<\/span><\/p>\n\n\n\n<p><span class=\"post-content__span\"> <span>Queremos recordarte que es importante que est\u00e9s atento a tus correos electr\u00f3nicos y a posibles llamadas institucionales, ya que estaremos comunic\u00e1ndonos contigo para actualizar la informaci\u00f3n bancaria respectiva.<\/span><\/p>\n\n\n\n<p><span class=\"post-content__span\"> <span>En estos momentos dif\u00edciles, es fundamental que trabajemos juntos, apoy\u00e1ndonos mutuamente de manera solidaria y emp\u00e1tica&nbsp; para ayudarte a superar esta situaci\u00f3n. Juntos, saldremos adelante.<\/span><\/p>\n","protected":false},"excerpt":{"rendered":"<p>En la Universidad Tecnol\u00f3gica de Pereira estamos tomando acciones para mitigar las dificultades en la entrega de los apoyos alimenticios [&hellip;]<\/p>\n","protected":false},"author":0,"featured_media":60688,"comment_status":"closed","ping_status":"closed","sticky":false,"template":"","format":"standard","meta":{"footnotes":""},"categories":[3],"tags":[],"class_list":["post-8701","post","type-post","status-publish","format-standard","has-post-thumbnail","hentry","category-noticias"],"_links":{"self":[{"href":"https:\/\/vicerrectorias.utp.edu.co\/responsabilidad-social\/wp-json\/wp\/v2\/posts\/8701","targetHints":{"allow":["GET"]}}],"collection":[{"href":"https:\/\/vicerrectorias.utp.edu.co\/responsabilidad-social\/wp-json\/wp\/v2\/posts"}],"about":[{"href":"https:\/\/vicerrectorias.utp.edu.co\/responsabilidad-social\/wp-json\/wp\/v2\/types\/post"}],"replies":[{"embeddable":true,"href":"https:\/\/vicerrectorias.utp.edu.co\/responsabilidad-social\/wp-json\/wp\/v2\/comments?post=8701"}],"version-history":[{"count":1,"href":"https:\/\/vicerrectorias.utp.edu.co\/responsabilidad-social\/wp-json\/wp\/v2\/posts\/8701\/revisions"}],"predecessor-version":[{"id":8762,"href":"https:\/\/vicerrectorias.utp.edu.co\/responsabilidad-social\/wp-json\/wp\/v2\/posts\/8701\/revisions\/8762"}],"wp:featuredmedia":[{"embeddable":true,"href":"https:\/\/vicerrectorias.utp.edu.co\/responsabilidad-social\/wp-json\/wp\/v2\/media\/60688"}],"wp:attachment":[{"href":"https:\/\/vicerrectorias.utp.edu.co\/responsabilidad-social\/wp-json\/wp\/v2\/media?parent=8701"}],"wp:term":[{"taxonomy":"category","embeddable":true,"href":"https:\/\/vicerrectorias.utp.edu.co\/responsabilidad-social\/wp-json\/wp\/v2\/categories?post=8701"},{"taxonomy":"post_tag","embeddable":true,"href":"https:\/\/vicerrectorias.utp.edu.co\/responsabilidad-social\/wp-json\/wp\/v2\/tags?post=8701"}],"curies":[{"name":"wp","href":"https:\/\/api.w.org\/{rel}","templated":true}]}}