{"id":8691,"date":"2023-05-24T11:52:44","date_gmt":"2023-05-24T09:52:44","guid":{"rendered":""},"modified":"2024-08-15T15:52:27","modified_gmt":"2024-08-15T13:52:27","slug":"comunicado-de-alimentacion","status":"publish","type":"post","link":"https:\/\/vicerrectorias.utp.edu.co\/responsabilidad-social\/comunicado-de-alimentacion\/","title":{"rendered":"COMUNICADO DE ALIMENTACI\u00d3N"},"content":{"rendered":"\n<figure class=\"wp-block-image\"><img decoding=\"async\" src=\"https:\/\/media2.utp.edu.co\/imagenes\/326531359_498903682428272_2763742139678664033_n.jpeg\" alt=\"\"\/><\/figure>\n\n\n\n<p><span class=\"post-content__span\"> <span>Debido a la emergencia que se est\u00e1 presentando por la falta de suministro de gas que afecta a toda la zona occidental del pa\u00eds, donde Pereira no es la excepci\u00f3n; la Universidad Tecnol\u00f3gica de Pereira y el proveedor del restaurante <strong>no podr\u00e1n prestar el servicio de almuerzo y cena hasta que esta situaci\u00f3n se mitigue.<\/strong><\/span><\/p>\n\n\n\n<p><span class=\"post-content__span\"> <span>La Universidad y el operador est\u00e1n tomando las medidas necesarias de adecuaci\u00f3n de los equipos y adquisici\u00f3n de gas propano, para brindar los servicios de restaurante en el campus universitario.<\/span><\/p>\n\n\n\n<p><span class=\"post-content__span\"> <span>Se espera que toda la instalaci\u00f3n y la adecuaci\u00f3n est\u00e9 en \u00f3ptimas condiciones para brindar el servicio, acorde a las circunstancias, en situaci\u00f3n de contingencia a partir del momento que las condiciones sean adecuadas.<\/span><\/p>\n\n\n\n<p><span class=\"post-content__span\"> <span>Finalmente se recuerda que todos en la zona de influencia nos encontramos atravesando por la misma emergencia e los invitamos a trabajar de manera colectiva y emp\u00e1tica, para mitigar las necesidades que se presenten.<\/span><\/p>\n\n\n\n<p><span class=\"post-content__span\"> <span>Los restaurantes y cafeter\u00edas dispondr\u00e1n en la medida de algunos productos de panader\u00eda y paquetes para su consumo.<\/span><\/p>\n\n\n\n<p><span class=\"post-content__span\"> <span>Para conocer m\u00e1s informaci\u00f3n sobre la emergencia, los invitamos a consultar el <a href=\"https:\/\/media2.utp.edu.co\/archivos\/Comunicado%20Conjunto1%20%281%29.pdf\">COMUNICADO CONJUNTO No. 1 de la CNO gas<\/a><\/span><\/p>\n","protected":false},"excerpt":{"rendered":"<p>Debido a la emergencia que se est\u00e1 presentando por la falta de suministro de gas que afecta a toda la [&hellip;]<\/p>\n","protected":false},"author":0,"featured_media":60687,"comment_status":"closed","ping_status":"closed","sticky":false,"template":"","format":"standard","meta":{"footnotes":""},"categories":[3],"tags":[],"class_list":["post-8691","post","type-post","status-publish","format-standard","has-post-thumbnail","hentry","category-noticias"],"_links":{"self":[{"href":"https:\/\/vicerrectorias.utp.edu.co\/responsabilidad-social\/wp-json\/wp\/v2\/posts\/8691","targetHints":{"allow":["GET"]}}],"collection":[{"href":"https:\/\/vicerrectorias.utp.edu.co\/responsabilidad-social\/wp-json\/wp\/v2\/posts"}],"about":[{"href":"https:\/\/vicerrectorias.utp.edu.co\/responsabilidad-social\/wp-json\/wp\/v2\/types\/post"}],"replies":[{"embeddable":true,"href":"https:\/\/vicerrectorias.utp.edu.co\/responsabilidad-social\/wp-json\/wp\/v2\/comments?post=8691"}],"version-history":[{"count":1,"href":"https:\/\/vicerrectorias.utp.edu.co\/responsabilidad-social\/wp-json\/wp\/v2\/posts\/8691\/revisions"}],"predecessor-version":[{"id":8763,"href":"https:\/\/vicerrectorias.utp.edu.co\/responsabilidad-social\/wp-json\/wp\/v2\/posts\/8691\/revisions\/8763"}],"wp:featuredmedia":[{"embeddable":true,"href":"https:\/\/vicerrectorias.utp.edu.co\/responsabilidad-social\/wp-json\/wp\/v2\/media\/60687"}],"wp:attachment":[{"href":"https:\/\/vicerrectorias.utp.edu.co\/responsabilidad-social\/wp-json\/wp\/v2\/media?parent=8691"}],"wp:term":[{"taxonomy":"category","embeddable":true,"href":"https:\/\/vicerrectorias.utp.edu.co\/responsabilidad-social\/wp-json\/wp\/v2\/categories?post=8691"},{"taxonomy":"post_tag","embeddable":true,"href":"https:\/\/vicerrectorias.utp.edu.co\/responsabilidad-social\/wp-json\/wp\/v2\/tags?post=8691"}],"curies":[{"name":"wp","href":"https:\/\/api.w.org\/{rel}","templated":true}]}}