{"id":8611,"date":"2023-01-27T12:00:27","date_gmt":"2023-01-27T11:00:27","guid":{"rendered":""},"modified":"2024-08-15T15:52:27","modified_gmt":"2024-08-15T13:52:27","slug":"la-utp-ya-esta-acompanando-a-los-estudiantes","status":"publish","type":"post","link":"https:\/\/vicerrectorias.utp.edu.co\/responsabilidad-social\/la-utp-ya-esta-acompanando-a-los-estudiantes\/","title":{"rendered":"La UTP ya est\u00e1 acompa\u00f1ando a los estudiantes"},"content":{"rendered":"\n<p><span class=\"post-content__span\"> <span>La Vicerrector\u00eda de Responsabilidad Social y Bienestar Universitario, viene adelantando, en articulaci\u00f3n con la representante de bienestar y otras dependencias, la evaluaci\u00f3n y diagn\u00f3stico de los estudiantes directamente afectados para su retorno presencial a clases en la UTP, a ra\u00edz del desastre natural ocasionado el pasado 09 de enero en el municipio de Rosas (Cauca).<\/span><\/p>\n\n\n\n<p><span class=\"post-content__span\"> <span>De acuerdo a lo anterior te invitamos a conocer el informe completo<span> <a href=\"https:\/\/media2.utp.edu.co\/archivos\/NARI%C3%91O%282%29.pdf\"><strong>AQU\u00cd<\/strong><\/a><\/span><\/span><\/p>\n","protected":false},"excerpt":{"rendered":"<p>La Vicerrector\u00eda de Responsabilidad Social y Bienestar Universitario, viene adelantando, en articulaci\u00f3n con la representante de bienestar y otras dependencias, [&hellip;]<\/p>\n","protected":false},"author":0,"featured_media":60679,"comment_status":"closed","ping_status":"closed","sticky":false,"template":"","format":"standard","meta":{"footnotes":""},"categories":[3],"tags":[],"class_list":["post-8611","post","type-post","status-publish","format-standard","has-post-thumbnail","hentry","category-noticias"],"_links":{"self":[{"href":"https:\/\/vicerrectorias.utp.edu.co\/responsabilidad-social\/wp-json\/wp\/v2\/posts\/8611","targetHints":{"allow":["GET"]}}],"collection":[{"href":"https:\/\/vicerrectorias.utp.edu.co\/responsabilidad-social\/wp-json\/wp\/v2\/posts"}],"about":[{"href":"https:\/\/vicerrectorias.utp.edu.co\/responsabilidad-social\/wp-json\/wp\/v2\/types\/post"}],"replies":[{"embeddable":true,"href":"https:\/\/vicerrectorias.utp.edu.co\/responsabilidad-social\/wp-json\/wp\/v2\/comments?post=8611"}],"version-history":[{"count":1,"href":"https:\/\/vicerrectorias.utp.edu.co\/responsabilidad-social\/wp-json\/wp\/v2\/posts\/8611\/revisions"}],"predecessor-version":[{"id":8774,"href":"https:\/\/vicerrectorias.utp.edu.co\/responsabilidad-social\/wp-json\/wp\/v2\/posts\/8611\/revisions\/8774"}],"wp:featuredmedia":[{"embeddable":true,"href":"https:\/\/vicerrectorias.utp.edu.co\/responsabilidad-social\/wp-json\/wp\/v2\/media\/60679"}],"wp:attachment":[{"href":"https:\/\/vicerrectorias.utp.edu.co\/responsabilidad-social\/wp-json\/wp\/v2\/media?parent=8611"}],"wp:term":[{"taxonomy":"category","embeddable":true,"href":"https:\/\/vicerrectorias.utp.edu.co\/responsabilidad-social\/wp-json\/wp\/v2\/categories?post=8611"},{"taxonomy":"post_tag","embeddable":true,"href":"https:\/\/vicerrectorias.utp.edu.co\/responsabilidad-social\/wp-json\/wp\/v2\/tags?post=8611"}],"curies":[{"name":"wp","href":"https:\/\/api.w.org\/{rel}","templated":true}]}}