{"id":8591,"date":"2022-11-02T17:14:31","date_gmt":"2022-11-02T16:14:31","guid":{"rendered":""},"modified":"2024-08-15T15:52:27","modified_gmt":"2024-08-15T13:52:27","slug":"hoy-les-presentamos-un-talento-vrsbu","status":"publish","type":"post","link":"https:\/\/vicerrectorias.utp.edu.co\/responsabilidad-social\/hoy-les-presentamos-un-talento-vrsbu\/","title":{"rendered":"Hoy les presentamos un talento VRSBU"},"content":{"rendered":"\n<p><span class=\"post-content__span\"> <span><strong>TALENTO VRSBU<\/strong><\/span><\/p>\n\n\n\n<p><span class=\"post-content__span\"> <span>La Vicerrector\u00eda de Responsabilidad Social y Bienestar Universitario en el compromiso y corresponsabilidad social, hoy 2 de noviembre de 2022 tuvo el honor de tener una conversaci\u00f3n con uno de los integrante (Jhon Alex Gaviria Tob\u00f3n)<strong>&nbsp;&nbsp;<\/strong>del equipo UTP &#8211; Lucas, que participar\u00e1n en el cuadrag\u00e9simo quinto concurso internacional de programaci\u00f3n universitaria (International Collegiate Programming Contest &#8211; ICPC), el cual se realizar\u00e1&nbsp;del 6 al 11 de noviembre de 2022 en Dhaka, Bangladesh; recibiendo a los mejores 420 de 58.963 estudiantes de 3406 universidades en 104 pa\u00edses.<\/span><\/p>\n\n\n\n<p><span class=\"post-content__span\"> <span>Este encuentro con la se\u00f1ora Vicerrectora, permiti\u00f3 generar un espacio de di\u00e1logo, donde se dio a conocer como fue la preparaci\u00f3n del equipo, que expectativas se tienen, reconocimiento y admiraci\u00f3n por todo el equipo incluyendo al docente a cargo por el logro obtenido hasta la fecha y finalmente se hizo entrega de la resoluci\u00f3n&nbsp;que da un apoyo al equipo para su participaci\u00f3n en el evento.<\/span><\/p>\n\n\n\n<p><span class=\"post-content__span\"> <span>El mundial de la ICPC es un evento que promueve la educaci\u00f3n en ciencias de la computaci\u00f3n, matem\u00e1ticas e ingenier\u00eda, destacando a los m\u00e1s brillantes j\u00f3venes programadores.&nbsp;<\/span><\/p>\n\n\n\n<p><span class=\"post-content__span\"> <span>Los participantes ser\u00e1n invitados de honor de la ICTD y la Universidad de Asia Pac\u00edfica de Dhaka. Los jueces, la prensa, el staff, los alumnos y voluntarios recibir\u00e1n a los participantes y sus entrenadores para verlos competir en la Final del Campeonato Mundial que se celebrar\u00e1 el 10 de noviembre.<\/span><\/p>\n\n\n\n<p><span class=\"post-content__span\"> <span>El equipo UTP &#8211; Lucas en representaci\u00f3n de la Universidad Tecnol\u00f3gica de Pereira obtuvo uno de los dos lugares que tendr\u00e1 Colombia en esta competici\u00f3n tras quedar terceros en las regionales de Sudam\u00e9rica Norte, este equipo es guiado por el profesor Hugo Humberto Morales Pe\u00f1a y estaba conformado por Yefferson Gait\u00e1n G\u00f3mez, Juan Camilo Palacios Galvis y Gabriel Guti\u00e9rrez; pero el \u00faltimo de ellos debi\u00f3 ser reemplazado por Jhon Alex Gaviria Tob\u00f3n por causas mayores.&nbsp;<\/span><\/p>\n\n\n\n<p><span class=\"post-content__span\"> <span>En el siguiente link pueden observar la tabla de posiciones de la competencia regional en la que el equipo clasific\u00f3 al mundial.&nbsp;<\/span><span>https:\/\/icpc.global\/regionals\/finder\/south-america-north-2020\/standings<\/span><\/p>\n\n\n\n<p><span class=\"post-content__span\"> <span>Palabras de la se\u00f1ora vicerrectora: Les deseamos \u00e9xitos y estamos seguros que ustedes tendr\u00e1n&nbsp;el honor de portar los colores de la bandera de la Universidad Tecnol\u00f3gica de Pereira en este concurso, durante 6 d\u00edas aproximadamente y dejarla&nbsp; en lo m\u00e1s alto&nbsp; del p\u00f3dium, ustedes son Talento&nbsp;VRSBU y todos somos UTP.&nbsp;<\/span><\/p>\n\n\n\n<p><span class=\"post-content__span\"> <span>Pronto regreso y la comunidad universitaria los estar\u00e1 esperando con los brazos abiertos.<\/span><\/p>\n\n\n\n<figure class=\"wp-block-image\"><img decoding=\"async\" src=\"https:\/\/media2.utp.edu.co\/imagenes\/WhatsApp%20Image%202022-11-02%20at%204.20.48%20PM.jpeg\" alt=\"\"\/><\/figure>\n\n\n\n<p><span class=\"post-content__span\"> <a href=\"https:\/\/www.instagram.com\/stories\/bienestarutp\/2962758051675548912\/\"><span><strong>Conoce uno de los participantes<\/strong><\/span><\/a><\/p>\n","protected":false},"excerpt":{"rendered":"<p>TALENTO VRSBU La Vicerrector\u00eda de Responsabilidad Social y Bienestar Universitario en el compromiso y corresponsabilidad social, hoy 2 de noviembre [&hellip;]<\/p>\n","protected":false},"author":0,"featured_media":60677,"comment_status":"closed","ping_status":"closed","sticky":false,"template":"","format":"standard","meta":{"footnotes":""},"categories":[3],"tags":[],"class_list":["post-8591","post","type-post","status-publish","format-standard","has-post-thumbnail","hentry","category-noticias"],"_links":{"self":[{"href":"https:\/\/vicerrectorias.utp.edu.co\/responsabilidad-social\/wp-json\/wp\/v2\/posts\/8591","targetHints":{"allow":["GET"]}}],"collection":[{"href":"https:\/\/vicerrectorias.utp.edu.co\/responsabilidad-social\/wp-json\/wp\/v2\/posts"}],"about":[{"href":"https:\/\/vicerrectorias.utp.edu.co\/responsabilidad-social\/wp-json\/wp\/v2\/types\/post"}],"replies":[{"embeddable":true,"href":"https:\/\/vicerrectorias.utp.edu.co\/responsabilidad-social\/wp-json\/wp\/v2\/comments?post=8591"}],"version-history":[{"count":1,"href":"https:\/\/vicerrectorias.utp.edu.co\/responsabilidad-social\/wp-json\/wp\/v2\/posts\/8591\/revisions"}],"predecessor-version":[{"id":8777,"href":"https:\/\/vicerrectorias.utp.edu.co\/responsabilidad-social\/wp-json\/wp\/v2\/posts\/8591\/revisions\/8777"}],"wp:featuredmedia":[{"embeddable":true,"href":"https:\/\/vicerrectorias.utp.edu.co\/responsabilidad-social\/wp-json\/wp\/v2\/media\/60677"}],"wp:attachment":[{"href":"https:\/\/vicerrectorias.utp.edu.co\/responsabilidad-social\/wp-json\/wp\/v2\/media?parent=8591"}],"wp:term":[{"taxonomy":"category","embeddable":true,"href":"https:\/\/vicerrectorias.utp.edu.co\/responsabilidad-social\/wp-json\/wp\/v2\/categories?post=8591"},{"taxonomy":"post_tag","embeddable":true,"href":"https:\/\/vicerrectorias.utp.edu.co\/responsabilidad-social\/wp-json\/wp\/v2\/tags?post=8591"}],"curies":[{"name":"wp","href":"https:\/\/api.w.org\/{rel}","templated":true}]}}