{"id":8571,"date":"2022-10-31T15:03:11","date_gmt":"2022-10-31T14:03:11","guid":{"rendered":""},"modified":"2024-08-15T14:05:55","modified_gmt":"2024-08-15T12:05:55","slug":"apertura-sistema-de-apoyos-socioeconomicos-2022-2","status":"publish","type":"post","link":"https:\/\/vicerrectorias.utp.edu.co\/responsabilidad-social\/apertura-sistema-de-apoyos-socioeconomicos-2022-2\/","title":{"rendered":"Apertura sistema de apoyos socioecon\u00f3micos 2022-2"},"content":{"rendered":"\n<p><span class=\"post-content__span\"> El \u00e1rea de Gesti\u00f3n social a trav\u00e9s de promoci\u00f3n social le informa a los estudiantes del programa de Medicina que inician el segundo semestre del 2022, que el portal de sistemas de solicitudes de apoyos socioecon\u00f3micos estar\u00e1 habilitado entre el 1 de noviembre y el 15 de noviembre para hacer la solicitud de cualquier beneficio para el semestre que entran a cursar.<\/p>\n\n\n\n<p><span class=\"post-content__span\"> Invitamos a todos los estudiantes que est\u00e9n interesados y los necesiten a qu\u00e9 visiten el siguiente link: <a href=\"https:\/\/www2.utp.edu.co\/vicerrectoria\/responsabilidad-social\/apoyos-socioeconomicos.html?fbclid=IwAR1gAuWsEf0O6zWhj_P7YwCvEoKcZ9BqzaDrmVXOrOpzkO3aZpB9ae2pAoM\" target=\"_blank\" rel=\"noreferrer noopener\">https:\/\/www2.utp.edu.co\/&#8230;\/apoyos-socioeconomicos.html<\/a> y as\u00ed conozcan los requisitos y documentaciones que deben de adjuntar en la solicitud de acuerdo al beneficio.<\/p>\n\n\n\n<p><span class=\"post-content__span\"> No te quedes sin el apoyo por desinformaci\u00f3n, aqu\u00ed te informamos todo lo necesario, porque tu bienestar es nuestra prioridad.<\/p>\n\n\n\n<figure class=\"wp-block-image\"><img decoding=\"async\" src=\"https:\/\/media2.utp.edu.co\/imagenes\/311722507_630506388508410_7237502923041882368_n.jpeg\" alt=\"\"\/><\/figure>\n","protected":false},"excerpt":{"rendered":"<p>El \u00e1rea de Gesti\u00f3n social a trav\u00e9s de promoci\u00f3n social le informa a los estudiantes del programa de Medicina que [&hellip;]<\/p>\n","protected":false},"author":0,"featured_media":60675,"comment_status":"closed","ping_status":"closed","sticky":false,"template":"","format":"standard","meta":{"footnotes":""},"categories":[3],"tags":[],"class_list":["post-8571","post","type-post","status-publish","format-standard","has-post-thumbnail","hentry","category-noticias"],"_links":{"self":[{"href":"https:\/\/vicerrectorias.utp.edu.co\/responsabilidad-social\/wp-json\/wp\/v2\/posts\/8571","targetHints":{"allow":["GET"]}}],"collection":[{"href":"https:\/\/vicerrectorias.utp.edu.co\/responsabilidad-social\/wp-json\/wp\/v2\/posts"}],"about":[{"href":"https:\/\/vicerrectorias.utp.edu.co\/responsabilidad-social\/wp-json\/wp\/v2\/types\/post"}],"replies":[{"embeddable":true,"href":"https:\/\/vicerrectorias.utp.edu.co\/responsabilidad-social\/wp-json\/wp\/v2\/comments?post=8571"}],"version-history":[{"count":2,"href":"https:\/\/vicerrectorias.utp.edu.co\/responsabilidad-social\/wp-json\/wp\/v2\/posts\/8571\/revisions"}],"predecessor-version":[{"id":8779,"href":"https:\/\/vicerrectorias.utp.edu.co\/responsabilidad-social\/wp-json\/wp\/v2\/posts\/8571\/revisions\/8779"}],"wp:featuredmedia":[{"embeddable":true,"href":"https:\/\/vicerrectorias.utp.edu.co\/responsabilidad-social\/wp-json\/wp\/v2\/media\/60675"}],"wp:attachment":[{"href":"https:\/\/vicerrectorias.utp.edu.co\/responsabilidad-social\/wp-json\/wp\/v2\/media?parent=8571"}],"wp:term":[{"taxonomy":"category","embeddable":true,"href":"https:\/\/vicerrectorias.utp.edu.co\/responsabilidad-social\/wp-json\/wp\/v2\/categories?post=8571"},{"taxonomy":"post_tag","embeddable":true,"href":"https:\/\/vicerrectorias.utp.edu.co\/responsabilidad-social\/wp-json\/wp\/v2\/tags?post=8571"}],"curies":[{"name":"wp","href":"https:\/\/api.w.org\/{rel}","templated":true}]}}