{"id":8561,"date":"2022-10-28T11:41:19","date_gmt":"2022-10-28T09:41:19","guid":{"rendered":""},"modified":"2024-08-15T15:52:28","modified_gmt":"2024-08-15T13:52:28","slug":"semana-de-la-salud-mental-utp","status":"publish","type":"post","link":"https:\/\/vicerrectorias.utp.edu.co\/responsabilidad-social\/semana-de-la-salud-mental-utp\/","title":{"rendered":"Semana de la Salud Mental UTP"},"content":{"rendered":"\n<figure class=\"wp-block-image\"><img decoding=\"async\" src=\"https:\/\/media2.utp.edu.co\/imagenes\/WhatsApp%20Image%202022-10-27%20at%2012.13.16%20PM.jpeg\" alt=\"\"\/><\/figure>\n\n\n\n<p><span class=\"post-content__span\"> <span>Desde el marco de la <strong>Pol\u00edtica de Bienestar Institucional<\/strong> bajo la estrategia de Modos, condiciones y estilos de vida saludable, La Vicerrector\u00eda de Responsabilidad Social y Bienestar Universitario y la comisi\u00f3n que lidera el programa Institucional de Salud Mental y Abordaje del Consumo de Sustancias Psicoactivas viene formulando para el presente a\u00f1o la <strong>Semana de la Salud Mental, a realizarse del 29 de Octubre al 5 de noviembre<\/strong> en el marco del d\u00eda mundial de la salud mental, como un espacio en el cual nos podamos sensibilizar frente al panorama general, pero tambi\u00e9n frente a la condici\u00f3n mental de nuestra comunidad universitaria y de quien se encuentra a nuestro lado.<\/span><\/p>\n\n\n\n<p><span class=\"post-content__span\"> <span>Dentro de los principales objetivos de la semana de la salud mental encontramos la disminuci\u00f3n de la incidencia de problem\u00e1ticas mentales que afectan a los diferentes integrantes de la comunidad universitaria identificando factores de riesgo y se\u00f1ales tempranas, y el de propiciar reflexiones y aprendizajes con los participantes en cuanto a c\u00f3mo auto cuidar su salud mental y construir relaciones y ambientes saludables.<\/span><\/p>\n\n\n\n<p><span class=\"post-content__span\"> <span>Invitamos a toda la comunidad universitaria a participar de las actividades propuestas en el marco de la semana de la salud mental y el abordaje de sustancias psicoactivas.<\/span><\/p>\n\n\n\n<p><span class=\"post-content__span\"> <a href=\"https:\/\/drive.google.com\/file\/d\/1zf1EzXcE8FbmRrbnUkFtBxBHkTV88Ort\/view?usp=share_link\"><span>PROGRAMACI\u00d3N<\/span><\/a><\/p>\n","protected":false},"excerpt":{"rendered":"<p>Desde el marco de la Pol\u00edtica de Bienestar Institucional bajo la estrategia de Modos, condiciones y estilos de vida saludable, [&hellip;]<\/p>\n","protected":false},"author":0,"featured_media":60674,"comment_status":"closed","ping_status":"closed","sticky":false,"template":"","format":"standard","meta":{"footnotes":""},"categories":[3],"tags":[],"class_list":["post-8561","post","type-post","status-publish","format-standard","has-post-thumbnail","hentry","category-noticias"],"_links":{"self":[{"href":"https:\/\/vicerrectorias.utp.edu.co\/responsabilidad-social\/wp-json\/wp\/v2\/posts\/8561","targetHints":{"allow":["GET"]}}],"collection":[{"href":"https:\/\/vicerrectorias.utp.edu.co\/responsabilidad-social\/wp-json\/wp\/v2\/posts"}],"about":[{"href":"https:\/\/vicerrectorias.utp.edu.co\/responsabilidad-social\/wp-json\/wp\/v2\/types\/post"}],"replies":[{"embeddable":true,"href":"https:\/\/vicerrectorias.utp.edu.co\/responsabilidad-social\/wp-json\/wp\/v2\/comments?post=8561"}],"version-history":[{"count":1,"href":"https:\/\/vicerrectorias.utp.edu.co\/responsabilidad-social\/wp-json\/wp\/v2\/posts\/8561\/revisions"}],"predecessor-version":[{"id":8780,"href":"https:\/\/vicerrectorias.utp.edu.co\/responsabilidad-social\/wp-json\/wp\/v2\/posts\/8561\/revisions\/8780"}],"wp:featuredmedia":[{"embeddable":true,"href":"https:\/\/vicerrectorias.utp.edu.co\/responsabilidad-social\/wp-json\/wp\/v2\/media\/60674"}],"wp:attachment":[{"href":"https:\/\/vicerrectorias.utp.edu.co\/responsabilidad-social\/wp-json\/wp\/v2\/media?parent=8561"}],"wp:term":[{"taxonomy":"category","embeddable":true,"href":"https:\/\/vicerrectorias.utp.edu.co\/responsabilidad-social\/wp-json\/wp\/v2\/categories?post=8561"},{"taxonomy":"post_tag","embeddable":true,"href":"https:\/\/vicerrectorias.utp.edu.co\/responsabilidad-social\/wp-json\/wp\/v2\/tags?post=8561"}],"curies":[{"name":"wp","href":"https:\/\/api.w.org\/{rel}","templated":true}]}}