{"id":8551,"date":"2022-10-21T09:57:29","date_gmt":"2022-10-21T07:57:29","guid":{"rendered":""},"modified":"2024-08-20T11:02:10","modified_gmt":"2024-08-20T09:02:10","slug":"politica-de-gratuidad-en-la-matricula","status":"publish","type":"post","link":"https:\/\/vicerrectorias.utp.edu.co\/responsabilidad-social\/politica-de-gratuidad-en-la-matricula\/","title":{"rendered":"Pol\u00edtica de Gratuidad en la Matr\u00edcula."},"content":{"rendered":"\n<p><span class=\"post-content__span\"> <span><strong>Generaci\u00f3n E en su componente Equidad, es un programa de financiaci\u00f3n de matr\u00edcula que apoya a los<br>\nestudiantes que tengan entre 14 y 28 a\u00f1os, con nacionalidad colombiana y de estrato 1, 2 y 3.<\/strong><\/span><\/p>\n\n\n\n<figure class=\"wp-block-image\"><img decoding=\"async\" src=\"https:\/\/media2.utp.edu.co\/imagenes\/WhatsApp%20Image%202022-10-14%20at%203.44.16%20PM.jpeg\" alt=\"\"\/><\/figure>\n\n\n\n<p><span class=\"post-content__span\"> <span><strong><a href=\"https:\/\/media2.utp.edu.co\/archivos\/REGLAMENTACI%C3%93N%20EQUIDAD.pptx%20(7)%20(5).pdf\">REGLAMENTO<\/a><\/strong><\/span><\/p>\n","protected":false},"excerpt":{"rendered":"<p>Generaci\u00f3n E en su componente Equidad, es un programa de financiaci\u00f3n de matr\u00edcula que apoya a los estudiantes que tengan [&hellip;]<\/p>\n","protected":false},"author":0,"featured_media":60673,"comment_status":"closed","ping_status":"closed","sticky":false,"template":"","format":"standard","meta":{"footnotes":""},"categories":[3],"tags":[],"class_list":["post-8551","post","type-post","status-publish","format-standard","has-post-thumbnail","hentry","category-noticias"],"_links":{"self":[{"href":"https:\/\/vicerrectorias.utp.edu.co\/responsabilidad-social\/wp-json\/wp\/v2\/posts\/8551","targetHints":{"allow":["GET"]}}],"collection":[{"href":"https:\/\/vicerrectorias.utp.edu.co\/responsabilidad-social\/wp-json\/wp\/v2\/posts"}],"about":[{"href":"https:\/\/vicerrectorias.utp.edu.co\/responsabilidad-social\/wp-json\/wp\/v2\/types\/post"}],"replies":[{"embeddable":true,"href":"https:\/\/vicerrectorias.utp.edu.co\/responsabilidad-social\/wp-json\/wp\/v2\/comments?post=8551"}],"version-history":[{"count":3,"href":"https:\/\/vicerrectorias.utp.edu.co\/responsabilidad-social\/wp-json\/wp\/v2\/posts\/8551\/revisions"}],"predecessor-version":[{"id":61231,"href":"https:\/\/vicerrectorias.utp.edu.co\/responsabilidad-social\/wp-json\/wp\/v2\/posts\/8551\/revisions\/61231"}],"wp:featuredmedia":[{"embeddable":true,"href":"https:\/\/vicerrectorias.utp.edu.co\/responsabilidad-social\/wp-json\/wp\/v2\/media\/60673"}],"wp:attachment":[{"href":"https:\/\/vicerrectorias.utp.edu.co\/responsabilidad-social\/wp-json\/wp\/v2\/media?parent=8551"}],"wp:term":[{"taxonomy":"category","embeddable":true,"href":"https:\/\/vicerrectorias.utp.edu.co\/responsabilidad-social\/wp-json\/wp\/v2\/categories?post=8551"},{"taxonomy":"post_tag","embeddable":true,"href":"https:\/\/vicerrectorias.utp.edu.co\/responsabilidad-social\/wp-json\/wp\/v2\/tags?post=8551"}],"curies":[{"name":"wp","href":"https:\/\/api.w.org\/{rel}","templated":true}]}}