{"id":8481,"date":"2022-08-25T10:37:53","date_gmt":"2022-08-25T08:37:53","guid":{"rendered":""},"modified":"2024-08-20T09:37:28","modified_gmt":"2024-08-20T07:37:28","slug":"joven-en-accion-inicia-entrega-de-incentivo","status":"publish","type":"post","link":"https:\/\/vicerrectorias.utp.edu.co\/responsabilidad-social\/joven-en-accion-inicia-entrega-de-incentivo\/","title":{"rendered":"Joven en Acci\u00f3n inicia entrega de incentivo"},"content":{"rendered":"\n<p><span class=\"post-content__span\"> <strong>Incentivo de Matr\u00edcula 2022-1<\/strong><\/p>\n\n\n\n<p><span class=\"post-content__span\"> Desde la oficina de atenci\u00f3n del programa J\u00f3venes en Acci\u00f3n de la Universidad Tecnol\u00f3gica de Pereira, informamos que a partir del 25 de agosto y hasta el 13 de septiembre de 2022 se realizar\u00e1 la entrega del incentivo de Matr\u00edcula\u00a02022-1 para todos los participantes del programa (incluyendo a los estudiantes de Medicina).<\/p>\n\n\n\n<p><span class=\"post-content__span\"> Los invitamos a tener en cuenta la siguiente informaci\u00f3n:&nbsp;<\/p>\n\n\n\n<p><span class=\"post-content__span\"> La dispersi\u00f3n del incentivo se efectuar\u00e1 de manera gradual y progresiva para la modalidad de DAVIPLATA, iniciando el d\u00eda 25 de agosto de 2022 con las c\u00e9dulas terminadas en 1 y 2 as\u00ed:<\/p>\n\n\n\n<p><span class=\"post-content__span\"> 25\/08\/2022= 1 y 2<\/p>\n\n\n\n<p><span class=\"post-content__span\"> 26\/08\/2022= 3 y 4<\/p>\n\n\n\n<p><span class=\"post-content__span\"> 27\/08\/2022= 5 y 6<\/p>\n\n\n\n<p><span class=\"post-content__span\"> 28\/08\/2022= 7 y 8<\/p>\n\n\n\n<p><span class=\"post-content__span\"> 29\/08\/2022=&nbsp; 9 y 0<\/p>\n\n\n\n<p><span class=\"post-content__span\"> La dispersi\u00f3n del incentivo en la modalidad de GIRO se realizar\u00e1 el d\u00eda 25 de agosto de 2022 para todos los d\u00edgitos (no aplica pico y c\u00e9dula). Los puntos habilitados para reclamar el incentivo dependen del \u00faltimo d\u00edgito de la c\u00e9dula&nbsp;as\u00ed:&nbsp;<\/p>\n\n\n\n<p><span class=\"post-content__span\"> D\u00edgitos terminados en 1-2-3, el incentivo ser\u00e1 entregado a trav\u00e9s de los puntos REVAL- MULTIPAGAS:<\/p>\n\n\n\n<figure class=\"wp-block-image\"><img decoding=\"async\" src=\"https:\/\/mail.google.com\/mail\/u\/0?ui=2&amp;ik=93886bb1cf&amp;attid=0.0.1&amp;permmsgid=msg-f:1742084592689947332&amp;th=182d20b503f722c4&amp;view=fimg&amp;fur=ip&amp;sz=s0-l75-ft&amp;attbid=ANGjdJ-lp8jJ2u1Stmq9Vswq7Vx3HzktWno7zJoJ-Kwt0OO6Z1GTsB9QLgPMVMNpcDUtwUobcFsXflaY77g3cNzQ86217I7JI9EPC5SRrfpZO5D-5RVE9bR7VWNh0K4&amp;disp=emb&amp;realattid=ii_l7832vcr0\" alt=\"image.png\"\/><\/figure>\n\n\n\n<p><span class=\"post-content__span\"> D\u00edgitos terminados en 4-5-6-7-8-9-0,&nbsp;el incentivo ser\u00e1 entregado a trav\u00e9s de los puntos EFECTY de la ciudad de Pereira (<a href=\"https:\/\/media2.utp.edu.co\/archivos\/PUNTOS%20EFECTY.pdf\">ver documento pdf<\/a>)<\/p>\n\n\n\n<p><span class=\"post-content__span\"> A trav\u00e9s el Portal del Joven en Acci\u00f3n&nbsp;<a href=\"https:\/\/jovenes.prosperidadsocial.gov.co\/JEA\/APP\/AUTENTICACION\/Ingreso.aspx\" rel=\"noreferrer noopener\" target=\"_blank\">https:\/\/jovenes.prosperidadsocial.gov.co\/JEA\/APP\/AUTENTICACION\/Ingreso.aspx<\/a>&nbsp;podr\u00e1n consultar la modalidad de entrega del incentivo.<\/p>\n\n\n\n<p><span class=\"post-content__span\"> *Los j\u00f3venes con modalidad de DAVIPLATA pueden retirar su incentivo en cualquier cajero Davivienda a nivel nacional.<\/p>\n\n\n\n<p><span class=\"post-content__span\"> * Los j\u00f3venes con modalidad de GIRO pueden retirar su incentivo hasta el 13 de septiembre de 2022<\/p>\n","protected":false},"excerpt":{"rendered":"<p>Incentivo de Matr\u00edcula 2022-1 Desde la oficina de atenci\u00f3n del programa J\u00f3venes en Acci\u00f3n de la Universidad Tecnol\u00f3gica de Pereira, [&hellip;]<\/p>\n","protected":false},"author":0,"featured_media":60666,"comment_status":"closed","ping_status":"closed","sticky":false,"template":"","format":"standard","meta":{"footnotes":""},"categories":[3],"tags":[],"class_list":["post-8481","post","type-post","status-publish","format-standard","has-post-thumbnail","hentry","category-noticias"],"_links":{"self":[{"href":"https:\/\/vicerrectorias.utp.edu.co\/responsabilidad-social\/wp-json\/wp\/v2\/posts\/8481","targetHints":{"allow":["GET"]}}],"collection":[{"href":"https:\/\/vicerrectorias.utp.edu.co\/responsabilidad-social\/wp-json\/wp\/v2\/posts"}],"about":[{"href":"https:\/\/vicerrectorias.utp.edu.co\/responsabilidad-social\/wp-json\/wp\/v2\/types\/post"}],"replies":[{"embeddable":true,"href":"https:\/\/vicerrectorias.utp.edu.co\/responsabilidad-social\/wp-json\/wp\/v2\/comments?post=8481"}],"version-history":[{"count":2,"href":"https:\/\/vicerrectorias.utp.edu.co\/responsabilidad-social\/wp-json\/wp\/v2\/posts\/8481\/revisions"}],"predecessor-version":[{"id":61158,"href":"https:\/\/vicerrectorias.utp.edu.co\/responsabilidad-social\/wp-json\/wp\/v2\/posts\/8481\/revisions\/61158"}],"wp:featuredmedia":[{"embeddable":true,"href":"https:\/\/vicerrectorias.utp.edu.co\/responsabilidad-social\/wp-json\/wp\/v2\/media\/60666"}],"wp:attachment":[{"href":"https:\/\/vicerrectorias.utp.edu.co\/responsabilidad-social\/wp-json\/wp\/v2\/media?parent=8481"}],"wp:term":[{"taxonomy":"category","embeddable":true,"href":"https:\/\/vicerrectorias.utp.edu.co\/responsabilidad-social\/wp-json\/wp\/v2\/categories?post=8481"},{"taxonomy":"post_tag","embeddable":true,"href":"https:\/\/vicerrectorias.utp.edu.co\/responsabilidad-social\/wp-json\/wp\/v2\/tags?post=8481"}],"curies":[{"name":"wp","href":"https:\/\/api.w.org\/{rel}","templated":true}]}}