{"id":8461,"date":"2022-08-01T17:25:19","date_gmt":"2022-08-01T15:25:19","guid":{"rendered":""},"modified":"2024-08-15T15:52:28","modified_gmt":"2024-08-15T13:52:28","slug":"apertura-del-sistema-de-apoyos-socioeconomicos","status":"publish","type":"post","link":"https:\/\/vicerrectorias.utp.edu.co\/responsabilidad-social\/apertura-del-sistema-de-apoyos-socioeconomicos\/","title":{"rendered":"Apertura del sistema de apoyos socioecon\u00f3micos"},"content":{"rendered":"\n<p><span class=\"post-content__span\"> <span><strong>Fechas de apertura del sistema de apoyos socioecon\u00f3micos<\/strong><strong>&nbsp;y documentaci\u00f3n requerida<\/strong><\/span><\/p>\n\n\n\n<p><span class=\"post-content__span\"> <span>Vicerrector\u00eda de Responsabilidad Social y Bienestar Universitario &#8211; Promoci\u00f3n Social, da a conocer las fechas para que los estudiantes nuevos, antiguos y reingresos de todos los programas puedan realizar las solicitudes de apoyos socioecon\u00f3micos correspondientes al periodo 2022-2.<\/span><\/p>\n\n\n\n<p><span class=\"post-content__span\"> <span><strong>NOTAS <\/strong><strong>ACLARATORIAS:<\/strong><\/span><\/p>\n\n\n\n<ul class=\"wp-block-list\"><li><span>El sistema se habilita S\u00d3LO para los estudiantes nuevos, reingresos y antiguos que no cuenten con ning\u00fan tipo de apoyo, beca, apadrinamiento o subsidio y que, por sus condiciones socioecon\u00f3micas requieran realizar la solicitud.<\/span><\/li><li><span>El bono de matr\u00edcula y la reliquidaci\u00f3n de matr\u00edcula NO aplican para los programas acad\u00e9micos de jornada especial por el perfil financiero que los rige. (Art. 50 par\u00e1grafo 2 del Reglamento Estudiantil).<\/span><\/li><li><span>En cuanto al bono de matr\u00edcula y reliquidaci\u00f3n de matr\u00edcula, se realizan las solicitudes al principio del semestre; los estudios socioecon\u00f3micos se realizan durante el semestre y la publicaci\u00f3n de los resultados se al finalizar el semestre. En caso de ser beneficiado, ver\u00e1 reflejado dicho beneficio en el semestre subsiguiente.<\/span><\/li><li><span>Recuerde tramitar la informaci\u00f3n completa y adjuntar la documentaci\u00f3n requerida para cada beneficio.<\/span><\/li><li><span>Para mayor informaci\u00f3n relacionada con la documentaci\u00f3n puede consultar el link: <a href=\"https:\/\/www2.utp.edu.co\/vicerrectoria\/responsabilidad-social\/apoyos-socioeconomicos.html\">https:\/\/www2.utp.edu.co\/vicerrectoria\/responsabilidad-social\/apoyos-socioeconomicos.html<\/a><\/span><\/li><li><span>las&nbsp;s solicitudes deben ser realizadas a trav\u00e9s del software de solicitudes de Apoyos Socioecon\u00f3micos, ingresando por el Portal Estudiantil e integrando actualizados y en formato PDF (capacidad m\u00e1xima 2MB) todos los documentos requeridos en la convocatoria para cada apoyo.<\/span><\/li><li><span><span>Los resultados de los apoyos socioecon\u00f3micos pueden ser consultados en: <a href=\"https:\/\/blog.utp.edu.co\/observatoriosocial\/resultados\/\">https:\/\/blog.utp.edu.co\/observatoriosocial\/resultados\/<\/a><\/span><\/span><\/li><\/ul>\n\n\n\n<figure class=\"wp-block-table\"><table><tbody><tr><td>\n<p><span class=\"post-content__span\"> <strong>Agenda para la apertura del sistema de solicitud de apoyos socioecon\u00f3micos 2022-2<\/strong><\/p>\n<\/td><\/tr><tr><td>\n<p><span class=\"post-content__span\"> <strong>Poblaci\u00f3n<\/strong><\/p>\n<\/td><td>\n<p><span class=\"post-content__span\"> <strong>Fecha de apertura<\/strong><\/p>\n<\/td><td>\n<p><span class=\"post-content__span\"> <strong>Fecha de cierre (plazo m\u00e1ximo)<\/strong><\/p>\n<\/td><\/tr><tr><td>\n<p><span class=\"post-content__span\"> <strong>Estudiantes nuevos, reingreso y antiguos<\/strong><\/p>\n<\/td><td>\n<p><span class=\"post-content__span\"> 1 de agosto del a\u00f1o 2022&nbsp;<\/p>\n<\/td><td>\n<p><span class=\"post-content__span\"> 16 de agosto del a\u00f1o 2022<\/p>\n<\/td><\/tr><\/tbody><\/table><\/figure>\n\n\n\n<p><span class=\"post-content__span\"> <strong><span><a href=\"https:\/\/media2.utp.edu.co\/archivos\/INFORMACION%20SOBRE%20REQUISITOS%20PARA%20SOLICITUD%20DE%20APOYOS%20SOCIOECONO%CC%81MICOS%20BA%2CBT%2CMS%2CRM%2CBM%2CMV%202022-2.pdf\">Informaci\u00f3n sobre requisitos<\/a><\/span><\/strong><\/p>\n\n\n\n<p><span class=\"post-content__span\"> <a href=\"https:\/\/media2.utp.edu.co\/archivos\/RUTA%20PARA%20SOLICITUD%20DE%20APOYOS%20%281%29.pdf\"><strong><span>Ruta para Solicitar&nbsp;<\/span><\/strong><\/a>\u200b<\/p>\n","protected":false},"excerpt":{"rendered":"<p>Fechas de apertura del sistema de apoyos socioecon\u00f3micos&nbsp;y documentaci\u00f3n requerida Vicerrector\u00eda de Responsabilidad Social y Bienestar Universitario &#8211; Promoci\u00f3n Social, [&hellip;]<\/p>\n","protected":false},"author":0,"featured_media":60664,"comment_status":"closed","ping_status":"closed","sticky":false,"template":"","format":"standard","meta":{"footnotes":""},"categories":[3],"tags":[],"class_list":["post-8461","post","type-post","status-publish","format-standard","has-post-thumbnail","hentry","category-noticias"],"_links":{"self":[{"href":"https:\/\/vicerrectorias.utp.edu.co\/responsabilidad-social\/wp-json\/wp\/v2\/posts\/8461","targetHints":{"allow":["GET"]}}],"collection":[{"href":"https:\/\/vicerrectorias.utp.edu.co\/responsabilidad-social\/wp-json\/wp\/v2\/posts"}],"about":[{"href":"https:\/\/vicerrectorias.utp.edu.co\/responsabilidad-social\/wp-json\/wp\/v2\/types\/post"}],"replies":[{"embeddable":true,"href":"https:\/\/vicerrectorias.utp.edu.co\/responsabilidad-social\/wp-json\/wp\/v2\/comments?post=8461"}],"version-history":[{"count":1,"href":"https:\/\/vicerrectorias.utp.edu.co\/responsabilidad-social\/wp-json\/wp\/v2\/posts\/8461\/revisions"}],"predecessor-version":[{"id":8790,"href":"https:\/\/vicerrectorias.utp.edu.co\/responsabilidad-social\/wp-json\/wp\/v2\/posts\/8461\/revisions\/8790"}],"wp:featuredmedia":[{"embeddable":true,"href":"https:\/\/vicerrectorias.utp.edu.co\/responsabilidad-social\/wp-json\/wp\/v2\/media\/60664"}],"wp:attachment":[{"href":"https:\/\/vicerrectorias.utp.edu.co\/responsabilidad-social\/wp-json\/wp\/v2\/media?parent=8461"}],"wp:term":[{"taxonomy":"category","embeddable":true,"href":"https:\/\/vicerrectorias.utp.edu.co\/responsabilidad-social\/wp-json\/wp\/v2\/categories?post=8461"},{"taxonomy":"post_tag","embeddable":true,"href":"https:\/\/vicerrectorias.utp.edu.co\/responsabilidad-social\/wp-json\/wp\/v2\/tags?post=8461"}],"curies":[{"name":"wp","href":"https:\/\/api.w.org\/{rel}","templated":true}]}}